{"id":8387,"date":"2018-07-19T10:25:12","date_gmt":"2018-07-19T08:25:12","guid":{"rendered":"https:\/\/fr.elds.org\/lesmormons-net\/?p=8387"},"modified":"2018-09-07T17:31:36","modified_gmt":"2018-09-07T15:31:36","slug":"mort-des-premiers-apotres-du-christ","status":"publish","type":"post","link":"https:\/\/fr.elds.org\/lesmormons-net\/bible\/mort-des-premiers-apotres-du-christ\/","title":{"rendered":"Comment sont morts les douze premiers ap\u00f4tres"},"content":{"rendered":"<p><span style=\"font-weight: 400;\">Je lisais r\u00e9cemment, sur un site chr\u00e9tien populaire, un article sur les ap\u00f4tres, quand je suis tomb\u00e9e sur une liste d\u00e9crivant de quelle fa\u00e7on chaque ap\u00f4tre \u00e9tait suppos\u00e9 \u00eatre d\u00e9c\u00e9d\u00e9. Je savais que plusieurs d&rsquo;entre eux avaient \u00e9t\u00e9 tu\u00e9s assez brutalement, mais j&rsquo;\u00e9tais quand m\u00eame choqu\u00e9 par certains d\u00e9tails. Par curiosit\u00e9, j&rsquo;ai fait mes propres recherches sur le sujet, que vous pourrez lire ci-dessous.<\/span><\/p>\n<p><span style=\"font-weight: 400;\">AVERTISSEMENT\u00a0: Ces morts sont plut\u00f4t explicites visuellement, alors pr\u00e9parez-vous. En outre, de nombreux d\u00e9tails sur la mort des ap\u00f4tres ne figurent pas dans le r\u00e9cit biblique ou m\u00eame sur lds.org. Beaucoup proviennent de sources historiques parall\u00e8les, apocryphes ou non-mormones. J&rsquo;ai fourni des liens vers ces sources, mais je ne serais pas surpris si un d\u00e9tail ou deux \u00e9taient incorrects. Simple avertissement.<\/span><\/p>\n<ol>\n<li>\n<h3><a href=\"https:\/\/mormonhub.com\/blog\/faith\/scripture\/rise-fall-peter-apostle\/\" target=\"_blank\" rel=\"nofollow noopener\"> Simon Pierre<\/a><\/h3>\n<\/li>\n<\/ol>\n<p><span style=\"font-weight: 400;\">S\u2019il n\u2019y a qu\u2019un ap\u00f4tre dont les circonstances de la mort ne vous est pas inconnue, c\u2019est probablement Pierre. Apr\u00e8s plusieurs proc\u00e8s \u00e0 Rome, il fut crucifi\u00e9. Mais, se sentant indigne d&rsquo;\u00eatre crucifi\u00e9 de la m\u00eame mani\u00e8re que son Sauveur, Pierre <\/span><a href=\"https:\/\/rsc.byu.edu\/archived\/go-ye-all-world-messages-new-testament-apostles\/peter-chief-apostle\" target=\"_blank\" rel=\"nofollow noopener\"><span style=\"font-weight: 400;\">demanda et obtenu d\u2019\u00eatre crucifi\u00e9 la t\u00eate en bas<\/span><\/a><span style=\"font-weight: 400;\">, sur une croix invers\u00e9e.<\/span><\/p>\n<ol start=\"2\">\n<li>\n<h3>Andr\u00e9 (fr\u00e8re de Pierre)<\/h3>\n<\/li>\n<\/ol>\n<p><span style=\"font-weight: 400;\">Andr\u00e9 n\u2019est pas souvent mentionn\u00e9 dans la Bible, et il y a encore moins de renseignements sur les circonstances de sa mort. Mais voici ce que <\/span><a href=\"https:\/\/channel.nationalgeographic.com\/killing-jesus\/articles\/how-did-the-apostles-die\/\" target=\"_blank\" rel=\"nofollow noopener\"><span style=\"font-weight: 400;\">National Geographic en dit<\/span><\/a><span style=\"font-weight: 400;\">\u00a0:<\/span><\/p>\n<blockquote><p><b><i>Selon l&rsquo;historien religieux du XV\u00e8me si\u00e8cle Dorman Newman, Andr\u00e9 &#8211; le fr\u00e8re de Pierre &#8211; alla \u00e0 Patras en Gr\u00e8ce occidentale en 69 apr\u00e8s J.-C., o\u00f9 le proconsul romain Aegeates d\u00e9battit de religion avec lui. Aegeates essaya de convaincre Andr\u00e9 d&rsquo;abandonner le christianisme, afin qu&rsquo;il n&rsquo;ait pas \u00e0 le torturer et \u00e0 l&rsquo;ex\u00e9cuter. Mais quand cela ne fonctionna pas, il d\u00e9cida de ne rien lui \u00e9pargner. Andr\u00e9 fut flagell\u00e9, puis attach\u00e9, plut\u00f4t que clou\u00e9, \u00e0 une croix, afin qu&rsquo;il souffre plus longtemps avant de mourir. Andr\u00e9 v\u00e9cut pendant deux jours, au cours desquels il pr\u00eacha aux passants.<\/i><\/b><\/p><\/blockquote>\n<ol start=\"3\">\n<li>\n<h3>Jean le R\u00e9v\u00e9lateur (o\u00f9 Jean le Bien-aim\u00e9)<\/h3>\n<\/li>\n<\/ol>\n<p><span style=\"font-weight: 400;\">Selon la tradition chr\u00e9tienne, Jean le r\u00e9v\u00e9lateur mourut de causes naturelles sur l\u2019\u00eele de Patmos o\u00f9 il vivait en exil. Cependant, les Saints des Derniers jours, se basant sur\u00a0<\/span><a href=\"https:\/\/www.lds.org\/scriptures\/dc-testament\/dc\/7.1-3?lang=eng#0\" target=\"_blank\" rel=\"nofollow noopener\"><span style=\"font-weight: 400;\">Doctrine et Alliances section sept<\/span><\/a><span style=\"font-weight: 400;\">, croient ceci\u00a0:<\/span><\/p>\n<blockquote><p><b><i>Et le Seigneur me dit\u00a0:\u00a0Jean, mon bien-aim\u00e9, que\u00a0d\u00e9sires-tu\u00a0? Car si tu demandes ce que tu d\u00e9sires, cela te sera accord\u00e9.<\/i><\/b><\/p>\n<p><b><i>Et je lui dis\u00a0: Seigneur, donne-moi du pouvoir sur la\u00a0mort, afin que je vive et t\u2019am\u00e8ne des \u00e2mes.<\/i><\/b><\/p>\n<p><b><i>Et le Seigneur me dit\u00a0: En v\u00e9rit\u00e9, en v\u00e9rit\u00e9, je te le dis, parce que tu d\u00e9sires cela, tu\u00a0demeureras\u00a0jusqu\u2019\u00e0 ce que je vienne dans ma\u00a0gloire\u00a0et tu\u00a0proph\u00e9tiseras\u00a0devant les nations, les familles, les langues et les peuples.<\/i><\/b><\/p><\/blockquote>\n<p><span style=\"font-weight: 400;\">Jean est donc peut-\u00eatre en train de pr\u00eacher l\u2019\u00e9vangile quelque part en ce moment m\u00eame.<\/span><\/p>\n<ol start=\"4\">\n<li>\n<h3>Jacques (fr\u00e8re de Jean)<\/h3>\n<\/li>\n<\/ol>\n<p><span style=\"font-weight: 400;\">La Bible, plus pr\u00e9cis\u00e9ment les verset 1 et 2 du chapitre 12 des Actes, nous aident pour cet ap\u00f4tre-l\u00e0\u00a0:<\/span><\/p>\n<blockquote><p><b><i>Vers le m\u00eame temps, le roi H\u00e9rode se mit \u00e0 maltraiter quelques membres de l&rsquo;\u00c9glise,<\/i><\/b><\/p>\n<p><b><i>et il fit mourir par l&rsquo;\u00e9p\u00e9e Jacques, fr\u00e8re de Jean.<\/i><\/b><\/p><\/blockquote>\n<p><span style=\"font-weight: 400;\">Et voil\u00e0. H\u00e9rode n\u2019\u00e9tait pas un type bien.<\/span><\/p>\n<ol start=\"5\">\n<li>\n<h3>Barth\u00e9lemy (appel\u00e9 aussi Nathana\u00ebl)<\/h3>\n<\/li>\n<\/ol>\n<p><span style=\"font-weight: 400;\">On en sait tr\u00e8s peu sur la mort de Barth\u00e9lemy. <\/span><a href=\"https:\/\/www.christianity.com\/church\/church-history\/timeline\/1-300\/whatever-happened-to-the-twelve-apostles-11629558.html\" target=\"_blank\" rel=\"nofollow noopener\"><span style=\"font-weight: 400;\">Certaines sources<\/span><\/a><span style=\"font-weight: 400;\"> disent simplement qu\u2019il a \u00e9t\u00e9 martyris\u00e9, alors que <\/span><a href=\"https:\/\/channel.nationalgeographic.com\/killing-jesus\/articles\/how-did-the-apostles-die\/\" target=\"_blank\" rel=\"nofollow noopener\"><span style=\"font-weight: 400;\">d\u2019autres disent<\/span><\/a><span style=\"font-weight: 400;\"> qu\u2019il a \u00e9t\u00e9 \u00e9corch\u00e9 vif et d\u00e9capit\u00e9. Une autre source dit qu\u2019il a \u00e9t\u00e9 \u00ab\u00a0<\/span><a href=\"http:\/\/www.bibleinfo.com\/en\/questions\/who-were-twelve-disciples#bartholomew-nathanael\" target=\"_blank\" rel=\"nofollow noopener\"><span style=\"font-weight: 400;\">\u00e9corch\u00e9 aux couteaux\u00a0<\/span><\/a><span style=\"font-weight: 400;\">\u00bb. \u00ab\u00a0\u00c9corcher\u00a0\u00bb peut simplement vouloir dire arracher la peau, mais cela peut aussi faire r\u00e9f\u00e9rence \u00e0 la peau qui se d\u00e9tache \u00e0 cause de violents coups de fouet. En effet, une autre hypoth\u00e8se sugg\u00e8re qu\u2019une <\/span><a href=\"https:\/\/www.whatchristianswanttoknow.com\/who-was-bartholomew-in-the-bible\/\" target=\"_blank\" rel=\"nofollow noopener\"><span style=\"font-weight: 400;\">violente flagellation<\/span><\/a><span style=\"font-weight: 400;\"> mis la peau de Barth\u00e9lemy \u00ab\u00a0en lambeau\u00a0\u00bb. Ce que toutes ces th\u00e9ories ont en commun, c\u2019est que la mort de cet ap\u00f4tre a sans doute \u00e9t\u00e9 d\u00e9sagr\u00e9able.<\/span><\/p>\n<ol start=\"6\">\n<li>\n<h3>Philippe<\/h3>\n<\/li>\n<\/ol>\n<p><span style=\"font-weight: 400;\">Il semble qu\u2019il y ait d\u00e9saccord sur les circonstances de la mort de Philippe. <\/span><a href=\"http:\/\/www.bibleinfo.com\/en\/questions\/who-were-twelve-disciples#bartholomew-nathanael\" target=\"_blank\" rel=\"nofollow noopener\"><span style=\"font-weight: 400;\">Une source<\/span><\/a><span style=\"font-weight: 400;\"> sugg\u00e8re qu\u2019il fut pendu, <\/span><a href=\"https:\/\/channel.nationalgeographic.com\/killing-jesus\/articles\/how-did-the-apostles-die\/\" target=\"_blank\" rel=\"nofollow noopener\"><span style=\"font-weight: 400;\">une autre qu\u2019il fut crucifi\u00e9<\/span><\/a><span style=\"font-weight: 400;\"> durant son minist\u00e8re en \u00c9gypte. \u00c0 l\u2019\u00e9poque les gens n\u2019\u00e9taient pas tr\u00e8s fans des missionnaires chr\u00e9tiens.<\/span><\/p>\n<ol start=\"7\">\n<li>\n<h3>Thomas<\/h3>\n<\/li>\n<\/ol>\n<p><span style=\"font-weight: 400;\">Toutes les sources que j\u2019ai pu trouver sur la mort de Thomas sugg\u00e8rent qu&rsquo;il a \u00e9t\u00e9 poignard\u00e9 avec une lance pendant son minist\u00e8re en Inde. A\u00efe.<\/span><\/p>\n<ol start=\"8\">\n<li>\n<h3>Matthieu (le collecteur d\u2019imp\u00f4ts)<\/h3>\n<\/li>\n<\/ol>\n<p><a href=\"https:\/\/www.whatchristianswanttoknow.com\/how-did-the-12-apostles-die-a-bible-study\/\" target=\"_blank\" rel=\"nofollow noopener\"><span style=\"font-weight: 400;\">Ce site web chr\u00e9tien<\/span><\/a><span style=\"font-weight: 400;\">\u00a0dit que Matthieu \u00ab\u00a0devint missionnaire et fut arr\u00eat\u00e9 en \u00c9thiopie. C&rsquo;est l\u00e0 qu&rsquo;il fut empal\u00e9 au sol par des lances, puis d\u00e9capit\u00e9. On ne sait pas grand-chose de plus puisque Matthieu \u00e9tait dans un endroit tr\u00e8s recul\u00e9 en Afrique o\u00f9 peu d&rsquo;historiens ou de chr\u00e9tiens s\u2019aventur\u00e8rent\u00a0\u00bb.<\/span><\/p>\n<p><a href=\"https:\/\/channel.nationalgeographic.com\/killing-jesus\/articles\/how-did-the-apostles-die\/\" target=\"_blank\" rel=\"nofollow noopener\"><span style=\"font-weight: 400;\">National Geographic donne une version l\u00e9g\u00e8rement diff\u00e9rente<\/span><\/a><span style=\"font-weight: 400;\">, qui dit que selon la l\u00e9gende, Matthieu fut \u00ab\u00a0poignard\u00e9 dans le dos par un soldat [en \u00c9thiopie] envoy\u00e9 par le roi Hertacus, parce qu\u2019il avait critiqu\u00e9 ses m\u0153urs\u00a0\u00bb.<\/span><\/p>\n<ol start=\"9\">\n<li>\n<h3>Jacques (pas le fr\u00e8re de Jean)<\/h3>\n<\/li>\n<\/ol>\n<p><a href=\"https:\/\/en.wikipedia.org\/wiki\/James,_son_of_Alphaeus#Death\" target=\"_blank\" rel=\"nofollow noopener\"><span style=\"font-weight: 400;\">Th\u00e9orie 1<\/span><\/a><span style=\"font-weight: 400;\">: Jacques fut crucifi\u00e9 pendant son minist\u00e8re en \u00c9gypte (sachez que cette th\u00e9orie vient de Wikipedia. Elle est donc \u00e0 consid\u00e9rer avec pr\u00e9caution).<\/span><\/p>\n<p><a href=\"http:\/\/www.bibleinfo.com\/en\/questions\/who-were-twelve-disciples#bartholomew-nathanael\" target=\"_blank\" rel=\"nofollow noopener\"><span style=\"font-weight: 400;\">Th\u00e9orie 2<\/span><\/a><span style=\"font-weight: 400;\">: Jacques \u00ab\u00a0mourut en martyre et son corps fut d\u00e9coup\u00e9 en morceaux\u00a0\u00bb.<\/span><\/p>\n<p><a href=\"https:\/\/channel.nationalgeographic.com\/killing-jesus\/articles\/how-did-the-apostles-die\/\" target=\"_blank\" rel=\"nofollow noopener\"><span style=\"font-weight: 400;\">Th\u00e9orie 3<\/span><\/a><span style=\"font-weight: 400;\">: Alors qu\u2019il \u00e9tait avanc\u00e9 en \u00e2ge, il fut battu, lapid\u00e9 et achev\u00e9 \u00e0 coup de b\u00e2ton dans la t\u00eate.<\/span><\/p>\n<p><a href=\"http:\/\/www.biblicalchronology.com\/martyrs.htm\" target=\"_blank\" rel=\"nofollow noopener\"><span style=\"font-weight: 400;\">Th\u00e9orie 4<\/span><\/a><span style=\"font-weight: 400;\">: Jacques pr\u00eachait sur un mur quand des chefs religieux juifs d\u00e9cid\u00e8rent de l\u2019en d\u00e9loger violemment. Il semble qu\u2019il ait surv\u00e9cu \u00e0 sa chute, donc, comme dans la troisi\u00e8me th\u00e9orie, ils le lapid\u00e8rent et le battirent \u00e0 mort avec un b\u00e2ton.<\/span><\/p>\n<ol start=\"10\">\n<li>\n<h3>Jude (ne pas confondre avec Judas Iscariote)<\/h3>\n<\/li>\n<\/ol>\n<p><span style=\"font-weight: 400;\">D\u2019apr\u00e8s\u00a0<\/span><a href=\"https:\/\/oca.org\/saints\/lives\/2016\/06\/19\/101752-apostle-jude-the-brother-of-the-lord\" target=\"_blank\" rel=\"nofollow noopener\"><span style=\"font-weight: 400;\">The Orthodox Church in America<\/span><\/a><span style=\"font-weight: 400;\">, Jude \u00e9tait en Arm\u00e9nie quand il fut crucifi\u00e9 et transperc\u00e9 de fl\u00e8ches, environ 45 ans apr\u00e8s la mort du Christ.<\/span><\/p>\n<ol start=\"11\">\n<li>\n<h3>Simon le Z\u00e9lote (pas Simon Pierre)<\/h3>\n<\/li>\n<\/ol>\n<p><a href=\"https:\/\/www.britannica.com\/biography\/Saint-Simon-the-Apostle\" target=\"_blank\" rel=\"nofollow noopener\"><span style=\"font-weight: 400;\">Th\u00e9orie 1<\/span><\/a><span style=\"font-weight: 400;\">: Il mourut \u00ab\u00a0paisiblement \u00e0 Edessa\u00a0\u00bb, qui se trouvait quelque part en Turquie actuelle.<\/span><\/p>\n<p><a href=\"http:\/\/catholicism.org\/how-did-the-apostles-die.html\" target=\"_blank\" rel=\"nofollow noopener\"><span style=\"font-weight: 400;\">Th\u00e9orie 2<\/span><\/a><span style=\"font-weight: 400;\">: Ce site catholique pr\u00e9tend aussi que Simon le Z\u00e9lote mourut \u00e0 Edessa, mais qu\u2019il fut crucifi\u00e9. Une mort moins paisible que celle de la premi\u00e8re th\u00e9orie.<\/span><\/p>\n<p><a href=\"https:\/\/channel.nationalgeographic.com\/killing-jesus\/articles\/how-did-the-apostles-die\/\" target=\"_blank\" rel=\"nofollow noopener\"><span style=\"font-weight: 400;\">Th\u00e9orie 3<\/span><\/a><span style=\"font-weight: 400;\">: Il fut missionnaire en Afrique, puis en Angleterre, o\u00f9 il fut crucifi\u00e9 vers l\u2019an 74.<\/span><\/p>\n<ol start=\"12\">\n<li>\n<h3>Judas Iscariote<\/h3>\n<\/li>\n<\/ol>\n<p><span style=\"font-weight: 400;\">La Bible nous aide aussi pour cette histoire. Matthieu 27:3-5 dit\u00a0:<\/span><\/p>\n<blockquote><p><b><i>Alors Judas, qui l&rsquo;avait livr\u00e9, voyant qu&rsquo;il \u00e9tait condamn\u00e9, se repentit, et rapporta les trente pi\u00e8ces d&rsquo;argent aux principaux sacrificateurs et aux anciens,<\/i><\/b><\/p>\n<p><b><i>en disant: J&rsquo;ai p\u00e9ch\u00e9, en livrant le sang innocent. Ils r\u00e9pondirent\u00a0: Que nous importe\u00a0? Cela te regarde.<\/i><\/b><\/p>\n<p><b><i>Judas jeta les pi\u00e8ces d&rsquo;argent dans le temple, se retira, et alla se pendre.<\/i><\/b><\/p><\/blockquote>\n<p><span style=\"font-weight: 400;\">MAIS Actes 1:16-19 raconte une toute autre histoire\u00a0:<\/span><\/p>\n<blockquote><p><b><i>Hommes fr\u00e8res, il fallait que s&rsquo;accompl\u00eet ce que le Saint Esprit, dans l&rsquo;\u00c9criture, a annonc\u00e9 d&rsquo;avance, par la bouche de David, au sujet de Judas, qui a \u00e9t\u00e9 le guide de ceux qui ont saisi J\u00e9sus.<\/i><\/b><\/p>\n<p><b><i>Il \u00e9tait compt\u00e9 parmi nous, et il avait part au m\u00eame minist\u00e8re.<\/i><\/b><\/p>\n<p><b><i>Cet homme, ayant acquis un champ avec le salaire du crime, est tomb\u00e9, s&rsquo;est rompu par le milieu du corps, et toutes ses entrailles se sont r\u00e9pandues.<\/i><\/b><\/p>\n<p><b><i>La chose a \u00e9t\u00e9 si connue de tous les habitants de J\u00e9rusalem que ce champ a \u00e9t\u00e9 appel\u00e9 dans leur langue Hakeldama, c&rsquo;est-\u00e0-dire, champ du sang.<\/i><\/b><\/p><\/blockquote>\n<p><span style=\"font-weight: 400;\">Dans notre religion, nous sommes plus familiers avec la th\u00e9orie de la pendaison, mais qui sait. Cela a finalement peu d\u2019importance.<\/span><\/p>\n<h3><\/h3>\n<h3>Maintenant vous savez<\/h3>\n<p><span style=\"font-weight: 400;\">Il est int\u00e9ressant d&rsquo;en savoir un peu plus sur la mort de ces ap\u00f4tres, mais il est infiniment plus important d&rsquo;\u00e9tudier ce qu&rsquo;ils ont fait et enseign\u00e9 tout au long de leur vie. Les lettres de Pierre, l&rsquo;\u00e9vangile selon Saint Matthieu et Saint Jean, etc. C&rsquo;est l\u00e0 que se trouvent les bonnes infos. Si vous n&rsquo;avez pas pris le temps d&rsquo;\u00e9tudier la vie de ces hommes et du ma\u00eetre qu&rsquo;ils ont servi, je vous encourage \u00e0 vous y mettre.<\/span><\/p>\n<p>&nbsp;<\/p>\n<hr \/>\n<p><em><span style=\"font-weight: 400;\">Article \u00e9crit par David Snell pour Mormon Hub sous le titre <a href=\"https:\/\/mormonhub.com\/blog\/faith\/scripture\/new-testament\/original-apostles-deaths\/\" target=\"_blank\" rel=\"nofollow noopener\">How Did Each of the Original Twelve Apostles Die?<\/a>\u00a0<\/span><\/em><i><span style=\"font-weight: 400;\">Traduit par Christine<\/span><\/i><\/p>\n","protected":false},"excerpt":{"rendered":"<p>Que savons-nous sur la mort des premiers ap\u00f4tres du Seigneur J\u00e9sus-Christ? Comment ses douze disciples ont fini leur vie et o\u00f9?<\/p>\n","protected":false},"author":51,"featured_media":8388,"comment_status":"open","ping_status":"closed","sticky":false,"template":"","format":"standard","meta":{"_et_pb_use_builder":"","_et_pb_old_content":"","_et_gb_content_width":"","footnotes":""},"categories":[405],"tags":[337,444],"class_list":["post-8387","post","type-post","status-publish","format-standard","has-post-thumbnail","hentry","category-bible","tag-histoire-de-leglise","tag-etude-efficace-ecritures","et-has-post-format-content","et_post_format-et-post-format-standard"],"yoast_head":"<!-- This site is optimized with the Yoast SEO plugin v27.4 - https:\/\/yoast.com\/product\/yoast-seo-wordpress\/ -->\n<title>La mort des premiers ap\u00f4tres du Christ: ce que l&#039;on sait.<\/title>\n<meta name=\"description\" content=\"Que savons-nous sur la mort des premiers ap\u00f4tres du Seigneur J\u00e9sus-Christ? Comment ses douze disciples ont fini leur vie et o\u00f9?\" \/>\n<meta name=\"robots\" content=\"index, follow, max-snippet:-1, max-image-preview:large, max-video-preview:-1\" \/>\n<link rel=\"canonical\" href=\"https:\/\/fr.elds.org\/lesmormons-net\/bible\/mort-des-premiers-apotres-du-christ\/\" \/>\n<meta property=\"og:locale\" content=\"fr_FR\" \/>\n<meta property=\"og:type\" content=\"article\" \/>\n<meta property=\"og:title\" content=\"La mort des premiers ap\u00f4tres du Christ: ce que l&#039;on sait.\" \/>\n<meta property=\"og:description\" content=\"Que savons-nous sur la mort des premiers ap\u00f4tres du Seigneur J\u00e9sus-Christ? Comment ses douze disciples ont fini leur vie et o\u00f9?\" \/>\n<meta property=\"og:url\" content=\"https:\/\/fr.elds.org\/lesmormons-net\/bible\/mort-des-premiers-apotres-du-christ\/\" \/>\n<meta property=\"og:site_name\" content=\"Les Mormons\" \/>\n<meta property=\"article:published_time\" content=\"2018-07-19T08:25:12+00:00\" \/>\n<meta property=\"article:modified_time\" content=\"2018-09-07T15:31:36+00:00\" \/>\n<meta property=\"og:image\" content=\"https:\/\/fr.elds.org\/lesmormons-net\/files\/2018\/07\/jesus-warns-peter-of-denial-958602-tablet.jpg\" \/>\n\t<meta property=\"og:image:width\" content=\"948\" \/>\n\t<meta property=\"og:image:height\" content=\"542\" \/>\n\t<meta property=\"og:image:type\" content=\"image\/jpeg\" \/>\n<meta name=\"author\" content=\"christine\" \/>\n<meta name=\"twitter:card\" content=\"summary_large_image\" \/>\n<meta name=\"twitter:label1\" content=\"\u00c9crit par\" \/>\n\t<meta name=\"twitter:data1\" content=\"christine\" \/>\n\t<meta name=\"twitter:label2\" content=\"Dur\u00e9e de lecture estim\u00e9e\" \/>\n\t<meta name=\"twitter:data2\" content=\"7 minutes\" \/>\n<script type=\"application\/ld+json\" class=\"yoast-schema-graph\">{\"@context\":\"https:\\\/\\\/schema.org\",\"@graph\":[{\"@type\":\"Article\",\"@id\":\"https:\\\/\\\/fr.elds.org\\\/lesmormons-net\\\/bible\\\/mort-des-premiers-apotres-du-christ\\\/#article\",\"isPartOf\":{\"@id\":\"https:\\\/\\\/fr.elds.org\\\/lesmormons-net\\\/bible\\\/mort-des-premiers-apotres-du-christ\\\/\"},\"author\":{\"name\":\"christine\",\"@id\":\"https:\\\/\\\/fr.elds.org\\\/lesmormons-net\\\/#\\\/schema\\\/person\\\/b31eecca6f5c9f6643f5cb3952833fe9\"},\"headline\":\"Comment sont morts les douze premiers ap\u00f4tres\",\"datePublished\":\"2018-07-19T08:25:12+00:00\",\"dateModified\":\"2018-09-07T15:31:36+00:00\",\"mainEntityOfPage\":{\"@id\":\"https:\\\/\\\/fr.elds.org\\\/lesmormons-net\\\/bible\\\/mort-des-premiers-apotres-du-christ\\\/\"},\"wordCount\":1475,\"commentCount\":0,\"image\":{\"@id\":\"https:\\\/\\\/fr.elds.org\\\/lesmormons-net\\\/bible\\\/mort-des-premiers-apotres-du-christ\\\/#primaryimage\"},\"thumbnailUrl\":\"https:\\\/\\\/fr.elds.org\\\/lesmormons-net\\\/files\\\/2018\\\/07\\\/jesus-warns-peter-of-denial-958602-tablet.jpg\",\"keywords\":[\"histoire de l'Eglise\",\"pour une \u00e9tude efficace des Ecritures\"],\"articleSection\":[\"Bible\"],\"inLanguage\":\"fr-FR\",\"potentialAction\":[{\"@type\":\"CommentAction\",\"name\":\"Comment\",\"target\":[\"https:\\\/\\\/fr.elds.org\\\/lesmormons-net\\\/bible\\\/mort-des-premiers-apotres-du-christ\\\/#respond\"]}]},{\"@type\":\"WebPage\",\"@id\":\"https:\\\/\\\/fr.elds.org\\\/lesmormons-net\\\/bible\\\/mort-des-premiers-apotres-du-christ\\\/\",\"url\":\"https:\\\/\\\/fr.elds.org\\\/lesmormons-net\\\/bible\\\/mort-des-premiers-apotres-du-christ\\\/\",\"name\":\"La mort des premiers ap\u00f4tres du Christ: ce que l'on sait.\",\"isPartOf\":{\"@id\":\"https:\\\/\\\/fr.elds.org\\\/lesmormons-net\\\/#website\"},\"primaryImageOfPage\":{\"@id\":\"https:\\\/\\\/fr.elds.org\\\/lesmormons-net\\\/bible\\\/mort-des-premiers-apotres-du-christ\\\/#primaryimage\"},\"image\":{\"@id\":\"https:\\\/\\\/fr.elds.org\\\/lesmormons-net\\\/bible\\\/mort-des-premiers-apotres-du-christ\\\/#primaryimage\"},\"thumbnailUrl\":\"https:\\\/\\\/fr.elds.org\\\/lesmormons-net\\\/files\\\/2018\\\/07\\\/jesus-warns-peter-of-denial-958602-tablet.jpg\",\"datePublished\":\"2018-07-19T08:25:12+00:00\",\"dateModified\":\"2018-09-07T15:31:36+00:00\",\"author\":{\"@id\":\"https:\\\/\\\/fr.elds.org\\\/lesmormons-net\\\/#\\\/schema\\\/person\\\/b31eecca6f5c9f6643f5cb3952833fe9\"},\"description\":\"Que savons-nous sur la mort des premiers ap\u00f4tres du Seigneur J\u00e9sus-Christ? Comment ses douze disciples ont fini leur vie et o\u00f9?\",\"breadcrumb\":{\"@id\":\"https:\\\/\\\/fr.elds.org\\\/lesmormons-net\\\/bible\\\/mort-des-premiers-apotres-du-christ\\\/#breadcrumb\"},\"inLanguage\":\"fr-FR\",\"potentialAction\":[{\"@type\":\"ReadAction\",\"target\":[\"https:\\\/\\\/fr.elds.org\\\/lesmormons-net\\\/bible\\\/mort-des-premiers-apotres-du-christ\\\/\"]}]},{\"@type\":\"ImageObject\",\"inLanguage\":\"fr-FR\",\"@id\":\"https:\\\/\\\/fr.elds.org\\\/lesmormons-net\\\/bible\\\/mort-des-premiers-apotres-du-christ\\\/#primaryimage\",\"url\":\"https:\\\/\\\/fr.elds.org\\\/lesmormons-net\\\/files\\\/2018\\\/07\\\/jesus-warns-peter-of-denial-958602-tablet.jpg\",\"contentUrl\":\"https:\\\/\\\/fr.elds.org\\\/lesmormons-net\\\/files\\\/2018\\\/07\\\/jesus-warns-peter-of-denial-958602-tablet.jpg\",\"width\":948,\"height\":542,\"caption\":\"mort des premiers ap\u00f4tres du Christ\"},{\"@type\":\"BreadcrumbList\",\"@id\":\"https:\\\/\\\/fr.elds.org\\\/lesmormons-net\\\/bible\\\/mort-des-premiers-apotres-du-christ\\\/#breadcrumb\",\"itemListElement\":[{\"@type\":\"ListItem\",\"position\":1,\"name\":\"Home\",\"item\":\"https:\\\/\\\/fr.elds.org\\\/lesmormons-net\\\/\"},{\"@type\":\"ListItem\",\"position\":2,\"name\":\"Comment sont morts les douze premiers ap\u00f4tres\"}]},{\"@type\":\"WebSite\",\"@id\":\"https:\\\/\\\/fr.elds.org\\\/lesmormons-net\\\/#website\",\"url\":\"https:\\\/\\\/fr.elds.org\\\/lesmormons-net\\\/\",\"name\":\"Les Mormons\",\"description\":\"Les mormons au quotidien\",\"potentialAction\":[{\"@type\":\"SearchAction\",\"target\":{\"@type\":\"EntryPoint\",\"urlTemplate\":\"https:\\\/\\\/fr.elds.org\\\/lesmormons-net\\\/?s={search_term_string}\"},\"query-input\":{\"@type\":\"PropertyValueSpecification\",\"valueRequired\":true,\"valueName\":\"search_term_string\"}}],\"inLanguage\":\"fr-FR\"},{\"@type\":\"Person\",\"@id\":\"https:\\\/\\\/fr.elds.org\\\/lesmormons-net\\\/#\\\/schema\\\/person\\\/b31eecca6f5c9f6643f5cb3952833fe9\",\"name\":\"christine\",\"image\":{\"@type\":\"ImageObject\",\"inLanguage\":\"fr-FR\",\"@id\":\"https:\\\/\\\/secure.gravatar.com\\\/avatar\\\/5c0d5e0ac14b19757b63cec933cdcf4b2a37eb45dae49c09b8cdf57fe682194f?s=96&d=blank&r=g\",\"url\":\"https:\\\/\\\/secure.gravatar.com\\\/avatar\\\/5c0d5e0ac14b19757b63cec933cdcf4b2a37eb45dae49c09b8cdf57fe682194f?s=96&d=blank&r=g\",\"contentUrl\":\"https:\\\/\\\/secure.gravatar.com\\\/avatar\\\/5c0d5e0ac14b19757b63cec933cdcf4b2a37eb45dae49c09b8cdf57fe682194f?s=96&d=blank&r=g\",\"caption\":\"christine\"},\"description\":\"Christine est la maman de quatre enfants qui lui ont fait oublier le sens du mot ennui. Baptis\u00e9e \u00e0 huit ans, elle est reconnaissante d\u2019avoir Dieu et l\u2019\u00c9vangile dans sa vie, sans lesquels elle se sentirait d\u00e9sarm\u00e9e. Elle aime lire et d\u00e9couvrir de nouvelles choses avec sa famille.\",\"url\":\"https:\\\/\\\/fr.elds.org\\\/lesmormons-net\\\/author\\\/christine\\\/\"}]}<\/script>\n<!-- \/ Yoast SEO plugin. -->","yoast_head_json":{"title":"La mort des premiers ap\u00f4tres du Christ: ce que l'on sait.","description":"Que savons-nous sur la mort des premiers ap\u00f4tres du Seigneur J\u00e9sus-Christ? Comment ses douze disciples ont fini leur vie et o\u00f9?","robots":{"index":"index","follow":"follow","max-snippet":"max-snippet:-1","max-image-preview":"max-image-preview:large","max-video-preview":"max-video-preview:-1"},"canonical":"https:\/\/fr.elds.org\/lesmormons-net\/bible\/mort-des-premiers-apotres-du-christ\/","og_locale":"fr_FR","og_type":"article","og_title":"La mort des premiers ap\u00f4tres du Christ: ce que l'on sait.","og_description":"Que savons-nous sur la mort des premiers ap\u00f4tres du Seigneur J\u00e9sus-Christ? Comment ses douze disciples ont fini leur vie et o\u00f9?","og_url":"https:\/\/fr.elds.org\/lesmormons-net\/bible\/mort-des-premiers-apotres-du-christ\/","og_site_name":"Les Mormons","article_published_time":"2018-07-19T08:25:12+00:00","article_modified_time":"2018-09-07T15:31:36+00:00","og_image":[{"width":948,"height":542,"url":"https:\/\/fr.elds.org\/lesmormons-net\/files\/2018\/07\/jesus-warns-peter-of-denial-958602-tablet.jpg","type":"image\/jpeg"}],"author":"christine","twitter_card":"summary_large_image","twitter_misc":{"\u00c9crit par":"christine","Dur\u00e9e de lecture estim\u00e9e":"7 minutes"},"schema":{"@context":"https:\/\/schema.org","@graph":[{"@type":"Article","@id":"https:\/\/fr.elds.org\/lesmormons-net\/bible\/mort-des-premiers-apotres-du-christ\/#article","isPartOf":{"@id":"https:\/\/fr.elds.org\/lesmormons-net\/bible\/mort-des-premiers-apotres-du-christ\/"},"author":{"name":"christine","@id":"https:\/\/fr.elds.org\/lesmormons-net\/#\/schema\/person\/b31eecca6f5c9f6643f5cb3952833fe9"},"headline":"Comment sont morts les douze premiers ap\u00f4tres","datePublished":"2018-07-19T08:25:12+00:00","dateModified":"2018-09-07T15:31:36+00:00","mainEntityOfPage":{"@id":"https:\/\/fr.elds.org\/lesmormons-net\/bible\/mort-des-premiers-apotres-du-christ\/"},"wordCount":1475,"commentCount":0,"image":{"@id":"https:\/\/fr.elds.org\/lesmormons-net\/bible\/mort-des-premiers-apotres-du-christ\/#primaryimage"},"thumbnailUrl":"https:\/\/fr.elds.org\/lesmormons-net\/files\/2018\/07\/jesus-warns-peter-of-denial-958602-tablet.jpg","keywords":["histoire de l'Eglise","pour une \u00e9tude efficace des Ecritures"],"articleSection":["Bible"],"inLanguage":"fr-FR","potentialAction":[{"@type":"CommentAction","name":"Comment","target":["https:\/\/fr.elds.org\/lesmormons-net\/bible\/mort-des-premiers-apotres-du-christ\/#respond"]}]},{"@type":"WebPage","@id":"https:\/\/fr.elds.org\/lesmormons-net\/bible\/mort-des-premiers-apotres-du-christ\/","url":"https:\/\/fr.elds.org\/lesmormons-net\/bible\/mort-des-premiers-apotres-du-christ\/","name":"La mort des premiers ap\u00f4tres du Christ: ce que l'on sait.","isPartOf":{"@id":"https:\/\/fr.elds.org\/lesmormons-net\/#website"},"primaryImageOfPage":{"@id":"https:\/\/fr.elds.org\/lesmormons-net\/bible\/mort-des-premiers-apotres-du-christ\/#primaryimage"},"image":{"@id":"https:\/\/fr.elds.org\/lesmormons-net\/bible\/mort-des-premiers-apotres-du-christ\/#primaryimage"},"thumbnailUrl":"https:\/\/fr.elds.org\/lesmormons-net\/files\/2018\/07\/jesus-warns-peter-of-denial-958602-tablet.jpg","datePublished":"2018-07-19T08:25:12+00:00","dateModified":"2018-09-07T15:31:36+00:00","author":{"@id":"https:\/\/fr.elds.org\/lesmormons-net\/#\/schema\/person\/b31eecca6f5c9f6643f5cb3952833fe9"},"description":"Que savons-nous sur la mort des premiers ap\u00f4tres du Seigneur J\u00e9sus-Christ? Comment ses douze disciples ont fini leur vie et o\u00f9?","breadcrumb":{"@id":"https:\/\/fr.elds.org\/lesmormons-net\/bible\/mort-des-premiers-apotres-du-christ\/#breadcrumb"},"inLanguage":"fr-FR","potentialAction":[{"@type":"ReadAction","target":["https:\/\/fr.elds.org\/lesmormons-net\/bible\/mort-des-premiers-apotres-du-christ\/"]}]},{"@type":"ImageObject","inLanguage":"fr-FR","@id":"https:\/\/fr.elds.org\/lesmormons-net\/bible\/mort-des-premiers-apotres-du-christ\/#primaryimage","url":"https:\/\/fr.elds.org\/lesmormons-net\/files\/2018\/07\/jesus-warns-peter-of-denial-958602-tablet.jpg","contentUrl":"https:\/\/fr.elds.org\/lesmormons-net\/files\/2018\/07\/jesus-warns-peter-of-denial-958602-tablet.jpg","width":948,"height":542,"caption":"mort des premiers ap\u00f4tres du Christ"},{"@type":"BreadcrumbList","@id":"https:\/\/fr.elds.org\/lesmormons-net\/bible\/mort-des-premiers-apotres-du-christ\/#breadcrumb","itemListElement":[{"@type":"ListItem","position":1,"name":"Home","item":"https:\/\/fr.elds.org\/lesmormons-net\/"},{"@type":"ListItem","position":2,"name":"Comment sont morts les douze premiers ap\u00f4tres"}]},{"@type":"WebSite","@id":"https:\/\/fr.elds.org\/lesmormons-net\/#website","url":"https:\/\/fr.elds.org\/lesmormons-net\/","name":"Les Mormons","description":"Les mormons au quotidien","potentialAction":[{"@type":"SearchAction","target":{"@type":"EntryPoint","urlTemplate":"https:\/\/fr.elds.org\/lesmormons-net\/?s={search_term_string}"},"query-input":{"@type":"PropertyValueSpecification","valueRequired":true,"valueName":"search_term_string"}}],"inLanguage":"fr-FR"},{"@type":"Person","@id":"https:\/\/fr.elds.org\/lesmormons-net\/#\/schema\/person\/b31eecca6f5c9f6643f5cb3952833fe9","name":"christine","image":{"@type":"ImageObject","inLanguage":"fr-FR","@id":"https:\/\/secure.gravatar.com\/avatar\/5c0d5e0ac14b19757b63cec933cdcf4b2a37eb45dae49c09b8cdf57fe682194f?s=96&d=blank&r=g","url":"https:\/\/secure.gravatar.com\/avatar\/5c0d5e0ac14b19757b63cec933cdcf4b2a37eb45dae49c09b8cdf57fe682194f?s=96&d=blank&r=g","contentUrl":"https:\/\/secure.gravatar.com\/avatar\/5c0d5e0ac14b19757b63cec933cdcf4b2a37eb45dae49c09b8cdf57fe682194f?s=96&d=blank&r=g","caption":"christine"},"description":"Christine est la maman de quatre enfants qui lui ont fait oublier le sens du mot ennui. Baptis\u00e9e \u00e0 huit ans, elle est reconnaissante d\u2019avoir Dieu et l\u2019\u00c9vangile dans sa vie, sans lesquels elle se sentirait d\u00e9sarm\u00e9e. Elle aime lire et d\u00e9couvrir de nouvelles choses avec sa famille.","url":"https:\/\/fr.elds.org\/lesmormons-net\/author\/christine\/"}]}},"_links":{"self":[{"href":"https:\/\/fr.elds.org\/lesmormons-net\/wp-json\/wp\/v2\/posts\/8387","targetHints":{"allow":["GET"]}}],"collection":[{"href":"https:\/\/fr.elds.org\/lesmormons-net\/wp-json\/wp\/v2\/posts"}],"about":[{"href":"https:\/\/fr.elds.org\/lesmormons-net\/wp-json\/wp\/v2\/types\/post"}],"author":[{"embeddable":true,"href":"https:\/\/fr.elds.org\/lesmormons-net\/wp-json\/wp\/v2\/users\/51"}],"replies":[{"embeddable":true,"href":"https:\/\/fr.elds.org\/lesmormons-net\/wp-json\/wp\/v2\/comments?post=8387"}],"version-history":[{"count":2,"href":"https:\/\/fr.elds.org\/lesmormons-net\/wp-json\/wp\/v2\/posts\/8387\/revisions"}],"predecessor-version":[{"id":8390,"href":"https:\/\/fr.elds.org\/lesmormons-net\/wp-json\/wp\/v2\/posts\/8387\/revisions\/8390"}],"wp:featuredmedia":[{"embeddable":true,"href":"https:\/\/fr.elds.org\/lesmormons-net\/wp-json\/wp\/v2\/media\/8388"}],"wp:attachment":[{"href":"https:\/\/fr.elds.org\/lesmormons-net\/wp-json\/wp\/v2\/media?parent=8387"}],"wp:term":[{"taxonomy":"category","embeddable":true,"href":"https:\/\/fr.elds.org\/lesmormons-net\/wp-json\/wp\/v2\/categories?post=8387"},{"taxonomy":"post_tag","embeddable":true,"href":"https:\/\/fr.elds.org\/lesmormons-net\/wp-json\/wp\/v2\/tags?post=8387"}],"curies":[{"name":"wp","href":"https:\/\/api.w.org\/{rel}","templated":true}]}}