{"id":8376,"date":"2018-07-14T19:02:38","date_gmt":"2018-07-14T17:02:38","guid":{"rendered":"https:\/\/fr.elds.org\/lesmormons-net\/?p=8376"},"modified":"2018-07-21T11:34:43","modified_gmt":"2018-07-21T09:34:43","slug":"guerir-les-blessures-du-racisme","status":"publish","type":"post","link":"https:\/\/fr.elds.org\/lesmormons-net\/plan-de-dieu\/guerir-les-blessures-du-racisme\/","title":{"rendered":"Gu\u00e9rir les blessures du racisme"},"content":{"rendered":"<p><span style=\"font-weight: 400;\">Parler avec les autres des affections physiques tels que le rhume, la grippe, les os cass\u00e9s et les entorses peut nous aider \u00e0 apprendre comment en gu\u00e9rir. Cependant, cela nous fait \u00e9galement du bien lorsque nous abordons les difficult\u00e9s engendr\u00e9es par des attitudes et id\u00e9es fausses, notamment les paroles et les actions qui blessent les autres aussi bien que nous-m\u00eames.<\/span><\/p>\n<p><span style=\"font-weight: 400;\">Certains ont ressenti la douleur d&rsquo;\u00eatre consid\u00e9r\u00e9 comme \u201cl&rsquo;autre\u201d ou \u201cle moindre.\u201d Il me semble que ce genre d&rsquo;attitudes a augment\u00e9 dans le monde autour de nous ces derni\u00e8res ann\u00e9es, peut-\u00eatre est-ce d\u00fb au langage virulent qui s\u2019est s\u2019infiltr\u00e9 dans le discours politique, dans divers nations \u00e0 travers le monde. Rien n\u2019est plus \u00e9loign\u00e9 des enseignements de J\u00e9sus-Christ que l\u2019id\u00e9e que n&rsquo;importe quel \u00eatre humain puisse \u00eatre sup\u00e9rieur de quelle que forme que ce soit \u00e0 un autre \u00eatre humain, sur la base de sa race, son sexe, sa nationalit\u00e9, ses origines ethniques, sa situation \u00e9conomique ou d&rsquo;autres caract\u00e9ristiques (voir Quentin L. Cook, \u00ab\u00a0<\/span><a href=\"https:\/\/www.lds.org\/general-conference\/2017\/10\/the-eternal-everyday?lang=fra\" target=\"_blank\" rel=\"nofollow noopener\"><span style=\"font-weight: 400;\">Le quotidien \u00e9ternel<\/span><\/a><span style=\"font-weight: 400;\">,\u00a0\u00bb <\/span><i><span style=\"font-weight: 400;\">Le Liahona<\/span><\/i><span style=\"font-weight: 400;\">, novembre 2017).<\/span><\/p>\n<h3>Ce qu&rsquo;a dit Pr\u00e9sident Hinckley au sujet du racisme<\/h3>\n<p><span style=\"font-weight: 400;\">Le Pr\u00e9sident Gordon B. Hinckley (1910\u20132008) a abord\u00e9 ce sujet dans son discours \u201cLe besoin de plus de bont\u00e9,\u201d prononc\u00e9 lors de la session g\u00e9n\u00e9rale de la pr\u00eatrise de la conf\u00e9rence g\u00e9n\u00e9rale d&rsquo;avril 2006 :<\/span><\/p>\n<blockquote><p><span style=\"font-weight: 400;\">\u201cJe me demande pourquoi il y a tant de haine dans le monde. &#8230;<\/span><\/p>\n<p><span style=\"font-weight: 400;\">\u201cLes luttes raciales continuent de montrer leur horreur. J\u2019ai appris que m\u00eame ici parmi nous il y en a. Je ne comprends pas comment cela est possible. &#8230;<\/span><\/p>\n<p><span style=\"font-weight: 400;\">\u201c\u2026 On entend parfois parmi nous des insultes et des remarques m\u00e9prisantes racistes. Je vous rappelle qu\u2019un homme qui fait des remarques d\u00e9sobligeantes sur des gens d\u2019une autre race ne peut pas se consid\u00e9rer comme un vrai disciple du Christ. Il ne peut pas non plus consid\u00e9rer qu\u2019il est en accord avec les enseignements de l\u2019\u00c9glise du Christ. &#8230;<\/span><\/p>\n<p><span style=\"font-weight: 400;\">\u201d<\/span> <span style=\"font-weight: 400;\">Reconnaissons que chacun de nous est un fils ou une fille de notre P\u00e8re c\u00e9leste qui aime tous ses enfants.\u201d (Gordon B. Hinckley, \u00ab\u00a0<\/span><a href=\"https:\/\/www.lds.org\/general-conference\/2006\/04\/the-need-for-greater-kindness?lang=fra&amp;country=ca\"><span style=\"font-weight: 400;\">Le besoin de plus de gentillesse<\/span><\/a><span style=\"font-weight: 400;\">,\u00a0\u00bb <\/span><i><span style=\"font-weight: 400;\">Le Liahona<\/span><\/i><span style=\"font-weight: 400;\">, mai 2006)<\/span><\/p><\/blockquote>\n<p><span style=\"font-weight: 400;\">Les pr\u00e9jug\u00e9s raciaux et culturels sont trop r\u00e9pandus dans le monde. Les pratiques associ\u00e9es au racisme et aux id\u00e9es pr\u00e9con\u00e7ues ont tristement caus\u00e9 des blessures profondes \u00e0 de nombreuses personnes.<\/span><\/p>\n<p>&nbsp;<\/p>\n<h3>Gu\u00e9rir les blessures du racisme<\/h3>\n<p><span style=\"font-weight: 400;\">Lorsque nous nous effor\u00e7ons de gu\u00e9rir les blessures du racisme, il est particuli\u00e8rement important de comprendre que les id\u00e9es n\u00e9gatives envers les autres, bas\u00e9es sur les diff\u00e9rences raciales ou culturelles, font du mal non seulement \u00e0 ceux qui sont la cible d&rsquo;une tel comportement; mais elles font tout autant de mal, voire plus, \u00e0 leur auteur. Nous sommes chr\u00e9tiens, des disciples du Christ, pourtant lorsque nous permettons aux attitudes du monde infiltrer notre esprit, \u00e0 tel point qu&rsquo;elles nous aveuglent et nous font oublier leur existence, nous limitons notre progression vers ce que notre P\u00e8re c\u00e9leste veut que nous devenions et nous nous enfon\u00e7ons dans un p\u00e9ch\u00e9 qui a souvent des cons\u00e9quences tenaces.<\/span><\/p>\n<p><span style=\"font-weight: 400;\">Voici quatre \u00e9tapes par lesquelles chacun de nous doit passer pour que nous puissions tous aller de l&rsquo;avant ensemble dans nos efforts pour atteindre notre potentiel divin.<\/span><\/p>\n<p>&nbsp;<\/p>\n<ol>\n<li>\n<h4>Reconna\u00eetre qu\u2019il y a un probl\u00e8me<\/h4>\n<\/li>\n<\/ol>\n<p><span style=\"font-weight: 400;\">Certaines personnes ne se rendent pas compte qu&rsquo;il y a un probl\u00e8me. L&rsquo;automne dernier, apr\u00e8s les \u00e9v\u00e9nements qui se sont produits \u00e0 Charlottesville, en Virginie, impliquant des supr\u00e9macistes blancs et des contestataires, l&rsquo;\u00c9glise a publi\u00e9 deux d\u00e9clarations officielles d\u00e9non\u00e7ant le racisme tout en disant aux membres et aux autres qu\u2019ils \u201cdevraient \u00eatre pr\u00e9occup\u00e9es par l\u2019augmentation de l\u2019intol\u00e9rance, tant par les mots que par les actions, que nous voyons partout.\u201d (voir \u00ab\u00a0<\/span><a href=\"https:\/\/www.presse-mormons.fr\/article\/l-%C3%A9glise-fait-un-communiqu%C3%A9-sur-la-situation-%C3%A0-charlottesville-virginie\" target=\"_blank\" rel=\"nofollow noopener\"><span style=\"font-weight: 400;\">L\u2019Eglise fait un communiqu\u00e9 sur la situation \u00e0 Charlottesville, Virginie<\/span><\/a><span style=\"font-weight: 400;\">,\u00a0\u00bb 16 ao\u00fbt 2017,\u00a0Salle de presse).<\/span><\/p>\n<p><span style=\"font-weight: 400;\">La premi\u00e8re \u00e9tape vers la gu\u00e9rison consiste \u00e0 r\u00e9aliser que ce probl\u00e8me existe, m\u00eame parmi certains d&rsquo;entre nous dans l&rsquo;\u00c9glise, comme le Pr\u00e9sident Hinckley l&rsquo;a signal\u00e9. Nous ne pouvons pas r\u00e9gler ce que nous ne voulons pas voir ou refusons d\u2019admettre. Notre attitude envers les personnes d&rsquo;une race ou d&rsquo;une culture diff\u00e9rente ne devrait pas \u00eatre consid\u00e9r\u00e9e comme un sujet sans importance. La consid\u00e9rer comme telle ne fait qu&rsquo;affirmer notre d\u00e9sir de ne pas la changer.<\/span><\/p>\n<p><span style=\"font-weight: 400;\">Certains de ces comportements semblent convoyer des croyances pass\u00e9es que l&rsquo;on a pos\u00e9es comme conjectures pour expliquer pourquoi les membres noirs de l&rsquo;\u00c9glise ne pouvaient pas recevoir la pr\u00eatrise jusqu&rsquo;en 1978.<\/span><\/p>\n<p><span style=\"font-weight: 400;\">Je suis un converti noir, afro-am\u00e9ricain, qui c\u00e9l\u00e8bre cette ann\u00e9e avec des millions d\u2019autres membres le 40\u00e8me anniversaire de l\u2019extension de la pr\u00eatrise \u201c\u00e0 tous les membres masculins de l\u2019Eglise\u201d (voir <\/span><a href=\"https:\/\/www.lds.org\/scriptures\/dc-testament\/od\/2?lang=fra\" target=\"_blank\" rel=\"nofollow noopener\"><span style=\"font-weight: 400;\">D\u00e9claration officielle n\u00b02<\/span><\/a><span style=\"font-weight: 400;\">). Depuis, les dirigeants de l&rsquo;\u00c9glise ont pleinement condamn\u00e9 les sp\u00e9culations pass\u00e9es sur les raisons pour lesquelles la pr\u00eatrise avait \u00e9t\u00e9 retenue, notamment l&rsquo;id\u00e9e que les noirs auraient \u00e9t\u00e9 moins vaillants dans la vie pr\u00e9-mortelle. Malheureusement, des commentaires et des comportements inconvenants vis-\u00e0-vis des personnes de couleur n\u2019ont pas encore tous disparu.<\/span><\/p>\n<p>&nbsp;<\/p>\n<ol start=\"2\">\n<li>\n<h4>Le reconna\u00eetre en nous-m\u00eames<\/h4>\n<\/li>\n<\/ol>\n<p><span style=\"font-weight: 400;\">Certaines personnes reconnaissent ce probl\u00e8me, mais il se peut qu&rsquo;elles ne le reconnaissent pas en elles-m\u00eames. Parfois le racisme est si subtil, que nous ne r\u00e9alisons pas que nous sommes en train de l&rsquo;utiliser.<\/span><\/p>\n<p><span style=\"font-weight: 400;\">Comment savoir si nos pens\u00e9es et nos paroles ne sont pas en accord avec les enseignements de l&rsquo;Evangile? Pensez \u00e0 la fa\u00e7on dont les exemples suivants peuvent repr\u00e9senter du racisme. <strong>Comment le Seigneur voudrait que vous changiez votre coeur si vous reconnaissiez que vous :<\/strong><\/span><\/p>\n<ul>\n<li><span style=\"font-weight: 400;\"> Pr\u00e9f\u00e9rez ne fr\u00e9quenter que les personnes de votre propre race et pensez que les autres devraient faire de m\u00eame.<\/span><\/li>\n<li><span style=\"font-weight: 400;\"> Croyez qu&rsquo;il est convenable de discriminer lorsque vous vendez ou louez une maison \u00e0 quelqu\u2019un.<\/span><\/li>\n<li><span style=\"font-weight: 400;\"> Ne cherchez pas \u00e0 cr\u00e9er une amiti\u00e9 (ou ne r\u00e9pondez pas \u00e0 des gestes amicaux) en raison de diff\u00e9rences raciales.<\/span><\/li>\n<li><span style=\"font-weight: 400;\"> N&rsquo;\u00eates pas heureux si vos enfants fr\u00e9quentes des personnes d&rsquo;une race particuli\u00e8re.<\/span><\/li>\n<li><span style=\"font-weight: 400;\"> Vous sentez fier de vous-m\u00eames lorsque vous ne vous comportez pas bien envers quelqu&rsquo;un d&rsquo;une autre race.<\/span><\/li>\n<li><span style=\"font-weight: 400;\"> Avez des difficult\u00e9s \u00e0 accueillir quelqu&rsquo;un d&rsquo;une race en particulier dans votre cercle familial.<\/span><\/li>\n<li><span style=\"font-weight: 400;\"> Ressentez moins de compassion envers les personnes d&rsquo;une race diff\u00e9rente qui souffrent des effets de la pauvret\u00e9, de la guerre, de la famine, du crime, etc.<\/span><\/li>\n<li><span style=\"font-weight: 400;\"> Pr\u00e9sumez qu&rsquo;une personne d&rsquo;une autre race (ou qui a l&rsquo;air diff\u00e9rent) doit venir d&rsquo;un autre pays.<\/span><\/li>\n<li><span style=\"font-weight: 400;\"> Faites des blagues ou des remarques d\u00e9sobligeantes en lien avec la race de quelqu&rsquo;un ou d&rsquo;un groupe racial.<\/span><\/li>\n<li><span style=\"font-weight: 400;\"> Croyez que l&rsquo;Evangile de J\u00e9sus-Christ soutient une conception ou un comportement raciste.<\/span><\/li>\n<li><span style=\"font-weight: 400;\"> Justifiez des attitudes ou un comportement raciste en raison d&rsquo;attitudes ou de comportements similaires dont font preuve d&rsquo;autres bonnes personnes, notamment des membres de l&rsquo;Eglise.<\/span><\/li>\n<\/ul>\n<p><span style=\"font-weight: 400;\">Si vous reconnaissez l&rsquo;une ou l\u2019autre de ces pens\u00e9es ou attitudes en vous-m\u00eame, vous avez identifi\u00e9 l\u00e0 une occasion de progresser et de devenir davantage comme le Christ lorsque vous travaillez pour les vaincre.<\/span><\/p>\n<p>&nbsp;<\/p>\n<ol start=\"3\">\n<li>\n<h4>Apprendre une nouvelle approche<\/h4>\n<\/li>\n<\/ol>\n<p><span style=\"font-weight: 400;\">Bien que le racisme existe encore dans le monde, je ne veux pas dire que tout le monde est raciste. Il y a des personnes, notamment des saints des derniers jours, qui font partie d\u2019une cat\u00e9gorie dont les soucis peuvent \u00eatre exprim\u00e9s ainsi : \u201cJe me sens mal \u00e0 l&rsquo;aise ou complex\u00e9 en pr\u00e9sence de groupes d&rsquo;une certaine race ou ethnie parce que je n&rsquo;ai jamais beaucoup \u00e9t\u00e9 en leur pr\u00e9sence. Je ne suis pas s\u00fbr de la fa\u00e7on dont je dois me comporter. Je m\u2019inqui\u00e8te de sembler raciste alors qu&rsquo;en r\u00e9alit\u00e9 je suis juste hyper conscient de la diff\u00e9rence.\u201d<\/span><\/p>\n<p><span style=\"font-weight: 400;\">Si vous recherchez un moyen de vous rapprocher de ceux qui peuvent vous sembler diff\u00e9rents, je vous donne un conseil qui m&rsquo;a aid\u00e9 \u00e0 n\u00e9gocier les chemins de la vie. Dit simplement, je rencontre les personnes l\u00e0 o\u00f9 je les \u201ctrouve\u201d. Cela signifie que je n&rsquo;essaie pas de me lancer dans une rencontre avec une s\u00e9rie d&rsquo;id\u00e9es pr\u00e9con\u00e7ues. Rencontrez la personne, pas la couleur. Saluez l&rsquo;individu pas\u00a0l&rsquo;origine ethnique. Consid\u00e9rez l&rsquo;enfant de Dieu pour qui il ou elle est v\u00e9ritablement, un fr\u00e8re ou une s\u0153ur, plut\u00f4t que quelqu&rsquo;un de diff\u00e9rent.<\/span><\/p>\n<p>&nbsp;<\/p>\n<ol start=\"4\">\n<li>\n<h4>\u00c9couter<\/h4>\n<\/li>\n<\/ol>\n<p><span style=\"font-weight: 400;\">En puis de rencontrer les personnes l\u00e0 o\u00f9 elles se trouvent, nous pouvons appliquer une v\u00e9rit\u00e9 bien-\u00e9tablie qu&rsquo;un bon ami a partag\u00e9 avec moi.<\/span><\/p>\n<p><span style=\"font-weight: 400;\">Nous sommes une communaut\u00e9 d\u2019orateurs. Nous parlons de nous-m\u00eames, de notre histoire familiale, de nos enfants et souvent de notre foi. Et, bien que tout cela soit une forme de partage, il serait b\u00e9n\u00e9fique que nous devenions une communaut\u00e9 d\u2019auditeurs. Si nous nous effor\u00e7ons d&rsquo;abord d\u2019\u00e9couter v\u00e9ritablement ceux que nous consid\u00e9rons comme \u201cl&rsquo;autre,\u201d et si notre int\u00e9r\u00eat sinc\u00e8re est de les laisser parler de leur vie, de leur histoire, de leur famille, de leurs espoirs et de leurs souffrances, nous n&rsquo;acquerrons pas seulement une plus grande compr\u00e9hension mais cette pratique s\u2019\u00e9tendra jusqu\u2019\u00e0 la gu\u00e9rison des blessures du racisme.<\/span><\/p>\n<p>&nbsp;<\/p>\n<p><span style=\"font-weight: 400;\">Que chacun de nous puisse reconna\u00eetre le mal persistant du racisme dans le monde et le reconna\u00eetre lorsque nous le voyons en nous-m\u00eames. Dans la mesure o\u00f9 nous faisons cela et voulons faire les changements n\u00e9cessaires, nous aiderons \u00e0 gu\u00e9rir les blessures du racisme et \u00e0 nous lib\u00e9rer, nous et les autres, pour avancer ensemble vers notre potentiel divin en tant qu\u2019enfants de notre P\u00e8re c\u00e9leste (voir Malachie 2:10).<\/span><\/p>\n<p>&nbsp;<\/p>\n<hr \/>\n<p><i><span style=\"font-weight: 400;\">La version originale de cet article a \u00e9t\u00e9 \u00e9crite par Darius Gray, publi\u00e9e sur <\/span><\/i><a href=\"https:\/\/www.lds.org\/blog\/healing-the-wounds-of-racism?lang=eng\" target=\"_blank\" rel=\"nofollow noopener\"><i><span style=\"font-weight: 400;\">lds.org\/blog<\/span><\/i><\/a><i><span style=\"font-weight: 400;\"> et traduite par Nathalie.\u00a0<\/span><\/i><\/p>\n","protected":false},"excerpt":{"rendered":"<p>Le racisme est malheureusement encore bien pr\u00e9sent dans nos soci\u00e9t\u00e9s. Voici ce que Pr\u00e9ident Hinckley pr\u00e9conise pour ne pas avoir de pens\u00e9es racistes.<\/p>\n","protected":false},"author":18,"featured_media":8377,"comment_status":"open","ping_status":"closed","sticky":false,"template":"","format":"standard","meta":{"_et_pb_use_builder":"","_et_pb_old_content":"","_et_gb_content_width":"","footnotes":""},"categories":[205,400],"tags":[437,439,440],"class_list":["post-8376","post","type-post","status-publish","format-standard","has-post-thumbnail","hentry","category-image-a-la-une","category-plan-de-dieu","tag-aimer-eduquer-enfants","tag-appliquer-evangile","tag-relations-interpersonnelles-saines","et-has-post-format-content","et_post_format-et-post-format-standard"],"yoast_head":"<!-- This site is optimized with the Yoast SEO plugin v27.4 - https:\/\/yoast.com\/product\/yoast-seo-wordpress\/ -->\n<title>Gu\u00e9rir les blessures du racisme (ne plus avoir de pens\u00e9es racistes)<\/title>\n<meta name=\"description\" content=\"Le racisme est malheureusement encore bien pr\u00e9sent dans nos soci\u00e9t\u00e9s. Voici ce que Pr\u00e9ident Hinckley pr\u00e9conise pour ne pas avoir de pens\u00e9es racistes.\" \/>\n<meta name=\"robots\" content=\"index, follow, max-snippet:-1, max-image-preview:large, max-video-preview:-1\" \/>\n<link rel=\"canonical\" href=\"https:\/\/fr.elds.org\/lesmormons-net\/plan-de-dieu\/guerir-les-blessures-du-racisme\/\" \/>\n<meta property=\"og:locale\" content=\"fr_FR\" \/>\n<meta property=\"og:type\" content=\"article\" \/>\n<meta property=\"og:title\" content=\"Gu\u00e9rir les blessures du racisme (ne plus avoir de pens\u00e9es racistes)\" \/>\n<meta property=\"og:description\" content=\"Le racisme est malheureusement encore bien pr\u00e9sent dans nos soci\u00e9t\u00e9s. Voici ce que Pr\u00e9ident Hinckley pr\u00e9conise pour ne pas avoir de pens\u00e9es racistes.\" \/>\n<meta property=\"og:url\" content=\"https:\/\/fr.elds.org\/lesmormons-net\/plan-de-dieu\/guerir-les-blessures-du-racisme\/\" \/>\n<meta property=\"og:site_name\" content=\"Les Mormons\" \/>\n<meta property=\"article:published_time\" content=\"2018-07-14T17:02:38+00:00\" \/>\n<meta property=\"article:modified_time\" content=\"2018-07-21T09:34:43+00:00\" \/>\n<meta property=\"og:image\" content=\"https:\/\/fr.elds.org\/lesmormons-net\/files\/2018\/07\/mains-formant-un-cercle-pexels-photo-943630-948x542.jpg\" \/>\n\t<meta property=\"og:image:width\" content=\"948\" \/>\n\t<meta property=\"og:image:height\" content=\"542\" \/>\n\t<meta property=\"og:image:type\" content=\"image\/jpeg\" \/>\n<meta name=\"author\" content=\"nathalie\" \/>\n<meta name=\"twitter:card\" content=\"summary_large_image\" \/>\n<meta name=\"twitter:label1\" content=\"\u00c9crit par\" \/>\n\t<meta name=\"twitter:data1\" content=\"nathalie\" \/>\n\t<meta name=\"twitter:label2\" content=\"Dur\u00e9e de lecture estim\u00e9e\" \/>\n\t<meta name=\"twitter:data2\" content=\"8 minutes\" \/>\n<script type=\"application\/ld+json\" class=\"yoast-schema-graph\">{\"@context\":\"https:\\\/\\\/schema.org\",\"@graph\":[{\"@type\":\"Article\",\"@id\":\"https:\\\/\\\/fr.elds.org\\\/lesmormons-net\\\/plan-de-dieu\\\/guerir-les-blessures-du-racisme\\\/#article\",\"isPartOf\":{\"@id\":\"https:\\\/\\\/fr.elds.org\\\/lesmormons-net\\\/plan-de-dieu\\\/guerir-les-blessures-du-racisme\\\/\"},\"author\":{\"name\":\"nathalie\",\"@id\":\"https:\\\/\\\/fr.elds.org\\\/lesmormons-net\\\/#\\\/schema\\\/person\\\/f78baeba7da65c8b2f7070edfcd0960a\"},\"headline\":\"Gu\u00e9rir les blessures du racisme\",\"datePublished\":\"2018-07-14T17:02:38+00:00\",\"dateModified\":\"2018-07-21T09:34:43+00:00\",\"mainEntityOfPage\":{\"@id\":\"https:\\\/\\\/fr.elds.org\\\/lesmormons-net\\\/plan-de-dieu\\\/guerir-les-blessures-du-racisme\\\/\"},\"wordCount\":1751,\"commentCount\":0,\"image\":{\"@id\":\"https:\\\/\\\/fr.elds.org\\\/lesmormons-net\\\/plan-de-dieu\\\/guerir-les-blessures-du-racisme\\\/#primaryimage\"},\"thumbnailUrl\":\"https:\\\/\\\/fr.elds.org\\\/lesmormons-net\\\/files\\\/2018\\\/07\\\/mains-formant-un-cercle-pexels-photo-943630-948x542.jpg\",\"keywords\":[\"aimer et \u00e9duquer les enfants\",\"appliquer l'Evangile\",\"avoir des relations interpersonnelles saines\"],\"articleSection\":[\"\u00c0 LA UNE\",\"Plan de Dieu\"],\"inLanguage\":\"fr-FR\",\"potentialAction\":[{\"@type\":\"CommentAction\",\"name\":\"Comment\",\"target\":[\"https:\\\/\\\/fr.elds.org\\\/lesmormons-net\\\/plan-de-dieu\\\/guerir-les-blessures-du-racisme\\\/#respond\"]}]},{\"@type\":\"WebPage\",\"@id\":\"https:\\\/\\\/fr.elds.org\\\/lesmormons-net\\\/plan-de-dieu\\\/guerir-les-blessures-du-racisme\\\/\",\"url\":\"https:\\\/\\\/fr.elds.org\\\/lesmormons-net\\\/plan-de-dieu\\\/guerir-les-blessures-du-racisme\\\/\",\"name\":\"Gu\u00e9rir les blessures du racisme (ne plus avoir de pens\u00e9es racistes)\",\"isPartOf\":{\"@id\":\"https:\\\/\\\/fr.elds.org\\\/lesmormons-net\\\/#website\"},\"primaryImageOfPage\":{\"@id\":\"https:\\\/\\\/fr.elds.org\\\/lesmormons-net\\\/plan-de-dieu\\\/guerir-les-blessures-du-racisme\\\/#primaryimage\"},\"image\":{\"@id\":\"https:\\\/\\\/fr.elds.org\\\/lesmormons-net\\\/plan-de-dieu\\\/guerir-les-blessures-du-racisme\\\/#primaryimage\"},\"thumbnailUrl\":\"https:\\\/\\\/fr.elds.org\\\/lesmormons-net\\\/files\\\/2018\\\/07\\\/mains-formant-un-cercle-pexels-photo-943630-948x542.jpg\",\"datePublished\":\"2018-07-14T17:02:38+00:00\",\"dateModified\":\"2018-07-21T09:34:43+00:00\",\"author\":{\"@id\":\"https:\\\/\\\/fr.elds.org\\\/lesmormons-net\\\/#\\\/schema\\\/person\\\/f78baeba7da65c8b2f7070edfcd0960a\"},\"description\":\"Le racisme est malheureusement encore bien pr\u00e9sent dans nos soci\u00e9t\u00e9s. Voici ce que Pr\u00e9ident Hinckley pr\u00e9conise pour ne pas avoir de pens\u00e9es racistes.\",\"breadcrumb\":{\"@id\":\"https:\\\/\\\/fr.elds.org\\\/lesmormons-net\\\/plan-de-dieu\\\/guerir-les-blessures-du-racisme\\\/#breadcrumb\"},\"inLanguage\":\"fr-FR\",\"potentialAction\":[{\"@type\":\"ReadAction\",\"target\":[\"https:\\\/\\\/fr.elds.org\\\/lesmormons-net\\\/plan-de-dieu\\\/guerir-les-blessures-du-racisme\\\/\"]}]},{\"@type\":\"ImageObject\",\"inLanguage\":\"fr-FR\",\"@id\":\"https:\\\/\\\/fr.elds.org\\\/lesmormons-net\\\/plan-de-dieu\\\/guerir-les-blessures-du-racisme\\\/#primaryimage\",\"url\":\"https:\\\/\\\/fr.elds.org\\\/lesmormons-net\\\/files\\\/2018\\\/07\\\/mains-formant-un-cercle-pexels-photo-943630-948x542.jpg\",\"contentUrl\":\"https:\\\/\\\/fr.elds.org\\\/lesmormons-net\\\/files\\\/2018\\\/07\\\/mains-formant-un-cercle-pexels-photo-943630-948x542.jpg\",\"width\":948,\"height\":542,\"caption\":\"gu\u00e9rir des blessures du racisme\"},{\"@type\":\"BreadcrumbList\",\"@id\":\"https:\\\/\\\/fr.elds.org\\\/lesmormons-net\\\/plan-de-dieu\\\/guerir-les-blessures-du-racisme\\\/#breadcrumb\",\"itemListElement\":[{\"@type\":\"ListItem\",\"position\":1,\"name\":\"Home\",\"item\":\"https:\\\/\\\/fr.elds.org\\\/lesmormons-net\\\/\"},{\"@type\":\"ListItem\",\"position\":2,\"name\":\"Gu\u00e9rir les blessures du racisme\"}]},{\"@type\":\"WebSite\",\"@id\":\"https:\\\/\\\/fr.elds.org\\\/lesmormons-net\\\/#website\",\"url\":\"https:\\\/\\\/fr.elds.org\\\/lesmormons-net\\\/\",\"name\":\"Les Mormons\",\"description\":\"Les mormons au quotidien\",\"potentialAction\":[{\"@type\":\"SearchAction\",\"target\":{\"@type\":\"EntryPoint\",\"urlTemplate\":\"https:\\\/\\\/fr.elds.org\\\/lesmormons-net\\\/?s={search_term_string}\"},\"query-input\":{\"@type\":\"PropertyValueSpecification\",\"valueRequired\":true,\"valueName\":\"search_term_string\"}}],\"inLanguage\":\"fr-FR\"},{\"@type\":\"Person\",\"@id\":\"https:\\\/\\\/fr.elds.org\\\/lesmormons-net\\\/#\\\/schema\\\/person\\\/f78baeba7da65c8b2f7070edfcd0960a\",\"name\":\"nathalie\",\"image\":{\"@type\":\"ImageObject\",\"inLanguage\":\"fr-FR\",\"@id\":\"https:\\\/\\\/secure.gravatar.com\\\/avatar\\\/57cdec6650078f1df8e39c1e1330381cf464b3923b67f7aac2ab4db171e1b4fe?s=96&d=blank&r=g\",\"url\":\"https:\\\/\\\/secure.gravatar.com\\\/avatar\\\/57cdec6650078f1df8e39c1e1330381cf464b3923b67f7aac2ab4db171e1b4fe?s=96&d=blank&r=g\",\"contentUrl\":\"https:\\\/\\\/secure.gravatar.com\\\/avatar\\\/57cdec6650078f1df8e39c1e1330381cf464b3923b67f7aac2ab4db171e1b4fe?s=96&d=blank&r=g\",\"caption\":\"nathalie\"},\"url\":\"https:\\\/\\\/fr.elds.org\\\/lesmormons-net\\\/author\\\/nathalie\\\/\"}]}<\/script>\n<!-- \/ Yoast SEO plugin. -->","yoast_head_json":{"title":"Gu\u00e9rir les blessures du racisme (ne plus avoir de pens\u00e9es racistes)","description":"Le racisme est malheureusement encore bien pr\u00e9sent dans nos soci\u00e9t\u00e9s. Voici ce que Pr\u00e9ident Hinckley pr\u00e9conise pour ne pas avoir de pens\u00e9es racistes.","robots":{"index":"index","follow":"follow","max-snippet":"max-snippet:-1","max-image-preview":"max-image-preview:large","max-video-preview":"max-video-preview:-1"},"canonical":"https:\/\/fr.elds.org\/lesmormons-net\/plan-de-dieu\/guerir-les-blessures-du-racisme\/","og_locale":"fr_FR","og_type":"article","og_title":"Gu\u00e9rir les blessures du racisme (ne plus avoir de pens\u00e9es racistes)","og_description":"Le racisme est malheureusement encore bien pr\u00e9sent dans nos soci\u00e9t\u00e9s. Voici ce que Pr\u00e9ident Hinckley pr\u00e9conise pour ne pas avoir de pens\u00e9es racistes.","og_url":"https:\/\/fr.elds.org\/lesmormons-net\/plan-de-dieu\/guerir-les-blessures-du-racisme\/","og_site_name":"Les Mormons","article_published_time":"2018-07-14T17:02:38+00:00","article_modified_time":"2018-07-21T09:34:43+00:00","og_image":[{"width":948,"height":542,"url":"https:\/\/fr.elds.org\/lesmormons-net\/files\/2018\/07\/mains-formant-un-cercle-pexels-photo-943630-948x542.jpg","type":"image\/jpeg"}],"author":"nathalie","twitter_card":"summary_large_image","twitter_misc":{"\u00c9crit par":"nathalie","Dur\u00e9e de lecture estim\u00e9e":"8 minutes"},"schema":{"@context":"https:\/\/schema.org","@graph":[{"@type":"Article","@id":"https:\/\/fr.elds.org\/lesmormons-net\/plan-de-dieu\/guerir-les-blessures-du-racisme\/#article","isPartOf":{"@id":"https:\/\/fr.elds.org\/lesmormons-net\/plan-de-dieu\/guerir-les-blessures-du-racisme\/"},"author":{"name":"nathalie","@id":"https:\/\/fr.elds.org\/lesmormons-net\/#\/schema\/person\/f78baeba7da65c8b2f7070edfcd0960a"},"headline":"Gu\u00e9rir les blessures du racisme","datePublished":"2018-07-14T17:02:38+00:00","dateModified":"2018-07-21T09:34:43+00:00","mainEntityOfPage":{"@id":"https:\/\/fr.elds.org\/lesmormons-net\/plan-de-dieu\/guerir-les-blessures-du-racisme\/"},"wordCount":1751,"commentCount":0,"image":{"@id":"https:\/\/fr.elds.org\/lesmormons-net\/plan-de-dieu\/guerir-les-blessures-du-racisme\/#primaryimage"},"thumbnailUrl":"https:\/\/fr.elds.org\/lesmormons-net\/files\/2018\/07\/mains-formant-un-cercle-pexels-photo-943630-948x542.jpg","keywords":["aimer et \u00e9duquer les enfants","appliquer l'Evangile","avoir des relations interpersonnelles saines"],"articleSection":["\u00c0 LA UNE","Plan de Dieu"],"inLanguage":"fr-FR","potentialAction":[{"@type":"CommentAction","name":"Comment","target":["https:\/\/fr.elds.org\/lesmormons-net\/plan-de-dieu\/guerir-les-blessures-du-racisme\/#respond"]}]},{"@type":"WebPage","@id":"https:\/\/fr.elds.org\/lesmormons-net\/plan-de-dieu\/guerir-les-blessures-du-racisme\/","url":"https:\/\/fr.elds.org\/lesmormons-net\/plan-de-dieu\/guerir-les-blessures-du-racisme\/","name":"Gu\u00e9rir les blessures du racisme (ne plus avoir de pens\u00e9es racistes)","isPartOf":{"@id":"https:\/\/fr.elds.org\/lesmormons-net\/#website"},"primaryImageOfPage":{"@id":"https:\/\/fr.elds.org\/lesmormons-net\/plan-de-dieu\/guerir-les-blessures-du-racisme\/#primaryimage"},"image":{"@id":"https:\/\/fr.elds.org\/lesmormons-net\/plan-de-dieu\/guerir-les-blessures-du-racisme\/#primaryimage"},"thumbnailUrl":"https:\/\/fr.elds.org\/lesmormons-net\/files\/2018\/07\/mains-formant-un-cercle-pexels-photo-943630-948x542.jpg","datePublished":"2018-07-14T17:02:38+00:00","dateModified":"2018-07-21T09:34:43+00:00","author":{"@id":"https:\/\/fr.elds.org\/lesmormons-net\/#\/schema\/person\/f78baeba7da65c8b2f7070edfcd0960a"},"description":"Le racisme est malheureusement encore bien pr\u00e9sent dans nos soci\u00e9t\u00e9s. Voici ce que Pr\u00e9ident Hinckley pr\u00e9conise pour ne pas avoir de pens\u00e9es racistes.","breadcrumb":{"@id":"https:\/\/fr.elds.org\/lesmormons-net\/plan-de-dieu\/guerir-les-blessures-du-racisme\/#breadcrumb"},"inLanguage":"fr-FR","potentialAction":[{"@type":"ReadAction","target":["https:\/\/fr.elds.org\/lesmormons-net\/plan-de-dieu\/guerir-les-blessures-du-racisme\/"]}]},{"@type":"ImageObject","inLanguage":"fr-FR","@id":"https:\/\/fr.elds.org\/lesmormons-net\/plan-de-dieu\/guerir-les-blessures-du-racisme\/#primaryimage","url":"https:\/\/fr.elds.org\/lesmormons-net\/files\/2018\/07\/mains-formant-un-cercle-pexels-photo-943630-948x542.jpg","contentUrl":"https:\/\/fr.elds.org\/lesmormons-net\/files\/2018\/07\/mains-formant-un-cercle-pexels-photo-943630-948x542.jpg","width":948,"height":542,"caption":"gu\u00e9rir des blessures du racisme"},{"@type":"BreadcrumbList","@id":"https:\/\/fr.elds.org\/lesmormons-net\/plan-de-dieu\/guerir-les-blessures-du-racisme\/#breadcrumb","itemListElement":[{"@type":"ListItem","position":1,"name":"Home","item":"https:\/\/fr.elds.org\/lesmormons-net\/"},{"@type":"ListItem","position":2,"name":"Gu\u00e9rir les blessures du racisme"}]},{"@type":"WebSite","@id":"https:\/\/fr.elds.org\/lesmormons-net\/#website","url":"https:\/\/fr.elds.org\/lesmormons-net\/","name":"Les Mormons","description":"Les mormons au quotidien","potentialAction":[{"@type":"SearchAction","target":{"@type":"EntryPoint","urlTemplate":"https:\/\/fr.elds.org\/lesmormons-net\/?s={search_term_string}"},"query-input":{"@type":"PropertyValueSpecification","valueRequired":true,"valueName":"search_term_string"}}],"inLanguage":"fr-FR"},{"@type":"Person","@id":"https:\/\/fr.elds.org\/lesmormons-net\/#\/schema\/person\/f78baeba7da65c8b2f7070edfcd0960a","name":"nathalie","image":{"@type":"ImageObject","inLanguage":"fr-FR","@id":"https:\/\/secure.gravatar.com\/avatar\/57cdec6650078f1df8e39c1e1330381cf464b3923b67f7aac2ab4db171e1b4fe?s=96&d=blank&r=g","url":"https:\/\/secure.gravatar.com\/avatar\/57cdec6650078f1df8e39c1e1330381cf464b3923b67f7aac2ab4db171e1b4fe?s=96&d=blank&r=g","contentUrl":"https:\/\/secure.gravatar.com\/avatar\/57cdec6650078f1df8e39c1e1330381cf464b3923b67f7aac2ab4db171e1b4fe?s=96&d=blank&r=g","caption":"nathalie"},"url":"https:\/\/fr.elds.org\/lesmormons-net\/author\/nathalie\/"}]}},"_links":{"self":[{"href":"https:\/\/fr.elds.org\/lesmormons-net\/wp-json\/wp\/v2\/posts\/8376","targetHints":{"allow":["GET"]}}],"collection":[{"href":"https:\/\/fr.elds.org\/lesmormons-net\/wp-json\/wp\/v2\/posts"}],"about":[{"href":"https:\/\/fr.elds.org\/lesmormons-net\/wp-json\/wp\/v2\/types\/post"}],"author":[{"embeddable":true,"href":"https:\/\/fr.elds.org\/lesmormons-net\/wp-json\/wp\/v2\/users\/18"}],"replies":[{"embeddable":true,"href":"https:\/\/fr.elds.org\/lesmormons-net\/wp-json\/wp\/v2\/comments?post=8376"}],"version-history":[{"count":2,"href":"https:\/\/fr.elds.org\/lesmormons-net\/wp-json\/wp\/v2\/posts\/8376\/revisions"}],"predecessor-version":[{"id":8379,"href":"https:\/\/fr.elds.org\/lesmormons-net\/wp-json\/wp\/v2\/posts\/8376\/revisions\/8379"}],"wp:featuredmedia":[{"embeddable":true,"href":"https:\/\/fr.elds.org\/lesmormons-net\/wp-json\/wp\/v2\/media\/8377"}],"wp:attachment":[{"href":"https:\/\/fr.elds.org\/lesmormons-net\/wp-json\/wp\/v2\/media?parent=8376"}],"wp:term":[{"taxonomy":"category","embeddable":true,"href":"https:\/\/fr.elds.org\/lesmormons-net\/wp-json\/wp\/v2\/categories?post=8376"},{"taxonomy":"post_tag","embeddable":true,"href":"https:\/\/fr.elds.org\/lesmormons-net\/wp-json\/wp\/v2\/tags?post=8376"}],"curies":[{"name":"wp","href":"https:\/\/api.w.org\/{rel}","templated":true}]}}