{"id":8313,"date":"2018-08-04T05:09:27","date_gmt":"2018-08-04T03:09:27","guid":{"rendered":"https:\/\/fr.elds.org\/lesmormons-net\/?p=8313"},"modified":"2018-07-16T10:07:00","modified_gmt":"2018-07-16T08:07:00","slug":"levangile-selon-anne-frank","status":"publish","type":"post","link":"https:\/\/fr.elds.org\/lesmormons-net\/temoignages\/levangile-selon-anne-frank\/","title":{"rendered":"L\u2019\u00e9vangile selon Anne Frank"},"content":{"rendered":"<p><span style=\"font-weight: 400;\">Il y a 73 ans jour pour jour, Anne Frank fut arr\u00eat\u00e9e parce qu\u2019elle \u00e9tait juive. Sa famille et elle, ainsi que leurs amis ont \u00e9t\u00e9 sortis de l\u2019annexe secr\u00e8te, l\u2019endroit o\u00f9 ils avaient \u00e9t\u00e9 cach\u00e9s pendant deux ans, et envoy\u00e9s dans des camps de concentration. Seul l\u2019un d\u2019entre eux surv\u00e9cut, le p\u00e8re d\u2019Anne. Bien qu\u2019elle ait vu le pire de l\u2019humanit\u00e9, Anne croyait au meilleur. Il y a beaucoup \u00e0 apprendre sur la vie et sur l\u2019\u00e9vangile de J\u00e9sus-Christ des mots qu\u2019elle \u00e9crivit dans son journal il y a des dizaines d\u2019ann\u00e9es.<\/span><\/p>\n<h3>Avoir foi en l\u2019humanit\u00e9<\/h3>\n<p><span style=\"font-weight: 400;\">Anne croyait qu\u2019il y avait du bon chez les gens et elle le voyait, une le\u00e7on qu\u2019elle a d\u00fb r\u00e9apprendre \u00e0 maintes reprises pendant qu\u2019elle \u00e9tait enferm\u00e9e avec sept autres personnes dans un espace r\u00e9duit dont ils ne pouvaient jamais sortir. Malgr\u00e9 cela et les atrocit\u00e9s perp\u00e9tr\u00e9es sur les Juifs, elle recherchait la lumi\u00e8re chez les autres, pas les t\u00e9n\u00e8bres\u00a0:<\/span><\/p>\n<blockquote><p><i><span style=\"font-weight: 400;\">\u00ab\u00a0Malgr\u00e9 tout, je crois encore que dans le fond de leur c\u0153ur, les gens sont r\u00e9ellement bons.\u00a0\u00bb<\/span><\/i><\/p><\/blockquote>\n<p><a href=\"https:\/\/www.lds.org\/liahona\/2011\/03\/looking-for-the-good?lang=fra\" target=\"_blank\" rel=\"nofollow noopener\"><span style=\"font-weight: 400;\">Dieter F.\u00a0Uchtdorf<\/span><\/a><span style=\"font-weight: 400;\">\u00a0a enseign\u00e9\u00a0: \u00ab\u00a0Regardez suffisamment bien et vous d\u00e9couvrirez quelque chose de bien et de mal en presque n\u2019importe qui et n\u2019importe quoi\u00a0\u00bb. Donc, pourquoi ne pas regarder et se focaliser sur le bien\u00a0?<\/span><\/p>\n<h3>\u00catre gentil<\/h3>\n<p><span style=\"font-weight: 400;\">Anne croyait aussi qu\u2019il est important d\u2019\u00eatre le genre de personne en laquelle on peut croire. Elle croyait au pouvoir simple de la gentillesse\u00a0:<\/span><\/p>\n<blockquote><p><i><span style=\"font-weight: 400;\">\u00ab\u00a0Sur le long terme, l\u2019arme la plus efficace est un c\u0153ur gentil et doux.\u00a0\u00bb<\/span><\/i><\/p><\/blockquote>\n<p><span style=\"font-weight: 400;\">Ce n\u2019est pas compliqu\u00e9 ou ostentatoire. Cela ne va pas vous attirer de l\u2019admiration comme la passion, ou de l\u2019attention comme le courage, mais cela peut changer le monde\u00a0; cela peut lentement changer le cours des choses. Elder Joseph B.\u00a0Wirthlin a parl\u00e9 de la vertu de la gentillesse\u00a0:<\/span><\/p>\n<blockquote><p><i><span style=\"font-weight: 400;\">\u00ab\u00a0La gentillesse est l\u2019essence de la grandeur et le trait de caract\u00e8re principal des hommes et des femmes les plus nobles que j\u2019ai connus. La gentillesse est la cl\u00e9 qui ouvre les portes et noue les amiti\u00e9s. Elle adoucit les c\u0153urs et forge des relations qui dureront toute la vie.\u00a0\u00bb<\/span><\/i><\/p><\/blockquote>\n<h3>Faire briller notre lumi\u00e8re<\/h3>\n<p><span style=\"font-weight: 400;\">M\u00eame cach\u00e9e, Anne fit briller sa lumi\u00e8re \u00e0 travers son journal. Elle n\u2019a pas pu vivre assez longtemps pour voir ses mots changer des vies, mais ils l\u2019ont fait\u00a0:<\/span><\/p>\n<blockquote><p><i><span style=\"font-weight: 400;\">\u00ab\u00a0Voyez comme une seule bougie peut \u00e0 la fois d\u00e9fier et d\u00e9finir l\u2019obscurit\u00e9.\u00a0\u00bb<\/span><\/i><\/p><\/blockquote>\n<p><span style=\"font-weight: 400;\">Elle a choisi \u00e0 la fois de d\u00e9fier et d\u00e9finir l\u2019obscurit\u00e9 d\u2019une vie ravag\u00e9e par la guerre et l\u2019intol\u00e9rance. De m\u00eame, faire briller notre lumi\u00e8re est un th\u00e8me r\u00e9current dans les \u00e9critures. Matthieu 5:16 nous dit\u00a0: \u00ab\u00a0Que votre lumi\u00e8re luise ainsi devant les hommes, afin qu&rsquo;ils voient vos bonnes \u0153uvres, et qu&rsquo;ils glorifient votre P\u00e8re qui est dans les cieux\u00a0\u00bb. Le monde est un endroit sombre, rivalisant (parfois surpassant) l\u2019obscurit\u00e9 du monde d\u2019Anne, mais nous avons le devoir laisser notre lumi\u00e8re luire. <\/span><a href=\"https:\/\/www.lds.org\/general-conference\/2015\/10\/be-an-example-and-a-light?lang=fra\" target=\"_blank\" rel=\"nofollow noopener\"><span style=\"font-weight: 400;\">Thomas S.\u00a0Monson<\/span><\/a><span style=\"font-weight: 400;\">\u00a0a expliqu\u00e9\u00a0:<\/span><\/p>\n<blockquote><p><i><span style=\"font-weight: 400;\">\u00ab\u00a0Ces choses qui nous rendent diff\u00e9rents de la plupart des gens nous apporteront aussi cette lumi\u00e8re et cet esprit qui brilleront dans un monde de plus en plus sombre.\u00a0\u00bb<\/span><\/i><\/p><\/blockquote>\n<h3>Conna\u00eetre sa valeur<\/h3>\n<p><span style=\"font-weight: 400;\">Bien que trait\u00e9e comme une chose \u00e0 peine humaine, syst\u00e9matiquement priv\u00e9e de ses droits, m\u00eame de sa vie, Anne n\u2019oublia jamais sa valeur\u00a0:<\/span><\/p>\n<blockquote><p><i><span style=\"font-weight: 400;\">\u00ab\u00a0Tout le monde a en lui une bonne nouvelle. La bonne nouvelle, c\u2019est que nous ne savons pas \u00e0 quel point nous pouvons \u00eatre extraordinaires\u00a0! Combien nous pouvons aimer\u00a0! Ce que nous pouvons accomplir\u00a0! Et quel est notre potentiel\u00a0!<\/span><\/i><\/p><\/blockquote>\n<p><span style=\"font-weight: 400;\">Des discussions, des campagnes et m\u00eame des slogans des Jeunes Filles ont \u00e9t\u00e9 centr\u00e9s autour de l&rsquo;id\u00e9e de la valeur personnelle. Les dirigeants de l\u2019\u00c9glise l\u2019ont enseign\u00e9e\u00a0; les \u00e9critures la pr\u00eachent. Marion G.\u00a0Romney a dit\u00a0: \u00ab\u00a0Donc, l\u2019\u0153uvre et la gloire supr\u00eames de Dieu est, comme il l\u2019a dit, de r\u00e9aliser l\u2019immortalit\u00e9 et la vie \u00e9ternelle de l\u2019homme. Telle est la valeur d\u2019une \u00e2me\u00a0\u00bb.<\/span><\/p>\n<h3>Esp\u00e9rer<\/h3>\n<p><span style=\"font-weight: 400;\">Si quelqu\u2019un comprend ce qu\u2019est l\u2019esp\u00e9rance, c\u2019est bien un Juif dans l\u2019Europe nazie des ann\u00e9es 1940. Anne a dit\u00a0:<\/span><\/p>\n<blockquote><p><i><span style=\"font-weight: 400;\">\u00ab\u00a0O\u00f9 il y a l\u2019esp\u00e9rance, il y a la vie. Cela nous remplit d\u2019un courage renouvel\u00e9 et nous rend notre force.\u00a0\u00bb<\/span><\/i><\/p><\/blockquote>\n<p><span style=\"font-weight: 400;\">Nous devrions le comprendre aussi, puisque c\u2019est un des piliers de l\u2019\u00e9vangile\u00a0: la foi, l\u2019esp\u00e9rance et la charit\u00e9. La charit\u00e9 est peut-\u00eatre le plus grand (et Anne avait aussi son mot \u00e0 dire sur le sujet\u00a0: \u00ab\u00a0Personne n\u2019est jamais devenu pauvre en donnant\u00a0\u00bb), mais l\u2019esp\u00e9rance est juste derri\u00e8re. Elle est indispensable pour nous permettre de passer ces temps difficiles.\u00a0<\/span><a href=\"https:\/\/www.lds.org\/general-conference\/2008\/10\/the-infinite-power-of-hope?lang=fra\" target=\"_blank\" rel=\"nofollow noopener\"><span style=\"font-weight: 400;\">Le pr\u00e9sident Uchtdorf<\/span><\/a><span style=\"font-weight: 400;\">\u00a0a dit\u00a0: \u00ab\u00a0L\u2019esp\u00e9rance en Dieu, en sa bont\u00e9 et en son pouvoir nous redonne du courage dans les difficult\u00e9s\u00a0\u00bb.<\/span><\/p>\n<p>&nbsp;<\/p>\n<p><span style=\"font-weight: 400;\">Bien qu\u2019Anne Frank ait v\u00e9cu \u00e0 une \u00e9poque diff\u00e9rente, dans un monde diff\u00e9rent, et dans des conditions diff\u00e9rentes, bien qu\u2019elle ait eu une autre religion, elle voyait les choses clairement, elle comprenait les fondamentaux d\u2019un \u00e9vangile qu\u2019elle ne pratiquait pas. Peut-\u00eatre pouvons-nous nous souvenir d\u2019elle avec reconnaissance et apprendre de ses paroles.<\/span><\/p>\n<p>&nbsp;<\/p>\n<hr \/>\n<p><em><span style=\"font-weight: 400;\">Article \u00e9crit par Allison Weber pour Mormon Hub sous le titre <a href=\"https:\/\/mormonhub.com\/blog\/faith\/gospel-anne-frank\/\" target=\"_blank\" rel=\"nofollow noopener\">The Gospel according to Anne Frank<\/a>.\u00a0<\/span><\/em><i><span style=\"font-weight: 400;\">Traduit par Christine<\/span><\/i><\/p>\n","protected":false},"excerpt":{"rendered":"<p>En hommage \u00e0 Anne Frank et son influence positive depuis sa mort, voici quelques principes qu&rsquo;elle vivait et qui se retrouvent aussi dans l&rsquo;Evangile.<\/p>\n","protected":false},"author":51,"featured_media":8381,"comment_status":"open","ping_status":"closed","sticky":false,"template":"","format":"standard","meta":{"_et_pb_use_builder":"","_et_pb_old_content":"","_et_gb_content_width":"","footnotes":""},"categories":[172],"tags":[439,126,443],"class_list":["post-8313","post","type-post","status-publish","format-standard","has-post-thumbnail","hentry","category-temoignages","tag-appliquer-evangile","tag-estime-de-soi","tag-foi-en-dieu","et-has-post-format-content","et_post_format-et-post-format-standard"],"yoast_head":"<!-- This site is optimized with the Yoast SEO plugin v27.4 - https:\/\/yoast.com\/product\/yoast-seo-wordpress\/ -->\n<title>L&#039;Evangile selon Anne Frank (ou: les principes divins qu&#039;elle appliquait)<\/title>\n<meta name=\"description\" content=\"En hommage \u00e0 Anne Frank et son influence positive depuis sa mort, voici quelques principes qu&#039;elle vivait et qui se retrouvent aussi dans l&#039;Evangile.\" \/>\n<meta name=\"robots\" content=\"index, follow, max-snippet:-1, max-image-preview:large, max-video-preview:-1\" \/>\n<link rel=\"canonical\" href=\"https:\/\/fr.elds.org\/lesmormons-net\/temoignages\/levangile-selon-anne-frank\/\" \/>\n<meta property=\"og:locale\" content=\"fr_FR\" \/>\n<meta property=\"og:type\" content=\"article\" \/>\n<meta property=\"og:title\" content=\"L&#039;Evangile selon Anne Frank (ou: les principes divins qu&#039;elle appliquait)\" \/>\n<meta property=\"og:description\" content=\"En hommage \u00e0 Anne Frank et son influence positive depuis sa mort, voici quelques principes qu&#039;elle vivait et qui se retrouvent aussi dans l&#039;Evangile.\" \/>\n<meta property=\"og:url\" content=\"https:\/\/fr.elds.org\/lesmormons-net\/temoignages\/levangile-selon-anne-frank\/\" \/>\n<meta property=\"og:site_name\" content=\"Les Mormons\" \/>\n<meta property=\"article:published_time\" content=\"2018-08-04T03:09:27+00:00\" \/>\n<meta property=\"og:image\" content=\"https:\/\/fr.elds.org\/lesmormons-net\/files\/2018\/08\/afs_a_afrank_iii_055_109-948x542.jpg\" \/>\n\t<meta property=\"og:image:width\" content=\"948\" \/>\n\t<meta property=\"og:image:height\" content=\"542\" \/>\n\t<meta property=\"og:image:type\" content=\"image\/jpeg\" \/>\n<meta name=\"author\" content=\"christine\" \/>\n<meta name=\"twitter:card\" content=\"summary_large_image\" \/>\n<meta name=\"twitter:label1\" content=\"\u00c9crit par\" \/>\n\t<meta name=\"twitter:data1\" content=\"christine\" \/>\n\t<meta name=\"twitter:label2\" content=\"Dur\u00e9e de lecture estim\u00e9e\" \/>\n\t<meta name=\"twitter:data2\" content=\"5 minutes\" \/>\n<script type=\"application\/ld+json\" class=\"yoast-schema-graph\">{\"@context\":\"https:\\\/\\\/schema.org\",\"@graph\":[{\"@type\":\"Article\",\"@id\":\"https:\\\/\\\/fr.elds.org\\\/lesmormons-net\\\/temoignages\\\/levangile-selon-anne-frank\\\/#article\",\"isPartOf\":{\"@id\":\"https:\\\/\\\/fr.elds.org\\\/lesmormons-net\\\/temoignages\\\/levangile-selon-anne-frank\\\/\"},\"author\":{\"name\":\"christine\",\"@id\":\"https:\\\/\\\/fr.elds.org\\\/lesmormons-net\\\/#\\\/schema\\\/person\\\/b31eecca6f5c9f6643f5cb3952833fe9\"},\"headline\":\"L\u2019\u00e9vangile selon Anne Frank\",\"datePublished\":\"2018-08-04T03:09:27+00:00\",\"mainEntityOfPage\":{\"@id\":\"https:\\\/\\\/fr.elds.org\\\/lesmormons-net\\\/temoignages\\\/levangile-selon-anne-frank\\\/\"},\"wordCount\":965,\"commentCount\":0,\"image\":{\"@id\":\"https:\\\/\\\/fr.elds.org\\\/lesmormons-net\\\/temoignages\\\/levangile-selon-anne-frank\\\/#primaryimage\"},\"thumbnailUrl\":\"https:\\\/\\\/fr.elds.org\\\/lesmormons-net\\\/files\\\/2018\\\/08\\\/afs_a_afrank_iii_055_109-948x542.jpg\",\"keywords\":[\"appliquer l'Evangile\",\"estime de soi\",\"foi en Dieu\"],\"articleSection\":[\"T\u00e9moignages\"],\"inLanguage\":\"fr-FR\",\"potentialAction\":[{\"@type\":\"CommentAction\",\"name\":\"Comment\",\"target\":[\"https:\\\/\\\/fr.elds.org\\\/lesmormons-net\\\/temoignages\\\/levangile-selon-anne-frank\\\/#respond\"]}]},{\"@type\":\"WebPage\",\"@id\":\"https:\\\/\\\/fr.elds.org\\\/lesmormons-net\\\/temoignages\\\/levangile-selon-anne-frank\\\/\",\"url\":\"https:\\\/\\\/fr.elds.org\\\/lesmormons-net\\\/temoignages\\\/levangile-selon-anne-frank\\\/\",\"name\":\"L'Evangile selon Anne Frank (ou: les principes divins qu'elle appliquait)\",\"isPartOf\":{\"@id\":\"https:\\\/\\\/fr.elds.org\\\/lesmormons-net\\\/#website\"},\"primaryImageOfPage\":{\"@id\":\"https:\\\/\\\/fr.elds.org\\\/lesmormons-net\\\/temoignages\\\/levangile-selon-anne-frank\\\/#primaryimage\"},\"image\":{\"@id\":\"https:\\\/\\\/fr.elds.org\\\/lesmormons-net\\\/temoignages\\\/levangile-selon-anne-frank\\\/#primaryimage\"},\"thumbnailUrl\":\"https:\\\/\\\/fr.elds.org\\\/lesmormons-net\\\/files\\\/2018\\\/08\\\/afs_a_afrank_iii_055_109-948x542.jpg\",\"datePublished\":\"2018-08-04T03:09:27+00:00\",\"author\":{\"@id\":\"https:\\\/\\\/fr.elds.org\\\/lesmormons-net\\\/#\\\/schema\\\/person\\\/b31eecca6f5c9f6643f5cb3952833fe9\"},\"description\":\"En hommage \u00e0 Anne Frank et son influence positive depuis sa mort, voici quelques principes qu'elle vivait et qui se retrouvent aussi dans l'Evangile.\",\"breadcrumb\":{\"@id\":\"https:\\\/\\\/fr.elds.org\\\/lesmormons-net\\\/temoignages\\\/levangile-selon-anne-frank\\\/#breadcrumb\"},\"inLanguage\":\"fr-FR\",\"potentialAction\":[{\"@type\":\"ReadAction\",\"target\":[\"https:\\\/\\\/fr.elds.org\\\/lesmormons-net\\\/temoignages\\\/levangile-selon-anne-frank\\\/\"]}]},{\"@type\":\"ImageObject\",\"inLanguage\":\"fr-FR\",\"@id\":\"https:\\\/\\\/fr.elds.org\\\/lesmormons-net\\\/temoignages\\\/levangile-selon-anne-frank\\\/#primaryimage\",\"url\":\"https:\\\/\\\/fr.elds.org\\\/lesmormons-net\\\/files\\\/2018\\\/08\\\/afs_a_afrank_iii_055_109-948x542.jpg\",\"contentUrl\":\"https:\\\/\\\/fr.elds.org\\\/lesmormons-net\\\/files\\\/2018\\\/08\\\/afs_a_afrank_iii_055_109-948x542.jpg\",\"width\":948,\"height\":542,\"caption\":\"Cr\u00e9dit photo: Anne Frank House, \u00e0 Amsterdam.\"},{\"@type\":\"BreadcrumbList\",\"@id\":\"https:\\\/\\\/fr.elds.org\\\/lesmormons-net\\\/temoignages\\\/levangile-selon-anne-frank\\\/#breadcrumb\",\"itemListElement\":[{\"@type\":\"ListItem\",\"position\":1,\"name\":\"Home\",\"item\":\"https:\\\/\\\/fr.elds.org\\\/lesmormons-net\\\/\"},{\"@type\":\"ListItem\",\"position\":2,\"name\":\"L\u2019\u00e9vangile selon Anne Frank\"}]},{\"@type\":\"WebSite\",\"@id\":\"https:\\\/\\\/fr.elds.org\\\/lesmormons-net\\\/#website\",\"url\":\"https:\\\/\\\/fr.elds.org\\\/lesmormons-net\\\/\",\"name\":\"Les Mormons\",\"description\":\"Les mormons au quotidien\",\"potentialAction\":[{\"@type\":\"SearchAction\",\"target\":{\"@type\":\"EntryPoint\",\"urlTemplate\":\"https:\\\/\\\/fr.elds.org\\\/lesmormons-net\\\/?s={search_term_string}\"},\"query-input\":{\"@type\":\"PropertyValueSpecification\",\"valueRequired\":true,\"valueName\":\"search_term_string\"}}],\"inLanguage\":\"fr-FR\"},{\"@type\":\"Person\",\"@id\":\"https:\\\/\\\/fr.elds.org\\\/lesmormons-net\\\/#\\\/schema\\\/person\\\/b31eecca6f5c9f6643f5cb3952833fe9\",\"name\":\"christine\",\"image\":{\"@type\":\"ImageObject\",\"inLanguage\":\"fr-FR\",\"@id\":\"https:\\\/\\\/secure.gravatar.com\\\/avatar\\\/5c0d5e0ac14b19757b63cec933cdcf4b2a37eb45dae49c09b8cdf57fe682194f?s=96&d=blank&r=g\",\"url\":\"https:\\\/\\\/secure.gravatar.com\\\/avatar\\\/5c0d5e0ac14b19757b63cec933cdcf4b2a37eb45dae49c09b8cdf57fe682194f?s=96&d=blank&r=g\",\"contentUrl\":\"https:\\\/\\\/secure.gravatar.com\\\/avatar\\\/5c0d5e0ac14b19757b63cec933cdcf4b2a37eb45dae49c09b8cdf57fe682194f?s=96&d=blank&r=g\",\"caption\":\"christine\"},\"description\":\"Christine est la maman de quatre enfants qui lui ont fait oublier le sens du mot ennui. Baptis\u00e9e \u00e0 huit ans, elle est reconnaissante d\u2019avoir Dieu et l\u2019\u00c9vangile dans sa vie, sans lesquels elle se sentirait d\u00e9sarm\u00e9e. Elle aime lire et d\u00e9couvrir de nouvelles choses avec sa famille.\",\"url\":\"https:\\\/\\\/fr.elds.org\\\/lesmormons-net\\\/author\\\/christine\\\/\"}]}<\/script>\n<!-- \/ Yoast SEO plugin. -->","yoast_head_json":{"title":"L'Evangile selon Anne Frank (ou: les principes divins qu'elle appliquait)","description":"En hommage \u00e0 Anne Frank et son influence positive depuis sa mort, voici quelques principes qu'elle vivait et qui se retrouvent aussi dans l'Evangile.","robots":{"index":"index","follow":"follow","max-snippet":"max-snippet:-1","max-image-preview":"max-image-preview:large","max-video-preview":"max-video-preview:-1"},"canonical":"https:\/\/fr.elds.org\/lesmormons-net\/temoignages\/levangile-selon-anne-frank\/","og_locale":"fr_FR","og_type":"article","og_title":"L'Evangile selon Anne Frank (ou: les principes divins qu'elle appliquait)","og_description":"En hommage \u00e0 Anne Frank et son influence positive depuis sa mort, voici quelques principes qu'elle vivait et qui se retrouvent aussi dans l'Evangile.","og_url":"https:\/\/fr.elds.org\/lesmormons-net\/temoignages\/levangile-selon-anne-frank\/","og_site_name":"Les Mormons","article_published_time":"2018-08-04T03:09:27+00:00","og_image":[{"width":948,"height":542,"url":"https:\/\/fr.elds.org\/lesmormons-net\/files\/2018\/08\/afs_a_afrank_iii_055_109-948x542.jpg","type":"image\/jpeg"}],"author":"christine","twitter_card":"summary_large_image","twitter_misc":{"\u00c9crit par":"christine","Dur\u00e9e de lecture estim\u00e9e":"5 minutes"},"schema":{"@context":"https:\/\/schema.org","@graph":[{"@type":"Article","@id":"https:\/\/fr.elds.org\/lesmormons-net\/temoignages\/levangile-selon-anne-frank\/#article","isPartOf":{"@id":"https:\/\/fr.elds.org\/lesmormons-net\/temoignages\/levangile-selon-anne-frank\/"},"author":{"name":"christine","@id":"https:\/\/fr.elds.org\/lesmormons-net\/#\/schema\/person\/b31eecca6f5c9f6643f5cb3952833fe9"},"headline":"L\u2019\u00e9vangile selon Anne Frank","datePublished":"2018-08-04T03:09:27+00:00","mainEntityOfPage":{"@id":"https:\/\/fr.elds.org\/lesmormons-net\/temoignages\/levangile-selon-anne-frank\/"},"wordCount":965,"commentCount":0,"image":{"@id":"https:\/\/fr.elds.org\/lesmormons-net\/temoignages\/levangile-selon-anne-frank\/#primaryimage"},"thumbnailUrl":"https:\/\/fr.elds.org\/lesmormons-net\/files\/2018\/08\/afs_a_afrank_iii_055_109-948x542.jpg","keywords":["appliquer l'Evangile","estime de soi","foi en Dieu"],"articleSection":["T\u00e9moignages"],"inLanguage":"fr-FR","potentialAction":[{"@type":"CommentAction","name":"Comment","target":["https:\/\/fr.elds.org\/lesmormons-net\/temoignages\/levangile-selon-anne-frank\/#respond"]}]},{"@type":"WebPage","@id":"https:\/\/fr.elds.org\/lesmormons-net\/temoignages\/levangile-selon-anne-frank\/","url":"https:\/\/fr.elds.org\/lesmormons-net\/temoignages\/levangile-selon-anne-frank\/","name":"L'Evangile selon Anne Frank (ou: les principes divins qu'elle appliquait)","isPartOf":{"@id":"https:\/\/fr.elds.org\/lesmormons-net\/#website"},"primaryImageOfPage":{"@id":"https:\/\/fr.elds.org\/lesmormons-net\/temoignages\/levangile-selon-anne-frank\/#primaryimage"},"image":{"@id":"https:\/\/fr.elds.org\/lesmormons-net\/temoignages\/levangile-selon-anne-frank\/#primaryimage"},"thumbnailUrl":"https:\/\/fr.elds.org\/lesmormons-net\/files\/2018\/08\/afs_a_afrank_iii_055_109-948x542.jpg","datePublished":"2018-08-04T03:09:27+00:00","author":{"@id":"https:\/\/fr.elds.org\/lesmormons-net\/#\/schema\/person\/b31eecca6f5c9f6643f5cb3952833fe9"},"description":"En hommage \u00e0 Anne Frank et son influence positive depuis sa mort, voici quelques principes qu'elle vivait et qui se retrouvent aussi dans l'Evangile.","breadcrumb":{"@id":"https:\/\/fr.elds.org\/lesmormons-net\/temoignages\/levangile-selon-anne-frank\/#breadcrumb"},"inLanguage":"fr-FR","potentialAction":[{"@type":"ReadAction","target":["https:\/\/fr.elds.org\/lesmormons-net\/temoignages\/levangile-selon-anne-frank\/"]}]},{"@type":"ImageObject","inLanguage":"fr-FR","@id":"https:\/\/fr.elds.org\/lesmormons-net\/temoignages\/levangile-selon-anne-frank\/#primaryimage","url":"https:\/\/fr.elds.org\/lesmormons-net\/files\/2018\/08\/afs_a_afrank_iii_055_109-948x542.jpg","contentUrl":"https:\/\/fr.elds.org\/lesmormons-net\/files\/2018\/08\/afs_a_afrank_iii_055_109-948x542.jpg","width":948,"height":542,"caption":"Cr\u00e9dit photo: Anne Frank House, \u00e0 Amsterdam."},{"@type":"BreadcrumbList","@id":"https:\/\/fr.elds.org\/lesmormons-net\/temoignages\/levangile-selon-anne-frank\/#breadcrumb","itemListElement":[{"@type":"ListItem","position":1,"name":"Home","item":"https:\/\/fr.elds.org\/lesmormons-net\/"},{"@type":"ListItem","position":2,"name":"L\u2019\u00e9vangile selon Anne Frank"}]},{"@type":"WebSite","@id":"https:\/\/fr.elds.org\/lesmormons-net\/#website","url":"https:\/\/fr.elds.org\/lesmormons-net\/","name":"Les Mormons","description":"Les mormons au quotidien","potentialAction":[{"@type":"SearchAction","target":{"@type":"EntryPoint","urlTemplate":"https:\/\/fr.elds.org\/lesmormons-net\/?s={search_term_string}"},"query-input":{"@type":"PropertyValueSpecification","valueRequired":true,"valueName":"search_term_string"}}],"inLanguage":"fr-FR"},{"@type":"Person","@id":"https:\/\/fr.elds.org\/lesmormons-net\/#\/schema\/person\/b31eecca6f5c9f6643f5cb3952833fe9","name":"christine","image":{"@type":"ImageObject","inLanguage":"fr-FR","@id":"https:\/\/secure.gravatar.com\/avatar\/5c0d5e0ac14b19757b63cec933cdcf4b2a37eb45dae49c09b8cdf57fe682194f?s=96&d=blank&r=g","url":"https:\/\/secure.gravatar.com\/avatar\/5c0d5e0ac14b19757b63cec933cdcf4b2a37eb45dae49c09b8cdf57fe682194f?s=96&d=blank&r=g","contentUrl":"https:\/\/secure.gravatar.com\/avatar\/5c0d5e0ac14b19757b63cec933cdcf4b2a37eb45dae49c09b8cdf57fe682194f?s=96&d=blank&r=g","caption":"christine"},"description":"Christine est la maman de quatre enfants qui lui ont fait oublier le sens du mot ennui. Baptis\u00e9e \u00e0 huit ans, elle est reconnaissante d\u2019avoir Dieu et l\u2019\u00c9vangile dans sa vie, sans lesquels elle se sentirait d\u00e9sarm\u00e9e. Elle aime lire et d\u00e9couvrir de nouvelles choses avec sa famille.","url":"https:\/\/fr.elds.org\/lesmormons-net\/author\/christine\/"}]}},"_links":{"self":[{"href":"https:\/\/fr.elds.org\/lesmormons-net\/wp-json\/wp\/v2\/posts\/8313","targetHints":{"allow":["GET"]}}],"collection":[{"href":"https:\/\/fr.elds.org\/lesmormons-net\/wp-json\/wp\/v2\/posts"}],"about":[{"href":"https:\/\/fr.elds.org\/lesmormons-net\/wp-json\/wp\/v2\/types\/post"}],"author":[{"embeddable":true,"href":"https:\/\/fr.elds.org\/lesmormons-net\/wp-json\/wp\/v2\/users\/51"}],"replies":[{"embeddable":true,"href":"https:\/\/fr.elds.org\/lesmormons-net\/wp-json\/wp\/v2\/comments?post=8313"}],"version-history":[{"count":2,"href":"https:\/\/fr.elds.org\/lesmormons-net\/wp-json\/wp\/v2\/posts\/8313\/revisions"}],"predecessor-version":[{"id":8380,"href":"https:\/\/fr.elds.org\/lesmormons-net\/wp-json\/wp\/v2\/posts\/8313\/revisions\/8380"}],"wp:featuredmedia":[{"embeddable":true,"href":"https:\/\/fr.elds.org\/lesmormons-net\/wp-json\/wp\/v2\/media\/8381"}],"wp:attachment":[{"href":"https:\/\/fr.elds.org\/lesmormons-net\/wp-json\/wp\/v2\/media?parent=8313"}],"wp:term":[{"taxonomy":"category","embeddable":true,"href":"https:\/\/fr.elds.org\/lesmormons-net\/wp-json\/wp\/v2\/categories?post=8313"},{"taxonomy":"post_tag","embeddable":true,"href":"https:\/\/fr.elds.org\/lesmormons-net\/wp-json\/wp\/v2\/tags?post=8313"}],"curies":[{"name":"wp","href":"https:\/\/api.w.org\/{rel}","templated":true}]}}