{"id":7914,"date":"2018-04-05T08:33:50","date_gmt":"2018-04-05T06:33:50","guid":{"rendered":"https:\/\/fr.elds.org\/lesmormons-net\/?p=7914"},"modified":"2018-10-09T11:01:11","modified_gmt":"2018-10-09T09:01:11","slug":"annonces-de-la-conference-generale-davril-2018","status":"publish","type":"post","link":"https:\/\/fr.elds.org\/lesmormons-net\/merged\/annonces-de-la-conference-generale-davril-2018\/","title":{"rendered":"Annonces de la conf\u00e9rence g\u00e9n\u00e9rale d&rsquo;avril 2018"},"content":{"rendered":"<p>Cette conf\u00e9rence g\u00e9n\u00e9rale d&rsquo;avril 2018 a \u00e9t\u00e9 la premi\u00e8re \u00e0 \u00eatre pr\u00e9sid\u00e9e par la nouvelle Premi\u00e8re Pr\u00e9sidence: Pr\u00e9sidents Russell M. Nelson, Dallin H. Oaks et Henry B. Eyring.\u00a0 La session du samedi matin \u00e9tait une assembl\u00e9e solennelle o\u00f9 les membres de l&rsquo;Eglise de J\u00e9sus-Christ des Saints des Derniers Jours ont pu soutenir le Pr\u00e9sident Nelson, le Coll\u00e8ge des Douze Ap\u00f4tres et tout particuli\u00e8rement les deux nouveaux ap\u00f4tres: <a href=\"https:\/\/lesmormons.net\/mormons-francophones\/actualites-mondiales\/qui-sont-nouveaux-apotres-elder-gong-et-elder-soares\/\" target=\"_blank\" rel=\"nofollow noopener\">Elder Gong et Elder Soares<\/a>.<\/p>\n<h3>Nouveaux Soixante-Dix<\/h3>\n<p>De nombreuses Autorit\u00e9s G\u00e9n\u00e9rales ont \u00e9t\u00e9 relev\u00e9es ou appel\u00e9es. 8 nouveaux Soixante-Dix ont \u00e9t\u00e9 appel\u00e9s \u00e0 servir:\u00a0Steven R. Bangerter,\u00a0Matthew L. Carpenter,\u00a0Jack N. Gerard,\u00a0Mathias Held,\u00a0David P. Homer,\u00a0Kyle S. McKay,\u00a0Juan Pablo Villar,\u00a0Takashi Wada.\u00a0 Carl B. Cook et\u00a0Robert C. Gay ont \u00e9t\u00e9 appel\u00e9s dans la pr\u00e9sidence des Soixante-Dix, et <a href=\"https:\/\/www.lds.org\/church\/news\/april-2018-general-conference-news-and-announcements?lang=fra&amp;_r=1&amp;cid=HP_SA-31-3-2018_dPFD_fGC_xLIDyL2-1_\" target=\"_blank\" rel=\"nofollow noopener\">55 nouveaux Soixante-Dix d&rsquo;interregion<\/a> vont maintenant visiter les paroisses de leur r\u00e9gion g\u00e9ographique.<\/p>\n<h3>Une nouvelle Pr\u00e9sidence des Jeunes Filles<\/h3>\n<div id=\"attachment_7917\" style=\"width: 958px\" class=\"wp-caption aligncenter\"><img fetchpriority=\"high\" fetchpriority=\"high\" decoding=\"async\" aria-describedby=\"caption-attachment-7917\" class=\"wp-image-7917 size-full\" src=\"https:\/\/fr.elds.org\/lesmormons-net\/files\/2018\/04\/young-women-general-presidency-resized.jpg\" alt=\"annonces conf\u00e9rence g\u00e9n\u00e9rale d'avril 2018: pr\u00e9sidence des jeunes filles\" width=\"948\" height=\"542\" srcset=\"https:\/\/fr.elds.org\/lesmormons-net\/files\/2018\/04\/young-women-general-presidency-resized.jpg 948w, https:\/\/fr.elds.org\/lesmormons-net\/files\/2018\/04\/young-women-general-presidency-resized-300x172.jpg 300w, https:\/\/fr.elds.org\/lesmormons-net\/files\/2018\/04\/young-women-general-presidency-resized-768x439.jpg 768w\" sizes=\"(max-width: 948px) 100vw, 948px\" \/><p id=\"caption-attachment-7917\" class=\"wp-caption-text\">S\u0153ur Bonnie H. Cordon, pr\u00e9sidente ; s\u0153ur Michelle D. Craig, premi\u00e8re conseill\u00e8re ; et s\u0153ur Rebecca Lynn Craven, deuxi\u00e8me conseill\u00e8re.<\/p><\/div>\n<p>Lors de la session du samedi apr\u00e8s-midi, une nouvelle pr\u00e9sidence des Jeunes Filles a \u00e9t\u00e9 annonc\u00e9e.<\/p>\n<h3>Nouvelle conseill\u00e8re dans la pr\u00e9sidence de la Primaire<\/h3>\n<div id=\"attachment_7918\" style=\"width: 958px\" class=\"wp-caption aligncenter\"><img decoding=\"async\" aria-describedby=\"caption-attachment-7918\" class=\"wp-image-7918 size-full\" src=\"https:\/\/fr.elds.org\/lesmormons-net\/files\/2018\/04\/primary-general-presidency-apr2018.jpg\" alt=\"annonces conf\u00e9rence g\u00e9n\u00e9rale avril 2018: une nouvelle conseill\u00e8re pour la Primaire\" width=\"948\" height=\"542\" srcset=\"https:\/\/fr.elds.org\/lesmormons-net\/files\/2018\/04\/primary-general-presidency-apr2018.jpg 948w, https:\/\/fr.elds.org\/lesmormons-net\/files\/2018\/04\/primary-general-presidency-apr2018-300x172.jpg 300w, https:\/\/fr.elds.org\/lesmormons-net\/files\/2018\/04\/primary-general-presidency-apr2018-768x439.jpg 768w\" sizes=\"(max-width: 948px) 100vw, 948px\" \/><p id=\"caption-attachment-7918\" class=\"wp-caption-text\">Lisa Harkness (\u00e0 gauche) est la nouvelle premi\u00e8re conseill\u00e8re de la Pr\u00e9sidence g\u00e9n\u00e9rale de la Primaire)<\/p><\/div>\n<h3>Changements pour les coll\u00e8ges de pr\u00eatrise<\/h3>\n<p>le groupe des grands-pr\u00eatres et le coll\u00e8ge des anciens des paroisses (et des branches) seront dor\u00e9navant regroup\u00e9s dans un coll\u00e8ge des anciens. Le groupe des grands-pr\u00eatres de pieu sera constitu\u00e9 selon des appels actuels de la pr\u00eatrise (uniquement les grands-pr\u00eatres qui servent dans une pr\u00e9sidence de pieu, un \u00e9piscopat, un grand conseil, et les patriarches en fonction).<\/p>\n<p>La pr\u00e9sidence du coll\u00e8ge des anciens de la paroisse pourra \u00eatre compos\u00e9e d\u2019anciens et de grands-pr\u00eatres. Le pr\u00e9sident du coll\u00e8ge des anciens d\u00e9pendra du pr\u00e9sident de pieu et rencontrera r\u00e9guli\u00e8rement l\u2019\u00e9v\u00eaque. Les offices de la pr\u00eatrise restent inchang\u00e9s. La pr\u00e9sidence du coll\u00e8ge des anciens actuellement en place sera relev\u00e9e et le pr\u00e9sident de pieu appellera une nouvelle pr\u00e9sidence du coll\u00e8ge des anciens.<\/p>\n<h3>Nouveau programme pour les visites: le service pastoral<\/h3>\n<p>Le pr\u00e9sident Nelson a annonc\u00e9 que l\u2019instruction au foyer et les visites d\u2019enseignement sont d\u00e9sormais un effort coordonn\u00e9 appel\u00e9 le \u00ab\u00a0le service pastoral\u00a0\u00bb. Pour plus d&rsquo;informations sur ce nouveau programme qui incluera les adultes comme les Jeunes Gens et les Jeunes Filles, <a href=\"https:\/\/www.lds.org\/church\/news\/ministering-to-replace-home-and-visiting-teaching?lang=fra&amp;cid=HP_SU-1-4-2018_dPFD_fCNWS_xLIDyL1-C_\" target=\"_blank\" rel=\"nofollow noopener\">c&rsquo;est ICI<\/a>.<\/p>\n<h3>7 nouveaux temples<\/h3>\n<p>Le Pr\u00e9sident Nelson a surpris tout le monde lorsqu&rsquo;il a pris la parole \u00e0 la fin de la session du dimanche apr\u00e8s-midi et a annonc\u00e9 la construction de 7 nouveaux temples:\u00a0Salta, Argentine; Bengaluru, Inde; Managua, Nicaragua; Cagayan de Oro, Philippines; Layton, Utah et Richmond, Virginie, Etats-Unis; et une ville encore \u00e0 d\u00e9terminer en Russie.<\/p>\n<h3>Rapport statistique<\/h3>\n<p>(chiffres issus de <a href=\"https:\/\/www.lds.org\/church\/news\/april-2018-general-conference-news-and-announcements?lang=fra&amp;_r=1&amp;cid=HP_SA-31-3-2018_dPFD_fGC_xLIDyL2-1_\" target=\"_blank\" rel=\"nofollow noopener\">lds.org<\/a>)<\/p>\n<table class=\"lds-table\" border=\"0\" cellspacing=\"1\" cellpadding=\"0\">\n<tbody>\n<tr>\n<td colspan=\"2\">\n<p align=\"center\"><strong>UNIT\u00c9S DE L\u2019\u00c9GLISE<\/strong><\/p>\n<\/td>\n<\/tr>\n<tr>\n<td>Pieux<\/td>\n<td>\n<p align=\"right\">3\u00a0341<\/p>\n<\/td>\n<\/tr>\n<tr>\n<td>Missions<\/td>\n<td>\n<p align=\"right\">421<\/p>\n<\/td>\n<\/tr>\n<tr>\n<td>Districts<\/td>\n<td>\n<p align=\"right\">553<\/p>\n<\/td>\n<\/tr>\n<tr>\n<td>Paroisses et branches<\/td>\n<td>\n<p align=\"right\">30\u00a0506<\/p>\n<\/td>\n<\/tr>\n<tr>\n<td colspan=\"2\">\n<p align=\"center\"><strong>POPULATION DE L\u2019\u00c9GLISE<\/strong><\/p>\n<\/td>\n<\/tr>\n<tr>\n<td>Population totale<\/td>\n<td>\n<p align=\"right\">16\u00a0118\u00a0169<\/p>\n<\/td>\n<\/tr>\n<tr>\n<td>Nouveaux enfants inscrits<\/td>\n<td>\n<p align=\"right\">106\u00a0771<\/p>\n<\/td>\n<\/tr>\n<tr>\n<td>Convertis baptis\u00e9s<\/td>\n<td>\n<p align=\"right\">233\u00a0729<\/p>\n<\/td>\n<\/tr>\n<tr>\n<td colspan=\"2\">\n<p align=\"center\"><strong>MISSIONNAIRES<\/strong><\/p>\n<\/td>\n<\/tr>\n<tr>\n<td>Missionnaires \u00e0 plein temps<\/td>\n<td>\n<p align=\"right\">67\u00a0049<\/p>\n<\/td>\n<\/tr>\n<tr>\n<td>Missionnaires des services de l\u2019\u00c9glise<\/td>\n<td>\n<p align=\"right\">36\u00a0172<\/p>\n<\/td>\n<\/tr>\n<tr>\n<td colspan=\"2\">\n<p align=\"center\"><strong>TEMPLES<\/strong><\/p>\n<\/td>\n<\/tr>\n<tr>\n<td>Temples consacr\u00e9s en 2017<br \/>\nParis (France), Tucson (Arizona, \u00c9tats-Unis), Meridian (Idaho, \u00c9tats-Unis), Cedar City (Utah, \u00c9tats-Unis)<\/td>\n<td>\n<p align=\"right\">4<\/p>\n<\/td>\n<\/tr>\n<tr>\n<td>Temples reconsacr\u00e9s en 2017<br \/>\nIdaho Falls (Idaho, \u00c9tats-Unis)<\/td>\n<td>\n<p align=\"right\">1<\/p>\n<\/td>\n<\/tr>\n<tr>\n<td>Temples en service \u00e0 la fin de l\u2019ann\u00e9e 2017<\/td>\n<td>\n<p align=\"right\">159<\/p>\n<div><\/div>\n<\/td>\n<\/tr>\n<\/tbody>\n<\/table>\n<p>&nbsp;<\/p>\n<hr \/>\n<p>Article \u00e9crit par Eolia<\/p>\n","protected":false},"excerpt":{"rendered":"<p>La conf\u00e9rence g\u00e9n\u00e9rale avril 2018 vient de se terminer. Quelles annonces, nouveaux programmes et changements importants ont eu lieu?<\/p>\n","protected":false},"author":53,"featured_media":7919,"comment_status":"open","ping_status":"closed","sticky":false,"template":"","format":"standard","meta":{"_et_pb_use_builder":"","_et_pb_old_content":"","_et_gb_content_width":"","footnotes":""},"categories":[455],"tags":[448,250,449],"class_list":["post-7914","post","type-post","status-publish","format-standard","has-post-thumbnail","hentry","category-merged","tag-les-jeunes-dans-leglise","tag-organisation-de-leglise","tag-rendre-service","et-has-post-format-content","et_post_format-et-post-format-standard"],"yoast_head":"<!-- This site is optimized with the Yoast SEO plugin v27.4 - https:\/\/yoast.com\/product\/yoast-seo-wordpress\/ -->\n<title>R\u00e9sum\u00e9 des annonces de la conf\u00e9rence g\u00e9n\u00e9rale d&#039;avril 2018<\/title>\n<meta name=\"description\" content=\"La conf\u00e9rence g\u00e9n\u00e9rale d&#039;avril 2018 vient de se terminer. Quelles annonces, nouveaux programmes et changements importants ont eu lieu?\" \/>\n<meta name=\"robots\" content=\"index, follow, max-snippet:-1, max-image-preview:large, max-video-preview:-1\" \/>\n<link rel=\"canonical\" href=\"https:\/\/fr.elds.org\/lesmormons-net\/merged\/annonces-de-la-conference-generale-davril-2018\/\" \/>\n<meta property=\"og:locale\" content=\"fr_FR\" \/>\n<meta property=\"og:type\" content=\"article\" \/>\n<meta property=\"og:title\" content=\"R\u00e9sum\u00e9 des annonces de la conf\u00e9rence g\u00e9n\u00e9rale d&#039;avril 2018\" \/>\n<meta property=\"og:description\" content=\"La conf\u00e9rence g\u00e9n\u00e9rale d&#039;avril 2018 vient de se terminer. Quelles annonces, nouveaux programmes et changements importants ont eu lieu?\" \/>\n<meta property=\"og:url\" content=\"https:\/\/fr.elds.org\/lesmormons-net\/merged\/annonces-de-la-conference-generale-davril-2018\/\" \/>\n<meta property=\"og:site_name\" content=\"Les Mormons\" \/>\n<meta property=\"article:published_time\" content=\"2018-04-05T06:33:50+00:00\" \/>\n<meta property=\"article:modified_time\" content=\"2018-10-09T09:01:11+00:00\" \/>\n<meta property=\"og:image\" content=\"https:\/\/fr.elds.org\/lesmormons-net\/files\/2018\/04\/first-presidency-title.jpg\" \/>\n\t<meta property=\"og:image:width\" content=\"948\" \/>\n\t<meta property=\"og:image:height\" content=\"542\" \/>\n\t<meta property=\"og:image:type\" content=\"image\/jpeg\" \/>\n<meta name=\"author\" content=\"Plus de Foi\" \/>\n<meta name=\"twitter:card\" content=\"summary_large_image\" \/>\n<meta name=\"twitter:label1\" content=\"\u00c9crit par\" \/>\n\t<meta name=\"twitter:data1\" content=\"Plus de Foi\" \/>\n\t<meta name=\"twitter:label2\" content=\"Dur\u00e9e de lecture estim\u00e9e\" \/>\n\t<meta name=\"twitter:data2\" content=\"3 minutes\" \/>\n<script type=\"application\/ld+json\" class=\"yoast-schema-graph\">{\"@context\":\"https:\\\/\\\/schema.org\",\"@graph\":[{\"@type\":\"Article\",\"@id\":\"https:\\\/\\\/fr.elds.org\\\/lesmormons-net\\\/merged\\\/annonces-de-la-conference-generale-davril-2018\\\/#article\",\"isPartOf\":{\"@id\":\"https:\\\/\\\/fr.elds.org\\\/lesmormons-net\\\/merged\\\/annonces-de-la-conference-generale-davril-2018\\\/\"},\"author\":{\"name\":\"Plus de Foi\",\"@id\":\"https:\\\/\\\/fr.elds.org\\\/lesmormons-net\\\/#\\\/schema\\\/person\\\/21d1cc3e5996143ad0f655979783dfc3\"},\"headline\":\"Annonces de la conf\u00e9rence g\u00e9n\u00e9rale d&rsquo;avril 2018\",\"datePublished\":\"2018-04-05T06:33:50+00:00\",\"dateModified\":\"2018-10-09T09:01:11+00:00\",\"mainEntityOfPage\":{\"@id\":\"https:\\\/\\\/fr.elds.org\\\/lesmormons-net\\\/merged\\\/annonces-de-la-conference-generale-davril-2018\\\/\"},\"wordCount\":624,\"commentCount\":0,\"image\":{\"@id\":\"https:\\\/\\\/fr.elds.org\\\/lesmormons-net\\\/merged\\\/annonces-de-la-conference-generale-davril-2018\\\/#primaryimage\"},\"thumbnailUrl\":\"https:\\\/\\\/fr.elds.org\\\/lesmormons-net\\\/files\\\/2018\\\/04\\\/first-presidency-title.jpg\",\"keywords\":[\"les jeunes dans l'Eglise\",\"organisation de l'Eglise\",\"rendre service\"],\"articleSection\":[\"Merging Articles\"],\"inLanguage\":\"fr-FR\",\"potentialAction\":[{\"@type\":\"CommentAction\",\"name\":\"Comment\",\"target\":[\"https:\\\/\\\/fr.elds.org\\\/lesmormons-net\\\/merged\\\/annonces-de-la-conference-generale-davril-2018\\\/#respond\"]}]},{\"@type\":\"WebPage\",\"@id\":\"https:\\\/\\\/fr.elds.org\\\/lesmormons-net\\\/merged\\\/annonces-de-la-conference-generale-davril-2018\\\/\",\"url\":\"https:\\\/\\\/fr.elds.org\\\/lesmormons-net\\\/merged\\\/annonces-de-la-conference-generale-davril-2018\\\/\",\"name\":\"R\u00e9sum\u00e9 des annonces de la conf\u00e9rence g\u00e9n\u00e9rale d'avril 2018\",\"isPartOf\":{\"@id\":\"https:\\\/\\\/fr.elds.org\\\/lesmormons-net\\\/#website\"},\"primaryImageOfPage\":{\"@id\":\"https:\\\/\\\/fr.elds.org\\\/lesmormons-net\\\/merged\\\/annonces-de-la-conference-generale-davril-2018\\\/#primaryimage\"},\"image\":{\"@id\":\"https:\\\/\\\/fr.elds.org\\\/lesmormons-net\\\/merged\\\/annonces-de-la-conference-generale-davril-2018\\\/#primaryimage\"},\"thumbnailUrl\":\"https:\\\/\\\/fr.elds.org\\\/lesmormons-net\\\/files\\\/2018\\\/04\\\/first-presidency-title.jpg\",\"datePublished\":\"2018-04-05T06:33:50+00:00\",\"dateModified\":\"2018-10-09T09:01:11+00:00\",\"author\":{\"@id\":\"https:\\\/\\\/fr.elds.org\\\/lesmormons-net\\\/#\\\/schema\\\/person\\\/21d1cc3e5996143ad0f655979783dfc3\"},\"description\":\"La conf\u00e9rence g\u00e9n\u00e9rale d'avril 2018 vient de se terminer. Quelles annonces, nouveaux programmes et changements importants ont eu lieu?\",\"breadcrumb\":{\"@id\":\"https:\\\/\\\/fr.elds.org\\\/lesmormons-net\\\/merged\\\/annonces-de-la-conference-generale-davril-2018\\\/#breadcrumb\"},\"inLanguage\":\"fr-FR\",\"potentialAction\":[{\"@type\":\"ReadAction\",\"target\":[\"https:\\\/\\\/fr.elds.org\\\/lesmormons-net\\\/merged\\\/annonces-de-la-conference-generale-davril-2018\\\/\"]}]},{\"@type\":\"ImageObject\",\"inLanguage\":\"fr-FR\",\"@id\":\"https:\\\/\\\/fr.elds.org\\\/lesmormons-net\\\/merged\\\/annonces-de-la-conference-generale-davril-2018\\\/#primaryimage\",\"url\":\"https:\\\/\\\/fr.elds.org\\\/lesmormons-net\\\/files\\\/2018\\\/04\\\/first-presidency-title.jpg\",\"contentUrl\":\"https:\\\/\\\/fr.elds.org\\\/lesmormons-net\\\/files\\\/2018\\\/04\\\/first-presidency-title.jpg\",\"width\":948,\"height\":542,\"caption\":\"annonces de la conf\u00e9rence g\u00e9n\u00e9rale d'avril 2018\"},{\"@type\":\"BreadcrumbList\",\"@id\":\"https:\\\/\\\/fr.elds.org\\\/lesmormons-net\\\/merged\\\/annonces-de-la-conference-generale-davril-2018\\\/#breadcrumb\",\"itemListElement\":[{\"@type\":\"ListItem\",\"position\":1,\"name\":\"Home\",\"item\":\"https:\\\/\\\/fr.elds.org\\\/lesmormons-net\\\/\"},{\"@type\":\"ListItem\",\"position\":2,\"name\":\"Annonces de la conf\u00e9rence g\u00e9n\u00e9rale d&#8217;avril 2018\"}]},{\"@type\":\"WebSite\",\"@id\":\"https:\\\/\\\/fr.elds.org\\\/lesmormons-net\\\/#website\",\"url\":\"https:\\\/\\\/fr.elds.org\\\/lesmormons-net\\\/\",\"name\":\"Les Mormons\",\"description\":\"Les mormons au quotidien\",\"potentialAction\":[{\"@type\":\"SearchAction\",\"target\":{\"@type\":\"EntryPoint\",\"urlTemplate\":\"https:\\\/\\\/fr.elds.org\\\/lesmormons-net\\\/?s={search_term_string}\"},\"query-input\":{\"@type\":\"PropertyValueSpecification\",\"valueRequired\":true,\"valueName\":\"search_term_string\"}}],\"inLanguage\":\"fr-FR\"},{\"@type\":\"Person\",\"@id\":\"https:\\\/\\\/fr.elds.org\\\/lesmormons-net\\\/#\\\/schema\\\/person\\\/21d1cc3e5996143ad0f655979783dfc3\",\"name\":\"Plus de Foi\",\"image\":{\"@type\":\"ImageObject\",\"inLanguage\":\"fr-FR\",\"@id\":\"https:\\\/\\\/secure.gravatar.com\\\/avatar\\\/4647b2714d43c09703afab402f554845ba42922ebe724cb9639d75cf44059553?s=96&d=blank&r=g\",\"url\":\"https:\\\/\\\/secure.gravatar.com\\\/avatar\\\/4647b2714d43c09703afab402f554845ba42922ebe724cb9639d75cf44059553?s=96&d=blank&r=g\",\"contentUrl\":\"https:\\\/\\\/secure.gravatar.com\\\/avatar\\\/4647b2714d43c09703afab402f554845ba42922ebe724cb9639d75cf44059553?s=96&d=blank&r=g\",\"caption\":\"Plus de Foi\"},\"description\":\"Plus de Foi est une page cr\u00e9\u00e9e par des membres chr\u00e9tiens de l'\u00c9glise de J\u00e9sus-Christ des Saints des Derniers Jours. Nous publions des contenus sur comment nous vivons notre foi au quotidien et nous aimons partager nos croyances avec les personnes autour de nous.\",\"url\":\"https:\\\/\\\/fr.elds.org\\\/lesmormons-net\\\/author\\\/giada\\\/\"}]}<\/script>\n<!-- \/ Yoast SEO plugin. -->","yoast_head_json":{"title":"R\u00e9sum\u00e9 des annonces de la conf\u00e9rence g\u00e9n\u00e9rale d'avril 2018","description":"La conf\u00e9rence g\u00e9n\u00e9rale d'avril 2018 vient de se terminer. Quelles annonces, nouveaux programmes et changements importants ont eu lieu?","robots":{"index":"index","follow":"follow","max-snippet":"max-snippet:-1","max-image-preview":"max-image-preview:large","max-video-preview":"max-video-preview:-1"},"canonical":"https:\/\/fr.elds.org\/lesmormons-net\/merged\/annonces-de-la-conference-generale-davril-2018\/","og_locale":"fr_FR","og_type":"article","og_title":"R\u00e9sum\u00e9 des annonces de la conf\u00e9rence g\u00e9n\u00e9rale d'avril 2018","og_description":"La conf\u00e9rence g\u00e9n\u00e9rale d'avril 2018 vient de se terminer. Quelles annonces, nouveaux programmes et changements importants ont eu lieu?","og_url":"https:\/\/fr.elds.org\/lesmormons-net\/merged\/annonces-de-la-conference-generale-davril-2018\/","og_site_name":"Les Mormons","article_published_time":"2018-04-05T06:33:50+00:00","article_modified_time":"2018-10-09T09:01:11+00:00","og_image":[{"width":948,"height":542,"url":"https:\/\/fr.elds.org\/lesmormons-net\/files\/2018\/04\/first-presidency-title.jpg","type":"image\/jpeg"}],"author":"Plus de Foi","twitter_card":"summary_large_image","twitter_misc":{"\u00c9crit par":"Plus de Foi","Dur\u00e9e de lecture estim\u00e9e":"3 minutes"},"schema":{"@context":"https:\/\/schema.org","@graph":[{"@type":"Article","@id":"https:\/\/fr.elds.org\/lesmormons-net\/merged\/annonces-de-la-conference-generale-davril-2018\/#article","isPartOf":{"@id":"https:\/\/fr.elds.org\/lesmormons-net\/merged\/annonces-de-la-conference-generale-davril-2018\/"},"author":{"name":"Plus de Foi","@id":"https:\/\/fr.elds.org\/lesmormons-net\/#\/schema\/person\/21d1cc3e5996143ad0f655979783dfc3"},"headline":"Annonces de la conf\u00e9rence g\u00e9n\u00e9rale d&rsquo;avril 2018","datePublished":"2018-04-05T06:33:50+00:00","dateModified":"2018-10-09T09:01:11+00:00","mainEntityOfPage":{"@id":"https:\/\/fr.elds.org\/lesmormons-net\/merged\/annonces-de-la-conference-generale-davril-2018\/"},"wordCount":624,"commentCount":0,"image":{"@id":"https:\/\/fr.elds.org\/lesmormons-net\/merged\/annonces-de-la-conference-generale-davril-2018\/#primaryimage"},"thumbnailUrl":"https:\/\/fr.elds.org\/lesmormons-net\/files\/2018\/04\/first-presidency-title.jpg","keywords":["les jeunes dans l'Eglise","organisation de l'Eglise","rendre service"],"articleSection":["Merging Articles"],"inLanguage":"fr-FR","potentialAction":[{"@type":"CommentAction","name":"Comment","target":["https:\/\/fr.elds.org\/lesmormons-net\/merged\/annonces-de-la-conference-generale-davril-2018\/#respond"]}]},{"@type":"WebPage","@id":"https:\/\/fr.elds.org\/lesmormons-net\/merged\/annonces-de-la-conference-generale-davril-2018\/","url":"https:\/\/fr.elds.org\/lesmormons-net\/merged\/annonces-de-la-conference-generale-davril-2018\/","name":"R\u00e9sum\u00e9 des annonces de la conf\u00e9rence g\u00e9n\u00e9rale d'avril 2018","isPartOf":{"@id":"https:\/\/fr.elds.org\/lesmormons-net\/#website"},"primaryImageOfPage":{"@id":"https:\/\/fr.elds.org\/lesmormons-net\/merged\/annonces-de-la-conference-generale-davril-2018\/#primaryimage"},"image":{"@id":"https:\/\/fr.elds.org\/lesmormons-net\/merged\/annonces-de-la-conference-generale-davril-2018\/#primaryimage"},"thumbnailUrl":"https:\/\/fr.elds.org\/lesmormons-net\/files\/2018\/04\/first-presidency-title.jpg","datePublished":"2018-04-05T06:33:50+00:00","dateModified":"2018-10-09T09:01:11+00:00","author":{"@id":"https:\/\/fr.elds.org\/lesmormons-net\/#\/schema\/person\/21d1cc3e5996143ad0f655979783dfc3"},"description":"La conf\u00e9rence g\u00e9n\u00e9rale d'avril 2018 vient de se terminer. Quelles annonces, nouveaux programmes et changements importants ont eu lieu?","breadcrumb":{"@id":"https:\/\/fr.elds.org\/lesmormons-net\/merged\/annonces-de-la-conference-generale-davril-2018\/#breadcrumb"},"inLanguage":"fr-FR","potentialAction":[{"@type":"ReadAction","target":["https:\/\/fr.elds.org\/lesmormons-net\/merged\/annonces-de-la-conference-generale-davril-2018\/"]}]},{"@type":"ImageObject","inLanguage":"fr-FR","@id":"https:\/\/fr.elds.org\/lesmormons-net\/merged\/annonces-de-la-conference-generale-davril-2018\/#primaryimage","url":"https:\/\/fr.elds.org\/lesmormons-net\/files\/2018\/04\/first-presidency-title.jpg","contentUrl":"https:\/\/fr.elds.org\/lesmormons-net\/files\/2018\/04\/first-presidency-title.jpg","width":948,"height":542,"caption":"annonces de la conf\u00e9rence g\u00e9n\u00e9rale d'avril 2018"},{"@type":"BreadcrumbList","@id":"https:\/\/fr.elds.org\/lesmormons-net\/merged\/annonces-de-la-conference-generale-davril-2018\/#breadcrumb","itemListElement":[{"@type":"ListItem","position":1,"name":"Home","item":"https:\/\/fr.elds.org\/lesmormons-net\/"},{"@type":"ListItem","position":2,"name":"Annonces de la conf\u00e9rence g\u00e9n\u00e9rale d&#8217;avril 2018"}]},{"@type":"WebSite","@id":"https:\/\/fr.elds.org\/lesmormons-net\/#website","url":"https:\/\/fr.elds.org\/lesmormons-net\/","name":"Les Mormons","description":"Les mormons au quotidien","potentialAction":[{"@type":"SearchAction","target":{"@type":"EntryPoint","urlTemplate":"https:\/\/fr.elds.org\/lesmormons-net\/?s={search_term_string}"},"query-input":{"@type":"PropertyValueSpecification","valueRequired":true,"valueName":"search_term_string"}}],"inLanguage":"fr-FR"},{"@type":"Person","@id":"https:\/\/fr.elds.org\/lesmormons-net\/#\/schema\/person\/21d1cc3e5996143ad0f655979783dfc3","name":"Plus de Foi","image":{"@type":"ImageObject","inLanguage":"fr-FR","@id":"https:\/\/secure.gravatar.com\/avatar\/4647b2714d43c09703afab402f554845ba42922ebe724cb9639d75cf44059553?s=96&d=blank&r=g","url":"https:\/\/secure.gravatar.com\/avatar\/4647b2714d43c09703afab402f554845ba42922ebe724cb9639d75cf44059553?s=96&d=blank&r=g","contentUrl":"https:\/\/secure.gravatar.com\/avatar\/4647b2714d43c09703afab402f554845ba42922ebe724cb9639d75cf44059553?s=96&d=blank&r=g","caption":"Plus de Foi"},"description":"Plus de Foi est une page cr\u00e9\u00e9e par des membres chr\u00e9tiens de l'\u00c9glise de J\u00e9sus-Christ des Saints des Derniers Jours. Nous publions des contenus sur comment nous vivons notre foi au quotidien et nous aimons partager nos croyances avec les personnes autour de nous.","url":"https:\/\/fr.elds.org\/lesmormons-net\/author\/giada\/"}]}},"_links":{"self":[{"href":"https:\/\/fr.elds.org\/lesmormons-net\/wp-json\/wp\/v2\/posts\/7914","targetHints":{"allow":["GET"]}}],"collection":[{"href":"https:\/\/fr.elds.org\/lesmormons-net\/wp-json\/wp\/v2\/posts"}],"about":[{"href":"https:\/\/fr.elds.org\/lesmormons-net\/wp-json\/wp\/v2\/types\/post"}],"author":[{"embeddable":true,"href":"https:\/\/fr.elds.org\/lesmormons-net\/wp-json\/wp\/v2\/users\/53"}],"replies":[{"embeddable":true,"href":"https:\/\/fr.elds.org\/lesmormons-net\/wp-json\/wp\/v2\/comments?post=7914"}],"version-history":[{"count":5,"href":"https:\/\/fr.elds.org\/lesmormons-net\/wp-json\/wp\/v2\/posts\/7914\/revisions"}],"predecessor-version":[{"id":7922,"href":"https:\/\/fr.elds.org\/lesmormons-net\/wp-json\/wp\/v2\/posts\/7914\/revisions\/7922"}],"wp:featuredmedia":[{"embeddable":true,"href":"https:\/\/fr.elds.org\/lesmormons-net\/wp-json\/wp\/v2\/media\/7919"}],"wp:attachment":[{"href":"https:\/\/fr.elds.org\/lesmormons-net\/wp-json\/wp\/v2\/media?parent=7914"}],"wp:term":[{"taxonomy":"category","embeddable":true,"href":"https:\/\/fr.elds.org\/lesmormons-net\/wp-json\/wp\/v2\/categories?post=7914"},{"taxonomy":"post_tag","embeddable":true,"href":"https:\/\/fr.elds.org\/lesmormons-net\/wp-json\/wp\/v2\/tags?post=7914"}],"curies":[{"name":"wp","href":"https:\/\/api.w.org\/{rel}","templated":true}]}}