{"id":7895,"date":"2018-04-02T21:16:54","date_gmt":"2018-04-02T19:16:54","guid":{"rendered":"https:\/\/fr.elds.org\/lesmormons-net\/?p=7895"},"modified":"2018-07-25T10:54:02","modified_gmt":"2018-07-25T08:54:02","slug":"qui-sont-nouveaux-apotres-elder-gong-et-elder-soares","status":"publish","type":"post","link":"https:\/\/fr.elds.org\/lesmormons-net\/actualites-mondiales\/qui-sont-nouveaux-apotres-elder-gong-et-elder-soares\/","title":{"rendered":"Qui sont les deux nouveaux ap\u00f4tres Elder Gong et Elder Soares?"},"content":{"rendered":"<p>Lors de l&rsquo;Assembl\u00e9e solennelle du samedi 31 mars 2018 (10h-12h, horaire de Salt Lake City), deux nouveaux ap\u00f4tres ont \u00e9t\u00e9 annonc\u00e9s et soutenus. Les d\u00e9c\u00e8s d&rsquo;Elder Hales et Pr\u00e9sident Monson avaient laiss\u00e9 deux places vacantes dans le Coll\u00e8ge des Douze Ap\u00f4tres. Gerrit W. Gong et Ulisses Soares.<\/p>\n<h2>Elder Gerrit W. Gong<\/h2>\n<p><img fetchpriority=\"high\" fetchpriority=\"high\" decoding=\"async\" class=\"aligncenter wp-image-7896 size-large\" src=\"https:\/\/fr.elds.org\/lesmormons-net\/files\/2018\/04\/gong-gerrit-w2017-819x1024.jpg\" alt=\"l'un des nouveaux ap\u00f4tres Elder Gong\" width=\"819\" height=\"1024\" srcset=\"https:\/\/fr.elds.org\/lesmormons-net\/files\/2018\/04\/gong-gerrit-w2017-819x1024.jpg 819w, https:\/\/fr.elds.org\/lesmormons-net\/files\/2018\/04\/gong-gerrit-w2017-240x300.jpg 240w, https:\/\/fr.elds.org\/lesmormons-net\/files\/2018\/04\/gong-gerrit-w2017-768x961.jpg 768w, https:\/\/fr.elds.org\/lesmormons-net\/files\/2018\/04\/gong-gerrit-w2017.jpg 969w\" sizes=\"(max-width: 819px) 100vw, 819px\" \/><\/p>\n<p><span style=\"font-weight: 400;\">Elder Gerrit W. Gong a \u00e9t\u00e9 soutenu comme membre du Coll\u00e8ge des Douze Ap\u00f4tres de l\u2019Eglise de J\u00e9sus-Christ des Saints des Derniers Jours le 31 mars 2018. Il a servi comme Autorit\u00e9 G\u00e9n\u00e9rale Soixante dix depuis le 3 avril 2010 jusqu\u2019\u00e0 son appel dans le Coll\u00e8ge des Douze. Il a \u00e9t\u00e9 nomm\u00e9 membre de la Pr\u00e9sidence des Soixante dix le 6 octobre 2015. De 2011 \u00e0 2015, Elder Gong \u00e9tait membre de la pr\u00e9sidence de la r\u00e9gion Asie, bas\u00e9 \u00e0 Hong Kong, et a conclu son service comme pr\u00e9sident de cette r\u00e9gion.<\/span><\/p>\n<p><span style=\"font-weight: 400;\">Elder Gong a \u00e9t\u00e9 dipl\u00f4m\u00e9 de l\u2019universit\u00e9 Brigham Young en \u00e9tudes asiatiques en 1977. En 1979, il a obtenu un Master en Philosophie, et en 1981, un doctorat en relations internationales \u00e0 l\u2019universit\u00e9 d\u2019Oxford, d\u2019o\u00f9 il a obtenu une prestigieuse bourse d\u2019\u00e9tudes. \u00a0En 1985, il a servi comme assistant sp\u00e9cial du sous-secr\u00e9taire d\u2019\u00e9tat du minist\u00e8re des Affaires Etrang\u00e8res am\u00e9ricain, et en 1987 comme assistant sp\u00e9cial de l\u2019ambassadeur des Etats-Unis \u00e0 Beijing en Chine. A partir de 1989, il a servi dans plusieurs postes au Centre d\u2019Etudes Internationales et Strat\u00e9giques de Washington D.C. Il \u00e9tait assistant du pr\u00e9sident pour le planning et l\u2019\u00e9valuation \u00e0 l\u2019universit\u00e9 de Brigham Young, jusqu\u2019en avril 2010.<\/span><\/p>\n<p><span style=\"font-weight: 400;\">Elder Gong a servi dans de nombreux appels dans l\u2019Eglise. Il a \u00e9t\u00e9 missionnaire \u00e0 plein temps dans la mission de Taipei en Taiwan, grand conseiller, chef de groupe des grands pr\u00eatres, pr\u00e9sident de l\u2019Ecole du Dimanche de pieu, instructeur de s\u00e9minaire, \u00e9v\u00eaque, pr\u00e9sident de mission de pieu, pr\u00e9sident de pieu et Soixante-dix d\u2019inter r\u00e9gion.<\/span><\/p>\n<p><span style=\"font-weight: 400;\">Gerrit Walter Gong est n\u00e9 \u00e0 Redwood City en Californie le 23 d\u00e9cembre 1953. Il a \u00e9pous\u00e9 Susan Lindsay en janvier 1980. Ils sont parents de quatre enfants et ont trois petit-enfants.<\/span><\/p>\n<p>&nbsp;<\/p>\n<h2>Elder Ulisses Soares<\/h2>\n<p><img decoding=\"async\" class=\"aligncenter wp-image-7897 size-large\" src=\"https:\/\/fr.elds.org\/lesmormons-net\/files\/2018\/04\/soares-ulisses2017-819x1024.jpg\" alt=\"Elder Soares, l'un des nouveaux ap\u00f4tres\" width=\"819\" height=\"1024\" srcset=\"https:\/\/fr.elds.org\/lesmormons-net\/files\/2018\/04\/soares-ulisses2017-819x1024.jpg 819w, https:\/\/fr.elds.org\/lesmormons-net\/files\/2018\/04\/soares-ulisses2017-240x300.jpg 240w, https:\/\/fr.elds.org\/lesmormons-net\/files\/2018\/04\/soares-ulisses2017-768x960.jpg 768w, https:\/\/fr.elds.org\/lesmormons-net\/files\/2018\/04\/soares-ulisses2017.jpg 969w\" sizes=\"(max-width: 819px) 100vw, 819px\" \/><\/p>\n<p><span style=\"font-weight: 400;\">Elder Ulisses Soares a \u00e9t\u00e9 soutenu comme membre du Coll\u00e8ge des douze Ap\u00f4tres de l\u2019Eglise de J\u00e9sus-Christ des Saints des Derniers Jours le 31 mars 2018. Il a servi comme Autorit\u00e9 G\u00e9n\u00e9rale Soixante-dix depuis le 2 avril 2005 et a \u00e9t\u00e9 nomm\u00e9 membre de la Pr\u00e9sidence des Soixante dix le 6 janvier 2013. Il a servi auparavant comme conseiller dans la r\u00e9gion Afrique Sud Est, comme pr\u00e9sident de la r\u00e9gion Br\u00e9sil, et comme conseiller dans la r\u00e9gion Br\u00e9sil Sud Est.<\/span><\/p>\n<p><span style=\"font-weight: 400;\">Elder Soares a \u00e9t\u00e9 dipl\u00f4m\u00e9 de l\u2019\u00e9cole des Sciences \u00e9conomique de l\u2019universit\u00e9 Pontificale Catholique de S\u00e3o Paulo en comptabilit\u00e9 et en \u00e9conomie en 1985, et a plus tard obtenu un Master of Business Administration. Il a travaill\u00e9 comme comptable et comme Contr\u00f4leur de gestion dans plusieurs multinationales au Br\u00e9sil, et comme directeur des affaires temporelles du bureau de l\u2019Eglise \u00e0 S\u00e3o Paulo, au Br\u00e9sil. Au moment de son appel comme Autorit\u00e9 G\u00e9n\u00e9rale de l\u2019Eglise, il effectuait une mission sp\u00e9ciale pour l\u2019Episcopat Pr\u00e9sident de l\u2019Eglise \u00e0 Salt Lake City.<\/span><\/p>\n<p><span style=\"font-weight: 400;\">Elder Soares a servi dans plusieurs appels dans l\u2019Eglise. Il a \u00e9t\u00e9 missionnaire \u00e0 plein temps dans la mission de Rio de Janeiro au Br\u00e9sil, pr\u00e9sident du coll\u00e8ge des Anciens, conseiller dans l\u2019\u00e9piscopat, grand conseiller, secr\u00e9taire ex\u00e9cutif de pieu, agent r\u00e9gional de l\u2019entraide, pr\u00e9sident de pieu et pr\u00e9sident de la mission de Porto au Portugal (2000-2003)<\/span><\/p>\n<p><span style=\"font-weight: 400;\">Ulisses Soares est n\u00e9 \u00e0 S\u00e3o Paulo au Br\u00e9sil le 2 octobre 1958. Il a \u00e9pous\u00e9 Rosana Fernandes en octobre 1982. Ils sont parents de trois enfants et ont trois petits-enfants.<\/span><\/p>\n<p>&nbsp;<\/p>\n<hr \/>\n<p><em>Traduction de Samuel Babin.<\/em><\/p>\n","protected":false},"excerpt":{"rendered":"<p>Venez en d\u00e9couvrir un peu plus sur eux.<\/p>\n","protected":false},"author":53,"featured_media":7898,"comment_status":"open","ping_status":"closed","sticky":false,"template":"","format":"standard","meta":{"_et_pb_use_builder":"","_et_pb_old_content":"","_et_gb_content_width":"","footnotes":""},"categories":[174],"tags":[337,250],"class_list":["post-7895","post","type-post","status-publish","format-standard","has-post-thumbnail","hentry","category-actualites-mondiales","tag-histoire-de-leglise","tag-organisation-de-leglise","et-has-post-format-content","et_post_format-et-post-format-standard"],"yoast_head":"<!-- This site is optimized with the Yoast SEO plugin v27.4 - https:\/\/yoast.com\/product\/yoast-seo-wordpress\/ -->\n<title>Qui sont les deux nouveaux ap\u00f4tres, Elder Gong et Elder Soares?<\/title>\n<meta name=\"description\" content=\"La session du samedi 31 mars 2018 au matin a vu l&#039;annonce des 2 nouveaux ap\u00f4tres Elder Gong et Elder Soares. Venez en d\u00e9couvrir un peu plus sur eux.\" \/>\n<meta name=\"robots\" content=\"index, follow, max-snippet:-1, max-image-preview:large, max-video-preview:-1\" \/>\n<link rel=\"canonical\" href=\"https:\/\/fr.elds.org\/lesmormons-net\/actualites-mondiales\/qui-sont-nouveaux-apotres-elder-gong-et-elder-soares\/\" \/>\n<meta property=\"og:locale\" content=\"fr_FR\" \/>\n<meta property=\"og:type\" content=\"article\" \/>\n<meta property=\"og:title\" content=\"Qui sont les deux nouveaux ap\u00f4tres, Elder Gong et Elder Soares?\" \/>\n<meta property=\"og:description\" content=\"La session du samedi 31 mars 2018 au matin a vu l&#039;annonce des 2 nouveaux ap\u00f4tres Elder Gong et Elder Soares. Venez en d\u00e9couvrir un peu plus sur eux.\" \/>\n<meta property=\"og:url\" content=\"https:\/\/fr.elds.org\/lesmormons-net\/actualites-mondiales\/qui-sont-nouveaux-apotres-elder-gong-et-elder-soares\/\" \/>\n<meta property=\"og:site_name\" content=\"Les Mormons\" \/>\n<meta property=\"article:published_time\" content=\"2018-04-02T19:16:54+00:00\" \/>\n<meta property=\"article:modified_time\" content=\"2018-07-25T08:54:02+00:00\" \/>\n<meta property=\"og:image\" content=\"https:\/\/fr.elds.org\/lesmormons-net\/files\/2018\/04\/gong-soares.jpg\" \/>\n\t<meta property=\"og:image:width\" content=\"948\" \/>\n\t<meta property=\"og:image:height\" content=\"542\" \/>\n\t<meta property=\"og:image:type\" content=\"image\/jpeg\" \/>\n<meta name=\"author\" content=\"Plus de Foi\" \/>\n<meta name=\"twitter:card\" content=\"summary_large_image\" \/>\n<meta name=\"twitter:label1\" content=\"\u00c9crit par\" \/>\n\t<meta name=\"twitter:data1\" content=\"Plus de Foi\" \/>\n\t<meta name=\"twitter:label2\" content=\"Dur\u00e9e de lecture estim\u00e9e\" \/>\n\t<meta name=\"twitter:data2\" content=\"3 minutes\" \/>\n<script type=\"application\/ld+json\" class=\"yoast-schema-graph\">{\"@context\":\"https:\\\/\\\/schema.org\",\"@graph\":[{\"@type\":\"Article\",\"@id\":\"https:\\\/\\\/fr.elds.org\\\/lesmormons-net\\\/actualites-mondiales\\\/qui-sont-nouveaux-apotres-elder-gong-et-elder-soares\\\/#article\",\"isPartOf\":{\"@id\":\"https:\\\/\\\/fr.elds.org\\\/lesmormons-net\\\/actualites-mondiales\\\/qui-sont-nouveaux-apotres-elder-gong-et-elder-soares\\\/\"},\"author\":{\"name\":\"Plus de Foi\",\"@id\":\"https:\\\/\\\/fr.elds.org\\\/lesmormons-net\\\/#\\\/schema\\\/person\\\/21d1cc3e5996143ad0f655979783dfc3\"},\"headline\":\"Qui sont les deux nouveaux ap\u00f4tres Elder Gong et Elder Soares?\",\"datePublished\":\"2018-04-02T19:16:54+00:00\",\"dateModified\":\"2018-07-25T08:54:02+00:00\",\"mainEntityOfPage\":{\"@id\":\"https:\\\/\\\/fr.elds.org\\\/lesmormons-net\\\/actualites-mondiales\\\/qui-sont-nouveaux-apotres-elder-gong-et-elder-soares\\\/\"},\"wordCount\":672,\"commentCount\":0,\"image\":{\"@id\":\"https:\\\/\\\/fr.elds.org\\\/lesmormons-net\\\/actualites-mondiales\\\/qui-sont-nouveaux-apotres-elder-gong-et-elder-soares\\\/#primaryimage\"},\"thumbnailUrl\":\"https:\\\/\\\/fr.elds.org\\\/lesmormons-net\\\/files\\\/2018\\\/04\\\/gong-soares.jpg\",\"keywords\":[\"histoire de l'Eglise\",\"organisation de l'Eglise\"],\"articleSection\":[\"Actualit\u00e9s mondiales\"],\"inLanguage\":\"fr-FR\",\"potentialAction\":[{\"@type\":\"CommentAction\",\"name\":\"Comment\",\"target\":[\"https:\\\/\\\/fr.elds.org\\\/lesmormons-net\\\/actualites-mondiales\\\/qui-sont-nouveaux-apotres-elder-gong-et-elder-soares\\\/#respond\"]}]},{\"@type\":\"WebPage\",\"@id\":\"https:\\\/\\\/fr.elds.org\\\/lesmormons-net\\\/actualites-mondiales\\\/qui-sont-nouveaux-apotres-elder-gong-et-elder-soares\\\/\",\"url\":\"https:\\\/\\\/fr.elds.org\\\/lesmormons-net\\\/actualites-mondiales\\\/qui-sont-nouveaux-apotres-elder-gong-et-elder-soares\\\/\",\"name\":\"Qui sont les deux nouveaux ap\u00f4tres, Elder Gong et Elder Soares?\",\"isPartOf\":{\"@id\":\"https:\\\/\\\/fr.elds.org\\\/lesmormons-net\\\/#website\"},\"primaryImageOfPage\":{\"@id\":\"https:\\\/\\\/fr.elds.org\\\/lesmormons-net\\\/actualites-mondiales\\\/qui-sont-nouveaux-apotres-elder-gong-et-elder-soares\\\/#primaryimage\"},\"image\":{\"@id\":\"https:\\\/\\\/fr.elds.org\\\/lesmormons-net\\\/actualites-mondiales\\\/qui-sont-nouveaux-apotres-elder-gong-et-elder-soares\\\/#primaryimage\"},\"thumbnailUrl\":\"https:\\\/\\\/fr.elds.org\\\/lesmormons-net\\\/files\\\/2018\\\/04\\\/gong-soares.jpg\",\"datePublished\":\"2018-04-02T19:16:54+00:00\",\"dateModified\":\"2018-07-25T08:54:02+00:00\",\"author\":{\"@id\":\"https:\\\/\\\/fr.elds.org\\\/lesmormons-net\\\/#\\\/schema\\\/person\\\/21d1cc3e5996143ad0f655979783dfc3\"},\"description\":\"La session du samedi 31 mars 2018 au matin a vu l'annonce des 2 nouveaux ap\u00f4tres Elder Gong et Elder Soares. Venez en d\u00e9couvrir un peu plus sur eux.\",\"breadcrumb\":{\"@id\":\"https:\\\/\\\/fr.elds.org\\\/lesmormons-net\\\/actualites-mondiales\\\/qui-sont-nouveaux-apotres-elder-gong-et-elder-soares\\\/#breadcrumb\"},\"inLanguage\":\"fr-FR\",\"potentialAction\":[{\"@type\":\"ReadAction\",\"target\":[\"https:\\\/\\\/fr.elds.org\\\/lesmormons-net\\\/actualites-mondiales\\\/qui-sont-nouveaux-apotres-elder-gong-et-elder-soares\\\/\"]}]},{\"@type\":\"ImageObject\",\"inLanguage\":\"fr-FR\",\"@id\":\"https:\\\/\\\/fr.elds.org\\\/lesmormons-net\\\/actualites-mondiales\\\/qui-sont-nouveaux-apotres-elder-gong-et-elder-soares\\\/#primaryimage\",\"url\":\"https:\\\/\\\/fr.elds.org\\\/lesmormons-net\\\/files\\\/2018\\\/04\\\/gong-soares.jpg\",\"contentUrl\":\"https:\\\/\\\/fr.elds.org\\\/lesmormons-net\\\/files\\\/2018\\\/04\\\/gong-soares.jpg\",\"width\":948,\"height\":542,\"caption\":\"Elder Gong et Elder Soares se dirigent vers leurs nouveaux fauteuils d'ap\u00f4tres et quittent ceux qu'ils occupaient en tant que membre de la pr\u00e9sidence des soixante-dix\"},{\"@type\":\"BreadcrumbList\",\"@id\":\"https:\\\/\\\/fr.elds.org\\\/lesmormons-net\\\/actualites-mondiales\\\/qui-sont-nouveaux-apotres-elder-gong-et-elder-soares\\\/#breadcrumb\",\"itemListElement\":[{\"@type\":\"ListItem\",\"position\":1,\"name\":\"Home\",\"item\":\"https:\\\/\\\/fr.elds.org\\\/lesmormons-net\\\/\"},{\"@type\":\"ListItem\",\"position\":2,\"name\":\"Qui sont les deux nouveaux ap\u00f4tres Elder Gong et Elder Soares?\"}]},{\"@type\":\"WebSite\",\"@id\":\"https:\\\/\\\/fr.elds.org\\\/lesmormons-net\\\/#website\",\"url\":\"https:\\\/\\\/fr.elds.org\\\/lesmormons-net\\\/\",\"name\":\"Les Mormons\",\"description\":\"Les mormons au quotidien\",\"potentialAction\":[{\"@type\":\"SearchAction\",\"target\":{\"@type\":\"EntryPoint\",\"urlTemplate\":\"https:\\\/\\\/fr.elds.org\\\/lesmormons-net\\\/?s={search_term_string}\"},\"query-input\":{\"@type\":\"PropertyValueSpecification\",\"valueRequired\":true,\"valueName\":\"search_term_string\"}}],\"inLanguage\":\"fr-FR\"},{\"@type\":\"Person\",\"@id\":\"https:\\\/\\\/fr.elds.org\\\/lesmormons-net\\\/#\\\/schema\\\/person\\\/21d1cc3e5996143ad0f655979783dfc3\",\"name\":\"Plus de Foi\",\"image\":{\"@type\":\"ImageObject\",\"inLanguage\":\"fr-FR\",\"@id\":\"https:\\\/\\\/secure.gravatar.com\\\/avatar\\\/4647b2714d43c09703afab402f554845ba42922ebe724cb9639d75cf44059553?s=96&d=blank&r=g\",\"url\":\"https:\\\/\\\/secure.gravatar.com\\\/avatar\\\/4647b2714d43c09703afab402f554845ba42922ebe724cb9639d75cf44059553?s=96&d=blank&r=g\",\"contentUrl\":\"https:\\\/\\\/secure.gravatar.com\\\/avatar\\\/4647b2714d43c09703afab402f554845ba42922ebe724cb9639d75cf44059553?s=96&d=blank&r=g\",\"caption\":\"Plus de Foi\"},\"description\":\"Plus de Foi est une page cr\u00e9\u00e9e par des membres chr\u00e9tiens de l'\u00c9glise de J\u00e9sus-Christ des Saints des Derniers Jours. Nous publions des contenus sur comment nous vivons notre foi au quotidien et nous aimons partager nos croyances avec les personnes autour de nous.\",\"url\":\"https:\\\/\\\/fr.elds.org\\\/lesmormons-net\\\/author\\\/giada\\\/\"}]}<\/script>\n<!-- \/ Yoast SEO plugin. -->","yoast_head_json":{"title":"Qui sont les deux nouveaux ap\u00f4tres, Elder Gong et Elder Soares?","description":"La session du samedi 31 mars 2018 au matin a vu l'annonce des 2 nouveaux ap\u00f4tres Elder Gong et Elder Soares. Venez en d\u00e9couvrir un peu plus sur eux.","robots":{"index":"index","follow":"follow","max-snippet":"max-snippet:-1","max-image-preview":"max-image-preview:large","max-video-preview":"max-video-preview:-1"},"canonical":"https:\/\/fr.elds.org\/lesmormons-net\/actualites-mondiales\/qui-sont-nouveaux-apotres-elder-gong-et-elder-soares\/","og_locale":"fr_FR","og_type":"article","og_title":"Qui sont les deux nouveaux ap\u00f4tres, Elder Gong et Elder Soares?","og_description":"La session du samedi 31 mars 2018 au matin a vu l'annonce des 2 nouveaux ap\u00f4tres Elder Gong et Elder Soares. Venez en d\u00e9couvrir un peu plus sur eux.","og_url":"https:\/\/fr.elds.org\/lesmormons-net\/actualites-mondiales\/qui-sont-nouveaux-apotres-elder-gong-et-elder-soares\/","og_site_name":"Les Mormons","article_published_time":"2018-04-02T19:16:54+00:00","article_modified_time":"2018-07-25T08:54:02+00:00","og_image":[{"width":948,"height":542,"url":"https:\/\/fr.elds.org\/lesmormons-net\/files\/2018\/04\/gong-soares.jpg","type":"image\/jpeg"}],"author":"Plus de Foi","twitter_card":"summary_large_image","twitter_misc":{"\u00c9crit par":"Plus de Foi","Dur\u00e9e de lecture estim\u00e9e":"3 minutes"},"schema":{"@context":"https:\/\/schema.org","@graph":[{"@type":"Article","@id":"https:\/\/fr.elds.org\/lesmormons-net\/actualites-mondiales\/qui-sont-nouveaux-apotres-elder-gong-et-elder-soares\/#article","isPartOf":{"@id":"https:\/\/fr.elds.org\/lesmormons-net\/actualites-mondiales\/qui-sont-nouveaux-apotres-elder-gong-et-elder-soares\/"},"author":{"name":"Plus de Foi","@id":"https:\/\/fr.elds.org\/lesmormons-net\/#\/schema\/person\/21d1cc3e5996143ad0f655979783dfc3"},"headline":"Qui sont les deux nouveaux ap\u00f4tres Elder Gong et Elder Soares?","datePublished":"2018-04-02T19:16:54+00:00","dateModified":"2018-07-25T08:54:02+00:00","mainEntityOfPage":{"@id":"https:\/\/fr.elds.org\/lesmormons-net\/actualites-mondiales\/qui-sont-nouveaux-apotres-elder-gong-et-elder-soares\/"},"wordCount":672,"commentCount":0,"image":{"@id":"https:\/\/fr.elds.org\/lesmormons-net\/actualites-mondiales\/qui-sont-nouveaux-apotres-elder-gong-et-elder-soares\/#primaryimage"},"thumbnailUrl":"https:\/\/fr.elds.org\/lesmormons-net\/files\/2018\/04\/gong-soares.jpg","keywords":["histoire de l'Eglise","organisation de l'Eglise"],"articleSection":["Actualit\u00e9s mondiales"],"inLanguage":"fr-FR","potentialAction":[{"@type":"CommentAction","name":"Comment","target":["https:\/\/fr.elds.org\/lesmormons-net\/actualites-mondiales\/qui-sont-nouveaux-apotres-elder-gong-et-elder-soares\/#respond"]}]},{"@type":"WebPage","@id":"https:\/\/fr.elds.org\/lesmormons-net\/actualites-mondiales\/qui-sont-nouveaux-apotres-elder-gong-et-elder-soares\/","url":"https:\/\/fr.elds.org\/lesmormons-net\/actualites-mondiales\/qui-sont-nouveaux-apotres-elder-gong-et-elder-soares\/","name":"Qui sont les deux nouveaux ap\u00f4tres, Elder Gong et Elder Soares?","isPartOf":{"@id":"https:\/\/fr.elds.org\/lesmormons-net\/#website"},"primaryImageOfPage":{"@id":"https:\/\/fr.elds.org\/lesmormons-net\/actualites-mondiales\/qui-sont-nouveaux-apotres-elder-gong-et-elder-soares\/#primaryimage"},"image":{"@id":"https:\/\/fr.elds.org\/lesmormons-net\/actualites-mondiales\/qui-sont-nouveaux-apotres-elder-gong-et-elder-soares\/#primaryimage"},"thumbnailUrl":"https:\/\/fr.elds.org\/lesmormons-net\/files\/2018\/04\/gong-soares.jpg","datePublished":"2018-04-02T19:16:54+00:00","dateModified":"2018-07-25T08:54:02+00:00","author":{"@id":"https:\/\/fr.elds.org\/lesmormons-net\/#\/schema\/person\/21d1cc3e5996143ad0f655979783dfc3"},"description":"La session du samedi 31 mars 2018 au matin a vu l'annonce des 2 nouveaux ap\u00f4tres Elder Gong et Elder Soares. Venez en d\u00e9couvrir un peu plus sur eux.","breadcrumb":{"@id":"https:\/\/fr.elds.org\/lesmormons-net\/actualites-mondiales\/qui-sont-nouveaux-apotres-elder-gong-et-elder-soares\/#breadcrumb"},"inLanguage":"fr-FR","potentialAction":[{"@type":"ReadAction","target":["https:\/\/fr.elds.org\/lesmormons-net\/actualites-mondiales\/qui-sont-nouveaux-apotres-elder-gong-et-elder-soares\/"]}]},{"@type":"ImageObject","inLanguage":"fr-FR","@id":"https:\/\/fr.elds.org\/lesmormons-net\/actualites-mondiales\/qui-sont-nouveaux-apotres-elder-gong-et-elder-soares\/#primaryimage","url":"https:\/\/fr.elds.org\/lesmormons-net\/files\/2018\/04\/gong-soares.jpg","contentUrl":"https:\/\/fr.elds.org\/lesmormons-net\/files\/2018\/04\/gong-soares.jpg","width":948,"height":542,"caption":"Elder Gong et Elder Soares se dirigent vers leurs nouveaux fauteuils d'ap\u00f4tres et quittent ceux qu'ils occupaient en tant que membre de la pr\u00e9sidence des soixante-dix"},{"@type":"BreadcrumbList","@id":"https:\/\/fr.elds.org\/lesmormons-net\/actualites-mondiales\/qui-sont-nouveaux-apotres-elder-gong-et-elder-soares\/#breadcrumb","itemListElement":[{"@type":"ListItem","position":1,"name":"Home","item":"https:\/\/fr.elds.org\/lesmormons-net\/"},{"@type":"ListItem","position":2,"name":"Qui sont les deux nouveaux ap\u00f4tres Elder Gong et Elder Soares?"}]},{"@type":"WebSite","@id":"https:\/\/fr.elds.org\/lesmormons-net\/#website","url":"https:\/\/fr.elds.org\/lesmormons-net\/","name":"Les Mormons","description":"Les mormons au quotidien","potentialAction":[{"@type":"SearchAction","target":{"@type":"EntryPoint","urlTemplate":"https:\/\/fr.elds.org\/lesmormons-net\/?s={search_term_string}"},"query-input":{"@type":"PropertyValueSpecification","valueRequired":true,"valueName":"search_term_string"}}],"inLanguage":"fr-FR"},{"@type":"Person","@id":"https:\/\/fr.elds.org\/lesmormons-net\/#\/schema\/person\/21d1cc3e5996143ad0f655979783dfc3","name":"Plus de Foi","image":{"@type":"ImageObject","inLanguage":"fr-FR","@id":"https:\/\/secure.gravatar.com\/avatar\/4647b2714d43c09703afab402f554845ba42922ebe724cb9639d75cf44059553?s=96&d=blank&r=g","url":"https:\/\/secure.gravatar.com\/avatar\/4647b2714d43c09703afab402f554845ba42922ebe724cb9639d75cf44059553?s=96&d=blank&r=g","contentUrl":"https:\/\/secure.gravatar.com\/avatar\/4647b2714d43c09703afab402f554845ba42922ebe724cb9639d75cf44059553?s=96&d=blank&r=g","caption":"Plus de Foi"},"description":"Plus de Foi est une page cr\u00e9\u00e9e par des membres chr\u00e9tiens de l'\u00c9glise de J\u00e9sus-Christ des Saints des Derniers Jours. Nous publions des contenus sur comment nous vivons notre foi au quotidien et nous aimons partager nos croyances avec les personnes autour de nous.","url":"https:\/\/fr.elds.org\/lesmormons-net\/author\/giada\/"}]}},"_links":{"self":[{"href":"https:\/\/fr.elds.org\/lesmormons-net\/wp-json\/wp\/v2\/posts\/7895","targetHints":{"allow":["GET"]}}],"collection":[{"href":"https:\/\/fr.elds.org\/lesmormons-net\/wp-json\/wp\/v2\/posts"}],"about":[{"href":"https:\/\/fr.elds.org\/lesmormons-net\/wp-json\/wp\/v2\/types\/post"}],"author":[{"embeddable":true,"href":"https:\/\/fr.elds.org\/lesmormons-net\/wp-json\/wp\/v2\/users\/53"}],"replies":[{"embeddable":true,"href":"https:\/\/fr.elds.org\/lesmormons-net\/wp-json\/wp\/v2\/comments?post=7895"}],"version-history":[{"count":1,"href":"https:\/\/fr.elds.org\/lesmormons-net\/wp-json\/wp\/v2\/posts\/7895\/revisions"}],"predecessor-version":[{"id":7899,"href":"https:\/\/fr.elds.org\/lesmormons-net\/wp-json\/wp\/v2\/posts\/7895\/revisions\/7899"}],"wp:featuredmedia":[{"embeddable":true,"href":"https:\/\/fr.elds.org\/lesmormons-net\/wp-json\/wp\/v2\/media\/7898"}],"wp:attachment":[{"href":"https:\/\/fr.elds.org\/lesmormons-net\/wp-json\/wp\/v2\/media?parent=7895"}],"wp:term":[{"taxonomy":"category","embeddable":true,"href":"https:\/\/fr.elds.org\/lesmormons-net\/wp-json\/wp\/v2\/categories?post=7895"},{"taxonomy":"post_tag","embeddable":true,"href":"https:\/\/fr.elds.org\/lesmormons-net\/wp-json\/wp\/v2\/tags?post=7895"}],"curies":[{"name":"wp","href":"https:\/\/api.w.org\/{rel}","templated":true}]}}