{"id":7708,"date":"2018-02-23T18:45:07","date_gmt":"2018-02-23T17:45:07","guid":{"rendered":"https:\/\/fr.elds.org\/lesmormons-net\/?p=7708"},"modified":"2018-10-09T09:58:26","modified_gmt":"2018-10-09T07:58:26","slug":"lexperience-religieuse-curriculum-vitae","status":"publish","type":"post","link":"https:\/\/fr.elds.org\/lesmormons-net\/merged\/lexperience-religieuse-curriculum-vitae\/","title":{"rendered":"L\u2019exp\u00e9rience religieuse sur un Curriculum Vitae"},"content":{"rendered":"<p>Il n&rsquo;est pas toujours \u00e9vident de transcrire nos exp\u00e9riences dans l&rsquo;Eglise (appels, missions, service b\u00e9n\u00e9vole, etc) sur un Curriculum Vitae ou bien les mettre en avant lors d&rsquo;un entretien d&#8217;embauche.<\/p>\n<p>Pourtant, nous d\u00e9veloppons nos talents, nos aptitudes, nos connaissances et nos qualit\u00e9s lorsque nous servons notre prochain. Savoir comment pr\u00e9senter de mani\u00e8re positive notre progression, nos d\u00e9fis et nos r\u00e9ussites peut devenir un avantage certain dans la recherche d&rsquo;un emploi.<\/p>\n<p>Ce tableau comparatif a \u00e9t\u00e9 r\u00e9alis\u00e9 par les services de l\u2019autonomie de l&rsquo;Eglise de J\u00e9sus-Christ des Saints des Derniers Jours en Italie et la r\u00e9daction de LesMormons.net a pens\u00e9 que cet outil pourrait \u00e9galement aider de nombreux mormons francophones.<\/p>\n<p>&nbsp;<\/p>\n<table>\n<tbody>\n<tr>\n<td width=\"142\">Missionnaire<\/td>\n<td width=\"124\"><strong>B\u00e9n\u00e9volat<\/strong><\/td>\n<td width=\"760\">Pendant [nombre] ann\u00e9es, j\u2019ai \u00e9t\u00e9 b\u00e9n\u00e9vole \u00e0\/en [Pays\/Nom de la mission], o\u00f9 j\u2019ai particip\u00e9 \u00e0 des projets de service pour la collectivit\u00e9 locale, et enseign\u00e9 des principes chr\u00e9tiens en abordant les gens dans la rue, en faisant du porte \u00e0 porte et via les r\u00e9seaux sociaux. J\u2019ai \u00e9t\u00e9 responsable de groupes d\u2019autres b\u00e9n\u00e9voles, au niveau local et r\u00e9gional. En tant que dirigeant de groupe, je devais assurer le suivi du travail et des r\u00e9sultats de [nombre] b\u00e9n\u00e9voles. J\u2019organisais et dirigeais des r\u00e9unions hebdomadaires de coordination et de formation. <strong>Gr\u00e2ce \u00e0 cette exp\u00e9rience, j\u2019ai d\u00e9velopp\u00e9 des comp\u00e9tences dans les domaines de la formation, de<\/strong> <strong>l\u2019organisation et du relationnel. J\u2019ai appris \u00e0 g\u00e9rer efficacement le temps, \u00e0 fixer des objectifs et \u00e0 d\u00e9finir des \u00e9tapes \u00e0 court, moyen et long terme pour les atteindre.<\/strong><\/td>\n<\/tr>\n<tr>\n<td width=\"142\">Instructeur\u00a0: \u00c9cole du Dimanche, Soci\u00e9t\u00e9 de Secours, Pr\u00eatrise, Institut<\/td>\n<td width=\"124\"><strong>Enseignant de cours de d\u00e9veloppement personnel<\/strong><\/td>\n<td width=\"760\">J\u2019enseigne un cours hebdomadaire de d\u00e9veloppement personnel pour adultes, pour aider les participants \u00e0 devenir autonomes \u00e9motionnellement et temporellement. <strong>Gr\u00e2ce \u00e0 cette exp\u00e9rience j\u2019ai am\u00e9lior\u00e9 mes comp\u00e9tences dans la communication, la pr\u00e9sentation et la gestion de groupe.<\/strong><\/td>\n<\/tr>\n<tr>\n<td width=\"142\">Instructeur\u00a0: JG\/JF \u00c9cole du Dimanche et S\u00e9minaire<\/td>\n<td width=\"124\"><strong>Enseignant de cours de d\u00e9veloppement personnel pour jeunes<\/strong><\/td>\n<td width=\"760\">J\u2019enseigne un cours hebdomadaire de d\u00e9veloppement personnel pour des jeunes de 12 \u00e0 18 ans, pour aider les participants \u00e0 devenir autonomes \u00e9motionnellement et temporellement. <strong>Gr\u00e2ce \u00e0 cette exp\u00e9rience j\u2019ai am\u00e9lior\u00e9 mes comp\u00e9tences dans la communication, la pr\u00e9sentation et la gestion de groupe.<\/strong><\/td>\n<\/tr>\n<tr>\n<td width=\"142\">Instructeur\u00a0: Primaire<\/td>\n<td width=\"124\"><strong>Enseignant de cours de d\u00e9veloppement personnel pour enfants<\/strong><\/td>\n<td width=\"760\">J\u2019enseigne un cours hebdomadaire de d\u00e9veloppement personnel pour des enfants de 3 \u00e0 11 ans, pour aider les participants \u00e0 devenir autonomes \u00e9motionnellement et temporellement. <strong>Gr\u00e2ce \u00e0 cette exp\u00e9rience j\u2019ai am\u00e9lior\u00e9 mes comp\u00e9tences dans la communication, la pr\u00e9sentation et la gestion de groupe<\/strong><\/td>\n<\/tr>\n<tr>\n<td width=\"142\">Sp\u00e9cialiste\/animateur de l\u2019autonomie<\/td>\n<td width=\"124\"><strong>Animateur de groupe de croissance personnelle<\/strong><\/td>\n<td width=\"760\">J\u2019anime b\u00e9n\u00e9volement des r\u00e9unions de groupe sur la recherche d\u2019emploi, les finances personnelles, les formations et comment lancer une entreprise. J\u2019aide les membres du groupe \u00e0 apprendre des principes et \u00e0 acqu\u00e9rir des comp\u00e9tences utiles pour les aider \u00e0 devenir autonomes au travail et \u00e0 la maison. Je les aide aussi \u00e0 mettre en pratique et \u00e0 appliquer leurs nouvelles comp\u00e9tences. <strong>En tant qu\u2019animateur de groupe, j\u2019ai appris comment aider les gens \u00e0 s\u2019aider eux-m\u00eames et j\u2019ai am\u00e9lior\u00e9 mes propres comp\u00e9tences en communication et gestion de groupe.<\/strong><\/td>\n<\/tr>\n<tr>\n<td width=\"142\">Consultant en histoire familiale<\/td>\n<td width=\"124\"><strong>Consultant en g\u00e9n\u00e9alogie<\/strong><\/td>\n<td width=\"760\">Depuis [nombre] ann\u00e9es, je suis consultant b\u00e9n\u00e9vole en g\u00e9n\u00e9alogie et histoire familiale. J\u2019aide des gens \u00e0 trouver leurs anc\u00eatres, \u00e0 faire leur arbre g\u00e9n\u00e9alogique et \u00e0 mettre en place leur histoire familiale.<\/td>\n<\/tr>\n<tr>\n<td width=\"142\">Pr\u00e9sidence de l\u2019\u00c9cole du Dimanche<\/td>\n<td width=\"124\"><strong>Responsable d\u2019enseignants<\/strong><\/td>\n<td width=\"760\">Pendant [nombre] ann\u00e9es, j\u2019ai \u00e9t\u00e9 charg\u00e9 de former et coordonner un groupe d\u2019enseignants. Chaque mois, j\u2019organisais des s\u00e9minaires et des sessions de formation pour am\u00e9liorer les techniques d\u2019enseignement. <strong>Gr\u00e2ce \u00e0 cette exp\u00e9rience, j\u2019ai am\u00e9lior\u00e9 mes comp\u00e9tences en communication et formation.<\/strong><\/td>\n<\/tr>\n<tr>\n<td width=\"142\">Pr\u00e9sidence de Soci\u00e9t\u00e9 de Secours<\/td>\n<td width=\"124\"><strong>Responsable d\u2019une unit\u00e9 d\u2019enrichissement de femmes<\/strong><\/td>\n<td width=\"760\">Je veille au bien-\u00eatre personnel et au d\u00e9veloppement d\u2019un groupe de [nombre] femmes de plus de 18 ans. Je planifie et organise, entre autres, des manifestions sociales et culturelles chaque mois, je coordonne aussi le travail avec d\u2019autres collaborateurs. <strong>Gr\u00e2ce \u00e0 cette exp\u00e9rience j\u2019ai appris comment diriger des personnes et organiser des manifestations. J\u2019ai appris comment g\u00e9rer plus efficacement le temps et les relations humaines. J\u2019ai \u00e9galement appris \u00e0 fixer des objectifs et \u00e0 d\u00e9finir des \u00e9tapes \u00e0 court, moyen et long terme pour les atteindre.<\/strong><\/td>\n<\/tr>\n<tr>\n<td width=\"142\">Pr\u00e9sidence de Primaire<\/td>\n<td width=\"124\"><strong>Responsable d\u2019une unit\u00e9 d\u2019enrichissement d\u2019enfants<\/strong><\/td>\n<td width=\"760\">Je dirige les efforts de plusieurs collaborateurs et enseignants qui pr\u00e9parent des activit\u00e9s de groupe et des enseignements pour des enfants de 3 \u00e0 11 ans. <strong>Gr\u00e2ce \u00e0 cette exp\u00e9rience j\u2019ai am\u00e9lior\u00e9 mes comp\u00e9tences dans la gestion et la communication avec des petits groupes d\u2019enfants. J\u2019ai \u00e9galement appris \u00e0 fixer des objectifs et \u00e0 d\u00e9finir des \u00e9tapes \u00e0 court, moyen et long terme pour les atteindre.<\/strong><\/td>\n<\/tr>\n<tr>\n<td width=\"142\">Pr\u00e9sidence du coll\u00e8ge des anciens<\/td>\n<td width=\"124\"><strong>Responsable d\u2019une unit\u00e9 d\u2019enrichissement d\u2019hommes<\/strong><\/td>\n<td width=\"760\">Je veille au bien-\u00eatre personnel et au d\u00e9veloppement d\u2019un groupe de [nombre] hommes de plus de 18 ans. Je planifie et organise, entre autres, des manifestions sociales et culturelles chaque mois. Avec trois collaborateurs, je coordonne les op\u00e9rations d\u2019un r\u00e9seau de service visant \u00e0 aider les personnes et les familles de la collectivit\u00e9. <strong>Gr\u00e2ce \u00e0 cette exp\u00e9rience j\u2019ai appris comment diriger des groupes. J\u2019ai appris comment g\u00e9rer plus efficacement le temps et les relations humaines. J\u2019ai \u00e9galement appris \u00e0 fixer des objectifs et \u00e0 d\u00e9finir des \u00e9tapes \u00e0 court, moyen et long terme pour les atteindre.<\/strong><\/td>\n<\/tr>\n<tr>\n<td width=\"142\">Pr\u00e9sidence de JG \/ JF<\/td>\n<td width=\"124\"><strong>Responsable d\u2019une unit\u00e9 d\u2019enrichissement de jeunes<\/strong><\/td>\n<td width=\"760\">Pendant [nombre] ann\u00e9es, j\u2019ai \u00e9t\u00e9 charg\u00e9 du d\u00e9veloppement personnel de groupes de jeunes gar\u00e7ons\/filles de 12 \u00e0 18 ans. En collaborations avec les parents et d\u2019autres b\u00e9n\u00e9voles, j\u2019ai organis\u00e9 des manifestations sociales, culturelles, sportives, et de service ayant pour but d\u2019offrir aux jeunes des occasions de d\u00e9velopper leur valeur personnelle et leur sens de l\u2019\u00e9thique. <strong>Gr\u00e2ce \u00e0 cette exp\u00e9rience, j\u2019ai am\u00e9lior\u00e9 mes comp\u00e9tences dans les domaines de la communication et de l\u2019organisation. J\u2019ai \u00e9galement appris \u00e0 fixer des objectifs et \u00e0 d\u00e9finir des \u00e9tapes \u00e0 court, moyen et long terme pour les atteindre.<\/strong><\/td>\n<\/tr>\n<tr>\n<td width=\"142\">Greffier<\/td>\n<td width=\"124\"><strong>Greffier \/ Backoffice \/ assistant comptable<\/strong><\/td>\n<td width=\"760\">Pendant [nombre] ann\u00e9es, je me suis occup\u00e9 de documents confidentiels et des finances pour une unit\u00e9 religieuse locale. J\u2019ai aussi produit des rapports et des statistiques et particip\u00e9 aux r\u00e9unions de direction et d\u2019audits financiers. <strong>Gr\u00e2ce \u00e0 cette exp\u00e9rience<\/strong> <strong>j\u2019ai renforc\u00e9 mes comp\u00e9tences organisationnelles et d\u00e9velopp\u00e9 des comp\u00e9tences dans les domaines de l\u2019organisation et des finances.<\/strong><\/td>\n<\/tr>\n<tr>\n<td width=\"142\">Secr\u00e9taire ex\u00e9cutif et secr\u00e9taire dans d\u2019autres organisations<\/td>\n<td width=\"124\"><strong>Secr\u00e9taire<\/strong><\/td>\n<td width=\"760\">Pendant [nombre] ann\u00e9es j\u2019ai travaill\u00e9 comme secr\u00e9taire b\u00e9n\u00e9vole pour une organisation \u00e0 but non lucratif. Je g\u00e9rais les agendas des r\u00e9unions de bureaux hebdomadaires auxquelles je participais. J\u2019ai aussi g\u00e9r\u00e9 les rendez-vous des membres du bureau et particip\u00e9 \u00e0 l\u2019organisation de manifestations. <strong>Cette exp\u00e9rience a renforc\u00e9 mes comp\u00e9tences dans les domaines de la gestion du temps et de la r\u00e9daction de rapports.<\/strong><\/td>\n<\/tr>\n<tr>\n<td width=\"142\">Dirigeant de mission de paroisse<\/td>\n<td width=\"124\"><strong>Coordinateur d\u2019un groupe local de communication<\/strong><\/td>\n<td width=\"760\">J\u2019ai dirig\u00e9 les activit\u00e9s d\u2019un petit groupe de b\u00e9n\u00e9voles \u00e0 faire connaitre les services et les id\u00e9es de l\u2019organisation. J\u2019ai collabor\u00e9 avec d\u2019autres d\u00e9partements pour organiser des manifestations culturelles et sociales ouvertes \u00e0 la collectivit\u00e9. <strong>Cette exp\u00e9rience m\u2019a aid\u00e9 \u00e0 d\u00e9velopper ma capacit\u00e9 \u00e0 travailler en \u00e9quipe et \u00e0 communiquer efficacement.<\/strong><\/td>\n<\/tr>\n<tr>\n<td width=\"142\">\u00c9piscopat<\/td>\n<td width=\"124\"><strong>Responsable d\u2019unit\u00e9 pour une association religieuse \/ \u00e0 but non lucratif<\/strong><\/td>\n<td width=\"760\">Depuis [nombre] ann\u00e9es je suis responsable du bien-\u00eatre \u00e9motionnel et temporel de [nombre] familles dans la collectivit\u00e9 locale. Avec un groupe de collaborateurs, je coordonne le travail et les interactions de plusieurs d\u00e9partements. Cette responsabilit\u00e9 m\u2019a permis de d\u00e9velopper des comp\u00e9tences dans les relations humaines, la gestion du temps, la r\u00e9solution de probl\u00e8mes, et la communication. <strong>J\u2019ai \u00e9galement appris \u00e0 fixer des objectifs et \u00e0 d\u00e9finir des \u00e9tapes \u00e0 court, moyen et long terme pour les atteindre.<\/strong><\/td>\n<\/tr>\n<tr>\n<td width=\"142\">Pr\u00e9sidence de pieu<\/td>\n<td width=\"124\"><strong>Responsable r\u00e9gional pour une association religieuse \/ \u00e0 but non lucratif<\/strong><\/td>\n<td width=\"760\">Depuis [nombre] ann\u00e9es, je suis responsable de la gestion de [nombre] communaut\u00e9s de familles, soit de [nombre] personnes. Avec un groupe de [15] collaborateurs, je coordonne le travail et les interactions de plusieurs d\u00e9partements. Cette responsabilit\u00e9 m\u2019a permis de d\u00e9velopper des comp\u00e9tences dans les relations humaines, la gestion du temps, la r\u00e9solution de probl\u00e8mes, et la communication. <strong>J\u2019ai \u00e9galement appris \u00e0 fixer des objectifs et \u00e0 d\u00e9finir des \u00e9tapes \u00e0 court, moyen et long terme pour les atteindre tout en aidant mes collaborateurs \u00e0 faire de m\u00eame.<\/strong><\/td>\n<\/tr>\n<tr>\n<td width=\"142\">Autres dirigeants et appels de pieu<\/td>\n<td width=\"124\"><\/td>\n<td width=\"760\">Comme les appels locaux en ajoutant \u00a0\u00bb au niveau r\u00e9gional \u00ab\u00a0.<\/td>\n<\/tr>\n<\/tbody>\n<\/table>\n<p>&nbsp;<\/p>\n<p>La r\u00e9daction souhaite \u00e0 chacun de ses lecteurs de pouvoir reconna\u00eetre les comp\u00e9tences qu&rsquo;ils ont acquis tout au long de leur vie de saints des derniers jours.<\/p>\n<hr \/>\n<p>Article \u00e9crit par Eolia, et avec Christine \u00e0 la traduction.<\/p>\n","protected":false},"excerpt":{"rendered":"<p>Votre Curriculum Vitae peut b\u00e9n\u00e9ficier de vos exp\u00e9riences dans l&rsquo;Eglise si vous savez comment les expliquer de mani\u00e8re professionnelle.<\/p>\n","protected":false},"author":53,"featured_media":7709,"comment_status":"open","ping_status":"closed","sticky":false,"template":"","format":"standard","meta":{"_et_pb_use_builder":"","_et_pb_old_content":"","_et_gb_content_width":"","footnotes":""},"categories":[455],"tags":[441,446,449],"class_list":["post-7708","post","type-post","status-publish","format-standard","has-post-thumbnail","hentry","category-merged","tag-membre-eglise-christ","tag-limportance-du-travail","tag-rendre-service","et-has-post-format-content","et_post_format-et-post-format-standard"],"yoast_head":"<!-- This site is optimized with the Yoast SEO plugin v27.4 - https:\/\/yoast.com\/product\/yoast-seo-wordpress\/ -->\n<title>Comment int\u00e9grer notre exp\u00e9rience de service dans un Curriculum Vitae?<\/title>\n<meta name=\"description\" content=\"Votre Curriculum Vitae peut b\u00e9n\u00e9ficier de vos exp\u00e9riences dans l&#039;Eglise si vous savez comment les expliquer de mani\u00e8re professionnelle.\" \/>\n<meta name=\"robots\" content=\"index, follow, max-snippet:-1, max-image-preview:large, max-video-preview:-1\" \/>\n<link rel=\"canonical\" href=\"https:\/\/fr.elds.org\/lesmormons-net\/merged\/lexperience-religieuse-curriculum-vitae\/\" \/>\n<meta property=\"og:locale\" content=\"fr_FR\" \/>\n<meta property=\"og:type\" content=\"article\" \/>\n<meta property=\"og:title\" content=\"Comment int\u00e9grer notre exp\u00e9rience de service dans un Curriculum Vitae?\" \/>\n<meta property=\"og:description\" content=\"Votre Curriculum Vitae peut b\u00e9n\u00e9ficier de vos exp\u00e9riences dans l&#039;Eglise si vous savez comment les expliquer de mani\u00e8re professionnelle.\" \/>\n<meta property=\"og:url\" content=\"https:\/\/fr.elds.org\/lesmormons-net\/merged\/lexperience-religieuse-curriculum-vitae\/\" \/>\n<meta property=\"og:site_name\" content=\"Les Mormons\" \/>\n<meta property=\"article:published_time\" content=\"2018-02-23T17:45:07+00:00\" \/>\n<meta property=\"article:modified_time\" content=\"2018-10-09T07:58:26+00:00\" \/>\n<meta property=\"og:image\" content=\"https:\/\/fr.elds.org\/lesmormons-net\/files\/2018\/02\/relief-society-presidency-meeting-women-1735044-tablet.jpg\" \/>\n\t<meta property=\"og:image:width\" content=\"948\" \/>\n\t<meta property=\"og:image:height\" content=\"542\" \/>\n\t<meta property=\"og:image:type\" content=\"image\/jpeg\" \/>\n<meta name=\"author\" content=\"Plus de Foi\" \/>\n<meta name=\"twitter:card\" content=\"summary_large_image\" \/>\n<meta name=\"twitter:label1\" content=\"\u00c9crit par\" \/>\n\t<meta name=\"twitter:data1\" content=\"Plus de Foi\" \/>\n\t<meta name=\"twitter:label2\" content=\"Dur\u00e9e de lecture estim\u00e9e\" \/>\n\t<meta name=\"twitter:data2\" content=\"8 minutes\" \/>\n<script type=\"application\/ld+json\" class=\"yoast-schema-graph\">{\"@context\":\"https:\\\/\\\/schema.org\",\"@graph\":[{\"@type\":\"Article\",\"@id\":\"https:\\\/\\\/fr.elds.org\\\/lesmormons-net\\\/merged\\\/lexperience-religieuse-curriculum-vitae\\\/#article\",\"isPartOf\":{\"@id\":\"https:\\\/\\\/fr.elds.org\\\/lesmormons-net\\\/merged\\\/lexperience-religieuse-curriculum-vitae\\\/\"},\"author\":{\"name\":\"Plus de Foi\",\"@id\":\"https:\\\/\\\/fr.elds.org\\\/lesmormons-net\\\/#\\\/schema\\\/person\\\/21d1cc3e5996143ad0f655979783dfc3\"},\"headline\":\"L\u2019exp\u00e9rience religieuse sur un Curriculum Vitae\",\"datePublished\":\"2018-02-23T17:45:07+00:00\",\"dateModified\":\"2018-10-09T07:58:26+00:00\",\"mainEntityOfPage\":{\"@id\":\"https:\\\/\\\/fr.elds.org\\\/lesmormons-net\\\/merged\\\/lexperience-religieuse-curriculum-vitae\\\/\"},\"wordCount\":1603,\"commentCount\":0,\"image\":{\"@id\":\"https:\\\/\\\/fr.elds.org\\\/lesmormons-net\\\/merged\\\/lexperience-religieuse-curriculum-vitae\\\/#primaryimage\"},\"thumbnailUrl\":\"https:\\\/\\\/fr.elds.org\\\/lesmormons-net\\\/files\\\/2018\\\/02\\\/relief-society-presidency-meeting-women-1735044-tablet.jpg\",\"keywords\":[\"\u00eatre membre de l'Eglise du Christ\",\"l'importance du travail\",\"rendre service\"],\"articleSection\":[\"Merging Articles\"],\"inLanguage\":\"fr-FR\",\"potentialAction\":[{\"@type\":\"CommentAction\",\"name\":\"Comment\",\"target\":[\"https:\\\/\\\/fr.elds.org\\\/lesmormons-net\\\/merged\\\/lexperience-religieuse-curriculum-vitae\\\/#respond\"]}]},{\"@type\":\"WebPage\",\"@id\":\"https:\\\/\\\/fr.elds.org\\\/lesmormons-net\\\/merged\\\/lexperience-religieuse-curriculum-vitae\\\/\",\"url\":\"https:\\\/\\\/fr.elds.org\\\/lesmormons-net\\\/merged\\\/lexperience-religieuse-curriculum-vitae\\\/\",\"name\":\"Comment int\u00e9grer notre exp\u00e9rience de service dans un Curriculum Vitae?\",\"isPartOf\":{\"@id\":\"https:\\\/\\\/fr.elds.org\\\/lesmormons-net\\\/#website\"},\"primaryImageOfPage\":{\"@id\":\"https:\\\/\\\/fr.elds.org\\\/lesmormons-net\\\/merged\\\/lexperience-religieuse-curriculum-vitae\\\/#primaryimage\"},\"image\":{\"@id\":\"https:\\\/\\\/fr.elds.org\\\/lesmormons-net\\\/merged\\\/lexperience-religieuse-curriculum-vitae\\\/#primaryimage\"},\"thumbnailUrl\":\"https:\\\/\\\/fr.elds.org\\\/lesmormons-net\\\/files\\\/2018\\\/02\\\/relief-society-presidency-meeting-women-1735044-tablet.jpg\",\"datePublished\":\"2018-02-23T17:45:07+00:00\",\"dateModified\":\"2018-10-09T07:58:26+00:00\",\"author\":{\"@id\":\"https:\\\/\\\/fr.elds.org\\\/lesmormons-net\\\/#\\\/schema\\\/person\\\/21d1cc3e5996143ad0f655979783dfc3\"},\"description\":\"Votre Curriculum Vitae peut b\u00e9n\u00e9ficier de vos exp\u00e9riences dans l'Eglise si vous savez comment les expliquer de mani\u00e8re professionnelle.\",\"breadcrumb\":{\"@id\":\"https:\\\/\\\/fr.elds.org\\\/lesmormons-net\\\/merged\\\/lexperience-religieuse-curriculum-vitae\\\/#breadcrumb\"},\"inLanguage\":\"fr-FR\",\"potentialAction\":[{\"@type\":\"ReadAction\",\"target\":[\"https:\\\/\\\/fr.elds.org\\\/lesmormons-net\\\/merged\\\/lexperience-religieuse-curriculum-vitae\\\/\"]}]},{\"@type\":\"ImageObject\",\"inLanguage\":\"fr-FR\",\"@id\":\"https:\\\/\\\/fr.elds.org\\\/lesmormons-net\\\/merged\\\/lexperience-religieuse-curriculum-vitae\\\/#primaryimage\",\"url\":\"https:\\\/\\\/fr.elds.org\\\/lesmormons-net\\\/files\\\/2018\\\/02\\\/relief-society-presidency-meeting-women-1735044-tablet.jpg\",\"contentUrl\":\"https:\\\/\\\/fr.elds.org\\\/lesmormons-net\\\/files\\\/2018\\\/02\\\/relief-society-presidency-meeting-women-1735044-tablet.jpg\",\"width\":948,\"height\":542,\"caption\":\"mettre en avant sur le Curriculum Vitae vos exp\u00e9riences religieuses\"},{\"@type\":\"BreadcrumbList\",\"@id\":\"https:\\\/\\\/fr.elds.org\\\/lesmormons-net\\\/merged\\\/lexperience-religieuse-curriculum-vitae\\\/#breadcrumb\",\"itemListElement\":[{\"@type\":\"ListItem\",\"position\":1,\"name\":\"Home\",\"item\":\"https:\\\/\\\/fr.elds.org\\\/lesmormons-net\\\/\"},{\"@type\":\"ListItem\",\"position\":2,\"name\":\"L\u2019exp\u00e9rience religieuse sur un Curriculum Vitae\"}]},{\"@type\":\"WebSite\",\"@id\":\"https:\\\/\\\/fr.elds.org\\\/lesmormons-net\\\/#website\",\"url\":\"https:\\\/\\\/fr.elds.org\\\/lesmormons-net\\\/\",\"name\":\"Les Mormons\",\"description\":\"Les mormons au quotidien\",\"potentialAction\":[{\"@type\":\"SearchAction\",\"target\":{\"@type\":\"EntryPoint\",\"urlTemplate\":\"https:\\\/\\\/fr.elds.org\\\/lesmormons-net\\\/?s={search_term_string}\"},\"query-input\":{\"@type\":\"PropertyValueSpecification\",\"valueRequired\":true,\"valueName\":\"search_term_string\"}}],\"inLanguage\":\"fr-FR\"},{\"@type\":\"Person\",\"@id\":\"https:\\\/\\\/fr.elds.org\\\/lesmormons-net\\\/#\\\/schema\\\/person\\\/21d1cc3e5996143ad0f655979783dfc3\",\"name\":\"Plus de Foi\",\"image\":{\"@type\":\"ImageObject\",\"inLanguage\":\"fr-FR\",\"@id\":\"https:\\\/\\\/secure.gravatar.com\\\/avatar\\\/4647b2714d43c09703afab402f554845ba42922ebe724cb9639d75cf44059553?s=96&d=blank&r=g\",\"url\":\"https:\\\/\\\/secure.gravatar.com\\\/avatar\\\/4647b2714d43c09703afab402f554845ba42922ebe724cb9639d75cf44059553?s=96&d=blank&r=g\",\"contentUrl\":\"https:\\\/\\\/secure.gravatar.com\\\/avatar\\\/4647b2714d43c09703afab402f554845ba42922ebe724cb9639d75cf44059553?s=96&d=blank&r=g\",\"caption\":\"Plus de Foi\"},\"description\":\"Plus de Foi est une page cr\u00e9\u00e9e par des membres chr\u00e9tiens de l'\u00c9glise de J\u00e9sus-Christ des Saints des Derniers Jours. Nous publions des contenus sur comment nous vivons notre foi au quotidien et nous aimons partager nos croyances avec les personnes autour de nous.\",\"url\":\"https:\\\/\\\/fr.elds.org\\\/lesmormons-net\\\/author\\\/giada\\\/\"}]}<\/script>\n<!-- \/ Yoast SEO plugin. -->","yoast_head_json":{"title":"Comment int\u00e9grer notre exp\u00e9rience de service dans un Curriculum Vitae?","description":"Votre Curriculum Vitae peut b\u00e9n\u00e9ficier de vos exp\u00e9riences dans l'Eglise si vous savez comment les expliquer de mani\u00e8re professionnelle.","robots":{"index":"index","follow":"follow","max-snippet":"max-snippet:-1","max-image-preview":"max-image-preview:large","max-video-preview":"max-video-preview:-1"},"canonical":"https:\/\/fr.elds.org\/lesmormons-net\/merged\/lexperience-religieuse-curriculum-vitae\/","og_locale":"fr_FR","og_type":"article","og_title":"Comment int\u00e9grer notre exp\u00e9rience de service dans un Curriculum Vitae?","og_description":"Votre Curriculum Vitae peut b\u00e9n\u00e9ficier de vos exp\u00e9riences dans l'Eglise si vous savez comment les expliquer de mani\u00e8re professionnelle.","og_url":"https:\/\/fr.elds.org\/lesmormons-net\/merged\/lexperience-religieuse-curriculum-vitae\/","og_site_name":"Les Mormons","article_published_time":"2018-02-23T17:45:07+00:00","article_modified_time":"2018-10-09T07:58:26+00:00","og_image":[{"width":948,"height":542,"url":"https:\/\/fr.elds.org\/lesmormons-net\/files\/2018\/02\/relief-society-presidency-meeting-women-1735044-tablet.jpg","type":"image\/jpeg"}],"author":"Plus de Foi","twitter_card":"summary_large_image","twitter_misc":{"\u00c9crit par":"Plus de Foi","Dur\u00e9e de lecture estim\u00e9e":"8 minutes"},"schema":{"@context":"https:\/\/schema.org","@graph":[{"@type":"Article","@id":"https:\/\/fr.elds.org\/lesmormons-net\/merged\/lexperience-religieuse-curriculum-vitae\/#article","isPartOf":{"@id":"https:\/\/fr.elds.org\/lesmormons-net\/merged\/lexperience-religieuse-curriculum-vitae\/"},"author":{"name":"Plus de Foi","@id":"https:\/\/fr.elds.org\/lesmormons-net\/#\/schema\/person\/21d1cc3e5996143ad0f655979783dfc3"},"headline":"L\u2019exp\u00e9rience religieuse sur un Curriculum Vitae","datePublished":"2018-02-23T17:45:07+00:00","dateModified":"2018-10-09T07:58:26+00:00","mainEntityOfPage":{"@id":"https:\/\/fr.elds.org\/lesmormons-net\/merged\/lexperience-religieuse-curriculum-vitae\/"},"wordCount":1603,"commentCount":0,"image":{"@id":"https:\/\/fr.elds.org\/lesmormons-net\/merged\/lexperience-religieuse-curriculum-vitae\/#primaryimage"},"thumbnailUrl":"https:\/\/fr.elds.org\/lesmormons-net\/files\/2018\/02\/relief-society-presidency-meeting-women-1735044-tablet.jpg","keywords":["\u00eatre membre de l'Eglise du Christ","l'importance du travail","rendre service"],"articleSection":["Merging Articles"],"inLanguage":"fr-FR","potentialAction":[{"@type":"CommentAction","name":"Comment","target":["https:\/\/fr.elds.org\/lesmormons-net\/merged\/lexperience-religieuse-curriculum-vitae\/#respond"]}]},{"@type":"WebPage","@id":"https:\/\/fr.elds.org\/lesmormons-net\/merged\/lexperience-religieuse-curriculum-vitae\/","url":"https:\/\/fr.elds.org\/lesmormons-net\/merged\/lexperience-religieuse-curriculum-vitae\/","name":"Comment int\u00e9grer notre exp\u00e9rience de service dans un Curriculum Vitae?","isPartOf":{"@id":"https:\/\/fr.elds.org\/lesmormons-net\/#website"},"primaryImageOfPage":{"@id":"https:\/\/fr.elds.org\/lesmormons-net\/merged\/lexperience-religieuse-curriculum-vitae\/#primaryimage"},"image":{"@id":"https:\/\/fr.elds.org\/lesmormons-net\/merged\/lexperience-religieuse-curriculum-vitae\/#primaryimage"},"thumbnailUrl":"https:\/\/fr.elds.org\/lesmormons-net\/files\/2018\/02\/relief-society-presidency-meeting-women-1735044-tablet.jpg","datePublished":"2018-02-23T17:45:07+00:00","dateModified":"2018-10-09T07:58:26+00:00","author":{"@id":"https:\/\/fr.elds.org\/lesmormons-net\/#\/schema\/person\/21d1cc3e5996143ad0f655979783dfc3"},"description":"Votre Curriculum Vitae peut b\u00e9n\u00e9ficier de vos exp\u00e9riences dans l'Eglise si vous savez comment les expliquer de mani\u00e8re professionnelle.","breadcrumb":{"@id":"https:\/\/fr.elds.org\/lesmormons-net\/merged\/lexperience-religieuse-curriculum-vitae\/#breadcrumb"},"inLanguage":"fr-FR","potentialAction":[{"@type":"ReadAction","target":["https:\/\/fr.elds.org\/lesmormons-net\/merged\/lexperience-religieuse-curriculum-vitae\/"]}]},{"@type":"ImageObject","inLanguage":"fr-FR","@id":"https:\/\/fr.elds.org\/lesmormons-net\/merged\/lexperience-religieuse-curriculum-vitae\/#primaryimage","url":"https:\/\/fr.elds.org\/lesmormons-net\/files\/2018\/02\/relief-society-presidency-meeting-women-1735044-tablet.jpg","contentUrl":"https:\/\/fr.elds.org\/lesmormons-net\/files\/2018\/02\/relief-society-presidency-meeting-women-1735044-tablet.jpg","width":948,"height":542,"caption":"mettre en avant sur le Curriculum Vitae vos exp\u00e9riences religieuses"},{"@type":"BreadcrumbList","@id":"https:\/\/fr.elds.org\/lesmormons-net\/merged\/lexperience-religieuse-curriculum-vitae\/#breadcrumb","itemListElement":[{"@type":"ListItem","position":1,"name":"Home","item":"https:\/\/fr.elds.org\/lesmormons-net\/"},{"@type":"ListItem","position":2,"name":"L\u2019exp\u00e9rience religieuse sur un Curriculum Vitae"}]},{"@type":"WebSite","@id":"https:\/\/fr.elds.org\/lesmormons-net\/#website","url":"https:\/\/fr.elds.org\/lesmormons-net\/","name":"Les Mormons","description":"Les mormons au quotidien","potentialAction":[{"@type":"SearchAction","target":{"@type":"EntryPoint","urlTemplate":"https:\/\/fr.elds.org\/lesmormons-net\/?s={search_term_string}"},"query-input":{"@type":"PropertyValueSpecification","valueRequired":true,"valueName":"search_term_string"}}],"inLanguage":"fr-FR"},{"@type":"Person","@id":"https:\/\/fr.elds.org\/lesmormons-net\/#\/schema\/person\/21d1cc3e5996143ad0f655979783dfc3","name":"Plus de Foi","image":{"@type":"ImageObject","inLanguage":"fr-FR","@id":"https:\/\/secure.gravatar.com\/avatar\/4647b2714d43c09703afab402f554845ba42922ebe724cb9639d75cf44059553?s=96&d=blank&r=g","url":"https:\/\/secure.gravatar.com\/avatar\/4647b2714d43c09703afab402f554845ba42922ebe724cb9639d75cf44059553?s=96&d=blank&r=g","contentUrl":"https:\/\/secure.gravatar.com\/avatar\/4647b2714d43c09703afab402f554845ba42922ebe724cb9639d75cf44059553?s=96&d=blank&r=g","caption":"Plus de Foi"},"description":"Plus de Foi est une page cr\u00e9\u00e9e par des membres chr\u00e9tiens de l'\u00c9glise de J\u00e9sus-Christ des Saints des Derniers Jours. Nous publions des contenus sur comment nous vivons notre foi au quotidien et nous aimons partager nos croyances avec les personnes autour de nous.","url":"https:\/\/fr.elds.org\/lesmormons-net\/author\/giada\/"}]}},"_links":{"self":[{"href":"https:\/\/fr.elds.org\/lesmormons-net\/wp-json\/wp\/v2\/posts\/7708","targetHints":{"allow":["GET"]}}],"collection":[{"href":"https:\/\/fr.elds.org\/lesmormons-net\/wp-json\/wp\/v2\/posts"}],"about":[{"href":"https:\/\/fr.elds.org\/lesmormons-net\/wp-json\/wp\/v2\/types\/post"}],"author":[{"embeddable":true,"href":"https:\/\/fr.elds.org\/lesmormons-net\/wp-json\/wp\/v2\/users\/53"}],"replies":[{"embeddable":true,"href":"https:\/\/fr.elds.org\/lesmormons-net\/wp-json\/wp\/v2\/comments?post=7708"}],"version-history":[{"count":3,"href":"https:\/\/fr.elds.org\/lesmormons-net\/wp-json\/wp\/v2\/posts\/7708\/revisions"}],"predecessor-version":[{"id":8756,"href":"https:\/\/fr.elds.org\/lesmormons-net\/wp-json\/wp\/v2\/posts\/7708\/revisions\/8756"}],"wp:featuredmedia":[{"embeddable":true,"href":"https:\/\/fr.elds.org\/lesmormons-net\/wp-json\/wp\/v2\/media\/7709"}],"wp:attachment":[{"href":"https:\/\/fr.elds.org\/lesmormons-net\/wp-json\/wp\/v2\/media?parent=7708"}],"wp:term":[{"taxonomy":"category","embeddable":true,"href":"https:\/\/fr.elds.org\/lesmormons-net\/wp-json\/wp\/v2\/categories?post=7708"},{"taxonomy":"post_tag","embeddable":true,"href":"https:\/\/fr.elds.org\/lesmormons-net\/wp-json\/wp\/v2\/tags?post=7708"}],"curies":[{"name":"wp","href":"https:\/\/api.w.org\/{rel}","templated":true}]}}