{"id":7392,"date":"2017-12-22T07:14:52","date_gmt":"2017-12-22T06:14:52","guid":{"rendered":"https:\/\/fr.elds.org\/lesmormons-net\/?p=7392"},"modified":"2018-12-18T21:24:03","modified_gmt":"2018-12-18T20:24:03","slug":"histoire-village-provencal-temoin-naissance-jesus","status":"publish","type":"post","link":"https:\/\/fr.elds.org\/lesmormons-net\/temoignages\/histoire-village-provencal-temoin-naissance-jesus\/","title":{"rendered":"L\u2019histoire merveilleuse des villageois fran\u00e7ais qui ont \u00e9t\u00e9 t\u00e9moins de la naissance du Christ \u00e0 Bethl\u00e9em (FeC)"},"content":{"rendered":"<p><span style=\"font-weight: 400;\">L\u2019une de mes histoires de No\u00ebl pr\u00e9f\u00e9r\u00e9e vient de Provence, dans le sud de la France. Il y a deux cents ans, pendant la R\u00e9volution fran\u00e7aise, le nouveau gouvernement emp\u00eachait les \u00e9glises d\u2019exposer leurs cr\u00e8ches traditionnelles \u00e0 tailles r\u00e9elles, et ce dans chaque village proven\u00e7al comme ailleurs en France.<\/span><\/p>\n<p><span style=\"font-weight: 400;\">Par cons\u00e9quent, beaucoup de gens ont commenc\u00e9 \u00e0 installer de petites cr\u00e8ches chez eux. En plus des traditionnels bergers et roi mages, les personnages de la cr\u00e8che incluaient tous les villageois de Bethl\u00e9em, v\u00eatus non pas de robes des temps bibliques, mais plut\u00f4t des v\u00eatements traditionnels des m\u00e9tiers de la campagne fran\u00e7aise\u00a0: le musicien, le meunier, le p\u00eacheur, l\u2019aff\u00fbteur de lames, et le riche fermier. Chacun \u00e9tait repr\u00e9sent\u00e9 en train de se rendre \u00e0 l\u2019\u00e9table, apportant son pr\u00e9sent sp\u00e9cial \u00e0 l\u2019enfant Christ. Ce cort\u00e8ge nocturne des habitants d&rsquo;un village proven\u00e7al allant voir la famille sainte est la sc\u00e8ne d\u00e9crite dans le cantique de No\u00ebl fran\u00e7ais \u00ab\u00a0<a href=\"https:\/\/www.youtube.com\/watch?v=MBhWzXwm4Xg\" target=\"_blank\" rel=\"nofollow noopener\">Un flambeau, Jeannette, Isabelle\u00a0!<\/a>\u00a0\u00bb<\/span><\/p>\n<p><iframe width=\"1080\" height=\"608\" src=\"https:\/\/www.youtube.com\/embed\/x7r8o477iT4?wmode=transparent&amp;rel=0&amp;feature=oembed\" frameborder=\"0\" allow=\"accelerometer; autoplay; encrypted-media; gyroscope; picture-in-picture\" allowfullscreen><\/iframe><\/p>\n<h2>L&rsquo;histoire du village proven\u00e7al qui visite J\u00e9sus apr\u00e8s sa naissance<\/h2>\n<p><span style=\"font-weight: 400;\">Ma version pr\u00e9f\u00e9r\u00e9e de l\u2019histoire est racont\u00e9e par un ange nomm\u00e9 Boufar\u00e9o, qui parle avec un accent caract\u00e9ristique du sud de la France, o\u00f9 ils prononcent les mots d\u2019une mani\u00e8re musicale, souvent avec un son nasal \u00e0 la fin. Je ne tenterai pas d\u2019imiter l\u2019accent, mais voici ce que l\u2019ange Boufar\u00e9o a racont\u00e9 de cette nuit-l\u00e0 : <\/span><\/p>\n<p style=\"padding-left: 30px;\"><span style=\"font-weight: 400;\">Je vais vous dire comment tout s\u2019est pass\u00e9, parce que, apr\u00e8s tout, de l\u00e0 o\u00f9 j\u2019\u00e9tais, j\u2019\u00e9tais celui qui avait la meilleure vue. C\u2019\u00e9tait la nuit du 24 d\u00e9cembre, et le vent violent de l\u2019ouest soufflait et tous les gens de Bethl\u00e9em all\u00e8rent au lit de bonne heure. Et ils tir\u00e8rent les couvertures au-dessus de leurs t\u00eates pour ne pas entendre les sifflements du vent. Le vent de l\u2019ouest, qui \u00e9tait un ami du bon Seigneur, avait chass\u00e9 les nuages sur des milliers de kilom\u00e8tres, pour que le ciel soit tout propre et brillant d\u2019\u00e9toiles pour la naissance du petit. Ce n\u2019\u00e9tait pas une mauvaise intention, mais cela a beaucoup fait baisser la temp\u00e9rature. Je n\u2019avais que mes ailes pour me couvrir, et je croyais que j\u2019allais mourir de froid. Je me suis recroquevill\u00e9 du mieux que j\u2019ai pu.<\/span><\/p>\n<p style=\"padding-left: 30px;\"><span style=\"font-weight: 400;\">Enfin, je les ai vu, ces malheureux. \u00c7a faisait peine \u00e0 voir. Saint Joseph marchait devant, sa barbe agit\u00e9e par le vent comme un serpentin. Il essayait de faire bouclier pour la sainte M\u00e8re avec ses larges \u00e9paules. De temps en temps, il se retournait et disait\u00a0:<\/span><\/p>\n<p style=\"padding-left: 30px;\"><span style=\"font-weight: 400;\">\u201cComment vas-tu ma belle ?\u201d<\/span><\/p>\n<p style=\"padding-left: 30px;\"><b>\u201c<\/b><span style=\"font-weight: 400;\">Je ne peux pas continuer\u201d R\u00e9pondait Marie.<\/span><\/p>\n<p style=\"padding-left: 30px;\"><b>\u201c<\/b><span style=\"font-weight: 400;\">Continue encore un peu plus. Regarde, je vois une cabane l\u00e0-bas, tout pr\u00e8s.\u201d<\/span><\/p>\n<p style=\"padding-left: 30px;\"><b>\u201c<\/b><span style=\"font-weight: 400;\">Personne ne veut de nous,\u201d dit Marie d\u00e9sesp\u00e9r\u00e9e. <\/span><\/p>\n<p style=\"padding-left: 30px;\"><span style=\"font-weight: 400;\">\u201cEt bien, peut-\u00eatre pas les gens riches, mais ici, ce sont les pauvres. Ils nous feront certainement une petite place.\u201d<\/span><\/p>\n<p style=\"padding-left: 30px;\"><span style=\"font-weight: 400;\">Marie tr\u00e9bucha et tendit la main vers Joseph, \u201cDonne-moi ton bras.\u201d<\/span><\/p>\n<p style=\"padding-left: 30px;\"><b>\u201c<\/b><span style=\"font-weight: 400;\">Voil\u00e0, tiens-toi bien\u2026\u201d dit-il.<\/span><\/p>\n<p style=\"padding-left: 30px;\"><span style=\"font-weight: 400;\">\u201cOh, que \u00e7a fait mal ! A\u00efe !\u201d Criais Marie. <\/span><\/p>\n<p style=\"padding-left: 30px;\"><b>\u201c\u00a0<\/b><span style=\"font-weight: 400;\">Oh, a\u00efe, a\u00efe, a\u00efe, a\u00efe, a\u00efe, a\u00efe,\u201d dit Joseph, \u201cquelle mis\u00e8re, oh, nous sommes vraiment dans une mauvaise situation. Pas d\u2019argent, pas de maison, et une femme qui va accoucher au milieu de la nuit\u00a0! Et par un temps horrible ! N\u2019aie pas peur\u2026 Attend, je vais te porter.\u201d<\/span><\/p>\n<p style=\"padding-left: 30px;\"><b>\u201c<\/b><span style=\"font-weight: 400;\">Pardonne-moi d\u2019\u00eatre un tel fardeau, Joseph,\u201d dit Marie.<\/span><\/p>\n<p style=\"padding-left: 30px;\"><b>\u201c<\/b><span style=\"font-weight: 400;\">Je suis s\u00fbr qu\u2019on s\u2019en sortira, r\u00e9pondit-il. \u201cMais quand m\u00eame, le bon Seigneur nous en demande trop. Quand j\u2019ai accept\u00e9 de t\u2019\u00e9pouser, j\u2019aurais d\u00fb lui donner mes conditions.\u201d<\/span><\/p>\n<p style=\"padding-left: 30px;\"><b>\u201c<\/b><span style=\"font-weight: 400;\">Le regrettes-tu ?\u201d Demanda Marie gentiment. <\/span><\/p>\n<p style=\"padding-left: 30px;\"><span style=\"font-weight: 400;\">\u201cNon, mais \u00e9coute bien ma beaut\u00e9\u00a0\u00bb, dit Joseph. \u00ab\u00a0Qui suis-je? Moi, je ne suis personne. Et le bon Seigneur m\u2019a donn\u00e9 le droit de te tenir la main, de te porter dans mes bras, toi, la m\u00e8re de Son Petit. Et tu crois que je pourrais le regretter? <\/span><\/p>\n<p style=\"padding-left: 30px;\"><span style=\"font-weight: 400;\">Oh, mais tant de bonheur, c\u2019est quelque chose que je ne m\u00e9rite pas. Si seulement le bon Seigneur nous aidait juste un peu. Sinon, nous courrons au d\u00e9sastre\u00a0! Et les gens diront que c\u2019\u00e9tait de ma faute. Attend ici, ne bouge pas, nous y sommes. <\/span><i><span style=\"font-weight: 400;\">Toc, toc, toc<\/span><\/i><span style=\"font-weight: 400;\">. Il y a quelqu\u2019un\u00a0? Oh, les pauvres gens dorment. Je ne veux pas les r\u00e9veiller, mais je n\u2019ai pas le choix. <\/span><i><span style=\"font-weight: 400;\">Toc, toc, toc<\/span><\/i><span style=\"font-weight: 400;\">.\u201d<\/span><\/p>\n<p style=\"padding-left: 30px;\"><span style=\"font-weight: 400;\">Comme nous le savons tous, la recherche de Joseph et Marie d\u2019un abri s\u2019est termin\u00e9e dans une \u00e9table pleine de paille ou le b\u00e9b\u00e9 \u00e9tait couch\u00e9 dans une mangeoire. Finalement, tous les villageois dans l\u2019histoire ont \u00e9t\u00e9 guid\u00e9s vers l\u2019endroit o\u00f9 J\u00e9sus \u00e9tait allong\u00e9. Et en chemin, tous les villageois furent touch\u00e9s par leurs propres miracles en cette premi\u00e8re nuit de No\u00ebl.<\/span>\u00a0<span style=\"font-weight: 400;\">Le meunier fain\u00e9ant, qui soulageait sa grande tristesse en dormant tout le temps, se r\u00e9veille soudainement avec l\u2019envie de moudre du bl\u00e9. Comme pour r\u00e9pondre \u00e0 un souhait non \u00e9voqu\u00e9, les ailes de son moulin se mettent \u00e0 tourner bien qu\u2019il n\u2019y ait pas la moindre brize pour les faire bouger. Le voleur vole un dindon et est \u00e9tonnamment pris de remords. Le gendarme qui avait essayer d\u2019attraper le voleur pendant des ann\u00e9es, perd de fa\u00e7on aussi \u00e9tonnante l\u2019envie de l\u2019arr\u00eater. La poissonni\u00e8re vois son poisson pourri devenir si frais qu\u2019il para\u00eet presque vivant\u00a0; et son mari Pistachi\u00e9, un chasseur malchanceux, r\u00e9ussi \u00e0 tirer un lapin pour la premi\u00e8re fois, et l\u2019apporte en cadeau au nouveau-n\u00e9. <\/span><\/p>\n<p style=\"padding-left: 30px;\"><span style=\"font-weight: 400;\">Pour finir, le vieux berger, dont le seul compagnon, un chien de berger, est mort pendant la nuit, crie de joie quand son ami ador\u00e9 g\u00e9mi soudainement et revient \u00e0 la vie. Pensant que le chien pourrait \u00eatre utile pour garder l\u2019\u00e9table, il le pr\u00e9sente \u00e0 la sainte m\u00e8re. Refusant son cadeau, Marie dit\u00a0: \u00ab Berger, mon fils sera un jour un berger comme toi. Il sera un berger pour les hommes, et les hommes n\u2019ont pas besoin d\u2019un chien pour les garder. Ils ont besoin d\u2019amour.\u201d Les paroles de Marie p\u00e9n\u00e8trent le c\u0153ur du berger et, selon l\u2019histoire, il devint plus tard l\u2019un des ap\u00f4tres du Seigneur.<\/span><\/p>\n<p style=\"padding-left: 30px;\"><span style=\"font-weight: 400;\">En arrivant \u00e0 l\u2019\u00e9table, l\u2019aveugle tombe \u00e0 genoux et loue le Seigneur. Surprise, Marie s\u2019\u00e9crie : \u201cTu remercies Dieu, toi qui n\u2019a jamais vu les cieux ou les \u00e9toiles\u00a0? Toi qui es enferm\u00e9 dans la plus sombre des prisons\u00a0?\u00a0\u00bb Marie commence une pri\u00e8re pour gu\u00e9rir sa vue, mais l\u2019aveugle l\u2019interrompt\u00a0: Oh, non, non, bonne m\u00e8re, non, ce n\u2019est pas la peine. Ne Le d\u00e9range pas. Je sais que le monde est beau, parce que c\u2019est Lui qui l\u2019a fait, et je suis certain que les cieux sont encore plus beaux parce que c\u2019est l\u00e0 qu\u2019il vit. Non, demande-Lui seulement qu\u2019il ne me fasse pas attendre longtemps\u00a0; que j\u2019ouvrirai les yeux le jour de ma mort\u00a0; que je verrai quand cela vaudra vraiment la peine de voir.\u00a0\u00bb<\/span><\/p>\n<p style=\"padding-left: 30px;\"><span style=\"font-weight: 400;\">Puis le groupe de villageois se met \u00e0 chanter. <\/span><\/p>\n<p style=\"padding-left: 30px;\"><span style=\"font-weight: 400;\">Alors que tout le monde chante, une autre personne entre dans l\u2019\u00e9table. C\u2019est l\u2019avare sans c\u0153ur Roustido. Il \u00e9tait le seul homme riche de Bethl\u00e9em, et plus il avait d\u2019argent, plus son c\u0153ur s\u2019endurcissait. C\u2019\u00e9tait lui qui avait claqu\u00e9 la porte de l\u2019auberge au nez de Joseph et Marie, les appelant des mendiants et des bons \u00e0 rien. L\u2019ange explique que le nom de Roustido a \u00e9t\u00e9 laiss\u00e9 hors des \u00c9vangiles parce que les disciples de J\u00e9sus ne voulaient pas qu\u2019il se sente mal \u00e0 l\u2019aise. <\/span><\/p>\n<p style=\"padding-left: 30px;\"><span style=\"font-weight: 400;\">Roustido reste silencieux dans son coin et, petit \u00e0 petit, un sentiment de gentillesse, de bont\u00e9 l\u2019envahie. Il combat ce sentiment merveilleux, se r\u00e9p\u00e9tant encore et encore\u00a0: \u00ab\u00a0Qu\u2019est-ce qui t\u2019arrive, Roustido\u00a0? Pourquoi n\u2019es-tu pas en col\u00e8re ? Tu es compl\u00e8tement fou\u00a0! Aller, met-toi en col\u00e8re\u00a0!\u00a0\u00bb Mais au lieu de se lever pour crier sur les villageois, il continue \u00e0 ne pas bouger, et il se sent de mieux en mieux \u00e0 chaque moment qui passe.<\/span><\/p>\n<p style=\"padding-left: 30px;\"><span style=\"font-weight: 400;\">Puis, enfin, Roustido se l\u00e8ve. Il s\u2019agenouille devant la famille sainte et, se frappant la poitrine avec force, s\u2019\u00e9crie\u00a0: \u00ab\u00a0b\u00e9b\u00e9 J\u00e9sus, je suis un homme m\u00e9chant. Quand ton p\u00e8re et ta m\u00e8re ont frapp\u00e9 \u00e0 ma porte, je les ai laiss\u00e9s dans la rue. Je ne pourrai jamais me pardonner. Je suis un criminel. Je vais pr\u00e9parer un joli chariot couvert pour vous, avec un gentil cheval. Et je vais vous conduire \u00e0 ma maison et vous mettre dans la chambre la plus belle et la mieux chauff\u00e9e. Je veux parler de ma chambre. Et vous y resterez tant que vous le voudrez, jusqu\u2019\u00e0 la fin de vos jours si vous le voulez. Et vos soucis seront termin\u00e9s.\u00a0<\/span><\/p>\n<p style=\"padding-left: 30px;\"><span style=\"font-weight: 400;\">Joseph, int\u00e9ress\u00e9 par l\u2019offre, r\u00e9pond\u00a0: \u00ab\u00a0Ah, tu es tr\u00e8s gentil. Qu\u2019est-ce que tu en pense Marie\u00a0?\u00a0\u00bb Mais Marie dit\u00a0: \u00ab\u00a0Mon Fils et moi te remercions, mais nous ne pouvons pas accepter ton offre. Nous devons rester ici dans l\u2019\u00e9table pour accomplir la volont\u00e9 de Dieu.\u00a0\u00bb<\/span><\/p>\n<p style=\"padding-left: 30px;\"><span style=\"font-weight: 400;\">Et, \u00e0 ce moment, chaque villageois s\u2019immobilise comme pour se faire prendre en photo, mais il ne s\u2019agit pas d\u2019une photo. Chaque figurine d\u2019argile de la cr\u00e8che prend position, et ne bouge plus.<\/span>\u00a0<span style=\"font-weight: 400;\">Ils resteront parfaitement immobiles jusqu\u2019\u00e0 la fin du monde\u00a0: Marie et Joseph regardant le b\u00e9b\u00e9 J\u00e9sus endormi avec leurs t\u00eates pench\u00e9es sur leurs \u00e9paules et leurs mains jointes\u00a0; le r\u00eaveur, les mains en l\u2019air\u00a0; l\u2019aveugle pench\u00e9 sur sa canne\u00a0; le chasseur Pistachi\u00e9 pench\u00e9 sur sa carabine\u00a0; la poissonni\u00e8re, un panier de poissons sur chaque c\u00f4t\u00e9 de ses larges hanches\u00a0; le berger avec un agneau immobile atour du cou et son chien endormi entre ses jambes\u00a0; le voleur, avec les mains pos\u00e9es amicalement sur l\u2019\u00e9paule du Gendarme\u00a0; l\u2019avare Roustido, avec un sourire sur le visage pour la premi\u00e8re fois de sa vie\u00a0; et le b\u0153uf et l\u2019\u00e2ne qui se sont endormis, envahis par le bonheur.<\/span><\/p>\n<p><img fetchpriority=\"high\" fetchpriority=\"high\" decoding=\"async\" class=\"aligncenter wp-image-7395 size-medium\" src=\"https:\/\/fr.elds.org\/lesmormons-net\/files\/2017\/12\/figure-1-768x473-300x185.jpg\" alt=\"paysage de Provence\" width=\"300\" height=\"185\" srcset=\"https:\/\/fr.elds.org\/lesmormons-net\/files\/2017\/12\/figure-1-768x473-300x185.jpg 300w, https:\/\/fr.elds.org\/lesmormons-net\/files\/2017\/12\/figure-1-768x473.jpg 768w\" sizes=\"(max-width: 300px) 100vw, 300px\" \/><\/p>\n<h2>La belle morale de cette histoire<\/h2>\n<p><span style=\"font-weight: 400;\">Pourquoi est-ce que j\u2019aime cette histoire simple\u00a0? Parce qu\u2019elle transmet le message le plus vital que chacun de nous puissions partager avec nos \u00eatres chers pendant la p\u00e9riode de No\u00ebl\u00a0:<\/span><\/p>\n<ul>\n<li style=\"font-weight: 400;\"><i><span style=\"font-weight: 400;\">Que le Christ est venu pour changer le c\u0153ur des hommes\u00a0;<\/span><\/i><\/li>\n<li style=\"font-weight: 400;\"><i><span style=\"font-weight: 400;\">Qu\u2019un changement de c\u0153ur signifie une vie remplie de joie ici et dans l\u2019au-del\u00e0\u00a0; et<\/span><\/i><\/li>\n<li style=\"font-weight: 400;\"><i><span style=\"font-weight: 400;\">Que les vies remplies de joie des chr\u00e9tiens fid\u00e8les sont autant de millions de bougies scintillantes qui peuvent \u00e9clairer et apporter de l\u2019espoir \u00e0 tous ceux qui sont maintenant dans l\u2019obscurit\u00e9. <\/span><\/i><\/li>\n<\/ul>\n<p><span style=\"font-weight: 400;\">S&rsquo;il y a de l\u2019espoir pour Roustido, l\u2019homme sans c\u0153ur, il y a de l\u2019espoir pour vous et moi. L\u2019espoir n\u00e9 de changements profonds et permanents ne vient pas d\u2019une simple auto discipline ou de la d\u00e9termination, but de la foi et de la repentance envers le Seul pouvant remodeler compl\u00e8tement la nature humaine \u00e0 Son image. Bien que nous puissions penser qu\u2019il soit impossible que des ann\u00e9es d\u2019accumulation de ranc\u0153urs puissent tout \u00e0 coup gu\u00e9rir par le baume de l\u2019amour du Christ, bien que nous puissions autrement d\u00e9sesp\u00e9rer devant les \u00e9checs r\u00e9p\u00e9t\u00e9s pour surmonter les faiblesses et les addictions, bien que nous puissions faire face \u00e0 des montagnes d\u2019ennuis de toutes sortes et de toutes parts, je rends t\u00e9moignage du grand espoir que nous avons en notre Sauveur, et dans le pouvoir de Son Expiation.<\/span><\/p>\n<p><span style=\"font-weight: 400;\">J\u2019aime les paroles de Moroni :<\/span><\/p>\n<blockquote><p><span style=\"font-weight: 400;\">Et si les hommes viennent \u00e0 moi<\/span><span style=\"font-weight: 400;\"><br \/>\n<\/span><span style=\"font-weight: 400;\">Je leur montrerai leur faiblesse<\/span><span style=\"font-weight: 400;\"><br \/>\n<\/span><span style=\"font-weight: 400;\">Je donne aux hommes de la faiblesse<\/span><span style=\"font-weight: 400;\"><br \/>\n<\/span><span style=\"font-weight: 400;\">afin qu\u2019ils soient humbles<\/span><span style=\"font-weight: 400;\"><br \/>\n<\/span><span style=\"font-weight: 400;\">et ma gr\u00e2ce suffit \u00e0 tous ls hommes<\/span><span style=\"font-weight: 400;\"><br \/>\n<\/span><span style=\"font-weight: 400;\">qui s\u2019humilient<\/span><span style=\"font-weight: 400;\"><br \/>\n<\/span><span style=\"font-weight: 400;\">devant moi ;<\/span><span style=\"font-weight: 400;\"><br \/>\n<\/span><span style=\"font-weight: 400;\">car s\u2019ils s\u2019humilient<\/span><span style=\"font-weight: 400;\"><br \/>\n<\/span><span style=\"font-weight: 400;\">devant moi,<\/span><span style=\"font-weight: 400;\"><br \/>\n<\/span><span style=\"font-weight: 400;\">et ont foi<\/span><span style=\"font-weight: 400;\"><br \/>\n<\/span><span style=\"font-weight: 400;\">en moi,<\/span><span style=\"font-weight: 400;\"><br \/>\n<\/span><span style=\"font-weight: 400;\">alors je rendrai fortes pour eux<\/span><span style=\"font-weight: 400;\"><br \/>\n<\/span><span style=\"font-weight: 400;\">les choses qui sont faibles.<\/span><\/p><\/blockquote>\n<p><span style=\"font-weight: 400;\">Quel cadeau offrirons-nous \u00e0 l\u2019enfant Christ en cette p\u00e9riode\u00a0? Selon le pr\u00e9sident Eyring:\u00a0<\/span><\/p>\n<p style=\"padding-left: 30px;\"><span style=\"font-weight: 400;\">Il nous a dit ce que nous pourrions Lui donner pour lui procurer de la joie. Tout d\u2019abord, nous pouvons, par foi en Lui, donner un c\u0153ur bris\u00e9 et un esprit contrit. Nous pouvons nous repentir et contracter des alliances sacr\u00e9es avec Lui. Il y a ceux qui entendent ma voix et qui ont ressenti Son invitation \u00e0 la paix que son \u00e9vangile apporte, mais qui ne l\u2019on pas encore accept\u00e9. Vous Lui donneriez de la joie si vous agissiez maintenant et veniez \u00e0 Lui tant que vous le pouvez.<\/span><\/p>\n<p style=\"padding-left: 30px;\"><span style=\"font-weight: 400;\">Ensuite, vous pouvez Lui offrir le cadeau de faire pour les autres ce qu\u2019Il ferait pour eux. Beaucoup d\u2019entre vous l\u2019ont d\u00e9j\u00e0 fait et ont ressenti Son appr\u00e9ciation. Cela a pu \u00eatre le fait de visiter une veuve seule. Cela a pu \u00eatre le fait de vous joindre \u00e0 d\u2019autres pour un projet d\u2019aide \u00e0 ceux qui sont dans le besoin\u2026.<\/span><\/p>\n<p style=\"padding-left: 30px;\"><span style=\"font-weight: 400;\">Beaucoup d\u2019entre vous trouverons en cette p\u00e9riode de No\u00ebl des occasions de donner de la nourriture \u00e0 des gens qui ont faim. En le faisant, vous donnez de la joie au Seigneur. Pourtant, Il nous a enseign\u00e9 qu\u2019il y a une fa\u00e7on de donner un cadeau encore plus pr\u00e9cieux et durable. Il a dit\u00a0: \u00ab\u00a0Je suis le pain de vie\u00a0: celui qui vient \u00e0 moi n\u2019aura jamais faim\u00a0; et celui qui croit en moi n\u2019aura jamais soif.\u00a0\u00bb<\/span> <span style=\"font-weight: 400;\">De toutes les gentillesses que nous Lui donnons, la plus grande que nous puissions lui offrir est de diriger ceux que nous aimons et servons vers Lui, la seule source de vie \u00e9ternelle.<\/span><\/p>\n<p><span style=\"font-weight: 400;\">Puissions-nous, comme le pr\u00e9sident Monson nous l\u2019a rappel\u00e9, faire de No\u00ebl \u00ab\u00a0un moment de paix parce que nous avons trouv\u00e9 la paix dans les enseignements du Christ\u00a0\u00bb<\/span> <span style=\"font-weight: 400;\">Ceci est ma pri\u00e8re.<\/span><\/p>\n<p><span style=\"font-weight: 400;\">\u00a0<\/span><\/p>\n<hr \/>\n<p><a href=\"https:\/\/www.youtube.com\/watch?v=gLAh0RmGHA8\"><span style=\"font-weight: 400;\">CLIQUEZ ICI<\/span><\/a> <span style=\"font-weight: 400;\">pour une version vid\u00e9o de \u00ab\u00a0La pastorale des santons de Provence\u00a0\u00bb accompagn\u00e9 du texte en fran\u00e7ais d\u2019Yvan Audouard, et incluant les images des \u00ab\u00a0santons\u00a0\u00bb \u00e9voqu\u00e9s dans cet article. <\/span><\/p>\n<p><span style=\"font-weight: 400;\">\u00a0<\/span><\/p>\n<p><b>References<\/b><\/p>\n<p><span style=\"font-weight: 400;\">Audouard, Yvan.\u00a0<\/span><i><span style=\"font-weight: 400;\">La Pastorale des santons de Provence<\/span><\/i><span style=\"font-weight: 400;\">. Paris, France : Le pr\u00e9 aux clers, 1986.<\/span><\/p>\n<p><span style=\"font-weight: 400;\">Barker, Margaret.\u00a0<\/span><i><span style=\"font-weight: 400;\">Christmas: The Original Story<\/span><\/i><span style=\"font-weight: 400;\">. London, England: Society for Promoting Christian Knowledge, 2008.<\/span><\/p>\n<p><span style=\"font-weight: 400;\">\u2014\u2014\u2014. \u201cThe Infancy Gospel of James and translation of the text.\u201d In<\/span><i><span style=\"font-weight: 400;\">\u00a0Christmas: The Original Story,\u00a0<\/span><\/i><span style=\"font-weight: 400;\">edited by Margaret Barker, 128-61. London, England: Society for Promoting Christian Knowledge, 2008.<\/span><\/p>\n<p><span style=\"font-weight: 400;\">A Catalan Christmas Carol. In\u00a0<\/span><i><span style=\"font-weight: 400;\">Catholic Inspiration: A Pilgrim\u2019s Collection of Spiritual Matters<\/span><\/i><span style=\"font-weight: 400;\">.\u00a0<\/span><a href=\"http:\/\/www.acatholicinspiration.com\/2012\/01\/03\/a-catalan-christmas-carol\/\"><span style=\"font-weight: 400;\">http:\/\/www.acatholicinspiration.com\/2012\/01\/03\/a-catalan-christmas-carol\/<\/span><\/a><span style=\"font-weight: 400;\">. (consult\u00e9 le 22 novembre 2014)<\/span><\/p>\n<p><span style=\"font-weight: 400;\">El Noi de la Mare (L\u2019Enfant de la m\u00e8re) Dans\u00a0<\/span><i><span style=\"font-weight: 400;\">Wikipedia<\/span><\/i><span style=\"font-weight: 400;\">.\u00a0<\/span><a href=\"http:\/\/en.wikipedia.org\/wiki\/El_Noi_de_la_Mare\"><span style=\"font-weight: 400;\">http:\/\/en.wikipedia.org\/wiki\/El_Noi_de_la_Mare<\/span><\/a><span style=\"font-weight: 400;\">. (consult\u00e9 le 22 novembre 2014)<\/span><\/p>\n<p><span style=\"font-weight: 400;\">Eyring, Henry B. 2010. The gift of a Savior. In\u00a0<\/span><i><span style=\"font-weight: 400;\">2010 First Presidency Christmas Devotional, 5 December 2010<\/span><\/i><span style=\"font-weight: 400;\">. https:\/\/<\/span><a href=\"http:\/\/www.lds.org\/broadcasts\/article\/christmas-devotional\/2010\/12\/the-gift-of-a-savior?lang=eng\"><span style=\"font-weight: 400;\">http:\/\/www.lds.org\/broadcasts\/article\/christmas-devotional\/2010\/12\/the-gift-of-a-savior?lang=eng<\/span><\/a><span style=\"font-weight: 400;\">. (consult\u00e9 le 21 novembre 2014)<\/span><\/p>\n<p><span style=\"font-weight: 400;\">Keyte, Hugh, and Andrew Parrott.\u00a0<\/span><i><span style=\"font-weight: 400;\">The New Oxford Book of Carols<\/span><\/i><span style=\"font-weight: 400;\">. Oxford, England: Oxford University Press, 1994.<\/span><\/p>\n<p><span style=\"font-weight: 400;\">Le jongleur de Notre Dame. In\u00a0<\/span><i><span style=\"font-weight: 400;\">Wikipedia<\/span><\/i><span style=\"font-weight: 400;\">.\u00a0<\/span><a href=\"http:\/\/en.wikipedia.org\/wiki\/Le_Jongleur_de_Notre_Dame\"><span style=\"font-weight: 400;\">http:\/\/en.wikipedia.org\/wiki\/Le_Jongleur_de_Notre_Dame<\/span><\/a><span style=\"font-weight: 400;\">. (consult\u00e9 le 21 novembre 2014).<\/span><\/p>\n<p><span style=\"font-weight: 400;\">The Little Drummer Boy. Dans\u00a0<\/span><i><span style=\"font-weight: 400;\">Wikipedia<\/span><\/i><span style=\"font-weight: 400;\">.\u00a0<\/span><a href=\"http:\/\/en.wikipedia.org\/wiki\/The_Little_Drummer_Boy\"><span style=\"font-weight: 400;\">http:\/\/en.wikipedia.org\/wiki\/The_Little_Drummer_Boy<\/span><\/a><span style=\"font-weight: 400;\">. (consult\u00e9 le 21 novembre 2014)<\/span><\/p>\n<p><span style=\"font-weight: 400;\">Monson, Thomas S. 2010. A bright shining star. In\u00a0<\/span><i><span style=\"font-weight: 400;\">2010 First Presidency Christmas Devotional, 5 December 2010<\/span><\/i><span style=\"font-weight: 400;\">.\u00a0<\/span><a href=\"http:\/\/lds.org\/broadcasts\/article\/christmas-devotional\/2010\/12\/a-bright-shining-star?lang=eng#1\"><span style=\"font-weight: 400;\">http:\/\/lds.org\/broadcasts\/article\/christmas-devotional\/2010\/12\/a-bright-shining-star?lang=eng \u2013 1<\/span><\/a><span style=\"font-weight: 400;\">. (consult\u00e9 le 16 d\u00e9cembre 2010)<\/span><\/p>\n<p><span style=\"font-weight: 400;\">The Son of Mary (El Noi de la Mare). In\u00a0<\/span><i><span style=\"font-weight: 400;\">ChoralWiki<\/span><\/i><span style=\"font-weight: 400;\">.\u00a0<\/span><a href=\"http:\/\/www2.cpdl.org\/wiki\/index.php\/The_Son_of_Mary_(El_Noi_de_la_Mare)_(Traditional)\"><span style=\"font-weight: 400;\">http:\/\/www2.cpdl.org\/wiki\/index.php\/The_Son_of_Mary_(El_Noi_de_la_Mare)_(Traditional)<\/span><\/a><span style=\"font-weight: 400;\">. (consult\u00e9 le 22 novembre 2014)<\/span><\/p>\n<p><span style=\"font-weight: 400;\">What Shall We Give? Mormon Tabernacle Choir and Orchestra at Temple Square. In\u00a0<\/span><i><span style=\"font-weight: 400;\">MusixMatch<\/span><\/i><span style=\"font-weight: 400;\">. https:\/\/<\/span><a href=\"http:\/\/www.musixmatch.com\/lyrics\/Mormon-Tabernacle-Choir-Orchestra-at-Temple-Square-2\/What-Shall-We-Give\"><span style=\"font-weight: 400;\">http:\/\/www.musixmatch.com\/lyrics\/Mormon-Tabernacle-Choir-Orchestra-at-Temple-Square-2\/What-Shall-We-Give<\/span><\/a><span style=\"font-weight: 400;\">. (consult\u00e9 le 22 novembre 2014).<\/span><\/p>\n<p>&nbsp;<\/p>\n<hr \/>\n<p><em><span style=\"font-weight: 400;\">Article adapt\u00e9 d\u2019un discours de Jeffrey M. Bradshaw, donn\u00e9 dans la branche d\u2019Atmore, Pieu de Mobile Alabama, le 14 d\u00e9cembre 2014. Publi\u00e9 sur Meridian Magazine sous le titre\u00a0<a href=\"https:\/\/ldsmag.com\/the-marvelous-story-of-the-french-villagers-who-witnessed-christs-birth-in-bethlehem\/\" target=\"_blank\" rel=\"nofollow noopener\">The Marvelous Story of the French Villagers Who Witnessed Christ\u2019s Birth in Bethlehem<\/a>. Traduction par Samuel Babin.<\/span><\/em><\/p>\n<p>&nbsp;<\/p>\n","protected":false},"excerpt":{"rendered":"<p>Une histoire \u00e0 raconter aux enfants \u00e0 No\u00ebl!<\/p>\n","protected":false},"author":41,"featured_media":7396,"comment_status":"open","ping_status":"closed","sticky":false,"template":"","format":"standard","meta":{"_et_pb_use_builder":"","_et_pb_old_content":"","_et_gb_content_width":"","footnotes":""},"categories":[172],"tags":[358,85,245],"class_list":["post-7392","post","type-post","status-publish","format-standard","has-post-thumbnail","hentry","category-temoignages","tag-france","tag-jesus-christ","tag-noel","et-has-post-format-content","et_post_format-et-post-format-standard"],"yoast_head":"<!-- This site is optimized with the Yoast SEO plugin v27.4 - https:\/\/yoast.com\/product\/yoast-seo-wordpress\/ -->\n<title>L&#039;histoire du village proven\u00e7al qui a \u00e9t\u00e9 t\u00e9moin de la naissance de J\u00e9sus<\/title>\n<meta name=\"description\" content=\"Connaissez-vous les cr\u00e8ches avec des santons, typiques du Sud de la France? Venez \u00e9couter l&#039;histoire du village proven\u00e7al qui f\u00eate la naissance du Sauveur.\" \/>\n<meta name=\"robots\" content=\"index, follow, max-snippet:-1, max-image-preview:large, max-video-preview:-1\" \/>\n<link rel=\"canonical\" href=\"https:\/\/fr.elds.org\/lesmormons-net\/temoignages\/histoire-village-provencal-temoin-naissance-jesus\/\" \/>\n<meta property=\"og:locale\" content=\"fr_FR\" \/>\n<meta property=\"og:type\" content=\"article\" \/>\n<meta property=\"og:title\" content=\"L&#039;histoire du village proven\u00e7al qui a \u00e9t\u00e9 t\u00e9moin de la naissance de J\u00e9sus\" \/>\n<meta property=\"og:description\" content=\"Connaissez-vous les cr\u00e8ches avec des santons, typiques du Sud de la France? Venez \u00e9couter l&#039;histoire du village proven\u00e7al qui f\u00eate la naissance du Sauveur.\" \/>\n<meta property=\"og:url\" content=\"https:\/\/fr.elds.org\/lesmormons-net\/temoignages\/histoire-village-provencal-temoin-naissance-jesus\/\" \/>\n<meta property=\"og:site_name\" content=\"Les Mormons\" \/>\n<meta property=\"article:published_time\" content=\"2017-12-22T06:14:52+00:00\" \/>\n<meta property=\"article:modified_time\" content=\"2018-12-18T20:24:03+00:00\" \/>\n<meta property=\"og:image\" content=\"https:\/\/fr.elds.org\/lesmormons-net\/files\/2017\/12\/provence02-768x510.jpg\" \/>\n\t<meta property=\"og:image:width\" content=\"948\" \/>\n\t<meta property=\"og:image:height\" content=\"542\" \/>\n\t<meta property=\"og:image:type\" content=\"image\/jpeg\" \/>\n<meta name=\"twitter:card\" content=\"summary_large_image\" \/>\n<meta name=\"twitter:label1\" content=\"\u00c9crit par\" \/>\n\t<meta name=\"twitter:data1\" content=\"\" \/>\n\t<meta name=\"twitter:label2\" content=\"Dur\u00e9e de lecture estim\u00e9e\" \/>\n\t<meta name=\"twitter:data2\" content=\"14 minutes\" \/>\n<script type=\"application\/ld+json\" class=\"yoast-schema-graph\">{\"@context\":\"https:\\\/\\\/schema.org\",\"@graph\":[{\"@type\":\"Article\",\"@id\":\"https:\\\/\\\/fr.elds.org\\\/lesmormons-net\\\/temoignages\\\/histoire-village-provencal-temoin-naissance-jesus\\\/#article\",\"isPartOf\":{\"@id\":\"https:\\\/\\\/fr.elds.org\\\/lesmormons-net\\\/temoignages\\\/histoire-village-provencal-temoin-naissance-jesus\\\/\"},\"author\":{\"name\":\"\",\"@id\":\"\"},\"headline\":\"L\u2019histoire merveilleuse des villageois fran\u00e7ais qui ont \u00e9t\u00e9 t\u00e9moins de la naissance du Christ \u00e0 Bethl\u00e9em (FeC)\",\"datePublished\":\"2017-12-22T06:14:52+00:00\",\"dateModified\":\"2018-12-18T20:24:03+00:00\",\"mainEntityOfPage\":{\"@id\":\"https:\\\/\\\/fr.elds.org\\\/lesmormons-net\\\/temoignages\\\/histoire-village-provencal-temoin-naissance-jesus\\\/\"},\"wordCount\":2820,\"commentCount\":0,\"image\":{\"@id\":\"https:\\\/\\\/fr.elds.org\\\/lesmormons-net\\\/temoignages\\\/histoire-village-provencal-temoin-naissance-jesus\\\/#primaryimage\"},\"thumbnailUrl\":\"https:\\\/\\\/fr.elds.org\\\/lesmormons-net\\\/files\\\/2017\\\/12\\\/provence02-768x510.jpg\",\"keywords\":[\"France\",\"J\u00e9sus-Christ\",\"No\u00ebl\"],\"articleSection\":[\"T\u00e9moignages\"],\"inLanguage\":\"fr-FR\",\"potentialAction\":[{\"@type\":\"CommentAction\",\"name\":\"Comment\",\"target\":[\"https:\\\/\\\/fr.elds.org\\\/lesmormons-net\\\/temoignages\\\/histoire-village-provencal-temoin-naissance-jesus\\\/#respond\"]}]},{\"@type\":\"WebPage\",\"@id\":\"https:\\\/\\\/fr.elds.org\\\/lesmormons-net\\\/temoignages\\\/histoire-village-provencal-temoin-naissance-jesus\\\/\",\"url\":\"https:\\\/\\\/fr.elds.org\\\/lesmormons-net\\\/temoignages\\\/histoire-village-provencal-temoin-naissance-jesus\\\/\",\"name\":\"L'histoire du village proven\u00e7al qui a \u00e9t\u00e9 t\u00e9moin de la naissance de J\u00e9sus\",\"isPartOf\":{\"@id\":\"https:\\\/\\\/fr.elds.org\\\/lesmormons-net\\\/#website\"},\"primaryImageOfPage\":{\"@id\":\"https:\\\/\\\/fr.elds.org\\\/lesmormons-net\\\/temoignages\\\/histoire-village-provencal-temoin-naissance-jesus\\\/#primaryimage\"},\"image\":{\"@id\":\"https:\\\/\\\/fr.elds.org\\\/lesmormons-net\\\/temoignages\\\/histoire-village-provencal-temoin-naissance-jesus\\\/#primaryimage\"},\"thumbnailUrl\":\"https:\\\/\\\/fr.elds.org\\\/lesmormons-net\\\/files\\\/2017\\\/12\\\/provence02-768x510.jpg\",\"datePublished\":\"2017-12-22T06:14:52+00:00\",\"dateModified\":\"2018-12-18T20:24:03+00:00\",\"author\":{\"@id\":\"\"},\"description\":\"Connaissez-vous les cr\u00e8ches avec des santons, typiques du Sud de la France? Venez \u00e9couter l'histoire du village proven\u00e7al qui f\u00eate la naissance du Sauveur.\",\"breadcrumb\":{\"@id\":\"https:\\\/\\\/fr.elds.org\\\/lesmormons-net\\\/temoignages\\\/histoire-village-provencal-temoin-naissance-jesus\\\/#breadcrumb\"},\"inLanguage\":\"fr-FR\",\"potentialAction\":[{\"@type\":\"ReadAction\",\"target\":[\"https:\\\/\\\/fr.elds.org\\\/lesmormons-net\\\/temoignages\\\/histoire-village-provencal-temoin-naissance-jesus\\\/\"]}]},{\"@type\":\"ImageObject\",\"inLanguage\":\"fr-FR\",\"@id\":\"https:\\\/\\\/fr.elds.org\\\/lesmormons-net\\\/temoignages\\\/histoire-village-provencal-temoin-naissance-jesus\\\/#primaryimage\",\"url\":\"https:\\\/\\\/fr.elds.org\\\/lesmormons-net\\\/files\\\/2017\\\/12\\\/provence02-768x510.jpg\",\"contentUrl\":\"https:\\\/\\\/fr.elds.org\\\/lesmormons-net\\\/files\\\/2017\\\/12\\\/provence02-768x510.jpg\",\"width\":948,\"height\":542,\"caption\":\"un village proven\u00e7al fait partie des personnages de la cr\u00e8che\"},{\"@type\":\"BreadcrumbList\",\"@id\":\"https:\\\/\\\/fr.elds.org\\\/lesmormons-net\\\/temoignages\\\/histoire-village-provencal-temoin-naissance-jesus\\\/#breadcrumb\",\"itemListElement\":[{\"@type\":\"ListItem\",\"position\":1,\"name\":\"Home\",\"item\":\"https:\\\/\\\/fr.elds.org\\\/lesmormons-net\\\/\"},{\"@type\":\"ListItem\",\"position\":2,\"name\":\"L\u2019histoire merveilleuse des villageois fran\u00e7ais qui ont \u00e9t\u00e9 t\u00e9moins de la naissance du Christ \u00e0 Bethl\u00e9em (FeC)\"}]},{\"@type\":\"WebSite\",\"@id\":\"https:\\\/\\\/fr.elds.org\\\/lesmormons-net\\\/#website\",\"url\":\"https:\\\/\\\/fr.elds.org\\\/lesmormons-net\\\/\",\"name\":\"Les Mormons\",\"description\":\"Les mormons au quotidien\",\"potentialAction\":[{\"@type\":\"SearchAction\",\"target\":{\"@type\":\"EntryPoint\",\"urlTemplate\":\"https:\\\/\\\/fr.elds.org\\\/lesmormons-net\\\/?s={search_term_string}\"},\"query-input\":{\"@type\":\"PropertyValueSpecification\",\"valueRequired\":true,\"valueName\":\"search_term_string\"}}],\"inLanguage\":\"fr-FR\"},{\"@type\":\"Person\",\"@id\":\"\",\"url\":\"https:\\\/\\\/fr.elds.org\\\/lesmormons-net\\\/author\\\/\"}]}<\/script>\n<!-- \/ Yoast SEO plugin. -->","yoast_head_json":{"title":"L'histoire du village proven\u00e7al qui a \u00e9t\u00e9 t\u00e9moin de la naissance de J\u00e9sus","description":"Connaissez-vous les cr\u00e8ches avec des santons, typiques du Sud de la France? Venez \u00e9couter l'histoire du village proven\u00e7al qui f\u00eate la naissance du Sauveur.","robots":{"index":"index","follow":"follow","max-snippet":"max-snippet:-1","max-image-preview":"max-image-preview:large","max-video-preview":"max-video-preview:-1"},"canonical":"https:\/\/fr.elds.org\/lesmormons-net\/temoignages\/histoire-village-provencal-temoin-naissance-jesus\/","og_locale":"fr_FR","og_type":"article","og_title":"L'histoire du village proven\u00e7al qui a \u00e9t\u00e9 t\u00e9moin de la naissance de J\u00e9sus","og_description":"Connaissez-vous les cr\u00e8ches avec des santons, typiques du Sud de la France? Venez \u00e9couter l'histoire du village proven\u00e7al qui f\u00eate la naissance du Sauveur.","og_url":"https:\/\/fr.elds.org\/lesmormons-net\/temoignages\/histoire-village-provencal-temoin-naissance-jesus\/","og_site_name":"Les Mormons","article_published_time":"2017-12-22T06:14:52+00:00","article_modified_time":"2018-12-18T20:24:03+00:00","og_image":[{"width":948,"height":542,"url":"https:\/\/fr.elds.org\/lesmormons-net\/files\/2017\/12\/provence02-768x510.jpg","type":"image\/jpeg"}],"twitter_card":"summary_large_image","twitter_misc":{"\u00c9crit par":"","Dur\u00e9e de lecture estim\u00e9e":"14 minutes"},"schema":{"@context":"https:\/\/schema.org","@graph":[{"@type":"Article","@id":"https:\/\/fr.elds.org\/lesmormons-net\/temoignages\/histoire-village-provencal-temoin-naissance-jesus\/#article","isPartOf":{"@id":"https:\/\/fr.elds.org\/lesmormons-net\/temoignages\/histoire-village-provencal-temoin-naissance-jesus\/"},"author":{"name":"","@id":""},"headline":"L\u2019histoire merveilleuse des villageois fran\u00e7ais qui ont \u00e9t\u00e9 t\u00e9moins de la naissance du Christ \u00e0 Bethl\u00e9em (FeC)","datePublished":"2017-12-22T06:14:52+00:00","dateModified":"2018-12-18T20:24:03+00:00","mainEntityOfPage":{"@id":"https:\/\/fr.elds.org\/lesmormons-net\/temoignages\/histoire-village-provencal-temoin-naissance-jesus\/"},"wordCount":2820,"commentCount":0,"image":{"@id":"https:\/\/fr.elds.org\/lesmormons-net\/temoignages\/histoire-village-provencal-temoin-naissance-jesus\/#primaryimage"},"thumbnailUrl":"https:\/\/fr.elds.org\/lesmormons-net\/files\/2017\/12\/provence02-768x510.jpg","keywords":["France","J\u00e9sus-Christ","No\u00ebl"],"articleSection":["T\u00e9moignages"],"inLanguage":"fr-FR","potentialAction":[{"@type":"CommentAction","name":"Comment","target":["https:\/\/fr.elds.org\/lesmormons-net\/temoignages\/histoire-village-provencal-temoin-naissance-jesus\/#respond"]}]},{"@type":"WebPage","@id":"https:\/\/fr.elds.org\/lesmormons-net\/temoignages\/histoire-village-provencal-temoin-naissance-jesus\/","url":"https:\/\/fr.elds.org\/lesmormons-net\/temoignages\/histoire-village-provencal-temoin-naissance-jesus\/","name":"L'histoire du village proven\u00e7al qui a \u00e9t\u00e9 t\u00e9moin de la naissance de J\u00e9sus","isPartOf":{"@id":"https:\/\/fr.elds.org\/lesmormons-net\/#website"},"primaryImageOfPage":{"@id":"https:\/\/fr.elds.org\/lesmormons-net\/temoignages\/histoire-village-provencal-temoin-naissance-jesus\/#primaryimage"},"image":{"@id":"https:\/\/fr.elds.org\/lesmormons-net\/temoignages\/histoire-village-provencal-temoin-naissance-jesus\/#primaryimage"},"thumbnailUrl":"https:\/\/fr.elds.org\/lesmormons-net\/files\/2017\/12\/provence02-768x510.jpg","datePublished":"2017-12-22T06:14:52+00:00","dateModified":"2018-12-18T20:24:03+00:00","author":{"@id":""},"description":"Connaissez-vous les cr\u00e8ches avec des santons, typiques du Sud de la France? Venez \u00e9couter l'histoire du village proven\u00e7al qui f\u00eate la naissance du Sauveur.","breadcrumb":{"@id":"https:\/\/fr.elds.org\/lesmormons-net\/temoignages\/histoire-village-provencal-temoin-naissance-jesus\/#breadcrumb"},"inLanguage":"fr-FR","potentialAction":[{"@type":"ReadAction","target":["https:\/\/fr.elds.org\/lesmormons-net\/temoignages\/histoire-village-provencal-temoin-naissance-jesus\/"]}]},{"@type":"ImageObject","inLanguage":"fr-FR","@id":"https:\/\/fr.elds.org\/lesmormons-net\/temoignages\/histoire-village-provencal-temoin-naissance-jesus\/#primaryimage","url":"https:\/\/fr.elds.org\/lesmormons-net\/files\/2017\/12\/provence02-768x510.jpg","contentUrl":"https:\/\/fr.elds.org\/lesmormons-net\/files\/2017\/12\/provence02-768x510.jpg","width":948,"height":542,"caption":"un village proven\u00e7al fait partie des personnages de la cr\u00e8che"},{"@type":"BreadcrumbList","@id":"https:\/\/fr.elds.org\/lesmormons-net\/temoignages\/histoire-village-provencal-temoin-naissance-jesus\/#breadcrumb","itemListElement":[{"@type":"ListItem","position":1,"name":"Home","item":"https:\/\/fr.elds.org\/lesmormons-net\/"},{"@type":"ListItem","position":2,"name":"L\u2019histoire merveilleuse des villageois fran\u00e7ais qui ont \u00e9t\u00e9 t\u00e9moins de la naissance du Christ \u00e0 Bethl\u00e9em (FeC)"}]},{"@type":"WebSite","@id":"https:\/\/fr.elds.org\/lesmormons-net\/#website","url":"https:\/\/fr.elds.org\/lesmormons-net\/","name":"Les Mormons","description":"Les mormons au quotidien","potentialAction":[{"@type":"SearchAction","target":{"@type":"EntryPoint","urlTemplate":"https:\/\/fr.elds.org\/lesmormons-net\/?s={search_term_string}"},"query-input":{"@type":"PropertyValueSpecification","valueRequired":true,"valueName":"search_term_string"}}],"inLanguage":"fr-FR"},{"@type":"Person","@id":"","url":"https:\/\/fr.elds.org\/lesmormons-net\/author\/"}]}},"_links":{"self":[{"href":"https:\/\/fr.elds.org\/lesmormons-net\/wp-json\/wp\/v2\/posts\/7392","targetHints":{"allow":["GET"]}}],"collection":[{"href":"https:\/\/fr.elds.org\/lesmormons-net\/wp-json\/wp\/v2\/posts"}],"about":[{"href":"https:\/\/fr.elds.org\/lesmormons-net\/wp-json\/wp\/v2\/types\/post"}],"author":[{"embeddable":true,"href":"https:\/\/fr.elds.org\/lesmormons-net\/wp-json\/wp\/v2\/users\/41"}],"replies":[{"embeddable":true,"href":"https:\/\/fr.elds.org\/lesmormons-net\/wp-json\/wp\/v2\/comments?post=7392"}],"version-history":[{"count":6,"href":"https:\/\/fr.elds.org\/lesmormons-net\/wp-json\/wp\/v2\/posts\/7392\/revisions"}],"predecessor-version":[{"id":8778,"href":"https:\/\/fr.elds.org\/lesmormons-net\/wp-json\/wp\/v2\/posts\/7392\/revisions\/8778"}],"wp:featuredmedia":[{"embeddable":true,"href":"https:\/\/fr.elds.org\/lesmormons-net\/wp-json\/wp\/v2\/media\/7396"}],"wp:attachment":[{"href":"https:\/\/fr.elds.org\/lesmormons-net\/wp-json\/wp\/v2\/media?parent=7392"}],"wp:term":[{"taxonomy":"category","embeddable":true,"href":"https:\/\/fr.elds.org\/lesmormons-net\/wp-json\/wp\/v2\/categories?post=7392"},{"taxonomy":"post_tag","embeddable":true,"href":"https:\/\/fr.elds.org\/lesmormons-net\/wp-json\/wp\/v2\/tags?post=7392"}],"curies":[{"name":"wp","href":"https:\/\/api.w.org\/{rel}","templated":true}]}}