{"id":6868,"date":"2017-10-03T05:57:09","date_gmt":"2017-10-03T03:57:09","guid":{"rendered":"https:\/\/fr.elds.org\/lesmormons-net\/?p=6868"},"modified":"2018-10-09T14:24:38","modified_gmt":"2018-10-09T12:24:38","slug":"temps-forts-conf-gen-oct-2017","status":"publish","type":"post","link":"https:\/\/fr.elds.org\/lesmormons-net\/merged\/temps-forts-conf-gen-oct-2017\/","title":{"rendered":"Annonces et temps forts de la conf\u00e9rence g\u00e9n\u00e9rale d&rsquo;octobre 2017"},"content":{"rendered":"<p>Cette 187\u00e8me conf\u00e9rence g\u00e9n\u00e9rale de l&rsquo;Eglise de J\u00e9sus-Christ des Saints des Derniers Jours a \u00e9t\u00e9 marqu\u00e9e par plusieurs temps forts et quelques annonces importantes. En voici un r\u00e9sum\u00e9. Pour plus d&rsquo;informations, cliquez sur les liens qui vous m\u00e8neront vers les articles de presse qui d\u00e9taillent ces points.<\/p>\n<h3>Annonces et temps forts<\/h3>\n<h4>Absence du Pr\u00e9sident Thomas S. Monson<\/h4>\n<p>Depuis plusieurs mois le Pr\u00e9sident Monson ne se d\u00e9place quasiment plus et travaille\u00a0de chez lui. Il a regard\u00e9 la Conf\u00e9rence G\u00e9n\u00e9rale \u00e0 la t\u00e9l\u00e9vision.<\/p>\n<h3><a href=\"https:\/\/fr.elds.org\/lesmormons-net\/mormons-francophones\/actualites-mondiales\/robert-d-hales-deces\/\" target=\"_blank\" rel=\"nofollow noopener\">D\u00e9c\u00e8s d&rsquo;Elder Robert D. Hales<\/a><\/h3>\n<p>Elder Hales a \u00e9t\u00e9 hospitalis\u00e9 quelques jours avant la conf\u00e9rence en raison de probl\u00e8mes pulmonaires. Les m\u00e9decins l&rsquo;ont gard\u00e9 \u00e0 l&rsquo;h\u00f4pital pour le surveiller. A 12h15 (Mountain Time), juste apr\u00e8s la session du dimanche matin, il s&rsquo;est \u00e9teint entour\u00e9 de sa famille et du Pr\u00e9sident Nelson.<\/p>\n<p>Une c\u00e9r\u00e9monie aura lieu dans le Tabernacle de Salt Lake City le 6 octobre \u00e0 11h (heure d&rsquo;Utah). Retransmissions disponibles sur internet:\u00a0MormonNewsroom.org, LDS.org (en anglais, espagnol et portugais), KSL TV 5.2, KSL TV app, BYUtv, BYUtv Global, KBYUtv Eleven, BYUtv International, Mormon Channel, Canal Morm\u00f3n (Spanish) et sur le syst\u00e8me satellitaire de l&rsquo;Eglise.<\/p>\n<h3><img fetchpriority=\"high\" fetchpriority=\"high\" decoding=\"async\" class=\"aligncenter size-full wp-image-6903\" src=\"https:\/\/fr.elds.org\/lesmormons-net\/files\/2017\/10\/session-samedi-apm-soutien-des-officiers-de-leglise.jpg\" alt=\"temps forst de la conf\u00e9rence oct 2017: soutien des officiers de l'Eglise\" width=\"948\" height=\"542\" srcset=\"https:\/\/fr.elds.org\/lesmormons-net\/files\/2017\/10\/session-samedi-apm-soutien-des-officiers-de-leglise.jpg 948w, https:\/\/fr.elds.org\/lesmormons-net\/files\/2017\/10\/session-samedi-apm-soutien-des-officiers-de-leglise-300x172.jpg 300w, https:\/\/fr.elds.org\/lesmormons-net\/files\/2017\/10\/session-samedi-apm-soutien-des-officiers-de-leglise-768x439.jpg 768w\" sizes=\"(max-width: 948px) 100vw, 948px\" \/><\/h3>\n<h3>Organisations de la Soci\u00e9t\u00e9 de Secours, de la Primaire et des Jeunes Filles<\/h3>\n<p>De nouvelles s\u0153urs ont \u00e9t\u00e9 appel\u00e9es comme<a href=\"http:\/\/www.presse-mormons.fr\/article\/de-nouvelles-dirigeantes-g-eacute-n-eacute-rales--agrave--la-soci-eacute-t-eacute--de-secours-et--agrave--la-primaire\" target=\"_blank\" rel=\"nofollow noopener\"> dirigeantes g\u00e9n\u00e9rales pour la Soci\u00e9t\u00e9 de Secours et la Primaire<\/a>.\u00a0Les quatre nouvelles dirigeantes \u00a0de la Soci\u00e9t\u00e9 de Secours sont Melinda (Mindy) Booth, Memnet Lopez, Rebecca Mehr et Susan Porter.\u00a0Les cinq nouvelles dirigeantes\u00a0 g\u00e9n\u00e9rales de la primaire comprennent Michelle Craig, Jennefer Free, Lisa Harkness, Salote Tukuafu et Dana Wiest.<\/p>\n<h3>Coll\u00e8ges des Soixante-Dix<\/h3>\n<p>Les <a href=\"https:\/\/www.lds.org\/church\/news\/october-2017-general-conference-news-and-announcements?lang=eng&amp;_r=1&amp;cid=HP_SA_23-9-2017_dPFD_fCNWS_xLIDyL2-2_\" target=\"_blank\" rel=\"nofollow noopener\">Soixante-Dix suivants ont \u00e9t\u00e9 relev\u00e9s<\/a> de leurs fonctions et ont re\u00e7u le titre d&rsquo;\u00e9m\u00e9rite:\u00a0Elder Stanley G. Ellis, Elder Larry R. Lawrence, and Elder W. Craig Zwick.<\/p>\n<p>Les fr\u00e8res suivants ont \u00e9t\u00e9 relev\u00e9s comme Soixante-Dix d&rsquo;Interregion:\u00a0Pedro U. Adduru, Detlef H. Adler, Angel H. Alarcon, Winsor Balderrama, Robert M. Call, Christopher Charles, Gene R. Chidester, Ralph L. Dewsnup, \u00c1ngel A. Duarte, Peter F. Evans, Francisco D. N. Granja, Yuriy A. Gushchin, Clifford T. Herbertson, Aniefiok Udo Inyon, Luiz M. Leal, Alejandro Lopez, L. Jean Claude Mabaya, Declan O. Madu, Alexander T. Mestre, Jared R. Ocampo, Andrew M. O&rsquo;Riordan, Jes\u00fas A. Ortiz, Abenir V. Pajaro, Siu Hong Pon, Robert C. Rhien, Jorge Luis Romeu, Jorge L. Sald\u00edvar, Ciro Schmeil, Alin Spannaus, Moroni B. Torgan, Steven L. Toronto, and Ricardo Valladares.<\/p>\n<p>Torben Engbjerg a \u00e9t\u00e9 appel\u00e9 comme Soixante-Dix d&rsquo;Interregion.<\/p>\n<h3>Pas de nouveaux temples annonc\u00e9s<\/h3>\n<p>&nbsp;<\/p>\n<hr \/>\n<p><em>Article \u00e9crit par Eolia<\/em><\/p>\n","protected":false},"excerpt":{"rendered":"<p>Que fallait-il retenir?<\/p>\n","protected":false},"author":53,"featured_media":6889,"comment_status":"open","ping_status":"closed","sticky":false,"template":"","format":"standard","meta":{"_et_pb_use_builder":"","_et_pb_old_content":"","_et_gb_content_width":"","footnotes":""},"categories":[455],"tags":[439,250],"class_list":["post-6868","post","type-post","status-publish","format-standard","has-post-thumbnail","hentry","category-merged","tag-appliquer-evangile","tag-organisation-de-leglise","et-has-post-format-content","et_post_format-et-post-format-standard"],"yoast_head":"<!-- This site is optimized with the Yoast SEO plugin v27.4 - https:\/\/yoast.com\/product\/yoast-seo-wordpress\/ -->\n<title>Temps forts et annonces de la conf\u00e9rence g\u00e9n\u00e9rale d&#039;octobre 2017<\/title>\n<meta name=\"description\" content=\"Quels ont \u00e9t\u00e9 les temps forts et les annonces de cette conf\u00e9rence g\u00e9n\u00e9rale d&#039;octobre 2017? Que devons-nous surtout en retenir?\" \/>\n<meta name=\"robots\" content=\"index, follow, max-snippet:-1, max-image-preview:large, max-video-preview:-1\" \/>\n<link rel=\"canonical\" href=\"https:\/\/fr.elds.org\/lesmormons-net\/merged\/temps-forts-conf-gen-oct-2017\/\" \/>\n<meta property=\"og:locale\" content=\"fr_FR\" \/>\n<meta property=\"og:type\" content=\"article\" \/>\n<meta property=\"og:title\" content=\"Temps forts et annonces de la conf\u00e9rence g\u00e9n\u00e9rale d&#039;octobre 2017\" \/>\n<meta property=\"og:description\" content=\"Quels ont \u00e9t\u00e9 les temps forts et les annonces de cette conf\u00e9rence g\u00e9n\u00e9rale d&#039;octobre 2017? Que devons-nous surtout en retenir?\" \/>\n<meta property=\"og:url\" content=\"https:\/\/fr.elds.org\/lesmormons-net\/merged\/temps-forts-conf-gen-oct-2017\/\" \/>\n<meta property=\"og:site_name\" content=\"Les Mormons\" \/>\n<meta property=\"article:published_time\" content=\"2017-10-03T03:57:09+00:00\" \/>\n<meta property=\"article:modified_time\" content=\"2018-10-09T12:24:38+00:00\" \/>\n<meta property=\"og:image\" content=\"https:\/\/fr.elds.org\/lesmormons-net\/files\/2017\/10\/session-samedi-apm.jpg\" \/>\n\t<meta property=\"og:image:width\" content=\"948\" \/>\n\t<meta property=\"og:image:height\" content=\"542\" \/>\n\t<meta property=\"og:image:type\" content=\"image\/jpeg\" \/>\n<meta name=\"author\" content=\"Plus de Foi\" \/>\n<meta name=\"twitter:card\" content=\"summary_large_image\" \/>\n<meta name=\"twitter:label1\" content=\"\u00c9crit par\" \/>\n\t<meta name=\"twitter:data1\" content=\"Plus de Foi\" \/>\n\t<meta name=\"twitter:label2\" content=\"Dur\u00e9e de lecture estim\u00e9e\" \/>\n\t<meta name=\"twitter:data2\" content=\"2 minutes\" \/>\n<script type=\"application\/ld+json\" class=\"yoast-schema-graph\">{\"@context\":\"https:\\\/\\\/schema.org\",\"@graph\":[{\"@type\":\"Article\",\"@id\":\"https:\\\/\\\/fr.elds.org\\\/lesmormons-net\\\/merged\\\/temps-forts-conf-gen-oct-2017\\\/#article\",\"isPartOf\":{\"@id\":\"https:\\\/\\\/fr.elds.org\\\/lesmormons-net\\\/merged\\\/temps-forts-conf-gen-oct-2017\\\/\"},\"author\":{\"name\":\"Plus de Foi\",\"@id\":\"https:\\\/\\\/fr.elds.org\\\/lesmormons-net\\\/#\\\/schema\\\/person\\\/21d1cc3e5996143ad0f655979783dfc3\"},\"headline\":\"Annonces et temps forts de la conf\u00e9rence g\u00e9n\u00e9rale d&rsquo;octobre 2017\",\"datePublished\":\"2017-10-03T03:57:09+00:00\",\"dateModified\":\"2018-10-09T12:24:38+00:00\",\"mainEntityOfPage\":{\"@id\":\"https:\\\/\\\/fr.elds.org\\\/lesmormons-net\\\/merged\\\/temps-forts-conf-gen-oct-2017\\\/\"},\"wordCount\":476,\"commentCount\":0,\"image\":{\"@id\":\"https:\\\/\\\/fr.elds.org\\\/lesmormons-net\\\/merged\\\/temps-forts-conf-gen-oct-2017\\\/#primaryimage\"},\"thumbnailUrl\":\"https:\\\/\\\/fr.elds.org\\\/lesmormons-net\\\/files\\\/2017\\\/10\\\/session-samedi-apm.jpg\",\"keywords\":[\"appliquer l'Evangile\",\"organisation de l'Eglise\"],\"articleSection\":[\"Merging Articles\"],\"inLanguage\":\"fr-FR\",\"potentialAction\":[{\"@type\":\"CommentAction\",\"name\":\"Comment\",\"target\":[\"https:\\\/\\\/fr.elds.org\\\/lesmormons-net\\\/merged\\\/temps-forts-conf-gen-oct-2017\\\/#respond\"]}]},{\"@type\":\"WebPage\",\"@id\":\"https:\\\/\\\/fr.elds.org\\\/lesmormons-net\\\/merged\\\/temps-forts-conf-gen-oct-2017\\\/\",\"url\":\"https:\\\/\\\/fr.elds.org\\\/lesmormons-net\\\/merged\\\/temps-forts-conf-gen-oct-2017\\\/\",\"name\":\"Temps forts et annonces de la conf\u00e9rence g\u00e9n\u00e9rale d'octobre 2017\",\"isPartOf\":{\"@id\":\"https:\\\/\\\/fr.elds.org\\\/lesmormons-net\\\/#website\"},\"primaryImageOfPage\":{\"@id\":\"https:\\\/\\\/fr.elds.org\\\/lesmormons-net\\\/merged\\\/temps-forts-conf-gen-oct-2017\\\/#primaryimage\"},\"image\":{\"@id\":\"https:\\\/\\\/fr.elds.org\\\/lesmormons-net\\\/merged\\\/temps-forts-conf-gen-oct-2017\\\/#primaryimage\"},\"thumbnailUrl\":\"https:\\\/\\\/fr.elds.org\\\/lesmormons-net\\\/files\\\/2017\\\/10\\\/session-samedi-apm.jpg\",\"datePublished\":\"2017-10-03T03:57:09+00:00\",\"dateModified\":\"2018-10-09T12:24:38+00:00\",\"author\":{\"@id\":\"https:\\\/\\\/fr.elds.org\\\/lesmormons-net\\\/#\\\/schema\\\/person\\\/21d1cc3e5996143ad0f655979783dfc3\"},\"description\":\"Quels ont \u00e9t\u00e9 les temps forts et les annonces de cette conf\u00e9rence g\u00e9n\u00e9rale d'octobre 2017? Que devons-nous surtout en retenir?\",\"breadcrumb\":{\"@id\":\"https:\\\/\\\/fr.elds.org\\\/lesmormons-net\\\/merged\\\/temps-forts-conf-gen-oct-2017\\\/#breadcrumb\"},\"inLanguage\":\"fr-FR\",\"potentialAction\":[{\"@type\":\"ReadAction\",\"target\":[\"https:\\\/\\\/fr.elds.org\\\/lesmormons-net\\\/merged\\\/temps-forts-conf-gen-oct-2017\\\/\"]}]},{\"@type\":\"ImageObject\",\"inLanguage\":\"fr-FR\",\"@id\":\"https:\\\/\\\/fr.elds.org\\\/lesmormons-net\\\/merged\\\/temps-forts-conf-gen-oct-2017\\\/#primaryimage\",\"url\":\"https:\\\/\\\/fr.elds.org\\\/lesmormons-net\\\/files\\\/2017\\\/10\\\/session-samedi-apm.jpg\",\"contentUrl\":\"https:\\\/\\\/fr.elds.org\\\/lesmormons-net\\\/files\\\/2017\\\/10\\\/session-samedi-apm.jpg\",\"width\":948,\"height\":542,\"caption\":\"temps forts de la conf\u00e9rence g\u00e9n\u00e9rale d'octobre 2017\"},{\"@type\":\"BreadcrumbList\",\"@id\":\"https:\\\/\\\/fr.elds.org\\\/lesmormons-net\\\/merged\\\/temps-forts-conf-gen-oct-2017\\\/#breadcrumb\",\"itemListElement\":[{\"@type\":\"ListItem\",\"position\":1,\"name\":\"Home\",\"item\":\"https:\\\/\\\/fr.elds.org\\\/lesmormons-net\\\/\"},{\"@type\":\"ListItem\",\"position\":2,\"name\":\"Annonces et temps forts de la conf\u00e9rence g\u00e9n\u00e9rale d&#8217;octobre 2017\"}]},{\"@type\":\"WebSite\",\"@id\":\"https:\\\/\\\/fr.elds.org\\\/lesmormons-net\\\/#website\",\"url\":\"https:\\\/\\\/fr.elds.org\\\/lesmormons-net\\\/\",\"name\":\"Les Mormons\",\"description\":\"Les mormons au quotidien\",\"potentialAction\":[{\"@type\":\"SearchAction\",\"target\":{\"@type\":\"EntryPoint\",\"urlTemplate\":\"https:\\\/\\\/fr.elds.org\\\/lesmormons-net\\\/?s={search_term_string}\"},\"query-input\":{\"@type\":\"PropertyValueSpecification\",\"valueRequired\":true,\"valueName\":\"search_term_string\"}}],\"inLanguage\":\"fr-FR\"},{\"@type\":\"Person\",\"@id\":\"https:\\\/\\\/fr.elds.org\\\/lesmormons-net\\\/#\\\/schema\\\/person\\\/21d1cc3e5996143ad0f655979783dfc3\",\"name\":\"Plus de Foi\",\"image\":{\"@type\":\"ImageObject\",\"inLanguage\":\"fr-FR\",\"@id\":\"https:\\\/\\\/secure.gravatar.com\\\/avatar\\\/4647b2714d43c09703afab402f554845ba42922ebe724cb9639d75cf44059553?s=96&d=blank&r=g\",\"url\":\"https:\\\/\\\/secure.gravatar.com\\\/avatar\\\/4647b2714d43c09703afab402f554845ba42922ebe724cb9639d75cf44059553?s=96&d=blank&r=g\",\"contentUrl\":\"https:\\\/\\\/secure.gravatar.com\\\/avatar\\\/4647b2714d43c09703afab402f554845ba42922ebe724cb9639d75cf44059553?s=96&d=blank&r=g\",\"caption\":\"Plus de Foi\"},\"description\":\"Plus de Foi est une page cr\u00e9\u00e9e par des membres chr\u00e9tiens de l'\u00c9glise de J\u00e9sus-Christ des Saints des Derniers Jours. Nous publions des contenus sur comment nous vivons notre foi au quotidien et nous aimons partager nos croyances avec les personnes autour de nous.\",\"url\":\"https:\\\/\\\/fr.elds.org\\\/lesmormons-net\\\/author\\\/giada\\\/\"}]}<\/script>\n<!-- \/ Yoast SEO plugin. -->","yoast_head_json":{"title":"Temps forts et annonces de la conf\u00e9rence g\u00e9n\u00e9rale d'octobre 2017","description":"Quels ont \u00e9t\u00e9 les temps forts et les annonces de cette conf\u00e9rence g\u00e9n\u00e9rale d'octobre 2017? Que devons-nous surtout en retenir?","robots":{"index":"index","follow":"follow","max-snippet":"max-snippet:-1","max-image-preview":"max-image-preview:large","max-video-preview":"max-video-preview:-1"},"canonical":"https:\/\/fr.elds.org\/lesmormons-net\/merged\/temps-forts-conf-gen-oct-2017\/","og_locale":"fr_FR","og_type":"article","og_title":"Temps forts et annonces de la conf\u00e9rence g\u00e9n\u00e9rale d'octobre 2017","og_description":"Quels ont \u00e9t\u00e9 les temps forts et les annonces de cette conf\u00e9rence g\u00e9n\u00e9rale d'octobre 2017? Que devons-nous surtout en retenir?","og_url":"https:\/\/fr.elds.org\/lesmormons-net\/merged\/temps-forts-conf-gen-oct-2017\/","og_site_name":"Les Mormons","article_published_time":"2017-10-03T03:57:09+00:00","article_modified_time":"2018-10-09T12:24:38+00:00","og_image":[{"width":948,"height":542,"url":"https:\/\/fr.elds.org\/lesmormons-net\/files\/2017\/10\/session-samedi-apm.jpg","type":"image\/jpeg"}],"author":"Plus de Foi","twitter_card":"summary_large_image","twitter_misc":{"\u00c9crit par":"Plus de Foi","Dur\u00e9e de lecture estim\u00e9e":"2 minutes"},"schema":{"@context":"https:\/\/schema.org","@graph":[{"@type":"Article","@id":"https:\/\/fr.elds.org\/lesmormons-net\/merged\/temps-forts-conf-gen-oct-2017\/#article","isPartOf":{"@id":"https:\/\/fr.elds.org\/lesmormons-net\/merged\/temps-forts-conf-gen-oct-2017\/"},"author":{"name":"Plus de Foi","@id":"https:\/\/fr.elds.org\/lesmormons-net\/#\/schema\/person\/21d1cc3e5996143ad0f655979783dfc3"},"headline":"Annonces et temps forts de la conf\u00e9rence g\u00e9n\u00e9rale d&rsquo;octobre 2017","datePublished":"2017-10-03T03:57:09+00:00","dateModified":"2018-10-09T12:24:38+00:00","mainEntityOfPage":{"@id":"https:\/\/fr.elds.org\/lesmormons-net\/merged\/temps-forts-conf-gen-oct-2017\/"},"wordCount":476,"commentCount":0,"image":{"@id":"https:\/\/fr.elds.org\/lesmormons-net\/merged\/temps-forts-conf-gen-oct-2017\/#primaryimage"},"thumbnailUrl":"https:\/\/fr.elds.org\/lesmormons-net\/files\/2017\/10\/session-samedi-apm.jpg","keywords":["appliquer l'Evangile","organisation de l'Eglise"],"articleSection":["Merging Articles"],"inLanguage":"fr-FR","potentialAction":[{"@type":"CommentAction","name":"Comment","target":["https:\/\/fr.elds.org\/lesmormons-net\/merged\/temps-forts-conf-gen-oct-2017\/#respond"]}]},{"@type":"WebPage","@id":"https:\/\/fr.elds.org\/lesmormons-net\/merged\/temps-forts-conf-gen-oct-2017\/","url":"https:\/\/fr.elds.org\/lesmormons-net\/merged\/temps-forts-conf-gen-oct-2017\/","name":"Temps forts et annonces de la conf\u00e9rence g\u00e9n\u00e9rale d'octobre 2017","isPartOf":{"@id":"https:\/\/fr.elds.org\/lesmormons-net\/#website"},"primaryImageOfPage":{"@id":"https:\/\/fr.elds.org\/lesmormons-net\/merged\/temps-forts-conf-gen-oct-2017\/#primaryimage"},"image":{"@id":"https:\/\/fr.elds.org\/lesmormons-net\/merged\/temps-forts-conf-gen-oct-2017\/#primaryimage"},"thumbnailUrl":"https:\/\/fr.elds.org\/lesmormons-net\/files\/2017\/10\/session-samedi-apm.jpg","datePublished":"2017-10-03T03:57:09+00:00","dateModified":"2018-10-09T12:24:38+00:00","author":{"@id":"https:\/\/fr.elds.org\/lesmormons-net\/#\/schema\/person\/21d1cc3e5996143ad0f655979783dfc3"},"description":"Quels ont \u00e9t\u00e9 les temps forts et les annonces de cette conf\u00e9rence g\u00e9n\u00e9rale d'octobre 2017? Que devons-nous surtout en retenir?","breadcrumb":{"@id":"https:\/\/fr.elds.org\/lesmormons-net\/merged\/temps-forts-conf-gen-oct-2017\/#breadcrumb"},"inLanguage":"fr-FR","potentialAction":[{"@type":"ReadAction","target":["https:\/\/fr.elds.org\/lesmormons-net\/merged\/temps-forts-conf-gen-oct-2017\/"]}]},{"@type":"ImageObject","inLanguage":"fr-FR","@id":"https:\/\/fr.elds.org\/lesmormons-net\/merged\/temps-forts-conf-gen-oct-2017\/#primaryimage","url":"https:\/\/fr.elds.org\/lesmormons-net\/files\/2017\/10\/session-samedi-apm.jpg","contentUrl":"https:\/\/fr.elds.org\/lesmormons-net\/files\/2017\/10\/session-samedi-apm.jpg","width":948,"height":542,"caption":"temps forts de la conf\u00e9rence g\u00e9n\u00e9rale d'octobre 2017"},{"@type":"BreadcrumbList","@id":"https:\/\/fr.elds.org\/lesmormons-net\/merged\/temps-forts-conf-gen-oct-2017\/#breadcrumb","itemListElement":[{"@type":"ListItem","position":1,"name":"Home","item":"https:\/\/fr.elds.org\/lesmormons-net\/"},{"@type":"ListItem","position":2,"name":"Annonces et temps forts de la conf\u00e9rence g\u00e9n\u00e9rale d&#8217;octobre 2017"}]},{"@type":"WebSite","@id":"https:\/\/fr.elds.org\/lesmormons-net\/#website","url":"https:\/\/fr.elds.org\/lesmormons-net\/","name":"Les Mormons","description":"Les mormons au quotidien","potentialAction":[{"@type":"SearchAction","target":{"@type":"EntryPoint","urlTemplate":"https:\/\/fr.elds.org\/lesmormons-net\/?s={search_term_string}"},"query-input":{"@type":"PropertyValueSpecification","valueRequired":true,"valueName":"search_term_string"}}],"inLanguage":"fr-FR"},{"@type":"Person","@id":"https:\/\/fr.elds.org\/lesmormons-net\/#\/schema\/person\/21d1cc3e5996143ad0f655979783dfc3","name":"Plus de Foi","image":{"@type":"ImageObject","inLanguage":"fr-FR","@id":"https:\/\/secure.gravatar.com\/avatar\/4647b2714d43c09703afab402f554845ba42922ebe724cb9639d75cf44059553?s=96&d=blank&r=g","url":"https:\/\/secure.gravatar.com\/avatar\/4647b2714d43c09703afab402f554845ba42922ebe724cb9639d75cf44059553?s=96&d=blank&r=g","contentUrl":"https:\/\/secure.gravatar.com\/avatar\/4647b2714d43c09703afab402f554845ba42922ebe724cb9639d75cf44059553?s=96&d=blank&r=g","caption":"Plus de Foi"},"description":"Plus de Foi est une page cr\u00e9\u00e9e par des membres chr\u00e9tiens de l'\u00c9glise de J\u00e9sus-Christ des Saints des Derniers Jours. Nous publions des contenus sur comment nous vivons notre foi au quotidien et nous aimons partager nos croyances avec les personnes autour de nous.","url":"https:\/\/fr.elds.org\/lesmormons-net\/author\/giada\/"}]}},"_links":{"self":[{"href":"https:\/\/fr.elds.org\/lesmormons-net\/wp-json\/wp\/v2\/posts\/6868","targetHints":{"allow":["GET"]}}],"collection":[{"href":"https:\/\/fr.elds.org\/lesmormons-net\/wp-json\/wp\/v2\/posts"}],"about":[{"href":"https:\/\/fr.elds.org\/lesmormons-net\/wp-json\/wp\/v2\/types\/post"}],"author":[{"embeddable":true,"href":"https:\/\/fr.elds.org\/lesmormons-net\/wp-json\/wp\/v2\/users\/53"}],"replies":[{"embeddable":true,"href":"https:\/\/fr.elds.org\/lesmormons-net\/wp-json\/wp\/v2\/comments?post=6868"}],"version-history":[{"count":8,"href":"https:\/\/fr.elds.org\/lesmormons-net\/wp-json\/wp\/v2\/posts\/6868\/revisions"}],"predecessor-version":[{"id":8665,"href":"https:\/\/fr.elds.org\/lesmormons-net\/wp-json\/wp\/v2\/posts\/6868\/revisions\/8665"}],"wp:featuredmedia":[{"embeddable":true,"href":"https:\/\/fr.elds.org\/lesmormons-net\/wp-json\/wp\/v2\/media\/6889"}],"wp:attachment":[{"href":"https:\/\/fr.elds.org\/lesmormons-net\/wp-json\/wp\/v2\/media?parent=6868"}],"wp:term":[{"taxonomy":"category","embeddable":true,"href":"https:\/\/fr.elds.org\/lesmormons-net\/wp-json\/wp\/v2\/categories?post=6868"},{"taxonomy":"post_tag","embeddable":true,"href":"https:\/\/fr.elds.org\/lesmormons-net\/wp-json\/wp\/v2\/tags?post=6868"}],"curies":[{"name":"wp","href":"https:\/\/api.w.org\/{rel}","templated":true}]}}