{"id":6661,"date":"2017-08-23T05:05:38","date_gmt":"2017-08-23T03:05:38","guid":{"rendered":"https:\/\/fr.elds.org\/lesmormons-net\/?p=6661"},"modified":"2018-07-25T10:55:37","modified_gmt":"2018-07-25T08:55:37","slug":"president-thomas-s-monson-90-ans","status":"publish","type":"post","link":"https:\/\/fr.elds.org\/lesmormons-net\/actualites-mondiales\/president-thomas-s-monson-90-ans\/","title":{"rendered":"Pr\u00e9sident Monson a eu 90 ans!"},"content":{"rendered":"<p>Le 21 ao\u00fbt 2017, Thomas S. Monson, pr\u00e9sident de l&rsquo;Eglise de J\u00e9sus-Christ des Saints des Derniers Jours, a f\u00eat\u00e9 ses 90 ans. Cela fait 54 ans qu&rsquo;il a \u00e9t\u00e9 ordonn\u00e9 \u00e0 l&rsquo;office d&rsquo;ap\u00f4tre et proph\u00e8te du Seigneur.<\/p>\n<p>Il a pass\u00e9 la journ\u00e9e en famille, \u00e0 d\u00e9guster des g\u00e2teaux au citron et de la glace, d&rsquo;apr\u00e8s sa fille Ann M. Dibb.<\/p>\n<p><img fetchpriority=\"high\" fetchpriority=\"high\" decoding=\"async\" class=\"aligncenter size-full wp-image-6680\" src=\"https:\/\/fr.elds.org\/lesmormons-net\/files\/2017\/08\/20914536_1536400986426686_3703639635394628294_n.jpg\" alt=\"Thomas S. Monson en compagnie de certains de ses arri\u00e8res-petits-enfants\" width=\"480\" height=\"640\" srcset=\"https:\/\/fr.elds.org\/lesmormons-net\/files\/2017\/08\/20914536_1536400986426686_3703639635394628294_n.jpg 480w, https:\/\/fr.elds.org\/lesmormons-net\/files\/2017\/08\/20914536_1536400986426686_3703639635394628294_n-225x300.jpg 225w\" sizes=\"(max-width: 480px) 100vw, 480px\" \/><\/p>\n<p>&nbsp;<\/p>\n<p>En ce jour si sp\u00e9cial, plusieurs dirigeants de l&rsquo;Eglise ont laiss\u00e9 des messages tr\u00e8s touchants sur les r\u00e9seaux sociaux. En voici quelqu&rsquo;uns.<\/p>\n<h3>Jean B. Bingham, pr\u00e9sidente g\u00e9n\u00e9rale de la Soci\u00e9t\u00e9 de Secours<\/h3>\n<p><img decoding=\"async\" class=\"aligncenter wp-image-6666\" src=\"https:\/\/fr.elds.org\/lesmormons-net\/files\/2017\/08\/20993006_833070106861113_1452448259034769816_n.jpg\" alt=\"Thomas S. Monson re\u00e7oit message de Jean B. Bingham pour ses 90 ans\" width=\"862\" height=\"598\" srcset=\"https:\/\/fr.elds.org\/lesmormons-net\/files\/2017\/08\/20993006_833070106861113_1452448259034769816_n.jpg 960w, https:\/\/fr.elds.org\/lesmormons-net\/files\/2017\/08\/20993006_833070106861113_1452448259034769816_n-300x208.jpg 300w, https:\/\/fr.elds.org\/lesmormons-net\/files\/2017\/08\/20993006_833070106861113_1452448259034769816_n-768x533.jpg 768w\" sizes=\"(max-width: 862px) 100vw, 862px\" \/><\/p>\n<blockquote><p>Une des nombreuses choses que j&rsquo;aime chez le Pr\u00e9sident Thomas S. Monson est sa remarquable capacit\u00e9 \u00e0 raconter une histoire captivante qui enseigne enseigne la v\u00e9rit\u00e9 et nous inspire \u00e0 faire mieux et \u00eatre meilleur. Son influence s&rsquo;est \u00e9tendue dans le monde et pourtant elle a touch\u00e9 chacun \u00e0 travers sa sinc\u00e8re bienveillance et sa vision claire. C&rsquo;est une b\u00e9n\u00e9diction pr\u00e9cieuse que d&rsquo;avoir \u00e9t\u00e9 appel\u00e9e par lui pour servir le Seigneur. Joyeux anniversaire, Pr\u00e9sident Monson!<\/p><\/blockquote>\n<h3><\/h3>\n<h3>Joy D. Jones, pr\u00e9sidente g\u00e9n\u00e9rale de la Primaire<\/h3>\n<p><img decoding=\"async\" class=\"aligncenter wp-image-6668\" src=\"https:\/\/fr.elds.org\/lesmormons-net\/files\/2017\/08\/21034168_1430174307065093_1262552926572103448_n.jpg\" alt=\"message de Joy D. Jones\" width=\"862\" height=\"587\" srcset=\"https:\/\/fr.elds.org\/lesmormons-net\/files\/2017\/08\/21034168_1430174307065093_1262552926572103448_n.jpg 960w, https:\/\/fr.elds.org\/lesmormons-net\/files\/2017\/08\/21034168_1430174307065093_1262552926572103448_n-300x204.jpg 300w, https:\/\/fr.elds.org\/lesmormons-net\/files\/2017\/08\/21034168_1430174307065093_1262552926572103448_n-768x523.jpg 768w\" sizes=\"(max-width: 862px) 100vw, 862px\" \/><\/p>\n<blockquote><p>C&rsquo;est avec le plus grand amour et reconnaissance que je souhaite au pr\u00e9sident Monson un tr\u00e8s joyeux 90\u00e8me anniversaire. Sa vie inspir\u00e9e, sa direction, et son exemple ont b\u00e9nis les vies de tous ceux qui le connaissent. Je joins les enfants de la Primaire de par le monde en chantant et t\u00e9moignant: \u00ab\u00a0Suis les proph\u00e8tes\u00a0\u00bb. Nous vous aimons Pr\u00e9sident Monson!<\/p><\/blockquote>\n<p>&nbsp;<\/p>\n<h3>Henry B. Eyring<\/h3>\n<p><img loading=\"lazy\" loading=\"lazy\" decoding=\"async\" class=\"aligncenter wp-image-6669\" src=\"https:\/\/fr.elds.org\/lesmormons-net\/files\/2017\/08\/20994314_1438929666154504_1330948862435736512_n.jpg\" alt=\"message de Henry B. Eyring\" width=\"861\" height=\"556\" srcset=\"https:\/\/fr.elds.org\/lesmormons-net\/files\/2017\/08\/20994314_1438929666154504_1330948862435736512_n.jpg 960w, https:\/\/fr.elds.org\/lesmormons-net\/files\/2017\/08\/20994314_1438929666154504_1330948862435736512_n-300x194.jpg 300w, https:\/\/fr.elds.org\/lesmormons-net\/files\/2017\/08\/20994314_1438929666154504_1330948862435736512_n-768x496.jpg 768w\" sizes=\"(max-width: 861px) 100vw, 861px\" \/><\/p>\n<blockquote><p>Avec tous ceux qui l&rsquo;aime, je souhaite au Pr\u00e9sident Thomas S. Monson mes meilleurs v\u0153ux pour son 90\u00e8me anniversaire. Sa foi et son souci pour tous les enfants de notre P\u00e8re c\u00e9leste a apport\u00e9 de la joie et de la paix \u00e0 travers le monde. Il est le proph\u00e8te du Seigneur, et il est notre grand exemple comme disciple fid\u00e8le de J\u00e9sus-Christ. Je suis b\u00e9ni de servir sous sa direction inspir\u00e9e. Joyeux anniversaire, Pr\u00e9sident Monson.<\/p><\/blockquote>\n<p>&nbsp;<\/p>\n<h3>Dieter F. Uchtdorf<\/h3>\n<blockquote><p>Joyeux anniversaire, cher Pr\u00e9sident Thomas S. monson. Avec les millions de vos amis de tous les horizons et de tous les coins du monde, Harriet et moi joignons nos voix \u00e0 leur ch\u0153ur de f\u00e9licitations et c\u00e9l\u00e9brations de notre cher proph\u00e8te, que nous aimons et soutenons, et de qui il peut \u00eatre dit \u00ab\u00a0Il est pass\u00e9 en faisant le bien\u00a0\u00bb.<\/p>\n<p>Harriet et moi ch\u00e9rissons les exp\u00e9riences merveilleuses que nous avons eu en vous accompagnant lors de diff\u00e9rents voyages \u00e0 travers les ans. Votre orientation spirituelle nous a donn\u00e9 une direction divine, et votre humour terre \u00e0 terre, vos traits d&rsquo;esprit, vos histoires m\u00e9morables et vos commentaires encourageants nous ont tous b\u00e9nis.<\/p>\n<p>Votre exemple de bont\u00e9 et de foi en action nous a men\u00e9 depuis des d\u00e9cennies et sera une \u00e9toile qui nous guide pour de nombreuses ann\u00e9es \u00e0 venir. \u00a0Pr\u00e9sident Monson, vous \u00eates effectivement un ami v\u00e9ritable et loyal de Dieu et de vos semblables. Quel privil\u00e8ge cela est de vous conna\u00eetre et de servir avec vous dans ce grand et merveilleux travail de l&rsquo;Eglise de J\u00e9sus-Christ. Mes meilleurs voeux en ce jour sp\u00e9cial et pour toujours.<\/p><\/blockquote>\n<div class=\"text_exposed_show\"><\/div>\n<div id=\"attachment_6670\" style=\"width: 871px\" class=\"wp-caption aligncenter\"><img loading=\"lazy\" loading=\"lazy\" decoding=\"async\" aria-describedby=\"caption-attachment-6670\" class=\" wp-image-6670\" src=\"https:\/\/fr.elds.org\/lesmormons-net\/files\/2017\/08\/after-a-member-meeting-at-the-historic-dahlem-chapel-in-berlin.jpg\" alt=\"Thomas S. Monson \u00e0 Dahlem, Berlin\" width=\"861\" height=\"646\" srcset=\"https:\/\/fr.elds.org\/lesmormons-net\/files\/2017\/08\/after-a-member-meeting-at-the-historic-dahlem-chapel-in-berlin.jpg 960w, https:\/\/fr.elds.org\/lesmormons-net\/files\/2017\/08\/after-a-member-meeting-at-the-historic-dahlem-chapel-in-berlin-300x225.jpg 300w, https:\/\/fr.elds.org\/lesmormons-net\/files\/2017\/08\/after-a-member-meeting-at-the-historic-dahlem-chapel-in-berlin-768x576.jpg 768w\" sizes=\"(max-width: 861px) 100vw, 861px\" \/><p id=\"caption-attachment-6670\" class=\"wp-caption-text\">Apr\u00e8s une r\u00e9union avec les membres dans la chapelle historique de Dahlem, \u00e0 Berlin.<\/p><\/div>\n<div id=\"attachment_6671\" style=\"width: 871px\" class=\"wp-caption aligncenter\"><img loading=\"lazy\" loading=\"lazy\" decoding=\"async\" aria-describedby=\"caption-attachment-6671\" class=\" wp-image-6671\" src=\"https:\/\/fr.elds.org\/lesmormons-net\/files\/2017\/08\/relaxing-at-konigssee-after-a-conference-in-salzburg.jpg\" alt=\"Thomas S. Monson se relaxe \u00e0 K\u00f6nigssee apr\u00e8s une conf\u00e9rence \u00e0 Salzburg\" width=\"861\" height=\"646\" srcset=\"https:\/\/fr.elds.org\/lesmormons-net\/files\/2017\/08\/relaxing-at-konigssee-after-a-conference-in-salzburg.jpg 960w, https:\/\/fr.elds.org\/lesmormons-net\/files\/2017\/08\/relaxing-at-konigssee-after-a-conference-in-salzburg-300x225.jpg 300w, https:\/\/fr.elds.org\/lesmormons-net\/files\/2017\/08\/relaxing-at-konigssee-after-a-conference-in-salzburg-768x576.jpg 768w\" sizes=\"(max-width: 861px) 100vw, 861px\" \/><p id=\"caption-attachment-6671\" class=\"wp-caption-text\">Thomas S. Monson se relaxe avec les Uchtdorf \u00e0 K\u00f6nigssee apr\u00e8s une conf\u00e9rence \u00e0 Salzburg.<\/p><\/div>\n<div id=\"attachment_6672\" style=\"width: 871px\" class=\"wp-caption aligncenter\"><img loading=\"lazy\" loading=\"lazy\" decoding=\"async\" aria-describedby=\"caption-attachment-6672\" class=\" wp-image-6672\" src=\"https:\/\/fr.elds.org\/lesmormons-net\/files\/2017\/08\/visiting-konigssee-with-president-monson.jpg\" alt=\"A K\u00f6nigssee en compagnie de Fr\u00e8re et Soeur Uchtdorf.\" width=\"861\" height=\"646\" srcset=\"https:\/\/fr.elds.org\/lesmormons-net\/files\/2017\/08\/visiting-konigssee-with-president-monson.jpg 960w, https:\/\/fr.elds.org\/lesmormons-net\/files\/2017\/08\/visiting-konigssee-with-president-monson-300x225.jpg 300w, https:\/\/fr.elds.org\/lesmormons-net\/files\/2017\/08\/visiting-konigssee-with-president-monson-768x576.jpg 768w\" sizes=\"(max-width: 861px) 100vw, 861px\" \/><p id=\"caption-attachment-6672\" class=\"wp-caption-text\">A K\u00f6nigssee en compagnie de Fr\u00e8re et Soeur Uchtdorf.<\/p><\/div>\n<div id=\"attachment_6674\" style=\"width: 870px\" class=\"wp-caption aligncenter\"><img loading=\"lazy\" loading=\"lazy\" decoding=\"async\" aria-describedby=\"caption-attachment-6674\" class=\" wp-image-6674\" src=\"https:\/\/fr.elds.org\/lesmormons-net\/files\/2017\/08\/at-the-oquirrh-mountain-temple-dedication-august-21-2009.jpg\" alt=\"cons\u00e9cration Oquirrh Mountain\" width=\"860\" height=\"772\" srcset=\"https:\/\/fr.elds.org\/lesmormons-net\/files\/2017\/08\/at-the-oquirrh-mountain-temple-dedication-august-21-2009.jpg 960w, https:\/\/fr.elds.org\/lesmormons-net\/files\/2017\/08\/at-the-oquirrh-mountain-temple-dedication-august-21-2009-300x269.jpg 300w, https:\/\/fr.elds.org\/lesmormons-net\/files\/2017\/08\/at-the-oquirrh-mountain-temple-dedication-august-21-2009-768x690.jpg 768w\" sizes=\"(max-width: 860px) 100vw, 860px\" \/><p id=\"caption-attachment-6674\" class=\"wp-caption-text\">Pr\u00e9sident Monson avec Pr\u00e9sident Uchtdorf et son \u00e9pouse lors de la cons\u00e9cration du temple de Oquirrh Mountain, le 21 ao\u00fbt 2009<\/p><\/div>\n<div id=\"attachment_6675\" style=\"width: 871px\" class=\"wp-caption aligncenter\"><img loading=\"lazy\" loading=\"lazy\" decoding=\"async\" aria-describedby=\"caption-attachment-6675\" class=\"wp-image-6675 \" src=\"https:\/\/fr.elds.org\/lesmormons-net\/files\/2017\/08\/president-monson-visiting-with-former-gdr-officials-who-helped-the-church-to-get-the-freiberg-temple.jpg\" alt=\"Pr\u00e9sident Monson rencontrant d'anciens responsables gouvernementaux de l'Allemagne de l'Est\" width=\"861\" height=\"646\" srcset=\"https:\/\/fr.elds.org\/lesmormons-net\/files\/2017\/08\/president-monson-visiting-with-former-gdr-officials-who-helped-the-church-to-get-the-freiberg-temple.jpg 960w, https:\/\/fr.elds.org\/lesmormons-net\/files\/2017\/08\/president-monson-visiting-with-former-gdr-officials-who-helped-the-church-to-get-the-freiberg-temple-300x225.jpg 300w, https:\/\/fr.elds.org\/lesmormons-net\/files\/2017\/08\/president-monson-visiting-with-former-gdr-officials-who-helped-the-church-to-get-the-freiberg-temple-768x576.jpg 768w\" sizes=\"(max-width: 861px) 100vw, 861px\" \/><p id=\"caption-attachment-6675\" class=\"wp-caption-text\">President Monson rendant visite \u00e0 d&rsquo;anciens officiels de l&rsquo;ex-Allemagne de l&rsquo;Est qui ont aid\u00e9 l&rsquo;Eglise \u00e0 obtenir la construction du temple de Freiberg. Ceci est un exmple de la loyaut\u00e9 de Pr\u00e9sident Monson. Ces hommes n&rsquo;ont plus de pouvoir politique mais il les a honor\u00e9 \u00e0 travers ses actes de loyaut\u00e9 et de gentillesse.<\/p><\/div>\n<div id=\"attachment_6676\" style=\"width: 871px\" class=\"wp-caption aligncenter\"><img loading=\"lazy\" loading=\"lazy\" decoding=\"async\" aria-describedby=\"caption-attachment-6676\" class=\"wp-image-6676 \" src=\"https:\/\/fr.elds.org\/lesmormons-net\/files\/2017\/08\/visiting-local-in-panama-city.jpg\" alt=\"Thomas S. Monson en visite au Panama\" width=\"861\" height=\"646\" srcset=\"https:\/\/fr.elds.org\/lesmormons-net\/files\/2017\/08\/visiting-local-in-panama-city.jpg 960w, https:\/\/fr.elds.org\/lesmormons-net\/files\/2017\/08\/visiting-local-in-panama-city-300x225.jpg 300w, https:\/\/fr.elds.org\/lesmormons-net\/files\/2017\/08\/visiting-local-in-panama-city-768x576.jpg 768w\" sizes=\"(max-width: 861px) 100vw, 861px\" \/><p id=\"caption-attachment-6676\" class=\"wp-caption-text\">En visite au canal de Panama lors de la cons\u00e9cration du temple de Panama City le 10 ao\u00fbt 2008. Le Pr\u00e9sident Monson est un lien entre l&rsquo;oc\u00e9an de membres et l&rsquo;Eglise du Christ.<\/p><\/div>\n<div id=\"attachment_6677\" style=\"width: 785px\" class=\"wp-caption aligncenter\"><img loading=\"lazy\" loading=\"lazy\" decoding=\"async\" aria-describedby=\"caption-attachment-6677\" class=\" wp-image-6677\" src=\"https:\/\/fr.elds.org\/lesmormons-net\/files\/2017\/08\/president-monson-sense-of-humor.jpg\" alt=\"l'humour de Thomas S. Monson\" width=\"775\" height=\"789\" srcset=\"https:\/\/fr.elds.org\/lesmormons-net\/files\/2017\/08\/president-monson-sense-of-humor.jpg 943w, https:\/\/fr.elds.org\/lesmormons-net\/files\/2017\/08\/president-monson-sense-of-humor-295x300.jpg 295w, https:\/\/fr.elds.org\/lesmormons-net\/files\/2017\/08\/president-monson-sense-of-humor-768x782.jpg 768w\" sizes=\"(max-width: 775px) 100vw, 775px\" \/><p id=\"caption-attachment-6677\" class=\"wp-caption-text\">Le sens de l&rsquo;humour et de l&rsquo;esprit de Pr\u00e9sident Monson ont b\u00e9ni de nombreuses personnes dans le monde.<\/p><\/div>\n<div id=\"attachment_6678\" style=\"width: 871px\" class=\"wp-caption aligncenter\"><img loading=\"lazy\" loading=\"lazy\" decoding=\"async\" aria-describedby=\"caption-attachment-6678\" class=\" wp-image-6678\" src=\"https:\/\/fr.elds.org\/lesmormons-net\/files\/2017\/08\/the-uchtdorf-with-president-monson.jpg\" alt=\"Pr\u00e9sident Monson et les Uchtdorf\" width=\"861\" height=\"685\" srcset=\"https:\/\/fr.elds.org\/lesmormons-net\/files\/2017\/08\/the-uchtdorf-with-president-monson.jpg 960w, https:\/\/fr.elds.org\/lesmormons-net\/files\/2017\/08\/the-uchtdorf-with-president-monson-300x238.jpg 300w, https:\/\/fr.elds.org\/lesmormons-net\/files\/2017\/08\/the-uchtdorf-with-president-monson-768x610.jpg 768w\" sizes=\"(max-width: 861px) 100vw, 861px\" \/><p id=\"caption-attachment-6678\" class=\"wp-caption-text\">Dieter et Harriet Uchtdorf entoure le Pr\u00e9sident Thomas S. Monson<\/p><\/div>\n<p>Vid\u00e9o en anglais relatant la vie de Thomas S. Monson:<\/p>\n<div id=\"fb-root\"><\/div>\n<p><script>(function(d, s, id) {  var js, fjs = d.getElementsByTagName(s)[0];  if (d.getElementById(id)) return;  js = d.createElement(s); js.id = id;  js.src = \"\/\/connect.facebook.net\/en_US\/sdk.js#xfbml=1&version=v2.10\";  fjs.parentNode.insertBefore(js, fjs);}(document, 'script', 'facebook-jssdk'));<\/script><\/p>\n<div class=\"fb-video\" data-href=\"https:\/\/www.facebook.com\/LDSDaily\/videos\/951840031620969\/\" data-width=\"1080\">\n<blockquote cite=\"https:\/\/www.facebook.com\/LDSDaily\/videos\/951840031620969\/\" class=\"fb-xfbml-parse-ignore\"><p><a href=\"https:\/\/www.facebook.com\/LDSDaily\/videos\/951840031620969\/\">Happy 90th Birthday President Monson<\/a><\/p>\n<p>Happy 90th birthday, President Monson! We love and sustain you.<\/p>\n<p>Posted by <a href=\"https:\/\/www.facebook.com\/LDSDaily\/\">LDS Daily<\/a> on Monday, August 21, 2017<\/p><\/blockquote>\n<\/div>\n","protected":false},"excerpt":{"rendered":"<p>Pour les 90 ans de Pr\u00e9sident Monson, plusieurs dirigeants de l&rsquo;Eglise ont rendu t\u00e9moignage de l&rsquo;amour qu&rsquo;ils lui portent.<\/p>\n","protected":false},"author":53,"featured_media":6681,"comment_status":"open","ping_status":"closed","sticky":false,"template":"","format":"standard","meta":{"_et_pb_use_builder":"","_et_pb_old_content":"","_et_gb_content_width":"","footnotes":""},"categories":[174],"tags":[337,217],"class_list":["post-6661","post","type-post","status-publish","format-standard","has-post-thumbnail","hentry","category-actualites-mondiales","tag-histoire-de-leglise","tag-thomas-s-monson","et-has-post-format-content","et_post_format-et-post-format-standard"],"yoast_head":"<!-- This site is optimized with the Yoast SEO plugin v27.4 - https:\/\/yoast.com\/product\/yoast-seo-wordpress\/ -->\n<title>Le Pr\u00e9sident Thomas S. Monson a f\u00eat\u00e9 son 90\u00e8me anniversaire<\/title>\n<meta name=\"description\" content=\"Pour les 90 ans de Pr\u00e9sident Thomas S. Monson, plusieurs dirigeants de l&#039;Eglise ont rendu t\u00e9moignage de l&#039;amour qu&#039;ils lui portent.\" \/>\n<meta name=\"robots\" content=\"index, follow, max-snippet:-1, max-image-preview:large, max-video-preview:-1\" \/>\n<link rel=\"canonical\" href=\"https:\/\/fr.elds.org\/lesmormons-net\/actualites-mondiales\/president-thomas-s-monson-90-ans\/\" \/>\n<meta property=\"og:locale\" content=\"fr_FR\" \/>\n<meta property=\"og:type\" content=\"article\" \/>\n<meta property=\"og:title\" content=\"Le Pr\u00e9sident Thomas S. Monson a f\u00eat\u00e9 son 90\u00e8me anniversaire\" \/>\n<meta property=\"og:description\" content=\"Pour les 90 ans de Pr\u00e9sident Thomas S. Monson, plusieurs dirigeants de l&#039;Eglise ont rendu t\u00e9moignage de l&#039;amour qu&#039;ils lui portent.\" \/>\n<meta property=\"og:url\" content=\"https:\/\/fr.elds.org\/lesmormons-net\/actualites-mondiales\/president-thomas-s-monson-90-ans\/\" \/>\n<meta property=\"og:site_name\" content=\"Les Mormons\" \/>\n<meta property=\"article:published_time\" content=\"2017-08-23T03:05:38+00:00\" \/>\n<meta property=\"article:modified_time\" content=\"2018-07-25T08:55:37+00:00\" \/>\n<meta property=\"og:image\" content=\"https:\/\/fr.elds.org\/lesmormons-net\/files\/2017\/08\/thomas-s-monson-et-ses-arrieres-petits-enfants-titre.jpg\" \/>\n\t<meta property=\"og:image:width\" content=\"948\" \/>\n\t<meta property=\"og:image:height\" content=\"542\" \/>\n\t<meta property=\"og:image:type\" content=\"image\/jpeg\" \/>\n<meta name=\"author\" content=\"Plus de Foi\" \/>\n<meta name=\"twitter:card\" content=\"summary_large_image\" \/>\n<meta name=\"twitter:label1\" content=\"\u00c9crit par\" \/>\n\t<meta name=\"twitter:data1\" content=\"Plus de Foi\" \/>\n\t<meta name=\"twitter:label2\" content=\"Dur\u00e9e de lecture estim\u00e9e\" \/>\n\t<meta name=\"twitter:data2\" content=\"4 minutes\" \/>\n<script type=\"application\/ld+json\" class=\"yoast-schema-graph\">{\"@context\":\"https:\\\/\\\/schema.org\",\"@graph\":[{\"@type\":\"Article\",\"@id\":\"https:\\\/\\\/fr.elds.org\\\/lesmormons-net\\\/actualites-mondiales\\\/president-thomas-s-monson-90-ans\\\/#article\",\"isPartOf\":{\"@id\":\"https:\\\/\\\/fr.elds.org\\\/lesmormons-net\\\/actualites-mondiales\\\/president-thomas-s-monson-90-ans\\\/\"},\"author\":{\"name\":\"Plus de Foi\",\"@id\":\"https:\\\/\\\/fr.elds.org\\\/lesmormons-net\\\/#\\\/schema\\\/person\\\/21d1cc3e5996143ad0f655979783dfc3\"},\"headline\":\"Pr\u00e9sident Monson a eu 90 ans!\",\"datePublished\":\"2017-08-23T03:05:38+00:00\",\"dateModified\":\"2018-07-25T08:55:37+00:00\",\"mainEntityOfPage\":{\"@id\":\"https:\\\/\\\/fr.elds.org\\\/lesmormons-net\\\/actualites-mondiales\\\/president-thomas-s-monson-90-ans\\\/\"},\"wordCount\":844,\"commentCount\":0,\"image\":{\"@id\":\"https:\\\/\\\/fr.elds.org\\\/lesmormons-net\\\/actualites-mondiales\\\/president-thomas-s-monson-90-ans\\\/#primaryimage\"},\"thumbnailUrl\":\"https:\\\/\\\/fr.elds.org\\\/lesmormons-net\\\/files\\\/2017\\\/08\\\/thomas-s-monson-et-ses-arrieres-petits-enfants-titre.jpg\",\"keywords\":[\"histoire de l'Eglise\",\"Thomas S. Monson\"],\"articleSection\":[\"Actualit\u00e9s mondiales\"],\"inLanguage\":\"fr-FR\",\"potentialAction\":[{\"@type\":\"CommentAction\",\"name\":\"Comment\",\"target\":[\"https:\\\/\\\/fr.elds.org\\\/lesmormons-net\\\/actualites-mondiales\\\/president-thomas-s-monson-90-ans\\\/#respond\"]}]},{\"@type\":\"WebPage\",\"@id\":\"https:\\\/\\\/fr.elds.org\\\/lesmormons-net\\\/actualites-mondiales\\\/president-thomas-s-monson-90-ans\\\/\",\"url\":\"https:\\\/\\\/fr.elds.org\\\/lesmormons-net\\\/actualites-mondiales\\\/president-thomas-s-monson-90-ans\\\/\",\"name\":\"Le Pr\u00e9sident Thomas S. Monson a f\u00eat\u00e9 son 90\u00e8me anniversaire\",\"isPartOf\":{\"@id\":\"https:\\\/\\\/fr.elds.org\\\/lesmormons-net\\\/#website\"},\"primaryImageOfPage\":{\"@id\":\"https:\\\/\\\/fr.elds.org\\\/lesmormons-net\\\/actualites-mondiales\\\/president-thomas-s-monson-90-ans\\\/#primaryimage\"},\"image\":{\"@id\":\"https:\\\/\\\/fr.elds.org\\\/lesmormons-net\\\/actualites-mondiales\\\/president-thomas-s-monson-90-ans\\\/#primaryimage\"},\"thumbnailUrl\":\"https:\\\/\\\/fr.elds.org\\\/lesmormons-net\\\/files\\\/2017\\\/08\\\/thomas-s-monson-et-ses-arrieres-petits-enfants-titre.jpg\",\"datePublished\":\"2017-08-23T03:05:38+00:00\",\"dateModified\":\"2018-07-25T08:55:37+00:00\",\"author\":{\"@id\":\"https:\\\/\\\/fr.elds.org\\\/lesmormons-net\\\/#\\\/schema\\\/person\\\/21d1cc3e5996143ad0f655979783dfc3\"},\"description\":\"Pour les 90 ans de Pr\u00e9sident Thomas S. Monson, plusieurs dirigeants de l'Eglise ont rendu t\u00e9moignage de l'amour qu'ils lui portent.\",\"breadcrumb\":{\"@id\":\"https:\\\/\\\/fr.elds.org\\\/lesmormons-net\\\/actualites-mondiales\\\/president-thomas-s-monson-90-ans\\\/#breadcrumb\"},\"inLanguage\":\"fr-FR\",\"potentialAction\":[{\"@type\":\"ReadAction\",\"target\":[\"https:\\\/\\\/fr.elds.org\\\/lesmormons-net\\\/actualites-mondiales\\\/president-thomas-s-monson-90-ans\\\/\"]}]},{\"@type\":\"ImageObject\",\"inLanguage\":\"fr-FR\",\"@id\":\"https:\\\/\\\/fr.elds.org\\\/lesmormons-net\\\/actualites-mondiales\\\/president-thomas-s-monson-90-ans\\\/#primaryimage\",\"url\":\"https:\\\/\\\/fr.elds.org\\\/lesmormons-net\\\/files\\\/2017\\\/08\\\/thomas-s-monson-et-ses-arrieres-petits-enfants-titre.jpg\",\"contentUrl\":\"https:\\\/\\\/fr.elds.org\\\/lesmormons-net\\\/files\\\/2017\\\/08\\\/thomas-s-monson-et-ses-arrieres-petits-enfants-titre.jpg\",\"width\":948,\"height\":542,\"caption\":\"Thomas S. Monson a pass\u00e9 son anniversaire entour\u00e9 de sa famille\"},{\"@type\":\"BreadcrumbList\",\"@id\":\"https:\\\/\\\/fr.elds.org\\\/lesmormons-net\\\/actualites-mondiales\\\/president-thomas-s-monson-90-ans\\\/#breadcrumb\",\"itemListElement\":[{\"@type\":\"ListItem\",\"position\":1,\"name\":\"Home\",\"item\":\"https:\\\/\\\/fr.elds.org\\\/lesmormons-net\\\/\"},{\"@type\":\"ListItem\",\"position\":2,\"name\":\"Pr\u00e9sident Monson a eu 90 ans!\"}]},{\"@type\":\"WebSite\",\"@id\":\"https:\\\/\\\/fr.elds.org\\\/lesmormons-net\\\/#website\",\"url\":\"https:\\\/\\\/fr.elds.org\\\/lesmormons-net\\\/\",\"name\":\"Les Mormons\",\"description\":\"Les mormons au quotidien\",\"potentialAction\":[{\"@type\":\"SearchAction\",\"target\":{\"@type\":\"EntryPoint\",\"urlTemplate\":\"https:\\\/\\\/fr.elds.org\\\/lesmormons-net\\\/?s={search_term_string}\"},\"query-input\":{\"@type\":\"PropertyValueSpecification\",\"valueRequired\":true,\"valueName\":\"search_term_string\"}}],\"inLanguage\":\"fr-FR\"},{\"@type\":\"Person\",\"@id\":\"https:\\\/\\\/fr.elds.org\\\/lesmormons-net\\\/#\\\/schema\\\/person\\\/21d1cc3e5996143ad0f655979783dfc3\",\"name\":\"Plus de Foi\",\"image\":{\"@type\":\"ImageObject\",\"inLanguage\":\"fr-FR\",\"@id\":\"https:\\\/\\\/secure.gravatar.com\\\/avatar\\\/4647b2714d43c09703afab402f554845ba42922ebe724cb9639d75cf44059553?s=96&d=blank&r=g\",\"url\":\"https:\\\/\\\/secure.gravatar.com\\\/avatar\\\/4647b2714d43c09703afab402f554845ba42922ebe724cb9639d75cf44059553?s=96&d=blank&r=g\",\"contentUrl\":\"https:\\\/\\\/secure.gravatar.com\\\/avatar\\\/4647b2714d43c09703afab402f554845ba42922ebe724cb9639d75cf44059553?s=96&d=blank&r=g\",\"caption\":\"Plus de Foi\"},\"description\":\"Plus de Foi est une page cr\u00e9\u00e9e par des membres chr\u00e9tiens de l'\u00c9glise de J\u00e9sus-Christ des Saints des Derniers Jours. Nous publions des contenus sur comment nous vivons notre foi au quotidien et nous aimons partager nos croyances avec les personnes autour de nous.\",\"url\":\"https:\\\/\\\/fr.elds.org\\\/lesmormons-net\\\/author\\\/giada\\\/\"}]}<\/script>\n<!-- \/ Yoast SEO plugin. -->","yoast_head_json":{"title":"Le Pr\u00e9sident Thomas S. Monson a f\u00eat\u00e9 son 90\u00e8me anniversaire","description":"Pour les 90 ans de Pr\u00e9sident Thomas S. Monson, plusieurs dirigeants de l'Eglise ont rendu t\u00e9moignage de l'amour qu'ils lui portent.","robots":{"index":"index","follow":"follow","max-snippet":"max-snippet:-1","max-image-preview":"max-image-preview:large","max-video-preview":"max-video-preview:-1"},"canonical":"https:\/\/fr.elds.org\/lesmormons-net\/actualites-mondiales\/president-thomas-s-monson-90-ans\/","og_locale":"fr_FR","og_type":"article","og_title":"Le Pr\u00e9sident Thomas S. Monson a f\u00eat\u00e9 son 90\u00e8me anniversaire","og_description":"Pour les 90 ans de Pr\u00e9sident Thomas S. Monson, plusieurs dirigeants de l'Eglise ont rendu t\u00e9moignage de l'amour qu'ils lui portent.","og_url":"https:\/\/fr.elds.org\/lesmormons-net\/actualites-mondiales\/president-thomas-s-monson-90-ans\/","og_site_name":"Les Mormons","article_published_time":"2017-08-23T03:05:38+00:00","article_modified_time":"2018-07-25T08:55:37+00:00","og_image":[{"width":948,"height":542,"url":"https:\/\/fr.elds.org\/lesmormons-net\/files\/2017\/08\/thomas-s-monson-et-ses-arrieres-petits-enfants-titre.jpg","type":"image\/jpeg"}],"author":"Plus de Foi","twitter_card":"summary_large_image","twitter_misc":{"\u00c9crit par":"Plus de Foi","Dur\u00e9e de lecture estim\u00e9e":"4 minutes"},"schema":{"@context":"https:\/\/schema.org","@graph":[{"@type":"Article","@id":"https:\/\/fr.elds.org\/lesmormons-net\/actualites-mondiales\/president-thomas-s-monson-90-ans\/#article","isPartOf":{"@id":"https:\/\/fr.elds.org\/lesmormons-net\/actualites-mondiales\/president-thomas-s-monson-90-ans\/"},"author":{"name":"Plus de Foi","@id":"https:\/\/fr.elds.org\/lesmormons-net\/#\/schema\/person\/21d1cc3e5996143ad0f655979783dfc3"},"headline":"Pr\u00e9sident Monson a eu 90 ans!","datePublished":"2017-08-23T03:05:38+00:00","dateModified":"2018-07-25T08:55:37+00:00","mainEntityOfPage":{"@id":"https:\/\/fr.elds.org\/lesmormons-net\/actualites-mondiales\/president-thomas-s-monson-90-ans\/"},"wordCount":844,"commentCount":0,"image":{"@id":"https:\/\/fr.elds.org\/lesmormons-net\/actualites-mondiales\/president-thomas-s-monson-90-ans\/#primaryimage"},"thumbnailUrl":"https:\/\/fr.elds.org\/lesmormons-net\/files\/2017\/08\/thomas-s-monson-et-ses-arrieres-petits-enfants-titre.jpg","keywords":["histoire de l'Eglise","Thomas S. Monson"],"articleSection":["Actualit\u00e9s mondiales"],"inLanguage":"fr-FR","potentialAction":[{"@type":"CommentAction","name":"Comment","target":["https:\/\/fr.elds.org\/lesmormons-net\/actualites-mondiales\/president-thomas-s-monson-90-ans\/#respond"]}]},{"@type":"WebPage","@id":"https:\/\/fr.elds.org\/lesmormons-net\/actualites-mondiales\/president-thomas-s-monson-90-ans\/","url":"https:\/\/fr.elds.org\/lesmormons-net\/actualites-mondiales\/president-thomas-s-monson-90-ans\/","name":"Le Pr\u00e9sident Thomas S. Monson a f\u00eat\u00e9 son 90\u00e8me anniversaire","isPartOf":{"@id":"https:\/\/fr.elds.org\/lesmormons-net\/#website"},"primaryImageOfPage":{"@id":"https:\/\/fr.elds.org\/lesmormons-net\/actualites-mondiales\/president-thomas-s-monson-90-ans\/#primaryimage"},"image":{"@id":"https:\/\/fr.elds.org\/lesmormons-net\/actualites-mondiales\/president-thomas-s-monson-90-ans\/#primaryimage"},"thumbnailUrl":"https:\/\/fr.elds.org\/lesmormons-net\/files\/2017\/08\/thomas-s-monson-et-ses-arrieres-petits-enfants-titre.jpg","datePublished":"2017-08-23T03:05:38+00:00","dateModified":"2018-07-25T08:55:37+00:00","author":{"@id":"https:\/\/fr.elds.org\/lesmormons-net\/#\/schema\/person\/21d1cc3e5996143ad0f655979783dfc3"},"description":"Pour les 90 ans de Pr\u00e9sident Thomas S. Monson, plusieurs dirigeants de l'Eglise ont rendu t\u00e9moignage de l'amour qu'ils lui portent.","breadcrumb":{"@id":"https:\/\/fr.elds.org\/lesmormons-net\/actualites-mondiales\/president-thomas-s-monson-90-ans\/#breadcrumb"},"inLanguage":"fr-FR","potentialAction":[{"@type":"ReadAction","target":["https:\/\/fr.elds.org\/lesmormons-net\/actualites-mondiales\/president-thomas-s-monson-90-ans\/"]}]},{"@type":"ImageObject","inLanguage":"fr-FR","@id":"https:\/\/fr.elds.org\/lesmormons-net\/actualites-mondiales\/president-thomas-s-monson-90-ans\/#primaryimage","url":"https:\/\/fr.elds.org\/lesmormons-net\/files\/2017\/08\/thomas-s-monson-et-ses-arrieres-petits-enfants-titre.jpg","contentUrl":"https:\/\/fr.elds.org\/lesmormons-net\/files\/2017\/08\/thomas-s-monson-et-ses-arrieres-petits-enfants-titre.jpg","width":948,"height":542,"caption":"Thomas S. Monson a pass\u00e9 son anniversaire entour\u00e9 de sa famille"},{"@type":"BreadcrumbList","@id":"https:\/\/fr.elds.org\/lesmormons-net\/actualites-mondiales\/president-thomas-s-monson-90-ans\/#breadcrumb","itemListElement":[{"@type":"ListItem","position":1,"name":"Home","item":"https:\/\/fr.elds.org\/lesmormons-net\/"},{"@type":"ListItem","position":2,"name":"Pr\u00e9sident Monson a eu 90 ans!"}]},{"@type":"WebSite","@id":"https:\/\/fr.elds.org\/lesmormons-net\/#website","url":"https:\/\/fr.elds.org\/lesmormons-net\/","name":"Les Mormons","description":"Les mormons au quotidien","potentialAction":[{"@type":"SearchAction","target":{"@type":"EntryPoint","urlTemplate":"https:\/\/fr.elds.org\/lesmormons-net\/?s={search_term_string}"},"query-input":{"@type":"PropertyValueSpecification","valueRequired":true,"valueName":"search_term_string"}}],"inLanguage":"fr-FR"},{"@type":"Person","@id":"https:\/\/fr.elds.org\/lesmormons-net\/#\/schema\/person\/21d1cc3e5996143ad0f655979783dfc3","name":"Plus de Foi","image":{"@type":"ImageObject","inLanguage":"fr-FR","@id":"https:\/\/secure.gravatar.com\/avatar\/4647b2714d43c09703afab402f554845ba42922ebe724cb9639d75cf44059553?s=96&d=blank&r=g","url":"https:\/\/secure.gravatar.com\/avatar\/4647b2714d43c09703afab402f554845ba42922ebe724cb9639d75cf44059553?s=96&d=blank&r=g","contentUrl":"https:\/\/secure.gravatar.com\/avatar\/4647b2714d43c09703afab402f554845ba42922ebe724cb9639d75cf44059553?s=96&d=blank&r=g","caption":"Plus de Foi"},"description":"Plus de Foi est une page cr\u00e9\u00e9e par des membres chr\u00e9tiens de l'\u00c9glise de J\u00e9sus-Christ des Saints des Derniers Jours. Nous publions des contenus sur comment nous vivons notre foi au quotidien et nous aimons partager nos croyances avec les personnes autour de nous.","url":"https:\/\/fr.elds.org\/lesmormons-net\/author\/giada\/"}]}},"_links":{"self":[{"href":"https:\/\/fr.elds.org\/lesmormons-net\/wp-json\/wp\/v2\/posts\/6661","targetHints":{"allow":["GET"]}}],"collection":[{"href":"https:\/\/fr.elds.org\/lesmormons-net\/wp-json\/wp\/v2\/posts"}],"about":[{"href":"https:\/\/fr.elds.org\/lesmormons-net\/wp-json\/wp\/v2\/types\/post"}],"author":[{"embeddable":true,"href":"https:\/\/fr.elds.org\/lesmormons-net\/wp-json\/wp\/v2\/users\/53"}],"replies":[{"embeddable":true,"href":"https:\/\/fr.elds.org\/lesmormons-net\/wp-json\/wp\/v2\/comments?post=6661"}],"version-history":[{"count":5,"href":"https:\/\/fr.elds.org\/lesmormons-net\/wp-json\/wp\/v2\/posts\/6661\/revisions"}],"predecessor-version":[{"id":6682,"href":"https:\/\/fr.elds.org\/lesmormons-net\/wp-json\/wp\/v2\/posts\/6661\/revisions\/6682"}],"wp:featuredmedia":[{"embeddable":true,"href":"https:\/\/fr.elds.org\/lesmormons-net\/wp-json\/wp\/v2\/media\/6681"}],"wp:attachment":[{"href":"https:\/\/fr.elds.org\/lesmormons-net\/wp-json\/wp\/v2\/media?parent=6661"}],"wp:term":[{"taxonomy":"category","embeddable":true,"href":"https:\/\/fr.elds.org\/lesmormons-net\/wp-json\/wp\/v2\/categories?post=6661"},{"taxonomy":"post_tag","embeddable":true,"href":"https:\/\/fr.elds.org\/lesmormons-net\/wp-json\/wp\/v2\/tags?post=6661"}],"curies":[{"name":"wp","href":"https:\/\/api.w.org\/{rel}","templated":true}]}}