{"id":6412,"date":"2017-07-03T13:44:40","date_gmt":"2017-07-03T11:44:40","guid":{"rendered":"https:\/\/fr.elds.org\/lesmormons-net\/?p=6412"},"modified":"2018-07-25T10:55:56","modified_gmt":"2018-07-25T08:55:56","slug":"deces-de-barbara-winder","status":"publish","type":"post","link":"https:\/\/fr.elds.org\/lesmormons-net\/actualites-mondiales\/deces-de-barbara-winder\/","title":{"rendered":"D\u00e9c\u00e8s de Barbara Winder, ancienne pr\u00e9sidente g\u00e9n\u00e9rale de la Soci\u00e9t\u00e9 de Secours"},"content":{"rendered":"<p>Barbara Winder a \u00e9t\u00e9 la 11\u00e8me pr\u00e9sidente g\u00e9n\u00e9rale de la Soci\u00e9t\u00e9 de Secours, du 7 avril 1984 jusqu&rsquo;en 1990. Elle est d\u00e9c\u00e9d\u00e9e le 25 juin 2017 \u00e0 l&rsquo;\u00e2ge de 86 ans. Ses fun\u00e9railles ont eu lieu samedi 1er juillet \u00e0 South Jordan, Utah.<\/p>\n<p>\u00ab\u00a0Venez au Christ\u00a0\u00bb \u00e9tait le th\u00e8me de sa pr\u00e9sidence.<\/p>\n<p><img fetchpriority=\"high\" fetchpriority=\"high\" decoding=\"async\" class=\"aligncenter size-full wp-image-6428\" src=\"https:\/\/fr.elds.org\/lesmormons-net\/files\/2017\/07\/barbara-w-winder-266x333-0001270.jpg\" alt=\"Barbara Winder\" width=\"266\" height=\"333\" srcset=\"https:\/\/fr.elds.org\/lesmormons-net\/files\/2017\/07\/barbara-w-winder-266x333-0001270.jpg 266w, https:\/\/fr.elds.org\/lesmormons-net\/files\/2017\/07\/barbara-w-winder-266x333-0001270-240x300.jpg 240w\" sizes=\"(max-width: 266px) 100vw, 266px\" \/><\/p>\n<p>&nbsp;<\/p>\n<h3>Faits importants sous sa pr\u00e9sidence de la Soci\u00e9t\u00e9 de Secours:<\/h3>\n<blockquote><p>Pendant l\u2019administration de Barbara, les bureaux g\u00e9n\u00e9raux des Jeunes Filles et de la Primaire d\u00e9m\u00e9nagent dans le b\u00e2timent de la Soci\u00e9t\u00e9 de Secours. Les auxiliaires ne pouvaient plus fonctionner s\u00e9par\u00e9ment mais ensemble sous l\u2019\u00e9gide de la pr\u00eatrise pour satisfaire les besoins des enfants, des jeunes filles et des femmes de l\u2019\u00c9glise. Les pr\u00e9sidents des auxiliaires voyagent ensemble \u00e0 l\u2019\u00e9tranger pour la premi\u00e8re fois. Dans des situations difficiles, les lettres et le t\u00e9l\u00e9phone deviennent des m\u00e9thodes acceptables pour les visites d\u2019enseignement. (source: <a href=\"https:\/\/www.lds.org\/callings\/relief-society\/relief-society-presidents\/barbara-w-winder?lang=fra\" target=\"_blank\" rel=\"noopener\">lds.org<\/a>)<\/p><\/blockquote>\n<p>Pour plus d&rsquo;informations sur sa biographie, voir<a href=\"https:\/\/www.lds.org\/callings\/relief-society\/relief-society-presidents\/barbara-w-winder?lang=fra\"> sur le site lds.org<\/a>. Et pour des discours de cette soeur (en anglais), <a href=\"https:\/\/speeches.byu.edu\/speakers\/barbara-w-winder\/\">c&rsquo;est ici<\/a>.<\/p>\n<p>Voici quelques citations particuli\u00e8rement \u00e9difiantes de soeur Winder durant son appel de Pr\u00e9sidente de la Soci\u00e9t\u00e9 de Secours.<\/p>\n<h3>Hommes et femmes doivent travailler ensemble \u00e0 l&rsquo;\u00e9dification du royaume<\/h3>\n<blockquote><p>\u00ab\u00a0Je veux et je d\u00e9sire tellement que nous soyons unies, ensemble avec la pr\u00eatrise, pour servir et \u00e9tablir le royaume de Dieu, ici et maintenant pour faire conna\u00eetre la joie de l\u2019\u00c9vangile \u00e0 ceux qui en ont tant besoin. C\u2019est son royaume. Nous avons la grande responsabilit\u00e9 de le faire conna\u00eetre.\u00a0\u00bb Citation de Soeur Winder lorsqu&rsquo;elle a \u00e9t\u00e9 appel\u00e9e Pr\u00e9sidente de la Soci\u00e9t\u00e9 de Secours.<\/p>\n<p id=\"p70\" class=\"\"><span class=\"emphasis\">\u00ab\u00a0J\u2019\u00e9prouve cet amour pour les s\u0153urs de l\u2019\u00c9glise et je ressens la valeur de chaque personne. Ce que je veux et ce que je d\u00e9sire, c\u2019est que nous soyons unis, que nous soyons un avec la pr\u00eatrise pour servir et \u00e9difier le royaume de Dieu.\u00a0\u00bb\u00a0<\/span><span class=\"emphasis\">(\u00ab\u00a0I Love the Sisters of the Church\u00a0\u00bb,\u00a0<\/span>Ensign,<span class=\"emphasis\">\u00a0mai 1984, p. 59).<\/span><\/p>\n<p>Apr\u00e8s plusieurs ann\u00e9es de controverses sur l&rsquo;\u00e9galit\u00e9 des droits hommes-femmes aux Etats-Unis (comme dans beaucoup d&rsquo;autres pays), soeur Winder a d\u00e9clar\u00e9:\u00a0\u00ab\u00a0C\u2019est le moment pour cicatriser les plaies, le moment pour que les femmes s\u2019unissent entre elles et avec les hommes. Nous pouvons jouir de l\u2019unit\u00e9 dans la diversit\u00e9 et la diversit\u00e9 dans l\u2019unit\u00e9. Nous n\u2019avons pas besoin de nous ressembler pour appr\u00e9cier le fait d\u2019\u00eatre ensemble.\u00a0\u00bb<\/p><\/blockquote>\n<p>&nbsp;<\/p>\n<h3>Visites d&rsquo;enseignement<\/h3>\n<blockquote><p>\u00ab\u00a0Il est capital que chaque s\u0153ur ait des instructrices visiteuses\u00a0\u00bb, a-t-elle enseign\u00e9, \u00ab\u00a0pour donner le sentiment qu\u2019on a besoin d\u2019elle, que quelqu\u2019un l\u2019aime et pense \u00e0 elle. Mais la fa\u00e7on dont l\u2019instructrice visiteuse grandit dans la charit\u00e9 est \u00e9galement importante. Lorsque nous demandons \u00e0 nos s\u0153urs de faire des visites d\u2019enseignement, nous leur donnons l\u2019occasion de d\u00e9velopper l\u2019amour pur du Christ, qui peut \u00eatre la plus grande b\u00e9n\u00e9diction dans leur vie.\u00a0\u00bb\u00a0 (Barbara Winder, dans\u00a0<em>Filles dans mon royaume<\/em>,\u00a0<a href=\"https:\/\/www.lds.org\/bc\/content\/shared\/content\/french\/pdf\/language-materials\/06500_fra.pdf\">p.\u00a0134<\/a>).<\/p><\/blockquote>\n<p>&nbsp;<\/p>\n<h3>Se pr\u00e9parer \u00e0 faire face aux \u00e9preuves<\/h3>\n<blockquote>\n<p id=\"p11\" class=\"\">\u00ab\u00a0En appliquant la parabole des dix vierges \u00e0 nous, les proph\u00e8tes modernes nous ont expliqu\u00e9 que l\u2019huile s\u2019accumule goutte par goutte quand on m\u00e8ne une vie juste.<\/p>\n<p id=\"p12\" class=\"\">\u00ab\u00a0L\u2019assiduit\u00e9 aux r\u00e9unions de Sainte-C\u00e8ne ajoute de l\u2019huile dans notre lampe, tout comme le je\u00fbne, la pri\u00e8re individuelle et familiale, les visites d\u2019enseignement, la ma\u00eetrise de nos app\u00e9tits, l\u2019enseignement des principes de l\u2019\u00c9vangile, le fait d\u2019\u00e9difier les autres, de veiller les uns sur les autres, l\u2019\u00e9tude des \u00c9critures\u2026 L\u2019ob\u00e9issance aux commandements et la fid\u00e9lit\u00e9 \u00e0 suivre les paroles du proph\u00e8te peuvent \u00eatre la meilleure fa\u00e7on de nous pr\u00e9parer \u00e0 toute \u00e9ventualit\u00e9\u00a0\u00bb (\u00ab\u00a0Devenir un peuple mieux pr\u00e9par\u00e9\u00a0\u00bb,\u00a0<span class=\"emphasis\">L\u2019\u00c9toile<\/span>, janvier 1989, p. 76).<\/p>\n<\/blockquote>\n<p>&nbsp;<\/p>\n<p>Dans l&rsquo;extrait vid\u00e9o ci-dessous (la vid\u00e9o a \u00e9t\u00e9 tourn\u00e9e le 10 f\u00e9vrier 2009), s\u0153ur Julie B. Beck s&rsquo;entretient avec soeur Winder. Au fil de la discussion, s\u0153ur Winder est amen\u00e9e \u00e0 rendre son puissant et \u00e9mouvant t\u00e9moignage.<\/p>\n<p><iframe width=\"1080\" height=\"608\" src=\"https:\/\/www.youtube.com\/embed\/4v3oDHOR0cY?wmode=transparent&amp;rel=0&amp;feature=oembed\" frameborder=\"0\" allowfullscreen><\/iframe><\/p>\n<p>&nbsp;<\/p>\n<p><em>Article \u00e9crit par Eolia<\/em><\/p>\n","protected":false},"excerpt":{"rendered":"<p>L&rsquo;ancienne pr\u00e9sidente de la Soci\u00e9t\u00e9 de Secours Barbara Winder est d\u00e9c\u00e9d\u00e9e fin juin 2017. Retour sur sa pr\u00e9sidence et ses conseils inspirants.<\/p>\n","protected":false},"author":53,"featured_media":6430,"comment_status":"open","ping_status":"closed","sticky":false,"template":"","format":"standard","meta":{"_et_pb_use_builder":"","_et_pb_old_content":"","_et_gb_content_width":"","footnotes":""},"categories":[174],"tags":[337,155],"class_list":["post-6412","post","type-post","status-publish","format-standard","has-post-thumbnail","hentry","category-actualites-mondiales","tag-histoire-de-leglise","tag-temoignage","et-has-post-format-content","et_post_format-et-post-format-standard"],"yoast_head":"<!-- This site is optimized with the Yoast SEO plugin v27.4 - https:\/\/yoast.com\/product\/yoast-seo-wordpress\/ -->\n<title>D\u00e9c\u00e8s de Barbara Winder, ancienne pr\u00e9sidente de la Soci\u00e9t\u00e9 de Secours<\/title>\n<meta name=\"description\" content=\"L&#039;ancienne pr\u00e9sidente de la Soci\u00e9t\u00e9 de Secours Barbara Winder est d\u00e9c\u00e9d\u00e9e fin juin 2017. Retour sur sa pr\u00e9sidence et ses conseils inspirants.\" \/>\n<meta name=\"robots\" content=\"index, follow, max-snippet:-1, max-image-preview:large, max-video-preview:-1\" \/>\n<link rel=\"canonical\" href=\"https:\/\/fr.elds.org\/lesmormons-net\/actualites-mondiales\/deces-de-barbara-winder\/\" \/>\n<meta property=\"og:locale\" content=\"fr_FR\" \/>\n<meta property=\"og:type\" content=\"article\" \/>\n<meta property=\"og:title\" content=\"D\u00e9c\u00e8s de Barbara Winder, ancienne pr\u00e9sidente de la Soci\u00e9t\u00e9 de Secours\" \/>\n<meta property=\"og:description\" content=\"L&#039;ancienne pr\u00e9sidente de la Soci\u00e9t\u00e9 de Secours Barbara Winder est d\u00e9c\u00e9d\u00e9e fin juin 2017. Retour sur sa pr\u00e9sidence et ses conseils inspirants.\" \/>\n<meta property=\"og:url\" content=\"https:\/\/fr.elds.org\/lesmormons-net\/actualites-mondiales\/deces-de-barbara-winder\/\" \/>\n<meta property=\"og:site_name\" content=\"Les Mormons\" \/>\n<meta property=\"article:published_time\" content=\"2017-07-03T11:44:40+00:00\" \/>\n<meta property=\"article:modified_time\" content=\"2018-07-25T08:55:56+00:00\" \/>\n<meta property=\"og:image\" content=\"https:\/\/fr.elds.org\/lesmormons-net\/files\/2017\/07\/barbara-w-winder.jpg\" \/>\n\t<meta property=\"og:image:width\" content=\"948\" \/>\n\t<meta property=\"og:image:height\" content=\"542\" \/>\n\t<meta property=\"og:image:type\" content=\"image\/jpeg\" \/>\n<meta name=\"author\" content=\"Plus de Foi\" \/>\n<meta name=\"twitter:card\" content=\"summary_large_image\" \/>\n<meta name=\"twitter:label1\" content=\"\u00c9crit par\" \/>\n\t<meta name=\"twitter:data1\" content=\"Plus de Foi\" \/>\n\t<meta name=\"twitter:label2\" content=\"Dur\u00e9e de lecture estim\u00e9e\" \/>\n\t<meta name=\"twitter:data2\" content=\"4 minutes\" \/>\n<script type=\"application\/ld+json\" class=\"yoast-schema-graph\">{\"@context\":\"https:\\\/\\\/schema.org\",\"@graph\":[{\"@type\":\"Article\",\"@id\":\"https:\\\/\\\/fr.elds.org\\\/lesmormons-net\\\/actualites-mondiales\\\/deces-de-barbara-winder\\\/#article\",\"isPartOf\":{\"@id\":\"https:\\\/\\\/fr.elds.org\\\/lesmormons-net\\\/actualites-mondiales\\\/deces-de-barbara-winder\\\/\"},\"author\":{\"name\":\"Plus de Foi\",\"@id\":\"https:\\\/\\\/fr.elds.org\\\/lesmormons-net\\\/#\\\/schema\\\/person\\\/21d1cc3e5996143ad0f655979783dfc3\"},\"headline\":\"D\u00e9c\u00e8s de Barbara Winder, ancienne pr\u00e9sidente g\u00e9n\u00e9rale de la Soci\u00e9t\u00e9 de Secours\",\"datePublished\":\"2017-07-03T11:44:40+00:00\",\"dateModified\":\"2018-07-25T08:55:56+00:00\",\"mainEntityOfPage\":{\"@id\":\"https:\\\/\\\/fr.elds.org\\\/lesmormons-net\\\/actualites-mondiales\\\/deces-de-barbara-winder\\\/\"},\"wordCount\":753,\"commentCount\":0,\"image\":{\"@id\":\"https:\\\/\\\/fr.elds.org\\\/lesmormons-net\\\/actualites-mondiales\\\/deces-de-barbara-winder\\\/#primaryimage\"},\"thumbnailUrl\":\"https:\\\/\\\/fr.elds.org\\\/lesmormons-net\\\/files\\\/2017\\\/07\\\/barbara-w-winder.jpg\",\"keywords\":[\"histoire de l'Eglise\",\"t\u00e9moignage\"],\"articleSection\":[\"Actualit\u00e9s mondiales\"],\"inLanguage\":\"fr-FR\",\"potentialAction\":[{\"@type\":\"CommentAction\",\"name\":\"Comment\",\"target\":[\"https:\\\/\\\/fr.elds.org\\\/lesmormons-net\\\/actualites-mondiales\\\/deces-de-barbara-winder\\\/#respond\"]}]},{\"@type\":\"WebPage\",\"@id\":\"https:\\\/\\\/fr.elds.org\\\/lesmormons-net\\\/actualites-mondiales\\\/deces-de-barbara-winder\\\/\",\"url\":\"https:\\\/\\\/fr.elds.org\\\/lesmormons-net\\\/actualites-mondiales\\\/deces-de-barbara-winder\\\/\",\"name\":\"D\u00e9c\u00e8s de Barbara Winder, ancienne pr\u00e9sidente de la Soci\u00e9t\u00e9 de Secours\",\"isPartOf\":{\"@id\":\"https:\\\/\\\/fr.elds.org\\\/lesmormons-net\\\/#website\"},\"primaryImageOfPage\":{\"@id\":\"https:\\\/\\\/fr.elds.org\\\/lesmormons-net\\\/actualites-mondiales\\\/deces-de-barbara-winder\\\/#primaryimage\"},\"image\":{\"@id\":\"https:\\\/\\\/fr.elds.org\\\/lesmormons-net\\\/actualites-mondiales\\\/deces-de-barbara-winder\\\/#primaryimage\"},\"thumbnailUrl\":\"https:\\\/\\\/fr.elds.org\\\/lesmormons-net\\\/files\\\/2017\\\/07\\\/barbara-w-winder.jpg\",\"datePublished\":\"2017-07-03T11:44:40+00:00\",\"dateModified\":\"2018-07-25T08:55:56+00:00\",\"author\":{\"@id\":\"https:\\\/\\\/fr.elds.org\\\/lesmormons-net\\\/#\\\/schema\\\/person\\\/21d1cc3e5996143ad0f655979783dfc3\"},\"description\":\"L'ancienne pr\u00e9sidente de la Soci\u00e9t\u00e9 de Secours Barbara Winder est d\u00e9c\u00e9d\u00e9e fin juin 2017. Retour sur sa pr\u00e9sidence et ses conseils inspirants.\",\"breadcrumb\":{\"@id\":\"https:\\\/\\\/fr.elds.org\\\/lesmormons-net\\\/actualites-mondiales\\\/deces-de-barbara-winder\\\/#breadcrumb\"},\"inLanguage\":\"fr-FR\",\"potentialAction\":[{\"@type\":\"ReadAction\",\"target\":[\"https:\\\/\\\/fr.elds.org\\\/lesmormons-net\\\/actualites-mondiales\\\/deces-de-barbara-winder\\\/\"]}]},{\"@type\":\"ImageObject\",\"inLanguage\":\"fr-FR\",\"@id\":\"https:\\\/\\\/fr.elds.org\\\/lesmormons-net\\\/actualites-mondiales\\\/deces-de-barbara-winder\\\/#primaryimage\",\"url\":\"https:\\\/\\\/fr.elds.org\\\/lesmormons-net\\\/files\\\/2017\\\/07\\\/barbara-w-winder.jpg\",\"contentUrl\":\"https:\\\/\\\/fr.elds.org\\\/lesmormons-net\\\/files\\\/2017\\\/07\\\/barbara-w-winder.jpg\",\"width\":948,\"height\":542,\"caption\":\"soeur Barbara Winder, interview par Julie B Beck\"},{\"@type\":\"BreadcrumbList\",\"@id\":\"https:\\\/\\\/fr.elds.org\\\/lesmormons-net\\\/actualites-mondiales\\\/deces-de-barbara-winder\\\/#breadcrumb\",\"itemListElement\":[{\"@type\":\"ListItem\",\"position\":1,\"name\":\"Home\",\"item\":\"https:\\\/\\\/fr.elds.org\\\/lesmormons-net\\\/\"},{\"@type\":\"ListItem\",\"position\":2,\"name\":\"D\u00e9c\u00e8s de Barbara Winder, ancienne pr\u00e9sidente g\u00e9n\u00e9rale de la Soci\u00e9t\u00e9 de Secours\"}]},{\"@type\":\"WebSite\",\"@id\":\"https:\\\/\\\/fr.elds.org\\\/lesmormons-net\\\/#website\",\"url\":\"https:\\\/\\\/fr.elds.org\\\/lesmormons-net\\\/\",\"name\":\"Les Mormons\",\"description\":\"Les mormons au quotidien\",\"potentialAction\":[{\"@type\":\"SearchAction\",\"target\":{\"@type\":\"EntryPoint\",\"urlTemplate\":\"https:\\\/\\\/fr.elds.org\\\/lesmormons-net\\\/?s={search_term_string}\"},\"query-input\":{\"@type\":\"PropertyValueSpecification\",\"valueRequired\":true,\"valueName\":\"search_term_string\"}}],\"inLanguage\":\"fr-FR\"},{\"@type\":\"Person\",\"@id\":\"https:\\\/\\\/fr.elds.org\\\/lesmormons-net\\\/#\\\/schema\\\/person\\\/21d1cc3e5996143ad0f655979783dfc3\",\"name\":\"Plus de Foi\",\"image\":{\"@type\":\"ImageObject\",\"inLanguage\":\"fr-FR\",\"@id\":\"https:\\\/\\\/secure.gravatar.com\\\/avatar\\\/4647b2714d43c09703afab402f554845ba42922ebe724cb9639d75cf44059553?s=96&d=blank&r=g\",\"url\":\"https:\\\/\\\/secure.gravatar.com\\\/avatar\\\/4647b2714d43c09703afab402f554845ba42922ebe724cb9639d75cf44059553?s=96&d=blank&r=g\",\"contentUrl\":\"https:\\\/\\\/secure.gravatar.com\\\/avatar\\\/4647b2714d43c09703afab402f554845ba42922ebe724cb9639d75cf44059553?s=96&d=blank&r=g\",\"caption\":\"Plus de Foi\"},\"description\":\"Plus de Foi est une page cr\u00e9\u00e9e par des membres chr\u00e9tiens de l'\u00c9glise de J\u00e9sus-Christ des Saints des Derniers Jours. Nous publions des contenus sur comment nous vivons notre foi au quotidien et nous aimons partager nos croyances avec les personnes autour de nous.\",\"url\":\"https:\\\/\\\/fr.elds.org\\\/lesmormons-net\\\/author\\\/giada\\\/\"}]}<\/script>\n<!-- \/ Yoast SEO plugin. -->","yoast_head_json":{"title":"D\u00e9c\u00e8s de Barbara Winder, ancienne pr\u00e9sidente de la Soci\u00e9t\u00e9 de Secours","description":"L'ancienne pr\u00e9sidente de la Soci\u00e9t\u00e9 de Secours Barbara Winder est d\u00e9c\u00e9d\u00e9e fin juin 2017. Retour sur sa pr\u00e9sidence et ses conseils inspirants.","robots":{"index":"index","follow":"follow","max-snippet":"max-snippet:-1","max-image-preview":"max-image-preview:large","max-video-preview":"max-video-preview:-1"},"canonical":"https:\/\/fr.elds.org\/lesmormons-net\/actualites-mondiales\/deces-de-barbara-winder\/","og_locale":"fr_FR","og_type":"article","og_title":"D\u00e9c\u00e8s de Barbara Winder, ancienne pr\u00e9sidente de la Soci\u00e9t\u00e9 de Secours","og_description":"L'ancienne pr\u00e9sidente de la Soci\u00e9t\u00e9 de Secours Barbara Winder est d\u00e9c\u00e9d\u00e9e fin juin 2017. Retour sur sa pr\u00e9sidence et ses conseils inspirants.","og_url":"https:\/\/fr.elds.org\/lesmormons-net\/actualites-mondiales\/deces-de-barbara-winder\/","og_site_name":"Les Mormons","article_published_time":"2017-07-03T11:44:40+00:00","article_modified_time":"2018-07-25T08:55:56+00:00","og_image":[{"width":948,"height":542,"url":"https:\/\/fr.elds.org\/lesmormons-net\/files\/2017\/07\/barbara-w-winder.jpg","type":"image\/jpeg"}],"author":"Plus de Foi","twitter_card":"summary_large_image","twitter_misc":{"\u00c9crit par":"Plus de Foi","Dur\u00e9e de lecture estim\u00e9e":"4 minutes"},"schema":{"@context":"https:\/\/schema.org","@graph":[{"@type":"Article","@id":"https:\/\/fr.elds.org\/lesmormons-net\/actualites-mondiales\/deces-de-barbara-winder\/#article","isPartOf":{"@id":"https:\/\/fr.elds.org\/lesmormons-net\/actualites-mondiales\/deces-de-barbara-winder\/"},"author":{"name":"Plus de Foi","@id":"https:\/\/fr.elds.org\/lesmormons-net\/#\/schema\/person\/21d1cc3e5996143ad0f655979783dfc3"},"headline":"D\u00e9c\u00e8s de Barbara Winder, ancienne pr\u00e9sidente g\u00e9n\u00e9rale de la Soci\u00e9t\u00e9 de Secours","datePublished":"2017-07-03T11:44:40+00:00","dateModified":"2018-07-25T08:55:56+00:00","mainEntityOfPage":{"@id":"https:\/\/fr.elds.org\/lesmormons-net\/actualites-mondiales\/deces-de-barbara-winder\/"},"wordCount":753,"commentCount":0,"image":{"@id":"https:\/\/fr.elds.org\/lesmormons-net\/actualites-mondiales\/deces-de-barbara-winder\/#primaryimage"},"thumbnailUrl":"https:\/\/fr.elds.org\/lesmormons-net\/files\/2017\/07\/barbara-w-winder.jpg","keywords":["histoire de l'Eglise","t\u00e9moignage"],"articleSection":["Actualit\u00e9s mondiales"],"inLanguage":"fr-FR","potentialAction":[{"@type":"CommentAction","name":"Comment","target":["https:\/\/fr.elds.org\/lesmormons-net\/actualites-mondiales\/deces-de-barbara-winder\/#respond"]}]},{"@type":"WebPage","@id":"https:\/\/fr.elds.org\/lesmormons-net\/actualites-mondiales\/deces-de-barbara-winder\/","url":"https:\/\/fr.elds.org\/lesmormons-net\/actualites-mondiales\/deces-de-barbara-winder\/","name":"D\u00e9c\u00e8s de Barbara Winder, ancienne pr\u00e9sidente de la Soci\u00e9t\u00e9 de Secours","isPartOf":{"@id":"https:\/\/fr.elds.org\/lesmormons-net\/#website"},"primaryImageOfPage":{"@id":"https:\/\/fr.elds.org\/lesmormons-net\/actualites-mondiales\/deces-de-barbara-winder\/#primaryimage"},"image":{"@id":"https:\/\/fr.elds.org\/lesmormons-net\/actualites-mondiales\/deces-de-barbara-winder\/#primaryimage"},"thumbnailUrl":"https:\/\/fr.elds.org\/lesmormons-net\/files\/2017\/07\/barbara-w-winder.jpg","datePublished":"2017-07-03T11:44:40+00:00","dateModified":"2018-07-25T08:55:56+00:00","author":{"@id":"https:\/\/fr.elds.org\/lesmormons-net\/#\/schema\/person\/21d1cc3e5996143ad0f655979783dfc3"},"description":"L'ancienne pr\u00e9sidente de la Soci\u00e9t\u00e9 de Secours Barbara Winder est d\u00e9c\u00e9d\u00e9e fin juin 2017. Retour sur sa pr\u00e9sidence et ses conseils inspirants.","breadcrumb":{"@id":"https:\/\/fr.elds.org\/lesmormons-net\/actualites-mondiales\/deces-de-barbara-winder\/#breadcrumb"},"inLanguage":"fr-FR","potentialAction":[{"@type":"ReadAction","target":["https:\/\/fr.elds.org\/lesmormons-net\/actualites-mondiales\/deces-de-barbara-winder\/"]}]},{"@type":"ImageObject","inLanguage":"fr-FR","@id":"https:\/\/fr.elds.org\/lesmormons-net\/actualites-mondiales\/deces-de-barbara-winder\/#primaryimage","url":"https:\/\/fr.elds.org\/lesmormons-net\/files\/2017\/07\/barbara-w-winder.jpg","contentUrl":"https:\/\/fr.elds.org\/lesmormons-net\/files\/2017\/07\/barbara-w-winder.jpg","width":948,"height":542,"caption":"soeur Barbara Winder, interview par Julie B Beck"},{"@type":"BreadcrumbList","@id":"https:\/\/fr.elds.org\/lesmormons-net\/actualites-mondiales\/deces-de-barbara-winder\/#breadcrumb","itemListElement":[{"@type":"ListItem","position":1,"name":"Home","item":"https:\/\/fr.elds.org\/lesmormons-net\/"},{"@type":"ListItem","position":2,"name":"D\u00e9c\u00e8s de Barbara Winder, ancienne pr\u00e9sidente g\u00e9n\u00e9rale de la Soci\u00e9t\u00e9 de Secours"}]},{"@type":"WebSite","@id":"https:\/\/fr.elds.org\/lesmormons-net\/#website","url":"https:\/\/fr.elds.org\/lesmormons-net\/","name":"Les Mormons","description":"Les mormons au quotidien","potentialAction":[{"@type":"SearchAction","target":{"@type":"EntryPoint","urlTemplate":"https:\/\/fr.elds.org\/lesmormons-net\/?s={search_term_string}"},"query-input":{"@type":"PropertyValueSpecification","valueRequired":true,"valueName":"search_term_string"}}],"inLanguage":"fr-FR"},{"@type":"Person","@id":"https:\/\/fr.elds.org\/lesmormons-net\/#\/schema\/person\/21d1cc3e5996143ad0f655979783dfc3","name":"Plus de Foi","image":{"@type":"ImageObject","inLanguage":"fr-FR","@id":"https:\/\/secure.gravatar.com\/avatar\/4647b2714d43c09703afab402f554845ba42922ebe724cb9639d75cf44059553?s=96&d=blank&r=g","url":"https:\/\/secure.gravatar.com\/avatar\/4647b2714d43c09703afab402f554845ba42922ebe724cb9639d75cf44059553?s=96&d=blank&r=g","contentUrl":"https:\/\/secure.gravatar.com\/avatar\/4647b2714d43c09703afab402f554845ba42922ebe724cb9639d75cf44059553?s=96&d=blank&r=g","caption":"Plus de Foi"},"description":"Plus de Foi est une page cr\u00e9\u00e9e par des membres chr\u00e9tiens de l'\u00c9glise de J\u00e9sus-Christ des Saints des Derniers Jours. Nous publions des contenus sur comment nous vivons notre foi au quotidien et nous aimons partager nos croyances avec les personnes autour de nous.","url":"https:\/\/fr.elds.org\/lesmormons-net\/author\/giada\/"}]}},"_links":{"self":[{"href":"https:\/\/fr.elds.org\/lesmormons-net\/wp-json\/wp\/v2\/posts\/6412","targetHints":{"allow":["GET"]}}],"collection":[{"href":"https:\/\/fr.elds.org\/lesmormons-net\/wp-json\/wp\/v2\/posts"}],"about":[{"href":"https:\/\/fr.elds.org\/lesmormons-net\/wp-json\/wp\/v2\/types\/post"}],"author":[{"embeddable":true,"href":"https:\/\/fr.elds.org\/lesmormons-net\/wp-json\/wp\/v2\/users\/53"}],"replies":[{"embeddable":true,"href":"https:\/\/fr.elds.org\/lesmormons-net\/wp-json\/wp\/v2\/comments?post=6412"}],"version-history":[{"count":3,"href":"https:\/\/fr.elds.org\/lesmormons-net\/wp-json\/wp\/v2\/posts\/6412\/revisions"}],"predecessor-version":[{"id":6431,"href":"https:\/\/fr.elds.org\/lesmormons-net\/wp-json\/wp\/v2\/posts\/6412\/revisions\/6431"}],"wp:featuredmedia":[{"embeddable":true,"href":"https:\/\/fr.elds.org\/lesmormons-net\/wp-json\/wp\/v2\/media\/6430"}],"wp:attachment":[{"href":"https:\/\/fr.elds.org\/lesmormons-net\/wp-json\/wp\/v2\/media?parent=6412"}],"wp:term":[{"taxonomy":"category","embeddable":true,"href":"https:\/\/fr.elds.org\/lesmormons-net\/wp-json\/wp\/v2\/categories?post=6412"},{"taxonomy":"post_tag","embeddable":true,"href":"https:\/\/fr.elds.org\/lesmormons-net\/wp-json\/wp\/v2\/tags?post=6412"}],"curies":[{"name":"wp","href":"https:\/\/api.w.org\/{rel}","templated":true}]}}