{"id":5664,"date":"2017-06-02T04:03:55","date_gmt":"2017-06-02T02:03:55","guid":{"rendered":"https:\/\/fr.elds.org\/lesmormons-net\/?p=5664"},"modified":"2018-06-28T09:32:23","modified_gmt":"2018-06-28T07:32:23","slug":"liens-avec-la-france-henry-b-eyring-neil-l-andersen","status":"publish","type":"post","link":"https:\/\/fr.elds.org\/lesmormons-net\/actualites-francophones\/liens-avec-la-france-henry-b-eyring-neil-l-andersen\/","title":{"rendered":"La cons\u00e9cration du temple de Paris: un \u00e9v\u00e9nement \u00ab tr\u00e8s \u00e9mouvant \u00bb pour le pr\u00e9sident Eyring et d\u2019autres dirigeants"},"content":{"rendered":"<h2>L&rsquo;amour pour la France du Pr\u00e9sident Eyring et de son \u00e9pouse<\/h2>\n<p><span style=\"font-weight: 400;\">PARIS, France \u2014 Avant de rencontrer son mari, Henry B.\u00a0Eyring, premier conseiller dans la Premi\u00e8re Pr\u00e9sidence, Kathleen Eyring a \u00e9tudi\u00e9 quelques temps \u00e0 la Sorbonne, au c\u0153ur de Paris. L\u2019histoire, la culture, et la beaut\u00e9 qui l\u2019entouraient lui ont fait aimer tout ce qui est fran\u00e7ais\u00a0: la musique fran\u00e7aise, la nourriture fran\u00e7aise, l\u2019art fran\u00e7ais et la langue fran\u00e7aise qu\u2019elle a mis toute son \u00e9nergie \u00e0 apprendre.<\/span><\/p>\n<p><span style=\"font-weight: 400;\">Elle \u00e9tait jeune et seule, mais elle trouva une famille aupr\u00e8s des membres de l\u2019\u00c9glise fran\u00e7ais avec lesquels elle assistait aux r\u00e9unions, 3 rue de Lota, dans une grande maison appartenant \u00e0 l\u2019\u00c9glise et transform\u00e9e en lieu de culte.<\/span><\/p>\n<p><span style=\"font-weight: 400;\">Apr\u00e8s leur mariage, le pr\u00e9sident et Sr Eyring sont retourn\u00e9s en France et au 3 rue de Lota. Ils se sont promen\u00e9s dans les rues de Paris et dans les jardins de Versailles, ils ont go\u00fbt\u00e9 aux meilleurs croissants. En partageant l\u2019amour de sa femme pour ce pays et ses habitants, le pr\u00e9sident Eyring a aussi appris \u00e0 les aimer.<\/span><\/p>\n<div id=\"attachment_5666\" style=\"width: 370px\" class=\"wp-caption aligncenter\"><img fetchpriority=\"high\" fetchpriority=\"high\" decoding=\"async\" aria-describedby=\"caption-attachment-5666\" class=\"wp-image-5666 \" src=\"https:\/\/fr.elds.org\/lesmormons-net\/files\/2017\/05\/henry-b-eyring-devant-la-sorbonne-200x300.jpg\" alt=\"Henry B. Eyring devant la Sorbonne\" width=\"360\" height=\"540\" srcset=\"https:\/\/fr.elds.org\/lesmormons-net\/files\/2017\/05\/henry-b-eyring-devant-la-sorbonne-200x300.jpg 200w, https:\/\/fr.elds.org\/lesmormons-net\/files\/2017\/05\/henry-b-eyring-devant-la-sorbonne-768x1152.jpg 768w, https:\/\/fr.elds.org\/lesmormons-net\/files\/2017\/05\/henry-b-eyring-devant-la-sorbonne-683x1024.jpg 683w, https:\/\/fr.elds.org\/lesmormons-net\/files\/2017\/05\/henry-b-eyring-devant-la-sorbonne.jpg 800w\" sizes=\"(max-width: 360px) 100vw, 360px\" \/><p id=\"caption-attachment-5666\" class=\"wp-caption-text\">Henry B. Eyring devant la Sorbonne, o\u00f9 son \u00e9pouse a \u00e9tudi\u00e9<\/p><\/div>\n<p>&nbsp;<\/p>\n<p><span style=\"font-weight: 400;\">Ces derni\u00e8res ann\u00e9es, alors que la sant\u00e9 de Sr Eyring se d\u00e9t\u00e9riore, elle parle parfois en fran\u00e7ais. M\u00eame si elle ne peut pas l\u2019accompagner \u00e0 Paris pour la cons\u00e9cration du temple, le pr\u00e9sident Eyring aura de nouveau l\u2019occasion de marcher dans les rues et de se rem\u00e9morer les moments qu\u2019ils ont pass\u00e9 dans ce pays. \u00ab\u00a0C\u2019est tr\u00e8s \u00e9mouvant pour moi\u00a0\u00bb, a-t-il dit. \u00ab\u00a0Je crois que je ressens, peut-\u00eatre un peu plus qu\u2019ailleurs, la b\u00e9n\u00e9diction que cela repr\u00e9sente d\u2019avoir un temple en France, \u00e0 cause des impressions laiss\u00e9es par les saints fid\u00e8les au fil des ann\u00e9es.\u00a0\u00bb<\/span><\/p>\n<div id=\"attachment_5667\" style=\"width: 370px\" class=\"wp-caption aligncenter\"><img decoding=\"async\" aria-describedby=\"caption-attachment-5667\" class=\" wp-image-5667\" src=\"https:\/\/fr.elds.org\/lesmormons-net\/files\/2017\/05\/neil-l-andersen-et-henry-b-eyring-devant-le-3-rue-de-lota-683x1024.jpg\" alt=\"Devant le 3 rue de Lota\" width=\"360\" height=\"540\" srcset=\"https:\/\/fr.elds.org\/lesmormons-net\/files\/2017\/05\/neil-l-andersen-et-henry-b-eyring-devant-le-3-rue-de-lota-683x1024.jpg 683w, https:\/\/fr.elds.org\/lesmormons-net\/files\/2017\/05\/neil-l-andersen-et-henry-b-eyring-devant-le-3-rue-de-lota-200x300.jpg 200w, https:\/\/fr.elds.org\/lesmormons-net\/files\/2017\/05\/neil-l-andersen-et-henry-b-eyring-devant-le-3-rue-de-lota-768x1152.jpg 768w, https:\/\/fr.elds.org\/lesmormons-net\/files\/2017\/05\/neil-l-andersen-et-henry-b-eyring-devant-le-3-rue-de-lota.jpg 800w\" sizes=\"(max-width: 360px) 100vw, 360px\" \/><p id=\"caption-attachment-5667\" class=\"wp-caption-text\">Pr\u00e9sident Eyring et Elder Andersen devant le 3 rue de Lota, o\u00f9 l&rsquo;Eglise avait le bureau de la mission fran\u00e7aise et une chapelle il y a des ann\u00e9es.<\/p><\/div>\n<p><span style=\"font-weight: 400;\">Le fr\u00e8re a\u00een\u00e9 du pr\u00e9sident Eyring, Edward, a fait sa mission en France quand il \u00e9tait jeune. Quand l\u2019\u00c9glise a achet\u00e9 la maison rue de Lota, Elder Edward Eyring \u00e9tait le pr\u00e9sident de district. Le pr\u00e9sident Eyring a racont\u00e9\u00a0: \u00ab\u00a0Il a beaucoup travaill\u00e9 pendant sa mission. Je me souviens de son retour \u00e0 la maison, il avait donn\u00e9 tout ce qu\u2019il pouvait, et \u00e7a lui avait paru tr\u00e8s difficile, parce que tr\u00e8s peu de personnes s\u2019\u00e9taient jointes \u00e0 l\u2019\u00c9glise\u00a0\u00bb.<\/span><\/p>\n<div id=\"attachment_5668\" style=\"width: 370px\" class=\"wp-caption aligncenter\"><img decoding=\"async\" aria-describedby=\"caption-attachment-5668\" class=\" wp-image-5668\" src=\"https:\/\/fr.elds.org\/lesmormons-net\/files\/2017\/05\/ancienne-chapelle-rue-de-lota-683x1024.jpg\" alt=\"entr\u00e9e du 3 rue de Lota\" width=\"360\" height=\"540\" srcset=\"https:\/\/fr.elds.org\/lesmormons-net\/files\/2017\/05\/ancienne-chapelle-rue-de-lota-683x1024.jpg 683w, https:\/\/fr.elds.org\/lesmormons-net\/files\/2017\/05\/ancienne-chapelle-rue-de-lota-200x300.jpg 200w, https:\/\/fr.elds.org\/lesmormons-net\/files\/2017\/05\/ancienne-chapelle-rue-de-lota-768x1152.jpg 768w, https:\/\/fr.elds.org\/lesmormons-net\/files\/2017\/05\/ancienne-chapelle-rue-de-lota.jpg 800w\" sizes=\"(max-width: 360px) 100vw, 360px\" \/><p id=\"caption-attachment-5668\" class=\"wp-caption-text\">devant le 3 rue de Lota<\/p><\/div>\n<p><span style=\"font-weight: 400;\">Aujourd\u2019hui, le temple est la repr\u00e9sentation de la \u00ab\u00a0foi des merveilleux membres qui ont fait briller la lumi\u00e8re de l\u2019\u00e9vangile\u00a0\u00bb en France.<\/span><\/p>\n<p><span style=\"font-weight: 400;\">Depuis que, en 1850, sur une plage pr\u00e8s de Boulogne, John Taylor a offert une pri\u00e8re consacrant la France \u00e0 l\u2019\u0153uvre missionnaire, jusqu\u2019\u00e0 aujourd\u2019hui, alors que G\u00e9rard et Annie Giraud-Carrier ont \u00e9t\u00e9 appel\u00e9s \u00e0 servir comme pr\u00e9sident et intendante du temple de Paris, l\u2019\u00c9glise a progress\u00e9 lentement dans ce pays. Il y a quelques ann\u00e9es, le pr\u00e9sident Giraud-Carrier \u00e9tait le premier pr\u00e9sident du pieu de Paris.<\/span><\/p>\n<p><span style=\"font-weight: 400;\">Le pr\u00e9sident Eyring a dit qu\u2019il \u00e9tait ravi que Neil L.\u00a0Andersen, du Coll\u00e8ge des douze ap\u00f4tres, qui \u00e9tait missionnaire il y a quarante-sept ans puis pr\u00e9sident de mission il y a vingt-cinq ans en France, ainsi que l\u2019\u00e9v\u00eaque Causs\u00e9, qui est n\u00e9 \u00e0 Bordeaux et qui a \u00e9t\u00e9 pr\u00e9sident du pieu de Paris, soient \u00e0 ses c\u00f4t\u00e9s pour la cons\u00e9cration du temple de Paris, le dimanche 21 mai.<\/span><\/p>\n<p>&nbsp;<\/p>\n<h2>Neil L. Andersen et sa deuxi\u00e8me patrie<\/h2>\n<p><span style=\"font-weight: 400;\">Elder Andersen affirme qu\u2019il n\u2019oubliera jamais la premi\u00e8re fois qu\u2019il a vu la beaut\u00e9 de la France. \u00ab\u00a0Je suis tomb\u00e9 amoureux de sa magnifique campagne, de son incroyable architecture, de son art de vivre, et surtout de toutes les personnes admirables et pr\u00e9venantes que j\u2019ai rencontr\u00e9es.\u00a0\u00bb<\/span><\/p>\n<p><span style=\"font-weight: 400;\">Lors d\u2019une rencontre avec les m\u00e9dias pendant les portes ouvertes, il a expliqu\u00e9\u00a0: \u00ab\u00a0Je souscris \u00e0 la citation attribu\u00e9e au pr\u00e9sident am\u00e9ricain, Thomas Jefferson, qui dit \u2018Pour tout homme, le premier pays est sa patrie, le second, c\u2019est la France\u2019\u00a0\u00bb<\/span><\/p>\n<p><span style=\"font-weight: 400;\">Tout comme les Eyring, Elder Andersen et sa femme, Kathy, ont trouv\u00e9 un havre de paix en France.<\/span><\/p>\n<p><span style=\"font-weight: 400;\">La France est devenue un endroit o\u00f9 ont progress\u00e9 et prosp\u00e9r\u00e9 une grande diversit\u00e9 de membres. \u00ab\u00a0De tr\u00e8s nombreuses familles ont ancr\u00e9es solidement leur vie dans l\u2019\u00e9vangile\u00a0\u00bb, a-t-il dit. \u00ab\u00a0Le grand r\u00eave d\u2019avoir un temple en France s\u2019est r\u00e9alis\u00e9, petit \u00e0 petit, pas \u00e0 pas et selon le calendrier du Seigneur.\u00a0\u00bb<\/span><\/p>\n<h2><\/h2>\n<h2>Ev\u00eaque Causs\u00e9: \u00ab\u00a0le miracle\u00a0\u00bb du temple de Paris<\/h2>\n<p><span style=\"font-weight: 400;\">L\u2019\u00e9v\u00eaque Causs\u00e9 a d\u00e9clar\u00e9 que le temps qu\u2019il a fallu pour que l\u2019\u00c9glise trouve un site et construise un temple en France a enseign\u00e9 \u00ab\u00a0la patience et la foi\u00a0\u00bb aux membres. Le temple de Paris \u00ab\u00a0est un miracle\u00a0\u00bb.<\/span><\/p>\n<p><span style=\"font-weight: 400;\">G\u00e9rald Causs\u00e9 est all\u00e9 au temple pour la premi\u00e8re fois quand il avait deux ans. Sa famille s\u2019\u00e9tait r\u00e9cemment convertie. Chaque ann\u00e9e, ils allaient en Suisse passer une semaine au temple de Zollikofen. \u00ab\u00a0Pendant longtemps, je n\u2019ai pas pu entrer dans le temple, mais j\u2019attendais mes parents en faisant des activit\u00e9s\u00a0\u00bb, dit-il. \u00ab\u00a0Le temple \u00e9tait quelque chose de sp\u00e9cial pour moi, parce que je savais ce que cela repr\u00e9sentait comme sacrifice d\u2019y aller. Et je savais que c\u2019\u00e9tait un endroit sp\u00e9cial o\u00f9 je voudrais aller avec ma propre famille.\u00a0\u00bb<\/span><\/p>\n<p><span style=\"font-weight: 400;\">Au cours d\u2019un \u00e9t\u00e9 particulier, sa famille a \u00e9t\u00e9 autoris\u00e9e \u00e0 planter sa tente dans le jardin, face au temple.<\/span><\/p>\n<p><span style=\"font-weight: 400;\">Apr\u00e8s son mariage avec Val\u00e9rie Babin, l\u2019\u00c9glise consacra un temple \u00e0 Francfort en Allemagne, le temps de trajet de la famille Causs\u00e9 pour se rendre au temple a donc \u00e9t\u00e9 un peu raccourci.<\/span><\/p>\n<p><span style=\"font-weight: 400;\">Il a expliqu\u00e9 que les Fran\u00e7ais aiment la famille et appr\u00e9cie les beaux \u00e9difices. Le nouveau temple s\u2019int\u00e8gre bien \u00e0 la culture fran\u00e7aise.<\/span><\/p>\n<p><span style=\"font-weight: 400;\">\u00ab\u00a0Je pense que j\u2019ai toujours su qu\u2019il y aurait un temple en France, parce que je suis n\u00e9 sachant que cela arriverait un jour\u00a0\u00bb, a-t-il d\u00e9clar\u00e9. \u00ab\u00a0Petit, je l\u2019ai imagin\u00e9 de nombreuses fois. J\u2019essayais de visualiser \u00e0 quoi il ressemblerait. Mais je pense que le temple que nous avons maintenant est bien mieux que dans mes r\u00eaves. Il est \u00e9difi\u00e9 dans un meilleur endroit. Il est plus beau que tout ce que j\u2019ai pu imaginer.\u00a0\u00bb<\/span><\/p>\n<p>&nbsp;<\/p>\n<p><em>Article original \u00e9crit par\u00a0<a href=\"http:\/\/www.deseretnews.com\/author\/2509\/Sarah-Jane-Weaver.html\" rel=\"nofollow\">Sarah Jane Weaver<\/a>, publi\u00e9 le 9 mai 2017 sur deseretnews.com sous le titre <a href=\"http:\/\/www.deseretnews.com\/article\/865680344\/Paris-France-Temple-dedication-is-very-tender-thing-for-President-Eyring-other-leaders.html\" target=\"_blank\" rel=\"noopener noreferrer\">Paris France Temple dedication is &lsquo;very tender thing&rsquo; for President Eyring, other leaders<\/a>, et traduit par Christine.<\/em><\/p>\n","protected":false},"excerpt":{"rendered":"<p>Avant la cons\u00e9cration du temple de Paris, Pr\u00e9sident Eyring et Elder Andersen se sont rem\u00e9mor\u00e9 leurs souvenirs et leurs liens avec la France.<\/p>\n","protected":false},"author":51,"featured_media":5669,"comment_status":"open","ping_status":"closed","sticky":false,"template":"","format":"standard","meta":{"_et_pb_use_builder":"","_et_pb_old_content":"","_et_gb_content_width":"","footnotes":""},"categories":[173],"tags":[69,358,337,140],"class_list":["post-5664","post","type-post","status-publish","format-standard","has-post-thumbnail","hentry","category-actualites-francophones","tag-temple","tag-france","tag-histoire-de-leglise","tag-temple-de-paris","et-has-post-format-content","et_post_format-et-post-format-standard"],"yoast_head":"<!-- This site is optimized with the Yoast SEO plugin v27.4 - https:\/\/yoast.com\/product\/yoast-seo-wordpress\/ -->\n<title>Pr\u00e9sident Eyring, Elder Andersen et leurs liens avec la France<\/title>\n<meta name=\"description\" content=\"Avant la cons\u00e9cration du temple de Paris, Pr\u00e9sident Eyring et Elder Andersen se sont rem\u00e9mor\u00e9 leurs souvenirs et leurs liens avec la France.\" \/>\n<meta name=\"robots\" content=\"index, follow, max-snippet:-1, max-image-preview:large, max-video-preview:-1\" \/>\n<link rel=\"canonical\" href=\"https:\/\/fr.elds.org\/lesmormons-net\/actualites-francophones\/liens-avec-la-france-henry-b-eyring-neil-l-andersen\/\" \/>\n<meta property=\"og:locale\" content=\"fr_FR\" \/>\n<meta property=\"og:type\" content=\"article\" \/>\n<meta property=\"og:title\" content=\"Pr\u00e9sident Eyring, Elder Andersen et leurs liens avec la France\" \/>\n<meta property=\"og:description\" content=\"Avant la cons\u00e9cration du temple de Paris, Pr\u00e9sident Eyring et Elder Andersen se sont rem\u00e9mor\u00e9 leurs souvenirs et leurs liens avec la France.\" \/>\n<meta property=\"og:url\" content=\"https:\/\/fr.elds.org\/lesmormons-net\/actualites-francophones\/liens-avec-la-france-henry-b-eyring-neil-l-andersen\/\" \/>\n<meta property=\"og:site_name\" content=\"Les Mormons\" \/>\n<meta property=\"article:published_time\" content=\"2017-06-02T02:03:55+00:00\" \/>\n<meta property=\"article:modified_time\" content=\"2018-06-28T07:32:23+00:00\" \/>\n<meta property=\"og:image\" content=\"https:\/\/fr.elds.org\/lesmormons-net\/files\/2017\/05\/neil-l-andersen-et-henry-b-eyring-marchant-dans-paris.jpg\" \/>\n\t<meta property=\"og:image:width\" content=\"948\" \/>\n\t<meta property=\"og:image:height\" content=\"542\" \/>\n\t<meta property=\"og:image:type\" content=\"image\/jpeg\" \/>\n<meta name=\"author\" content=\"christine\" \/>\n<meta name=\"twitter:card\" content=\"summary_large_image\" \/>\n<meta name=\"twitter:label1\" content=\"\u00c9crit par\" \/>\n\t<meta name=\"twitter:data1\" content=\"christine\" \/>\n\t<meta name=\"twitter:label2\" content=\"Dur\u00e9e de lecture estim\u00e9e\" \/>\n\t<meta name=\"twitter:data2\" content=\"6 minutes\" \/>\n<script type=\"application\/ld+json\" class=\"yoast-schema-graph\">{\"@context\":\"https:\\\/\\\/schema.org\",\"@graph\":[{\"@type\":\"Article\",\"@id\":\"https:\\\/\\\/fr.elds.org\\\/lesmormons-net\\\/actualites-francophones\\\/liens-avec-la-france-henry-b-eyring-neil-l-andersen\\\/#article\",\"isPartOf\":{\"@id\":\"https:\\\/\\\/fr.elds.org\\\/lesmormons-net\\\/actualites-francophones\\\/liens-avec-la-france-henry-b-eyring-neil-l-andersen\\\/\"},\"author\":{\"name\":\"christine\",\"@id\":\"https:\\\/\\\/fr.elds.org\\\/lesmormons-net\\\/#\\\/schema\\\/person\\\/b31eecca6f5c9f6643f5cb3952833fe9\"},\"headline\":\"La cons\u00e9cration du temple de Paris: un \u00e9v\u00e9nement \u00ab tr\u00e8s \u00e9mouvant \u00bb pour le pr\u00e9sident Eyring et d\u2019autres dirigeants\",\"datePublished\":\"2017-06-02T02:03:55+00:00\",\"dateModified\":\"2018-06-28T07:32:23+00:00\",\"mainEntityOfPage\":{\"@id\":\"https:\\\/\\\/fr.elds.org\\\/lesmormons-net\\\/actualites-francophones\\\/liens-avec-la-france-henry-b-eyring-neil-l-andersen\\\/\"},\"wordCount\":1203,\"commentCount\":0,\"image\":{\"@id\":\"https:\\\/\\\/fr.elds.org\\\/lesmormons-net\\\/actualites-francophones\\\/liens-avec-la-france-henry-b-eyring-neil-l-andersen\\\/#primaryimage\"},\"thumbnailUrl\":\"https:\\\/\\\/fr.elds.org\\\/lesmormons-net\\\/files\\\/2017\\\/05\\\/neil-l-andersen-et-henry-b-eyring-marchant-dans-paris.jpg\",\"keywords\":[\"ce qu'il faut savoir sur le temple\",\"France\",\"histoire de l'Eglise\",\"Temple de Paris\"],\"articleSection\":[\"Actualit\u00e9s francophones\"],\"inLanguage\":\"fr-FR\",\"potentialAction\":[{\"@type\":\"CommentAction\",\"name\":\"Comment\",\"target\":[\"https:\\\/\\\/fr.elds.org\\\/lesmormons-net\\\/actualites-francophones\\\/liens-avec-la-france-henry-b-eyring-neil-l-andersen\\\/#respond\"]}]},{\"@type\":\"WebPage\",\"@id\":\"https:\\\/\\\/fr.elds.org\\\/lesmormons-net\\\/actualites-francophones\\\/liens-avec-la-france-henry-b-eyring-neil-l-andersen\\\/\",\"url\":\"https:\\\/\\\/fr.elds.org\\\/lesmormons-net\\\/actualites-francophones\\\/liens-avec-la-france-henry-b-eyring-neil-l-andersen\\\/\",\"name\":\"Pr\u00e9sident Eyring, Elder Andersen et leurs liens avec la France\",\"isPartOf\":{\"@id\":\"https:\\\/\\\/fr.elds.org\\\/lesmormons-net\\\/#website\"},\"primaryImageOfPage\":{\"@id\":\"https:\\\/\\\/fr.elds.org\\\/lesmormons-net\\\/actualites-francophones\\\/liens-avec-la-france-henry-b-eyring-neil-l-andersen\\\/#primaryimage\"},\"image\":{\"@id\":\"https:\\\/\\\/fr.elds.org\\\/lesmormons-net\\\/actualites-francophones\\\/liens-avec-la-france-henry-b-eyring-neil-l-andersen\\\/#primaryimage\"},\"thumbnailUrl\":\"https:\\\/\\\/fr.elds.org\\\/lesmormons-net\\\/files\\\/2017\\\/05\\\/neil-l-andersen-et-henry-b-eyring-marchant-dans-paris.jpg\",\"datePublished\":\"2017-06-02T02:03:55+00:00\",\"dateModified\":\"2018-06-28T07:32:23+00:00\",\"author\":{\"@id\":\"https:\\\/\\\/fr.elds.org\\\/lesmormons-net\\\/#\\\/schema\\\/person\\\/b31eecca6f5c9f6643f5cb3952833fe9\"},\"description\":\"Avant la cons\u00e9cration du temple de Paris, Pr\u00e9sident Eyring et Elder Andersen se sont rem\u00e9mor\u00e9 leurs souvenirs et leurs liens avec la France.\",\"breadcrumb\":{\"@id\":\"https:\\\/\\\/fr.elds.org\\\/lesmormons-net\\\/actualites-francophones\\\/liens-avec-la-france-henry-b-eyring-neil-l-andersen\\\/#breadcrumb\"},\"inLanguage\":\"fr-FR\",\"potentialAction\":[{\"@type\":\"ReadAction\",\"target\":[\"https:\\\/\\\/fr.elds.org\\\/lesmormons-net\\\/actualites-francophones\\\/liens-avec-la-france-henry-b-eyring-neil-l-andersen\\\/\"]}]},{\"@type\":\"ImageObject\",\"inLanguage\":\"fr-FR\",\"@id\":\"https:\\\/\\\/fr.elds.org\\\/lesmormons-net\\\/actualites-francophones\\\/liens-avec-la-france-henry-b-eyring-neil-l-andersen\\\/#primaryimage\",\"url\":\"https:\\\/\\\/fr.elds.org\\\/lesmormons-net\\\/files\\\/2017\\\/05\\\/neil-l-andersen-et-henry-b-eyring-marchant-dans-paris.jpg\",\"contentUrl\":\"https:\\\/\\\/fr.elds.org\\\/lesmormons-net\\\/files\\\/2017\\\/05\\\/neil-l-andersen-et-henry-b-eyring-marchant-dans-paris.jpg\",\"width\":948,\"height\":542,\"caption\":\"Neil L Andersen et Henry B Eyring\"},{\"@type\":\"BreadcrumbList\",\"@id\":\"https:\\\/\\\/fr.elds.org\\\/lesmormons-net\\\/actualites-francophones\\\/liens-avec-la-france-henry-b-eyring-neil-l-andersen\\\/#breadcrumb\",\"itemListElement\":[{\"@type\":\"ListItem\",\"position\":1,\"name\":\"Home\",\"item\":\"https:\\\/\\\/fr.elds.org\\\/lesmormons-net\\\/\"},{\"@type\":\"ListItem\",\"position\":2,\"name\":\"La cons\u00e9cration du temple de Paris: un \u00e9v\u00e9nement \u00ab tr\u00e8s \u00e9mouvant \u00bb pour le pr\u00e9sident Eyring et d\u2019autres dirigeants\"}]},{\"@type\":\"WebSite\",\"@id\":\"https:\\\/\\\/fr.elds.org\\\/lesmormons-net\\\/#website\",\"url\":\"https:\\\/\\\/fr.elds.org\\\/lesmormons-net\\\/\",\"name\":\"Les Mormons\",\"description\":\"Les mormons au quotidien\",\"potentialAction\":[{\"@type\":\"SearchAction\",\"target\":{\"@type\":\"EntryPoint\",\"urlTemplate\":\"https:\\\/\\\/fr.elds.org\\\/lesmormons-net\\\/?s={search_term_string}\"},\"query-input\":{\"@type\":\"PropertyValueSpecification\",\"valueRequired\":true,\"valueName\":\"search_term_string\"}}],\"inLanguage\":\"fr-FR\"},{\"@type\":\"Person\",\"@id\":\"https:\\\/\\\/fr.elds.org\\\/lesmormons-net\\\/#\\\/schema\\\/person\\\/b31eecca6f5c9f6643f5cb3952833fe9\",\"name\":\"christine\",\"image\":{\"@type\":\"ImageObject\",\"inLanguage\":\"fr-FR\",\"@id\":\"https:\\\/\\\/secure.gravatar.com\\\/avatar\\\/5c0d5e0ac14b19757b63cec933cdcf4b2a37eb45dae49c09b8cdf57fe682194f?s=96&d=blank&r=g\",\"url\":\"https:\\\/\\\/secure.gravatar.com\\\/avatar\\\/5c0d5e0ac14b19757b63cec933cdcf4b2a37eb45dae49c09b8cdf57fe682194f?s=96&d=blank&r=g\",\"contentUrl\":\"https:\\\/\\\/secure.gravatar.com\\\/avatar\\\/5c0d5e0ac14b19757b63cec933cdcf4b2a37eb45dae49c09b8cdf57fe682194f?s=96&d=blank&r=g\",\"caption\":\"christine\"},\"description\":\"Christine est la maman de quatre enfants qui lui ont fait oublier le sens du mot ennui. Baptis\u00e9e \u00e0 huit ans, elle est reconnaissante d\u2019avoir Dieu et l\u2019\u00c9vangile dans sa vie, sans lesquels elle se sentirait d\u00e9sarm\u00e9e. Elle aime lire et d\u00e9couvrir de nouvelles choses avec sa famille.\",\"url\":\"https:\\\/\\\/fr.elds.org\\\/lesmormons-net\\\/author\\\/christine\\\/\"}]}<\/script>\n<!-- \/ Yoast SEO plugin. -->","yoast_head_json":{"title":"Pr\u00e9sident Eyring, Elder Andersen et leurs liens avec la France","description":"Avant la cons\u00e9cration du temple de Paris, Pr\u00e9sident Eyring et Elder Andersen se sont rem\u00e9mor\u00e9 leurs souvenirs et leurs liens avec la France.","robots":{"index":"index","follow":"follow","max-snippet":"max-snippet:-1","max-image-preview":"max-image-preview:large","max-video-preview":"max-video-preview:-1"},"canonical":"https:\/\/fr.elds.org\/lesmormons-net\/actualites-francophones\/liens-avec-la-france-henry-b-eyring-neil-l-andersen\/","og_locale":"fr_FR","og_type":"article","og_title":"Pr\u00e9sident Eyring, Elder Andersen et leurs liens avec la France","og_description":"Avant la cons\u00e9cration du temple de Paris, Pr\u00e9sident Eyring et Elder Andersen se sont rem\u00e9mor\u00e9 leurs souvenirs et leurs liens avec la France.","og_url":"https:\/\/fr.elds.org\/lesmormons-net\/actualites-francophones\/liens-avec-la-france-henry-b-eyring-neil-l-andersen\/","og_site_name":"Les Mormons","article_published_time":"2017-06-02T02:03:55+00:00","article_modified_time":"2018-06-28T07:32:23+00:00","og_image":[{"width":948,"height":542,"url":"https:\/\/fr.elds.org\/lesmormons-net\/files\/2017\/05\/neil-l-andersen-et-henry-b-eyring-marchant-dans-paris.jpg","type":"image\/jpeg"}],"author":"christine","twitter_card":"summary_large_image","twitter_misc":{"\u00c9crit par":"christine","Dur\u00e9e de lecture estim\u00e9e":"6 minutes"},"schema":{"@context":"https:\/\/schema.org","@graph":[{"@type":"Article","@id":"https:\/\/fr.elds.org\/lesmormons-net\/actualites-francophones\/liens-avec-la-france-henry-b-eyring-neil-l-andersen\/#article","isPartOf":{"@id":"https:\/\/fr.elds.org\/lesmormons-net\/actualites-francophones\/liens-avec-la-france-henry-b-eyring-neil-l-andersen\/"},"author":{"name":"christine","@id":"https:\/\/fr.elds.org\/lesmormons-net\/#\/schema\/person\/b31eecca6f5c9f6643f5cb3952833fe9"},"headline":"La cons\u00e9cration du temple de Paris: un \u00e9v\u00e9nement \u00ab tr\u00e8s \u00e9mouvant \u00bb pour le pr\u00e9sident Eyring et d\u2019autres dirigeants","datePublished":"2017-06-02T02:03:55+00:00","dateModified":"2018-06-28T07:32:23+00:00","mainEntityOfPage":{"@id":"https:\/\/fr.elds.org\/lesmormons-net\/actualites-francophones\/liens-avec-la-france-henry-b-eyring-neil-l-andersen\/"},"wordCount":1203,"commentCount":0,"image":{"@id":"https:\/\/fr.elds.org\/lesmormons-net\/actualites-francophones\/liens-avec-la-france-henry-b-eyring-neil-l-andersen\/#primaryimage"},"thumbnailUrl":"https:\/\/fr.elds.org\/lesmormons-net\/files\/2017\/05\/neil-l-andersen-et-henry-b-eyring-marchant-dans-paris.jpg","keywords":["ce qu'il faut savoir sur le temple","France","histoire de l'Eglise","Temple de Paris"],"articleSection":["Actualit\u00e9s francophones"],"inLanguage":"fr-FR","potentialAction":[{"@type":"CommentAction","name":"Comment","target":["https:\/\/fr.elds.org\/lesmormons-net\/actualites-francophones\/liens-avec-la-france-henry-b-eyring-neil-l-andersen\/#respond"]}]},{"@type":"WebPage","@id":"https:\/\/fr.elds.org\/lesmormons-net\/actualites-francophones\/liens-avec-la-france-henry-b-eyring-neil-l-andersen\/","url":"https:\/\/fr.elds.org\/lesmormons-net\/actualites-francophones\/liens-avec-la-france-henry-b-eyring-neil-l-andersen\/","name":"Pr\u00e9sident Eyring, Elder Andersen et leurs liens avec la France","isPartOf":{"@id":"https:\/\/fr.elds.org\/lesmormons-net\/#website"},"primaryImageOfPage":{"@id":"https:\/\/fr.elds.org\/lesmormons-net\/actualites-francophones\/liens-avec-la-france-henry-b-eyring-neil-l-andersen\/#primaryimage"},"image":{"@id":"https:\/\/fr.elds.org\/lesmormons-net\/actualites-francophones\/liens-avec-la-france-henry-b-eyring-neil-l-andersen\/#primaryimage"},"thumbnailUrl":"https:\/\/fr.elds.org\/lesmormons-net\/files\/2017\/05\/neil-l-andersen-et-henry-b-eyring-marchant-dans-paris.jpg","datePublished":"2017-06-02T02:03:55+00:00","dateModified":"2018-06-28T07:32:23+00:00","author":{"@id":"https:\/\/fr.elds.org\/lesmormons-net\/#\/schema\/person\/b31eecca6f5c9f6643f5cb3952833fe9"},"description":"Avant la cons\u00e9cration du temple de Paris, Pr\u00e9sident Eyring et Elder Andersen se sont rem\u00e9mor\u00e9 leurs souvenirs et leurs liens avec la France.","breadcrumb":{"@id":"https:\/\/fr.elds.org\/lesmormons-net\/actualites-francophones\/liens-avec-la-france-henry-b-eyring-neil-l-andersen\/#breadcrumb"},"inLanguage":"fr-FR","potentialAction":[{"@type":"ReadAction","target":["https:\/\/fr.elds.org\/lesmormons-net\/actualites-francophones\/liens-avec-la-france-henry-b-eyring-neil-l-andersen\/"]}]},{"@type":"ImageObject","inLanguage":"fr-FR","@id":"https:\/\/fr.elds.org\/lesmormons-net\/actualites-francophones\/liens-avec-la-france-henry-b-eyring-neil-l-andersen\/#primaryimage","url":"https:\/\/fr.elds.org\/lesmormons-net\/files\/2017\/05\/neil-l-andersen-et-henry-b-eyring-marchant-dans-paris.jpg","contentUrl":"https:\/\/fr.elds.org\/lesmormons-net\/files\/2017\/05\/neil-l-andersen-et-henry-b-eyring-marchant-dans-paris.jpg","width":948,"height":542,"caption":"Neil L Andersen et Henry B Eyring"},{"@type":"BreadcrumbList","@id":"https:\/\/fr.elds.org\/lesmormons-net\/actualites-francophones\/liens-avec-la-france-henry-b-eyring-neil-l-andersen\/#breadcrumb","itemListElement":[{"@type":"ListItem","position":1,"name":"Home","item":"https:\/\/fr.elds.org\/lesmormons-net\/"},{"@type":"ListItem","position":2,"name":"La cons\u00e9cration du temple de Paris: un \u00e9v\u00e9nement \u00ab tr\u00e8s \u00e9mouvant \u00bb pour le pr\u00e9sident Eyring et d\u2019autres dirigeants"}]},{"@type":"WebSite","@id":"https:\/\/fr.elds.org\/lesmormons-net\/#website","url":"https:\/\/fr.elds.org\/lesmormons-net\/","name":"Les Mormons","description":"Les mormons au quotidien","potentialAction":[{"@type":"SearchAction","target":{"@type":"EntryPoint","urlTemplate":"https:\/\/fr.elds.org\/lesmormons-net\/?s={search_term_string}"},"query-input":{"@type":"PropertyValueSpecification","valueRequired":true,"valueName":"search_term_string"}}],"inLanguage":"fr-FR"},{"@type":"Person","@id":"https:\/\/fr.elds.org\/lesmormons-net\/#\/schema\/person\/b31eecca6f5c9f6643f5cb3952833fe9","name":"christine","image":{"@type":"ImageObject","inLanguage":"fr-FR","@id":"https:\/\/secure.gravatar.com\/avatar\/5c0d5e0ac14b19757b63cec933cdcf4b2a37eb45dae49c09b8cdf57fe682194f?s=96&d=blank&r=g","url":"https:\/\/secure.gravatar.com\/avatar\/5c0d5e0ac14b19757b63cec933cdcf4b2a37eb45dae49c09b8cdf57fe682194f?s=96&d=blank&r=g","contentUrl":"https:\/\/secure.gravatar.com\/avatar\/5c0d5e0ac14b19757b63cec933cdcf4b2a37eb45dae49c09b8cdf57fe682194f?s=96&d=blank&r=g","caption":"christine"},"description":"Christine est la maman de quatre enfants qui lui ont fait oublier le sens du mot ennui. Baptis\u00e9e \u00e0 huit ans, elle est reconnaissante d\u2019avoir Dieu et l\u2019\u00c9vangile dans sa vie, sans lesquels elle se sentirait d\u00e9sarm\u00e9e. Elle aime lire et d\u00e9couvrir de nouvelles choses avec sa famille.","url":"https:\/\/fr.elds.org\/lesmormons-net\/author\/christine\/"}]}},"_links":{"self":[{"href":"https:\/\/fr.elds.org\/lesmormons-net\/wp-json\/wp\/v2\/posts\/5664","targetHints":{"allow":["GET"]}}],"collection":[{"href":"https:\/\/fr.elds.org\/lesmormons-net\/wp-json\/wp\/v2\/posts"}],"about":[{"href":"https:\/\/fr.elds.org\/lesmormons-net\/wp-json\/wp\/v2\/types\/post"}],"author":[{"embeddable":true,"href":"https:\/\/fr.elds.org\/lesmormons-net\/wp-json\/wp\/v2\/users\/51"}],"replies":[{"embeddable":true,"href":"https:\/\/fr.elds.org\/lesmormons-net\/wp-json\/wp\/v2\/comments?post=5664"}],"version-history":[{"count":6,"href":"https:\/\/fr.elds.org\/lesmormons-net\/wp-json\/wp\/v2\/posts\/5664\/revisions"}],"predecessor-version":[{"id":6059,"href":"https:\/\/fr.elds.org\/lesmormons-net\/wp-json\/wp\/v2\/posts\/5664\/revisions\/6059"}],"wp:featuredmedia":[{"embeddable":true,"href":"https:\/\/fr.elds.org\/lesmormons-net\/wp-json\/wp\/v2\/media\/5669"}],"wp:attachment":[{"href":"https:\/\/fr.elds.org\/lesmormons-net\/wp-json\/wp\/v2\/media?parent=5664"}],"wp:term":[{"taxonomy":"category","embeddable":true,"href":"https:\/\/fr.elds.org\/lesmormons-net\/wp-json\/wp\/v2\/categories?post=5664"},{"taxonomy":"post_tag","embeddable":true,"href":"https:\/\/fr.elds.org\/lesmormons-net\/wp-json\/wp\/v2\/tags?post=5664"}],"curies":[{"name":"wp","href":"https:\/\/api.w.org\/{rel}","templated":true}]}}