{"id":5647,"date":"2017-05-31T09:13:23","date_gmt":"2017-05-31T07:13:23","guid":{"rendered":"https:\/\/fr.elds.org\/lesmormons-net\/?p=5647"},"modified":"2018-06-28T09:33:56","modified_gmt":"2018-06-28T07:33:56","slug":"soeur-andersen-se-rememore-amour-peuple-francais","status":"publish","type":"post","link":"https:\/\/fr.elds.org\/lesmormons-net\/actualites-francophones\/soeur-andersen-se-rememore-amour-peuple-francais\/","title":{"rendered":"\u00c0 la veille de la cons\u00e9cration du temple, Soeur Andersen se rem\u00e9more l&rsquo;amour du peuple fran\u00e7ais"},"content":{"rendered":"<div>\n<div dir=\"ltr\"><em>Texte de S\u0153ur\u00a0Andersen, r\u00e9dig\u00e9 avant la cons\u00e9cration du temple de Paris, \u00e0 laquelle elle a assist\u00e9 avec son mari.\u00a0<\/em><\/div>\n<div dir=\"ltr\"><\/div>\n<div dir=\"ltr\">\n<div>\n<div>\n<div dir=\"auto\">\n<div dir=\"auto\">\n<div dir=\"auto\">Tandis que mon mari et moi nous r\u00e9jouissons en discutant de la cons\u00e9cration \u00e0 venir du temple de Paris, en France, nous avons sorti de notre biblioth\u00e8que un classeur datant d&rsquo;il y a presque 25 ans. C&rsquo;est un cadeau que nous ont offert les Saints de notre branche d&rsquo;Eysines avant que nous quittions la France en 1992 pour retourner chez nous, en Floride. Nous avons regard\u00e9 leurs photos, relu leurs t\u00e9moignages et pens\u00e9 aux hommes et aux femmes fid\u00e8les de notre branche du sud-ouest de la France qui ont v\u00e9cu avec espoir et anticipation que peut-\u00eatre un jour il y aurait un temple en France, non seulement pour eux mais aussi pour leurs enfants, petits &#8211; enfants et compatriotes. Laissez-<\/div>\n<\/div>\n<\/div>\n<\/div>\n<\/div>\n<\/div>\n<\/div>\n<div dir=\"auto\">\n<div dir=\"ltr\">\n<div dir=\"auto\">\n<div dir=\"auto\">\n<div dir=\"auto\">moi vous parler de certains d&rsquo;entre eux que nous avons appris \u00e0 conna\u00eetre et que nous aimons.<\/div>\n<\/div>\n<\/div>\n<div dir=\"auto\"><\/div>\n<h3 dir=\"auto\">Quelques fran\u00e7ais qui sont devenus nos amis<\/h3>\n<div dir=\"auto\">\n<div dir=\"auto\">\n<div dir=\"auto\"><\/div>\n<div dir=\"auto\"><img fetchpriority=\"high\" fetchpriority=\"high\" decoding=\"async\" class=\"aligncenter wp-image-5649 size-medium\" src=\"https:\/\/fr.elds.org\/lesmormons-net\/files\/2017\/05\/soeur-david-instructrice-de-la-primaire-du-plus-jeune-fils-des-andersen-200x300.jpg\" alt=\"Soeur David\" width=\"200\" height=\"300\" srcset=\"https:\/\/fr.elds.org\/lesmormons-net\/files\/2017\/05\/soeur-david-instructrice-de-la-primaire-du-plus-jeune-fils-des-andersen-200x300.jpg 200w, https:\/\/fr.elds.org\/lesmormons-net\/files\/2017\/05\/soeur-david-instructrice-de-la-primaire-du-plus-jeune-fils-des-andersen-768x1152.jpg 768w, https:\/\/fr.elds.org\/lesmormons-net\/files\/2017\/05\/soeur-david-instructrice-de-la-primaire-du-plus-jeune-fils-des-andersen-683x1024.jpg 683w, https:\/\/fr.elds.org\/lesmormons-net\/files\/2017\/05\/soeur-david-instructrice-de-la-primaire-du-plus-jeune-fils-des-andersen.jpg 800w\" sizes=\"(max-width: 200px) 100vw, 200px\" \/><\/div>\n<div dir=\"auto\"><\/div>\n<div dir=\"auto\">Soeur David \u00e9tait une femme merveilleuse et pleine de foi. C&rsquo;\u00e9tait un pilier de force dans l&rsquo;\u00c9glise, elle \u00e9tait toujours fid\u00e8le et elle r\u00e9pandait son influence extraordinaire tout autour d&rsquo;elle. Lorsque notre plus jeune fils allait se faire baptiser, nous avons invit\u00e9 son instructice de la Primaire, Soeur David. Nous ne nous \u00e9tions pas rendus compte que sa pr\u00e9sence au bapt\u00eame, t\u00f4t le matin \u00e0 l&rsquo;\u00e9glise impliquerait qu&rsquo;elle devrait se lever \u00e0 5h du matin, qu&rsquo;elle devrait prendre deux bus puis faire une longue marche pour arriver \u00e0 l&rsquo;\u00e9glise. Soeur David n&rsquo;a jamais mentionn\u00e9 ce d\u00e9sagr\u00e9ment mais elle \u00e9tait pr\u00e9sente avec son beau sourire et elle a chaleureusement pris dans ses bras l&rsquo;un des gar\u00e7ons de la Primaire. Elle a men\u00e9 une vie de foi et de d\u00e9votion in\u00e9branlables.<\/div>\n<div dir=\"auto\"><\/div>\n<div dir=\"auto\"><\/div>\n<div dir=\"auto\"><img decoding=\"async\" class=\"aligncenter wp-image-5650 \" src=\"https:\/\/fr.elds.org\/lesmormons-net\/files\/2017\/05\/famille-causse-a-bordeaux-300x200.jpg\" alt=\"famille Causs\u00e9\" width=\"549\" height=\"366\" srcset=\"https:\/\/fr.elds.org\/lesmormons-net\/files\/2017\/05\/famille-causse-a-bordeaux-300x200.jpg 300w, https:\/\/fr.elds.org\/lesmormons-net\/files\/2017\/05\/famille-causse-a-bordeaux-768x512.jpg 768w, https:\/\/fr.elds.org\/lesmormons-net\/files\/2017\/05\/famille-causse-a-bordeaux-1024x683.jpg 1024w, https:\/\/fr.elds.org\/lesmormons-net\/files\/2017\/05\/famille-causse-a-bordeaux-1080x720.jpg 1080w, https:\/\/fr.elds.org\/lesmormons-net\/files\/2017\/05\/famille-causse-a-bordeaux.jpg 1200w\" sizes=\"(max-width: 549px) 100vw, 549px\" \/><\/div>\n<div dir=\"auto\"><\/div>\n<div dir=\"auto\">L&rsquo;un de nos chers pr\u00e9sidents de branche \u00e9tait Jean Causs\u00e9. Apr\u00e8s s&rsquo;\u00eatre joint \u00e0 l&rsquo;\u00c9glise \u00e9tant \u00a0adultes, \u00a0lui et sa magnifique \u00e9pouse Marie-Blanche \u00e9taient constants dans leur amour de l&rsquo;Evangile. Leurs t\u00e9moignages ont transmis de la force \u00e0 leurs enfants (dont le petit G\u00e9rald qui sert aujourd&rsquo;hui en tant qu&rsquo;Ev\u00eaque Pr\u00e9sident de l&rsquo;Eglise) et leurs petits-enfants. Tant de vies ont \u00e9t\u00e9 b\u00e9nies gr\u00e2ce au t\u00e9moignage de Jean et Marie-Blanche.<\/div>\n<div dir=\"auto\"><\/div>\n<div dir=\"auto\"><\/div>\n<div dir=\"auto\"><img decoding=\"async\" class=\"aligncenter wp-image-5651\" src=\"https:\/\/fr.elds.org\/lesmormons-net\/files\/2017\/05\/les-dupuy.jpg\" alt=\"Fr\u00e8re et Soeur Dupuy\" width=\"598\" height=\"338\" srcset=\"https:\/\/fr.elds.org\/lesmormons-net\/files\/2017\/05\/les-dupuy.jpg 958w, https:\/\/fr.elds.org\/lesmormons-net\/files\/2017\/05\/les-dupuy-300x170.jpg 300w, https:\/\/fr.elds.org\/lesmormons-net\/files\/2017\/05\/les-dupuy-768x435.jpg 768w\" sizes=\"(max-width: 598px) 100vw, 598px\" \/><\/div>\n<div dir=\"auto\">Fr\u00e8re et Soeur Dupuy \u00e9taient des soutiens fid\u00e8les dans la branche d&rsquo;Eysines. Ann\u00e9e apr\u00e8s ann\u00e9e, \u00a0d\u00e9cennie apr\u00e8s d\u00e9cennie, ils ont calmement v\u00e9cu l&rsquo;Evangile.\u00a0 Leur influence s&rsquo;est prolong\u00e9e sur des g\u00e9n\u00e9rations \u00e0 travers leur fille et sa magnifique famille.<\/div>\n<div dir=\"auto\"><\/div>\n<div dir=\"auto\"><\/div>\n<div dir=\"auto\"><img loading=\"lazy\" loading=\"lazy\" decoding=\"async\" class=\"aligncenter wp-image-5652\" src=\"https:\/\/fr.elds.org\/lesmormons-net\/files\/2017\/05\/famille-boulie-683x1024.jpg\" alt=\"famille Boulie\" width=\"360\" height=\"541\" srcset=\"https:\/\/fr.elds.org\/lesmormons-net\/files\/2017\/05\/famille-boulie-683x1024.jpg 683w, https:\/\/fr.elds.org\/lesmormons-net\/files\/2017\/05\/famille-boulie-200x300.jpg 200w, https:\/\/fr.elds.org\/lesmormons-net\/files\/2017\/05\/famille-boulie-768x1152.jpg 768w, https:\/\/fr.elds.org\/lesmormons-net\/files\/2017\/05\/famille-boulie.jpg 800w\" sizes=\"(max-width: 360px) 100vw, 360px\" \/><\/div>\n<div dir=\"auto\"><\/div>\n<div dir=\"auto\">Un jeune couple, Alain et Laurence Boulie, ont enracin\u00e9 leur foi et leur confiance dans le Seigneur. Laurence \u00e9tait la pr\u00e9sidente des Jeunes-Filles lorsque nous \u00e9tions dans la branche d&rsquo;Eysines et elle a b\u00e9ni par son amour les vies des jeunes filles \u00e0 travers son merveilleux exemple. Des ann\u00e9es plus tard, Alain a servi en tant qu&rsquo;Ev\u00eaque de la paroisse d&rsquo;Eysines pendant sept ans. Lorsque son service en tant qu&rsquo;Ev\u00eaque a pris fin, ils ont continu\u00e9 \u00e0 servir en \u00e9tant fid\u00e8les et bons.<\/div>\n<div dir=\"auto\"><\/div>\n<div dir=\"auto\"><\/div>\n<div dir=\"auto\"><img loading=\"lazy\" loading=\"lazy\" decoding=\"async\" class=\"aligncenter wp-image-5653\" src=\"https:\/\/fr.elds.org\/lesmormons-net\/files\/2017\/05\/frere-et-soeur-farel-683x1024.jpg\" alt=\"Fr\u00e8re et Soeur Farel\" width=\"360\" height=\"541\" srcset=\"https:\/\/fr.elds.org\/lesmormons-net\/files\/2017\/05\/frere-et-soeur-farel-683x1024.jpg 683w, https:\/\/fr.elds.org\/lesmormons-net\/files\/2017\/05\/frere-et-soeur-farel-200x300.jpg 200w, https:\/\/fr.elds.org\/lesmormons-net\/files\/2017\/05\/frere-et-soeur-farel-768x1152.jpg 768w, https:\/\/fr.elds.org\/lesmormons-net\/files\/2017\/05\/frere-et-soeur-farel.jpg 800w\" sizes=\"(max-width: 360px) 100vw, 360px\" \/><\/div>\n<div dir=\"auto\"><\/div>\n<div dir=\"auto\">Fr\u00e8re et Soeur Farel \u00e9taient l\u00e0 au d\u00e9but des ann\u00e9es 1970 lorsqu&rsquo;un pr\u00e9sident de mission a annonc\u00e9 que les missionnaires ne joueraient plus au piano pendant les r\u00e9unions et que les membres devaient apprendre \u00e0 jouer du piano. Au d\u00e9but, cela semblait un peu rude mais les Farel n&rsquo;ont pas \u00e9t\u00e9 offens\u00e9s. Au lieu de cela, avec une foi ind\u00e9fectible, ils ont imm\u00e9diatement inscrit leur fille, Annie, \u00e0 des le\u00e7ons de piano. C&rsquo;\u00e9tait un sacrifice pour eux mais Annie Farel \u00e0 appris \u00e0 jouer du piano.<\/div>\n<div dir=\"auto\"><\/div>\n<div dir=\"auto\"><\/div>\n<div dir=\"auto\"><img loading=\"lazy\" loading=\"lazy\" decoding=\"async\" class=\"aligncenter wp-image-5654\" src=\"https:\/\/fr.elds.org\/lesmormons-net\/files\/2017\/05\/annie-farel-guerrero-683x1024.jpg\" alt=\"Annie Farel Guerrero\" width=\"360\" height=\"540\" srcset=\"https:\/\/fr.elds.org\/lesmormons-net\/files\/2017\/05\/annie-farel-guerrero-683x1024.jpg 683w, https:\/\/fr.elds.org\/lesmormons-net\/files\/2017\/05\/annie-farel-guerrero-200x300.jpg 200w, https:\/\/fr.elds.org\/lesmormons-net\/files\/2017\/05\/annie-farel-guerrero-768x1152.jpg 768w, https:\/\/fr.elds.org\/lesmormons-net\/files\/2017\/05\/annie-farel-guerrero.jpg 800w\" sizes=\"(max-width: 360px) 100vw, 360px\" \/><\/div>\n<div dir=\"auto\"><\/div>\n<div dir=\"auto\">Presque 20 ans plus tard, nous sommes arriv\u00e9s avec notre famille. Fr\u00e8re et Soeur Farel \u00e9taient alors grands-parents. Leur fille s&rsquo;appelait alors Annie Guerrero et elle \u00e9tait la pianiste de la branche. La g\u00e9n\u00e9ration d&rsquo;Annie a d\u00e9velopp\u00e9 des talents qui ont aid\u00e9 \u00e0 renforcer l&rsquo;Eglise en France et maintenant c&rsquo;est une m\u00e8re qui enseigne fid\u00e8lement l&rsquo;Evangile \u00e0 ses enfants.<\/div>\n<div dir=\"auto\"><\/div>\n<div dir=\"auto\"><\/div>\n<div dir=\"auto\"><img loading=\"lazy\" loading=\"lazy\" decoding=\"async\" class=\"aligncenter wp-image-5655\" src=\"https:\/\/fr.elds.org\/lesmormons-net\/files\/2017\/05\/theo-et-suzanne-plante-1024x683.jpg\" alt=\"Th\u00e9o et Suzanne Plante\" width=\"616\" height=\"411\" srcset=\"https:\/\/fr.elds.org\/lesmormons-net\/files\/2017\/05\/theo-et-suzanne-plante-1024x683.jpg 1024w, https:\/\/fr.elds.org\/lesmormons-net\/files\/2017\/05\/theo-et-suzanne-plante-300x200.jpg 300w, https:\/\/fr.elds.org\/lesmormons-net\/files\/2017\/05\/theo-et-suzanne-plante-768x512.jpg 768w, https:\/\/fr.elds.org\/lesmormons-net\/files\/2017\/05\/theo-et-suzanne-plante-1080x720.jpg 1080w, https:\/\/fr.elds.org\/lesmormons-net\/files\/2017\/05\/theo-et-suzanne-plante.jpg 1200w\" sizes=\"(max-width: 616px) 100vw, 616px\" \/><\/div>\n<div dir=\"auto\"><\/div>\n<div dir=\"auto\">Theo et Suzanne Plante se sont joints \u00e0 l&rsquo;Eglise lorsqu&rsquo;ils \u00e9taient adultes. Ils ont adopt\u00e9 l&rsquo;Evangile de tout leur coeur et esprit. Fr\u00e8re Plante \u00e9tait professeur \u00e0 l&rsquo;universit\u00e9. Les Plante ont pass\u00e9 leur vie \u00e0 servir avec un d\u00e9vouement qui refl\u00e8te leur amour total pour le Seigneur. Les ann\u00e9es ont pass\u00e9. Il y a aujourd&rsquo;hui trois g\u00e9n\u00e9rations, dans la famille Plante, qui se r\u00e9jouissent tous ensemble de la cons\u00e9cration du temple de Paris.<\/div>\n<div dir=\"auto\"><\/div>\n<div dir=\"auto\"><\/div>\n<h3 dir=\"auto\">Nombreux souvenirs de saints fran\u00e7ais d\u00e9vou\u00e9s<\/h3>\n<div dir=\"auto\">Nous nous souvenons d&rsquo;une merveilleuse pr\u00e9sidente de Soci\u00e9t\u00e9 de Secours de district qui est arriv\u00e9 dans la ville de Bayonne un dimanche. Nous avions conduit les deux heures n\u00e9cessaires pour nous rendre aux r\u00e9unions avec notre famille. Nous \u00e9tions embarrass\u00e9s lorsque nous nous sommes rendus compte qu&rsquo;elle s&rsquo;\u00e9tait lev\u00e9e avant l&rsquo;aube et avait fait le chemin \u00e0 v\u00e9lo dans le noir jusqu&rsquo;\u00e0 la gare. Ensuite, elle avait pris le train jusqu&rsquo;en ville puis elle avait fait route jusqu&rsquo;\u00e0 la maison o\u00f9 avaient lieu les r\u00e9unions. Je me rappelle encore de la le\u00e7on qu&rsquo;elle a enseign\u00e9 ce jour-l\u00e0 \u00e0 la Soci\u00e9t\u00e9 de Secours. Apr\u00e8s les r\u00e9unions, elle est retourn\u00e9e avec nous \u00e0 Bordeaux dans notre voiture. Je n&rsquo;ai jamais oubli\u00e9 mes sentiments ce jour-l\u00e0 tandis que nous la d\u00e9posions \u00e0 la gare o\u00f9 elle est mont\u00e9e sur son v\u00e9lo pour rentrer chez elle. Elle avait une grande d\u00e9votion qui m&rsquo;a tr\u00e8s profond\u00e9ment touch\u00e9e.<\/div>\n<div dir=\"auto\"><\/div>\n<div dir=\"auto\">Je me souviens d&rsquo;une le\u00e7on d&rsquo;Ecole du Dimanche peut de temps apr\u00e8s notre arriv\u00e9e en France. L&rsquo;instructrice a distribu\u00e9 environ dix petites cartes aux membres de la classe pour qu&rsquo;ils les lisent \u00e0 un moment donn\u00e9 de la le\u00e7on. J&rsquo;\u00e9tais assez \u00e9tonn\u00e9e de voir que chaque carte \u00e9tait \u00e9crite \u00e0 la main. Je me suis demand\u00e9e pourquoi elle ne les avais pas tout simplement imprim\u00e9es. Puis je me suis rendue compte que cette s\u0153ur n&rsquo;avait ni photocopieuse ni ordinateur. Pensant que nous allions apprendre davantage en participant, elle avait m\u00e9ticuleusement \u00e9crit \u00e0 la main de longues citations tir\u00e9es du manuel de le\u00e7on.<\/div>\n<div dir=\"auto\"><\/div>\n<div dir=\"auto\">Nous nous souvenons d&rsquo;un p\u00e8re et d&rsquo;une m\u00e8re d\u00e9vou\u00e9s qui avait un fils de 16 ans qui ne voulait pas aller au s\u00e9minaire. Le p\u00e8re \u00e9tait le pr\u00e9sident de la branche et on l&rsquo;avait autoris\u00e9 \u00e0 \u00eatre l&rsquo;instructeur du s\u00e9minaire matinal pour son fils. Ils faisaient le s\u00e9minaire ensemble, t\u00f4t le matin. Le fils de 16 ans a pu garder les pieds dans l&rsquo;Evangile. Aujourd&rsquo;hui, \u00a0il a une famille \u00e0 lui, il s&rsquo;est mari\u00e9 au temple et il enseigne l&rsquo;Evangile \u00e0 ses enfants. Ainsi sont les saints en France.<\/div>\n<h3 dir=\"auto\"><\/h3>\n<\/div>\n<\/div>\n<h3 dir=\"auto\">L&rsquo;oeuvre de Dieu avance<\/h3>\n<div dir=\"auto\">La tradition religieuse est pro\u00e9minente dans presque chaque village et petite ville de France, d&rsquo;o\u00f9 la pr\u00e9sence de superbes cath\u00e9drales au centre de leurs communaut\u00e9s. Nous avons vu les Saints des Derniers Jours d\u00e9vou\u00e9s passer souvent devant ces magnifiques b\u00e2timents sur leur chemin pour aller adorer Dieu dans de simples chapelles, des maisons ou des immeubles lou\u00e9s. Bien \u00e9videmment, les c\u00e9l\u00e8bres vins fran\u00e7ais restent des choses inconnues pour les Saints des Derniers Jours fid\u00e8les et, bien qu&rsquo;ils ne soient parfois pas compt\u00e9s parmi l&rsquo;\u00e9lite social, ces hommes et ces femmes extraordinaires sont certainement compt\u00e9s parmi les \u00e9lus de Dieu.<\/div>\n<div dir=\"auto\">\n<div dir=\"auto\">\n<div dir=\"auto\"><\/div>\n<div dir=\"auto\">Les saints fid\u00e8les de notre branche d&rsquo;Eysines et d&rsquo;autres sont un petit \u00e9chantillon des membres de l&rsquo;\u00c9glise en France qui ont aid\u00e9 \u00e0 \u00e9difier, g\u00e9n\u00e9ration apr\u00e8s g\u00e9n\u00e9ration, la force et la foi au Seigneur J\u00e9sus-Christ et en son \u00c9vangile.<\/div>\n<div dir=\"auto\"><\/div>\n<div dir=\"auto\">Un dimanche, le 24 mai 1992, une congr\u00e9gation de Saints des Derniers Jours dont ceux qui ont \u00e9t\u00e9 mentionn\u00e9s plus haut, ont assist\u00e9 \u00e0 l&rsquo;\u00e9glise dans une grande salle lou\u00e9e pour l&rsquo;occasion \u00a0et ont chant\u00e9 : \u201c<em>L\u2019Esprit du Dieu saint br\u00fble comme une flamme. La gloire d\u00e9j\u00e0 rev\u00eat les derniers jours. Les dons d\u2019autrefois r\u00e9jouissent notre \u00e2me. Les anges reviennent \u00e0 notre secours.<\/em>\u201d (Cantiques, No. 2). Puis, Elder Boyd K. Packer, du coll\u00e8ge des douze Ap\u00f4tres s&rsquo;est lev\u00e9 et il a annonc\u00e9 la cr\u00e9ation du Pieu de Bordeaux. \u00c0 \u00a0ce moment-l\u00e0, il y a eu un tonnerre d&rsquo;applaudissements retentissants tels que nous n&rsquo;en avions jamais entendu durant toutes nos ann\u00e9es pass\u00e9es en France. Il nous semblait que les cieux avaient donn\u00e9 un point d&rsquo;exclamation \u00e0 la progression du royaume du Seigneur en France.<\/div>\n<div dir=\"auto\"><\/div>\n<div dir=\"auto\">Cela fera presque 25 ans aujourd&rsquo;hui, \u00a0le 21 mai, jour de la cons\u00e9cration du temple de Paris. Nous nous r\u00e9jouissons extr\u00eamement avec les Saints fran\u00e7ais qui ont le privil\u00e8ge d&rsquo;avoir v\u00e9cu assez longtemps pour voir ce jour b\u00e9ni.<\/div>\n<div dir=\"auto\"><\/div>\n<\/div>\n<\/div>\n<\/div>\n<div dir=\"ltr\">\n<div>\n<div>\n<div dir=\"auto\">\n<div dir=\"auto\">\n<div dir=\"auto\">Un nombre incalculable d&rsquo;hommes et de femmes fid\u00e8les qui ont donn\u00e9 leur vie pour l&rsquo;Evangile n&rsquo;ont pas v\u00e9cu assez longtemps pour voir ce jour b\u00e9ni o\u00f9 la maison du Seigneur serait consacr\u00e9e.<\/div>\n<\/div>\n<div dir=\"auto\">\n<div dir=\"ltr\"><\/div>\n<div dir=\"ltr\">\n<div>\n<div>\n<div dir=\"auto\">\n<div dir=\"auto\">\n<div dir=\"auto\"><em>\u00a0<\/em><\/div>\n<div dir=\"auto\"><em>Texte original en anglais \u00e9crit par Soeur Kathy W. Andersen sur <a href=\"http:\/\/www.deseretnews.com\/article\/865680300\/On-eve-of-the-temple-dedication-Sister-Andersen-recalls-love-for-the-people-of-France.html\" rel=\"nofollow\">Deseretnews.com<\/a>, traduction Nathalie.<\/em><\/div>\n<\/div>\n<\/div>\n<\/div>\n<\/div>\n<\/div>\n<\/div>\n<\/div>\n<\/div>\n<\/div>\n<\/div>\n<\/div>\n","protected":false},"excerpt":{"rendered":"<p>Dans un texte fort \u00e9mouvant, S\u0153ur Andersen se rem\u00e9more l&rsquo;amour que les saints fran\u00e7ais ont d\u00e9montr\u00e9 lors de leur pr\u00e9sence en France, pr\u00e8s de Bordeaux.<\/p>\n","protected":false},"author":18,"featured_media":5648,"comment_status":"open","ping_status":"closed","sticky":false,"template":"","format":"standard","meta":{"_et_pb_use_builder":"","_et_pb_old_content":"","_et_gb_content_width":"","footnotes":""},"categories":[173],"tags":[441,358,337,140],"class_list":["post-5647","post","type-post","status-publish","format-standard","has-post-thumbnail","hentry","category-actualites-francophones","tag-membre-eglise-christ","tag-france","tag-histoire-de-leglise","tag-temple-de-paris","et-has-post-format-content","et_post_format-et-post-format-standard"],"yoast_head":"<!-- This site is optimized with the Yoast SEO plugin v27.4 - https:\/\/yoast.com\/product\/yoast-seo-wordpress\/ -->\n<title>S\u0153ur Andersen exprime son amour pour les saints fran\u00e7ais<\/title>\n<meta name=\"description\" content=\"Dans un texte fort \u00e9mouvant, S\u0153ur Andersen se rem\u00e9more l&#039;amour que les saints fran\u00e7ais ont d\u00e9montr\u00e9 lors de leur pr\u00e9sence en France, pr\u00e8s de Bordeaux.\" \/>\n<meta name=\"robots\" content=\"index, follow, max-snippet:-1, max-image-preview:large, max-video-preview:-1\" \/>\n<link rel=\"canonical\" href=\"https:\/\/fr.elds.org\/lesmormons-net\/actualites-francophones\/soeur-andersen-se-rememore-amour-peuple-francais\/\" \/>\n<meta property=\"og:locale\" content=\"fr_FR\" \/>\n<meta property=\"og:type\" content=\"article\" \/>\n<meta property=\"og:title\" content=\"S\u0153ur Andersen exprime son amour pour les saints fran\u00e7ais\" \/>\n<meta property=\"og:description\" content=\"Dans un texte fort \u00e9mouvant, S\u0153ur Andersen se rem\u00e9more l&#039;amour que les saints fran\u00e7ais ont d\u00e9montr\u00e9 lors de leur pr\u00e9sence en France, pr\u00e8s de Bordeaux.\" \/>\n<meta property=\"og:url\" content=\"https:\/\/fr.elds.org\/lesmormons-net\/actualites-francophones\/soeur-andersen-se-rememore-amour-peuple-francais\/\" \/>\n<meta property=\"og:site_name\" content=\"Les Mormons\" \/>\n<meta property=\"article:published_time\" content=\"2017-05-31T07:13:23+00:00\" \/>\n<meta property=\"article:modified_time\" content=\"2018-06-28T07:33:56+00:00\" \/>\n<meta property=\"og:image\" content=\"https:\/\/fr.elds.org\/lesmormons-net\/files\/2017\/05\/famille-andersen-a-bordeaux.jpg\" \/>\n\t<meta property=\"og:image:width\" content=\"948\" \/>\n\t<meta property=\"og:image:height\" content=\"542\" \/>\n\t<meta property=\"og:image:type\" content=\"image\/jpeg\" \/>\n<meta name=\"author\" content=\"nathalie\" \/>\n<meta name=\"twitter:card\" content=\"summary_large_image\" \/>\n<meta name=\"twitter:label1\" content=\"\u00c9crit par\" \/>\n\t<meta name=\"twitter:data1\" content=\"nathalie\" \/>\n\t<meta name=\"twitter:label2\" content=\"Dur\u00e9e de lecture estim\u00e9e\" \/>\n\t<meta name=\"twitter:data2\" content=\"8 minutes\" \/>\n<script type=\"application\/ld+json\" class=\"yoast-schema-graph\">{\"@context\":\"https:\\\/\\\/schema.org\",\"@graph\":[{\"@type\":\"Article\",\"@id\":\"https:\\\/\\\/fr.elds.org\\\/lesmormons-net\\\/actualites-francophones\\\/soeur-andersen-se-rememore-amour-peuple-francais\\\/#article\",\"isPartOf\":{\"@id\":\"https:\\\/\\\/fr.elds.org\\\/lesmormons-net\\\/actualites-francophones\\\/soeur-andersen-se-rememore-amour-peuple-francais\\\/\"},\"author\":{\"name\":\"nathalie\",\"@id\":\"https:\\\/\\\/fr.elds.org\\\/lesmormons-net\\\/#\\\/schema\\\/person\\\/f78baeba7da65c8b2f7070edfcd0960a\"},\"headline\":\"\u00c0 la veille de la cons\u00e9cration du temple, Soeur Andersen se rem\u00e9more l&rsquo;amour du peuple fran\u00e7ais\",\"datePublished\":\"2017-05-31T07:13:23+00:00\",\"dateModified\":\"2018-06-28T07:33:56+00:00\",\"mainEntityOfPage\":{\"@id\":\"https:\\\/\\\/fr.elds.org\\\/lesmormons-net\\\/actualites-francophones\\\/soeur-andersen-se-rememore-amour-peuple-francais\\\/\"},\"wordCount\":1627,\"commentCount\":0,\"image\":{\"@id\":\"https:\\\/\\\/fr.elds.org\\\/lesmormons-net\\\/actualites-francophones\\\/soeur-andersen-se-rememore-amour-peuple-francais\\\/#primaryimage\"},\"thumbnailUrl\":\"https:\\\/\\\/fr.elds.org\\\/lesmormons-net\\\/files\\\/2017\\\/05\\\/famille-andersen-a-bordeaux.jpg\",\"keywords\":[\"\u00eatre membre de l'Eglise du Christ\",\"France\",\"histoire de l'Eglise\",\"Temple de Paris\"],\"articleSection\":[\"Actualit\u00e9s francophones\"],\"inLanguage\":\"fr-FR\",\"potentialAction\":[{\"@type\":\"CommentAction\",\"name\":\"Comment\",\"target\":[\"https:\\\/\\\/fr.elds.org\\\/lesmormons-net\\\/actualites-francophones\\\/soeur-andersen-se-rememore-amour-peuple-francais\\\/#respond\"]}]},{\"@type\":\"WebPage\",\"@id\":\"https:\\\/\\\/fr.elds.org\\\/lesmormons-net\\\/actualites-francophones\\\/soeur-andersen-se-rememore-amour-peuple-francais\\\/\",\"url\":\"https:\\\/\\\/fr.elds.org\\\/lesmormons-net\\\/actualites-francophones\\\/soeur-andersen-se-rememore-amour-peuple-francais\\\/\",\"name\":\"S\u0153ur Andersen exprime son amour pour les saints fran\u00e7ais\",\"isPartOf\":{\"@id\":\"https:\\\/\\\/fr.elds.org\\\/lesmormons-net\\\/#website\"},\"primaryImageOfPage\":{\"@id\":\"https:\\\/\\\/fr.elds.org\\\/lesmormons-net\\\/actualites-francophones\\\/soeur-andersen-se-rememore-amour-peuple-francais\\\/#primaryimage\"},\"image\":{\"@id\":\"https:\\\/\\\/fr.elds.org\\\/lesmormons-net\\\/actualites-francophones\\\/soeur-andersen-se-rememore-amour-peuple-francais\\\/#primaryimage\"},\"thumbnailUrl\":\"https:\\\/\\\/fr.elds.org\\\/lesmormons-net\\\/files\\\/2017\\\/05\\\/famille-andersen-a-bordeaux.jpg\",\"datePublished\":\"2017-05-31T07:13:23+00:00\",\"dateModified\":\"2018-06-28T07:33:56+00:00\",\"author\":{\"@id\":\"https:\\\/\\\/fr.elds.org\\\/lesmormons-net\\\/#\\\/schema\\\/person\\\/f78baeba7da65c8b2f7070edfcd0960a\"},\"description\":\"Dans un texte fort \u00e9mouvant, S\u0153ur Andersen se rem\u00e9more l'amour que les saints fran\u00e7ais ont d\u00e9montr\u00e9 lors de leur pr\u00e9sence en France, pr\u00e8s de Bordeaux.\",\"breadcrumb\":{\"@id\":\"https:\\\/\\\/fr.elds.org\\\/lesmormons-net\\\/actualites-francophones\\\/soeur-andersen-se-rememore-amour-peuple-francais\\\/#breadcrumb\"},\"inLanguage\":\"fr-FR\",\"potentialAction\":[{\"@type\":\"ReadAction\",\"target\":[\"https:\\\/\\\/fr.elds.org\\\/lesmormons-net\\\/actualites-francophones\\\/soeur-andersen-se-rememore-amour-peuple-francais\\\/\"]}]},{\"@type\":\"ImageObject\",\"inLanguage\":\"fr-FR\",\"@id\":\"https:\\\/\\\/fr.elds.org\\\/lesmormons-net\\\/actualites-francophones\\\/soeur-andersen-se-rememore-amour-peuple-francais\\\/#primaryimage\",\"url\":\"https:\\\/\\\/fr.elds.org\\\/lesmormons-net\\\/files\\\/2017\\\/05\\\/famille-andersen-a-bordeaux.jpg\",\"contentUrl\":\"https:\\\/\\\/fr.elds.org\\\/lesmormons-net\\\/files\\\/2017\\\/05\\\/famille-andersen-a-bordeaux.jpg\",\"width\":948,\"height\":542,\"caption\":\"la famille de S\u0153ur Andersen \u00e0 Bordeaux lorsqu'elder Andersen \u00e9tait pr\u00e9sident de mission entre 1989 at 1992\"},{\"@type\":\"BreadcrumbList\",\"@id\":\"https:\\\/\\\/fr.elds.org\\\/lesmormons-net\\\/actualites-francophones\\\/soeur-andersen-se-rememore-amour-peuple-francais\\\/#breadcrumb\",\"itemListElement\":[{\"@type\":\"ListItem\",\"position\":1,\"name\":\"Home\",\"item\":\"https:\\\/\\\/fr.elds.org\\\/lesmormons-net\\\/\"},{\"@type\":\"ListItem\",\"position\":2,\"name\":\"\u00c0 la veille de la cons\u00e9cration du temple, Soeur Andersen se rem\u00e9more l&#8217;amour du peuple fran\u00e7ais\"}]},{\"@type\":\"WebSite\",\"@id\":\"https:\\\/\\\/fr.elds.org\\\/lesmormons-net\\\/#website\",\"url\":\"https:\\\/\\\/fr.elds.org\\\/lesmormons-net\\\/\",\"name\":\"Les Mormons\",\"description\":\"Les mormons au quotidien\",\"potentialAction\":[{\"@type\":\"SearchAction\",\"target\":{\"@type\":\"EntryPoint\",\"urlTemplate\":\"https:\\\/\\\/fr.elds.org\\\/lesmormons-net\\\/?s={search_term_string}\"},\"query-input\":{\"@type\":\"PropertyValueSpecification\",\"valueRequired\":true,\"valueName\":\"search_term_string\"}}],\"inLanguage\":\"fr-FR\"},{\"@type\":\"Person\",\"@id\":\"https:\\\/\\\/fr.elds.org\\\/lesmormons-net\\\/#\\\/schema\\\/person\\\/f78baeba7da65c8b2f7070edfcd0960a\",\"name\":\"nathalie\",\"image\":{\"@type\":\"ImageObject\",\"inLanguage\":\"fr-FR\",\"@id\":\"https:\\\/\\\/secure.gravatar.com\\\/avatar\\\/57cdec6650078f1df8e39c1e1330381cf464b3923b67f7aac2ab4db171e1b4fe?s=96&d=blank&r=g\",\"url\":\"https:\\\/\\\/secure.gravatar.com\\\/avatar\\\/57cdec6650078f1df8e39c1e1330381cf464b3923b67f7aac2ab4db171e1b4fe?s=96&d=blank&r=g\",\"contentUrl\":\"https:\\\/\\\/secure.gravatar.com\\\/avatar\\\/57cdec6650078f1df8e39c1e1330381cf464b3923b67f7aac2ab4db171e1b4fe?s=96&d=blank&r=g\",\"caption\":\"nathalie\"},\"url\":\"https:\\\/\\\/fr.elds.org\\\/lesmormons-net\\\/author\\\/nathalie\\\/\"}]}<\/script>\n<!-- \/ Yoast SEO plugin. -->","yoast_head_json":{"title":"S\u0153ur Andersen exprime son amour pour les saints fran\u00e7ais","description":"Dans un texte fort \u00e9mouvant, S\u0153ur Andersen se rem\u00e9more l'amour que les saints fran\u00e7ais ont d\u00e9montr\u00e9 lors de leur pr\u00e9sence en France, pr\u00e8s de Bordeaux.","robots":{"index":"index","follow":"follow","max-snippet":"max-snippet:-1","max-image-preview":"max-image-preview:large","max-video-preview":"max-video-preview:-1"},"canonical":"https:\/\/fr.elds.org\/lesmormons-net\/actualites-francophones\/soeur-andersen-se-rememore-amour-peuple-francais\/","og_locale":"fr_FR","og_type":"article","og_title":"S\u0153ur Andersen exprime son amour pour les saints fran\u00e7ais","og_description":"Dans un texte fort \u00e9mouvant, S\u0153ur Andersen se rem\u00e9more l'amour que les saints fran\u00e7ais ont d\u00e9montr\u00e9 lors de leur pr\u00e9sence en France, pr\u00e8s de Bordeaux.","og_url":"https:\/\/fr.elds.org\/lesmormons-net\/actualites-francophones\/soeur-andersen-se-rememore-amour-peuple-francais\/","og_site_name":"Les Mormons","article_published_time":"2017-05-31T07:13:23+00:00","article_modified_time":"2018-06-28T07:33:56+00:00","og_image":[{"width":948,"height":542,"url":"https:\/\/fr.elds.org\/lesmormons-net\/files\/2017\/05\/famille-andersen-a-bordeaux.jpg","type":"image\/jpeg"}],"author":"nathalie","twitter_card":"summary_large_image","twitter_misc":{"\u00c9crit par":"nathalie","Dur\u00e9e de lecture estim\u00e9e":"8 minutes"},"schema":{"@context":"https:\/\/schema.org","@graph":[{"@type":"Article","@id":"https:\/\/fr.elds.org\/lesmormons-net\/actualites-francophones\/soeur-andersen-se-rememore-amour-peuple-francais\/#article","isPartOf":{"@id":"https:\/\/fr.elds.org\/lesmormons-net\/actualites-francophones\/soeur-andersen-se-rememore-amour-peuple-francais\/"},"author":{"name":"nathalie","@id":"https:\/\/fr.elds.org\/lesmormons-net\/#\/schema\/person\/f78baeba7da65c8b2f7070edfcd0960a"},"headline":"\u00c0 la veille de la cons\u00e9cration du temple, Soeur Andersen se rem\u00e9more l&rsquo;amour du peuple fran\u00e7ais","datePublished":"2017-05-31T07:13:23+00:00","dateModified":"2018-06-28T07:33:56+00:00","mainEntityOfPage":{"@id":"https:\/\/fr.elds.org\/lesmormons-net\/actualites-francophones\/soeur-andersen-se-rememore-amour-peuple-francais\/"},"wordCount":1627,"commentCount":0,"image":{"@id":"https:\/\/fr.elds.org\/lesmormons-net\/actualites-francophones\/soeur-andersen-se-rememore-amour-peuple-francais\/#primaryimage"},"thumbnailUrl":"https:\/\/fr.elds.org\/lesmormons-net\/files\/2017\/05\/famille-andersen-a-bordeaux.jpg","keywords":["\u00eatre membre de l'Eglise du Christ","France","histoire de l'Eglise","Temple de Paris"],"articleSection":["Actualit\u00e9s francophones"],"inLanguage":"fr-FR","potentialAction":[{"@type":"CommentAction","name":"Comment","target":["https:\/\/fr.elds.org\/lesmormons-net\/actualites-francophones\/soeur-andersen-se-rememore-amour-peuple-francais\/#respond"]}]},{"@type":"WebPage","@id":"https:\/\/fr.elds.org\/lesmormons-net\/actualites-francophones\/soeur-andersen-se-rememore-amour-peuple-francais\/","url":"https:\/\/fr.elds.org\/lesmormons-net\/actualites-francophones\/soeur-andersen-se-rememore-amour-peuple-francais\/","name":"S\u0153ur Andersen exprime son amour pour les saints fran\u00e7ais","isPartOf":{"@id":"https:\/\/fr.elds.org\/lesmormons-net\/#website"},"primaryImageOfPage":{"@id":"https:\/\/fr.elds.org\/lesmormons-net\/actualites-francophones\/soeur-andersen-se-rememore-amour-peuple-francais\/#primaryimage"},"image":{"@id":"https:\/\/fr.elds.org\/lesmormons-net\/actualites-francophones\/soeur-andersen-se-rememore-amour-peuple-francais\/#primaryimage"},"thumbnailUrl":"https:\/\/fr.elds.org\/lesmormons-net\/files\/2017\/05\/famille-andersen-a-bordeaux.jpg","datePublished":"2017-05-31T07:13:23+00:00","dateModified":"2018-06-28T07:33:56+00:00","author":{"@id":"https:\/\/fr.elds.org\/lesmormons-net\/#\/schema\/person\/f78baeba7da65c8b2f7070edfcd0960a"},"description":"Dans un texte fort \u00e9mouvant, S\u0153ur Andersen se rem\u00e9more l'amour que les saints fran\u00e7ais ont d\u00e9montr\u00e9 lors de leur pr\u00e9sence en France, pr\u00e8s de Bordeaux.","breadcrumb":{"@id":"https:\/\/fr.elds.org\/lesmormons-net\/actualites-francophones\/soeur-andersen-se-rememore-amour-peuple-francais\/#breadcrumb"},"inLanguage":"fr-FR","potentialAction":[{"@type":"ReadAction","target":["https:\/\/fr.elds.org\/lesmormons-net\/actualites-francophones\/soeur-andersen-se-rememore-amour-peuple-francais\/"]}]},{"@type":"ImageObject","inLanguage":"fr-FR","@id":"https:\/\/fr.elds.org\/lesmormons-net\/actualites-francophones\/soeur-andersen-se-rememore-amour-peuple-francais\/#primaryimage","url":"https:\/\/fr.elds.org\/lesmormons-net\/files\/2017\/05\/famille-andersen-a-bordeaux.jpg","contentUrl":"https:\/\/fr.elds.org\/lesmormons-net\/files\/2017\/05\/famille-andersen-a-bordeaux.jpg","width":948,"height":542,"caption":"la famille de S\u0153ur Andersen \u00e0 Bordeaux lorsqu'elder Andersen \u00e9tait pr\u00e9sident de mission entre 1989 at 1992"},{"@type":"BreadcrumbList","@id":"https:\/\/fr.elds.org\/lesmormons-net\/actualites-francophones\/soeur-andersen-se-rememore-amour-peuple-francais\/#breadcrumb","itemListElement":[{"@type":"ListItem","position":1,"name":"Home","item":"https:\/\/fr.elds.org\/lesmormons-net\/"},{"@type":"ListItem","position":2,"name":"\u00c0 la veille de la cons\u00e9cration du temple, Soeur Andersen se rem\u00e9more l&#8217;amour du peuple fran\u00e7ais"}]},{"@type":"WebSite","@id":"https:\/\/fr.elds.org\/lesmormons-net\/#website","url":"https:\/\/fr.elds.org\/lesmormons-net\/","name":"Les Mormons","description":"Les mormons au quotidien","potentialAction":[{"@type":"SearchAction","target":{"@type":"EntryPoint","urlTemplate":"https:\/\/fr.elds.org\/lesmormons-net\/?s={search_term_string}"},"query-input":{"@type":"PropertyValueSpecification","valueRequired":true,"valueName":"search_term_string"}}],"inLanguage":"fr-FR"},{"@type":"Person","@id":"https:\/\/fr.elds.org\/lesmormons-net\/#\/schema\/person\/f78baeba7da65c8b2f7070edfcd0960a","name":"nathalie","image":{"@type":"ImageObject","inLanguage":"fr-FR","@id":"https:\/\/secure.gravatar.com\/avatar\/57cdec6650078f1df8e39c1e1330381cf464b3923b67f7aac2ab4db171e1b4fe?s=96&d=blank&r=g","url":"https:\/\/secure.gravatar.com\/avatar\/57cdec6650078f1df8e39c1e1330381cf464b3923b67f7aac2ab4db171e1b4fe?s=96&d=blank&r=g","contentUrl":"https:\/\/secure.gravatar.com\/avatar\/57cdec6650078f1df8e39c1e1330381cf464b3923b67f7aac2ab4db171e1b4fe?s=96&d=blank&r=g","caption":"nathalie"},"url":"https:\/\/fr.elds.org\/lesmormons-net\/author\/nathalie\/"}]}},"_links":{"self":[{"href":"https:\/\/fr.elds.org\/lesmormons-net\/wp-json\/wp\/v2\/posts\/5647","targetHints":{"allow":["GET"]}}],"collection":[{"href":"https:\/\/fr.elds.org\/lesmormons-net\/wp-json\/wp\/v2\/posts"}],"about":[{"href":"https:\/\/fr.elds.org\/lesmormons-net\/wp-json\/wp\/v2\/types\/post"}],"author":[{"embeddable":true,"href":"https:\/\/fr.elds.org\/lesmormons-net\/wp-json\/wp\/v2\/users\/18"}],"replies":[{"embeddable":true,"href":"https:\/\/fr.elds.org\/lesmormons-net\/wp-json\/wp\/v2\/comments?post=5647"}],"version-history":[{"count":6,"href":"https:\/\/fr.elds.org\/lesmormons-net\/wp-json\/wp\/v2\/posts\/5647\/revisions"}],"predecessor-version":[{"id":6071,"href":"https:\/\/fr.elds.org\/lesmormons-net\/wp-json\/wp\/v2\/posts\/5647\/revisions\/6071"}],"wp:featuredmedia":[{"embeddable":true,"href":"https:\/\/fr.elds.org\/lesmormons-net\/wp-json\/wp\/v2\/media\/5648"}],"wp:attachment":[{"href":"https:\/\/fr.elds.org\/lesmormons-net\/wp-json\/wp\/v2\/media?parent=5647"}],"wp:term":[{"taxonomy":"category","embeddable":true,"href":"https:\/\/fr.elds.org\/lesmormons-net\/wp-json\/wp\/v2\/categories?post=5647"},{"taxonomy":"post_tag","embeddable":true,"href":"https:\/\/fr.elds.org\/lesmormons-net\/wp-json\/wp\/v2\/tags?post=5647"}],"curies":[{"name":"wp","href":"https:\/\/api.w.org\/{rel}","templated":true}]}}