{"id":5639,"date":"2018-03-26T21:51:07","date_gmt":"2018-03-26T19:51:07","guid":{"rendered":"https:\/\/fr.elds.org\/lesmormons-net\/?p=5639"},"modified":"2018-07-25T10:54:30","modified_gmt":"2018-07-25T08:54:30","slug":"3-choses-souvenir-president-thomas-s-monson","status":"publish","type":"post","link":"https:\/\/fr.elds.org\/lesmormons-net\/actualites-mondiales\/3-choses-souvenir-president-thomas-s-monson\/","title":{"rendered":"3 choses \u00e0 retenir sur Pr\u00e9sident Thomas S. Monson"},"content":{"rendered":"<p><span style=\"font-weight: 400;\">Le Pr\u00e9sident Thomas S. Monson, le 16\u00e8me pr\u00e9sident et proph\u00e8te de l\u2019Eglise de J\u00e9sus-Christ des Saints des Derniers Jours, est d\u00e9c\u00e9d\u00e9 le 2 janvier 2018. Ce grand homme a servi en tant que ap\u00f4tre et proph\u00e8te du Seigneur pendant 54 ans. De toutes les choses qui ont \u00e9t\u00e9 et seront \u00e9crites et dites \u00e0 son propos, voil\u00e0 les trois choses pour lesquelles nous pensons qu\u2019on se souviendra le plus de lui.<\/span><\/p>\n<h2>Le Pr\u00e9sident Monson se souciait r\u00e9ellement des veuves<\/h2>\n<p><span style=\"font-weight: 400;\">De nombreux membres de l\u2019Eglise ont entendu parler de son remarquable appel en tant qu\u2019\u00e9v\u00eaque \u00e0 seulement 22 ans, et des 84 veuves dont il s\u2019est occup\u00e9 et qu\u2019il a servi \u00e0 ce moment-l\u00e0. A travers ses histoires et les r\u00e9cits des autres, nous avons \u00e9t\u00e9 capable de voir comment il a \u00e9cout\u00e9 les incitations de l\u2019Esprit pour l\u2019aider \u00e0 tendre la main et servir les autres: visitant des amis mourrants aux moments difficiles, donnant son lapin domestique \u00e0 un ami d\u2019enfance afin que sa famille est de quoi manger pour le d\u00eener de Thanksgiving, et rendant fr\u00e9quemment visite \u00e0 des maisons de retraites, m\u00eame au beau milieu de ses nombreuses responsabilit\u00e9s. Feu Pr\u00e9sident Boyd K. Packer a dit de lui: \u201cIl visite [les maisons de retraite] d\u00e8s que son emploi du temps tr\u00e8s charg\u00e9 le permet, et parfois aussi quand il ne le permet pas.\u201d<\/span><\/p>\n<p><span style=\"font-weight: 400;\">Son amour et sa disposition \u00e0 servir les autres, et son don pour savoir <\/span><i><span style=\"font-weight: 400;\">comment<\/span><\/i><span style=\"font-weight: 400;\"> le faire gr\u00e2ce \u00e0 l\u2019esprit, \u00e9tait sa marque de fabrique, et cela inspire les autres \u00e0 faire comme lui, m\u00eame apr\u00e8s son d\u00e9c\u00e8s.<\/span><\/p>\n<div id=\"attachment_5710\" style=\"width: 652px\" class=\"wp-caption aligncenter\"><img fetchpriority=\"high\" fetchpriority=\"high\" decoding=\"async\" aria-describedby=\"caption-attachment-5710\" class=\" wp-image-5710\" src=\"https:\/\/fr.elds.org\/lesmormons-net\/files\/2017\/06\/newfppressconference_orig_3072x2048.jpg\" alt=\"Nouvelle Premi\u00e8re Pr\u00e9sidence sous pr\u00e9isdence Thomas S. Monson\" width=\"642\" height=\"361\" srcset=\"https:\/\/fr.elds.org\/lesmormons-net\/files\/2017\/06\/newfppressconference_orig_3072x2048.jpg 960w, https:\/\/fr.elds.org\/lesmormons-net\/files\/2017\/06\/newfppressconference_orig_3072x2048-300x169.jpg 300w, https:\/\/fr.elds.org\/lesmormons-net\/files\/2017\/06\/newfppressconference_orig_3072x2048-768x432.jpg 768w\" sizes=\"(max-width: 642px) 100vw, 642px\" \/><p id=\"caption-attachment-5710\" class=\"wp-caption-text\">L&rsquo;annonce de la nouvelle Premi\u00e8re Pr\u00e9sidence: Thomas S. Monson pr\u00e9sident, Henry B. Eyring 1er conseiller et Dieter Uchtdorf comme 2e conseiller<\/p><\/div>\n<h2><\/h2>\n<h2>Le Pr\u00e9sident Monson avait le sens de l&rsquo;humour&#8230; et des oreilles qui bougeaient<\/h2>\n<p><img decoding=\"async\" class=\"aligncenter size-full wp-image-6432\" src=\"https:\/\/fr.elds.org\/lesmormons-net\/files\/2017\/07\/gif-president-monson-bouge-ses-oreilles.gif\" alt=\"Pr\u00e9sident Thomas S. Monson fait bouger ses oreilles\" width=\"640\" height=\"360\" \/><\/p>\n<p>Le fait qu&rsquo;il pouvait faire bouger ses oreilles quand il le voulait \u00e9tait vraiment g\u00e9nial. Le fait qu&rsquo;il l&rsquo;ait fait assis sur l&rsquo;estrade pour d\u00e9fier un jeune imitateur qui le regardait, l&rsquo;\u00e9tait encore plus, sans oublier sa d\u00e9monstration lors d&rsquo;une Conf\u00e9rence G\u00e9n\u00e9rale pour le plaisir de tous. Ses talents de conteur comique semblaient toujours \u00eatre l&rsquo;un des points forts d&rsquo;une conf\u00e9rence, nous rappelant que l&rsquo;humour peut \u00eatre trouv\u00e9 \u00e0 chaque \u00e9tape de la vie, et de toujours faire de notre mieux pour garder le sourire sur notre chemin.<\/p>\n<div id=\"attachment_5708\" style=\"width: 652px\" class=\"wp-caption aligncenter\"><img decoding=\"async\" aria-describedby=\"caption-attachment-5708\" class=\" wp-image-5708\" src=\"https:\/\/fr.elds.org\/lesmormons-net\/files\/2017\/06\/monson-germany-picture2.jpg\" alt=\"Pr\u00e9isdent Monson et un dessin offert par petite fille autrichienne\" width=\"642\" height=\"361\" srcset=\"https:\/\/fr.elds.org\/lesmormons-net\/files\/2017\/06\/monson-germany-picture2.jpg 960w, https:\/\/fr.elds.org\/lesmormons-net\/files\/2017\/06\/monson-germany-picture2-300x169.jpg 300w, https:\/\/fr.elds.org\/lesmormons-net\/files\/2017\/06\/monson-germany-picture2-768x432.jpg 768w\" sizes=\"(max-width: 642px) 100vw, 642px\" \/><p id=\"caption-attachment-5708\" class=\"wp-caption-text\">Pr\u00e9sident Monson re\u00e7oit un dessin de la part d&rsquo;une petite fille d&rsquo; Autriche en octobre 2012<\/p><\/div>\n<div id=\"attachment_5709\" style=\"width: 652px\" class=\"wp-caption aligncenter\"><img loading=\"lazy\" loading=\"lazy\" decoding=\"async\" aria-describedby=\"caption-attachment-5709\" class=\" wp-image-5709\" src=\"https:\/\/fr.elds.org\/lesmormons-net\/files\/2017\/06\/presmonsonbyuwave_orig_1604x1142.jpg\" alt=\"Thomas S. Monson parle \u00e0 des \u00e9tudiants au Marriott Center\" width=\"642\" height=\"361\" srcset=\"https:\/\/fr.elds.org\/lesmormons-net\/files\/2017\/06\/presmonsonbyuwave_orig_1604x1142.jpg 960w, https:\/\/fr.elds.org\/lesmormons-net\/files\/2017\/06\/presmonsonbyuwave_orig_1604x1142-300x169.jpg 300w, https:\/\/fr.elds.org\/lesmormons-net\/files\/2017\/06\/presmonsonbyuwave_orig_1604x1142-768x432.jpg 768w\" sizes=\"(max-width: 642px) 100vw, 642px\" \/><p id=\"caption-attachment-5709\" class=\"wp-caption-text\">Septembre 2009: le Pr\u00e9sident Monson vient au Marriott Center de BYU pour parler aux \u00e9tudiants.<\/p><\/div>\n<h2><\/h2>\n<h2>Le Pr\u00e9sident Thomas S. Monson utilisait des paraboles de la vie quotidienne pour nous enseigner l\u2019\u00c9vangile<\/h2>\n<p>Peut-\u00eatre l&rsquo;une des choses les plus admirables pour lesquelles Thomas S. Monson sera gard\u00e9 dans les m\u00e9moires, est sa perspective unique et son aptitude \u00e0 voir les applications spirituelles d&rsquo;\u00e9v\u00e9nements de la vie de tous les jours. En 2013, il a racont\u00e9 comment il avait une fois mis accidentellement le feu \u00e0 la for\u00eat pr\u00e8s de la cabane familiale, tournant cette erreur racont\u00e9 au public en une le\u00e7on sur les dangers de la d\u00e9sob\u00e9issance. Une autre fois, il a relat\u00e9 son premier dimanche dans le camp d&rsquo;entra\u00eenement de la Navy, et le courage dont il a d\u00fb faire preuve pour se tenir, comme il le pensait, seul dans s foi, et comment nous pouvons faire de m\u00eame, en d\u00e9fendant le bien dans un monde incertain. Il a fr\u00e9quemment utilis\u00e9 des exp\u00e9riences de la vie pour raconter des paraboles qui ont touch\u00e9 les coeurs et inspir\u00e9 un changement positif dans le monde entier, faisant l&rsquo;\u00e9cho d&rsquo;une certaine mani\u00e8re au style d&rsquo;enseignement du Sauveur.<\/p>\n<div id=\"attachment_5706\" style=\"width: 652px\" class=\"wp-caption aligncenter\"><img loading=\"lazy\" loading=\"lazy\" decoding=\"async\" aria-describedby=\"caption-attachment-5706\" class=\" wp-image-5706\" src=\"https:\/\/fr.elds.org\/lesmormons-net\/files\/2017\/06\/monson_dixie_speech2.jpg\" alt=\"Thomas S. Monson au Dixie State College\" width=\"642\" height=\"361\" srcset=\"https:\/\/fr.elds.org\/lesmormons-net\/files\/2017\/06\/monson_dixie_speech2.jpg 640w, https:\/\/fr.elds.org\/lesmormons-net\/files\/2017\/06\/monson_dixie_speech2-300x169.jpg 300w\" sizes=\"(max-width: 642px) 100vw, 642px\" \/><p id=\"caption-attachment-5706\" class=\"wp-caption-text\">Le Pr\u00e9sident Monson adresse un discours aux \u00e9tudiants du Dixie State College le 6 mai 2011.<\/p><\/div>\n<p>Alors que nous nous souvenons de la vie et des oeuvres de ce grand homme, puisions-nous reproduire son service, son sens de l&rsquo;humour et sa capacit\u00e9 \u00e0 reconna\u00eetre les le\u00e7ons de la vie sur notre chemin de retour vers le Seigneur.<\/p>\n<div id=\"attachment_5707\" style=\"width: 651px\" class=\"wp-caption aligncenter\"><img loading=\"lazy\" loading=\"lazy\" decoding=\"async\" aria-describedby=\"caption-attachment-5707\" class=\"wp-image-5707 \" src=\"https:\/\/fr.elds.org\/lesmormons-net\/files\/2017\/06\/panamafp2_14aug08_orig_3000x2000.jpg\" alt=\"Thomas S. Monson ave le pr\u00e9sident du Panama et son \u00e9pouse\" width=\"641\" height=\"361\" srcset=\"https:\/\/fr.elds.org\/lesmormons-net\/files\/2017\/06\/panamafp2_14aug08_orig_3000x2000.jpg 960w, https:\/\/fr.elds.org\/lesmormons-net\/files\/2017\/06\/panamafp2_14aug08_orig_3000x2000-300x169.jpg 300w, https:\/\/fr.elds.org\/lesmormons-net\/files\/2017\/06\/panamafp2_14aug08_orig_3000x2000-768x432.jpg 768w\" sizes=\"(max-width: 641px) 100vw, 641px\" \/><p id=\"caption-attachment-5707\" class=\"wp-caption-text\">Le Pr\u00e9sident Monson rencontre le pr\u00e9sident du Panama Martn Torrijos et son \u00e9pouse Vivian Fernandez de Torrijos<\/p><\/div>\n<p>Nous nous souviendrons toujours de lui comme d&rsquo;un grand proph\u00e8te de Dieu, fid\u00e8le et aimant. Nous lui souhaitons une bonne continuation de sa mission apostolique aupr\u00e8s du Seigneur et nous esp\u00e9rons que nos efforts et notre foi nous permettrons de le revoir lors du Mill\u00e9nium. Avec tout notre amour.<\/p>\n<hr \/>\n<p>&nbsp;<\/p>\n<p><em>Article \u00e9crit par Mormonhub et traduit par Eolia.<\/em><\/p>\n","protected":false},"excerpt":{"rendered":"<p>Le d\u00e9c\u00e8s de Thomas S. Monson, 16\u00e8me pr\u00e9sident de l&rsquo;Eglise de J\u00e9sus-Christ des SDJ nous a tous touch\u00e9. Souvenons-nous de trois de ces qualit\u00e9s.<\/p>\n","protected":false},"author":53,"featured_media":5711,"comment_status":"open","ping_status":"closed","sticky":false,"template":"","format":"standard","meta":{"_et_pb_use_builder":"","_et_pb_old_content":"","_et_gb_content_width":"","footnotes":""},"categories":[174],"tags":[337,250,217],"class_list":["post-5639","post","type-post","status-publish","format-standard","has-post-thumbnail","hentry","category-actualites-mondiales","tag-histoire-de-leglise","tag-organisation-de-leglise","tag-thomas-s-monson","et-has-post-format-content","et_post_format-et-post-format-standard"],"yoast_head":"<!-- This site is optimized with the Yoast SEO plugin v27.4 - https:\/\/yoast.com\/product\/yoast-seo-wordpress\/ -->\n<title>3 qualit\u00e9s du Pr\u00e9sident Thomas S. Monson dont on se souviendra<\/title>\n<meta name=\"description\" content=\"Le d\u00e9c\u00e8s de Thomas S. Monson, 16\u00e8me pr\u00e9sident de l&#039;Eglise de J\u00e9sus-Christ des SDJ nous a tous touch\u00e9. Souvenons-nous de trois de ces qualit\u00e9s.\" \/>\n<meta name=\"robots\" content=\"index, follow, max-snippet:-1, max-image-preview:large, max-video-preview:-1\" \/>\n<link rel=\"canonical\" href=\"https:\/\/fr.elds.org\/lesmormons-net\/actualites-mondiales\/3-choses-souvenir-president-thomas-s-monson\/\" \/>\n<meta property=\"og:locale\" content=\"fr_FR\" \/>\n<meta property=\"og:type\" content=\"article\" \/>\n<meta property=\"og:title\" content=\"3 qualit\u00e9s du Pr\u00e9sident Thomas S. Monson dont on se souviendra\" \/>\n<meta property=\"og:description\" content=\"Le d\u00e9c\u00e8s de Thomas S. Monson, 16\u00e8me pr\u00e9sident de l&#039;Eglise de J\u00e9sus-Christ des SDJ nous a tous touch\u00e9. Souvenons-nous de trois de ces qualit\u00e9s.\" \/>\n<meta property=\"og:url\" content=\"https:\/\/fr.elds.org\/lesmormons-net\/actualites-mondiales\/3-choses-souvenir-president-thomas-s-monson\/\" \/>\n<meta property=\"og:site_name\" content=\"Les Mormons\" \/>\n<meta property=\"article:published_time\" content=\"2018-03-26T19:51:07+00:00\" \/>\n<meta property=\"article:modified_time\" content=\"2018-07-25T08:54:30+00:00\" \/>\n<meta property=\"og:image\" content=\"https:\/\/fr.elds.org\/lesmormons-net\/files\/2017\/06\/monson-christmas-devotional.jpg\" \/>\n\t<meta property=\"og:image:width\" content=\"948\" \/>\n\t<meta property=\"og:image:height\" content=\"542\" \/>\n\t<meta property=\"og:image:type\" content=\"image\/jpeg\" \/>\n<meta name=\"author\" content=\"Plus de Foi\" \/>\n<meta name=\"twitter:card\" content=\"summary_large_image\" \/>\n<meta name=\"twitter:label1\" content=\"\u00c9crit par\" \/>\n\t<meta name=\"twitter:data1\" content=\"Plus de Foi\" \/>\n\t<meta name=\"twitter:label2\" content=\"Dur\u00e9e de lecture estim\u00e9e\" \/>\n\t<meta name=\"twitter:data2\" content=\"4 minutes\" \/>\n<script type=\"application\/ld+json\" class=\"yoast-schema-graph\">{\"@context\":\"https:\\\/\\\/schema.org\",\"@graph\":[{\"@type\":\"Article\",\"@id\":\"https:\\\/\\\/fr.elds.org\\\/lesmormons-net\\\/actualites-mondiales\\\/3-choses-souvenir-president-thomas-s-monson\\\/#article\",\"isPartOf\":{\"@id\":\"https:\\\/\\\/fr.elds.org\\\/lesmormons-net\\\/actualites-mondiales\\\/3-choses-souvenir-president-thomas-s-monson\\\/\"},\"author\":{\"name\":\"Plus de Foi\",\"@id\":\"https:\\\/\\\/fr.elds.org\\\/lesmormons-net\\\/#\\\/schema\\\/person\\\/21d1cc3e5996143ad0f655979783dfc3\"},\"headline\":\"3 choses \u00e0 retenir sur Pr\u00e9sident Thomas S. Monson\",\"datePublished\":\"2018-03-26T19:51:07+00:00\",\"dateModified\":\"2018-07-25T08:54:30+00:00\",\"mainEntityOfPage\":{\"@id\":\"https:\\\/\\\/fr.elds.org\\\/lesmormons-net\\\/actualites-mondiales\\\/3-choses-souvenir-president-thomas-s-monson\\\/\"},\"wordCount\":840,\"commentCount\":0,\"image\":{\"@id\":\"https:\\\/\\\/fr.elds.org\\\/lesmormons-net\\\/actualites-mondiales\\\/3-choses-souvenir-president-thomas-s-monson\\\/#primaryimage\"},\"thumbnailUrl\":\"https:\\\/\\\/fr.elds.org\\\/lesmormons-net\\\/files\\\/2017\\\/06\\\/monson-christmas-devotional.jpg\",\"keywords\":[\"histoire de l'Eglise\",\"organisation de l'Eglise\",\"Thomas S. Monson\"],\"articleSection\":[\"Actualit\u00e9s mondiales\"],\"inLanguage\":\"fr-FR\",\"potentialAction\":[{\"@type\":\"CommentAction\",\"name\":\"Comment\",\"target\":[\"https:\\\/\\\/fr.elds.org\\\/lesmormons-net\\\/actualites-mondiales\\\/3-choses-souvenir-president-thomas-s-monson\\\/#respond\"]}]},{\"@type\":\"WebPage\",\"@id\":\"https:\\\/\\\/fr.elds.org\\\/lesmormons-net\\\/actualites-mondiales\\\/3-choses-souvenir-president-thomas-s-monson\\\/\",\"url\":\"https:\\\/\\\/fr.elds.org\\\/lesmormons-net\\\/actualites-mondiales\\\/3-choses-souvenir-president-thomas-s-monson\\\/\",\"name\":\"3 qualit\u00e9s du Pr\u00e9sident Thomas S. Monson dont on se souviendra\",\"isPartOf\":{\"@id\":\"https:\\\/\\\/fr.elds.org\\\/lesmormons-net\\\/#website\"},\"primaryImageOfPage\":{\"@id\":\"https:\\\/\\\/fr.elds.org\\\/lesmormons-net\\\/actualites-mondiales\\\/3-choses-souvenir-president-thomas-s-monson\\\/#primaryimage\"},\"image\":{\"@id\":\"https:\\\/\\\/fr.elds.org\\\/lesmormons-net\\\/actualites-mondiales\\\/3-choses-souvenir-president-thomas-s-monson\\\/#primaryimage\"},\"thumbnailUrl\":\"https:\\\/\\\/fr.elds.org\\\/lesmormons-net\\\/files\\\/2017\\\/06\\\/monson-christmas-devotional.jpg\",\"datePublished\":\"2018-03-26T19:51:07+00:00\",\"dateModified\":\"2018-07-25T08:54:30+00:00\",\"author\":{\"@id\":\"https:\\\/\\\/fr.elds.org\\\/lesmormons-net\\\/#\\\/schema\\\/person\\\/21d1cc3e5996143ad0f655979783dfc3\"},\"description\":\"Le d\u00e9c\u00e8s de Thomas S. Monson, 16\u00e8me pr\u00e9sident de l'Eglise de J\u00e9sus-Christ des SDJ nous a tous touch\u00e9. Souvenons-nous de trois de ces qualit\u00e9s.\",\"breadcrumb\":{\"@id\":\"https:\\\/\\\/fr.elds.org\\\/lesmormons-net\\\/actualites-mondiales\\\/3-choses-souvenir-president-thomas-s-monson\\\/#breadcrumb\"},\"inLanguage\":\"fr-FR\",\"potentialAction\":[{\"@type\":\"ReadAction\",\"target\":[\"https:\\\/\\\/fr.elds.org\\\/lesmormons-net\\\/actualites-mondiales\\\/3-choses-souvenir-president-thomas-s-monson\\\/\"]}]},{\"@type\":\"ImageObject\",\"inLanguage\":\"fr-FR\",\"@id\":\"https:\\\/\\\/fr.elds.org\\\/lesmormons-net\\\/actualites-mondiales\\\/3-choses-souvenir-president-thomas-s-monson\\\/#primaryimage\",\"url\":\"https:\\\/\\\/fr.elds.org\\\/lesmormons-net\\\/files\\\/2017\\\/06\\\/monson-christmas-devotional.jpg\",\"contentUrl\":\"https:\\\/\\\/fr.elds.org\\\/lesmormons-net\\\/files\\\/2017\\\/06\\\/monson-christmas-devotional.jpg\",\"width\":948,\"height\":542},{\"@type\":\"BreadcrumbList\",\"@id\":\"https:\\\/\\\/fr.elds.org\\\/lesmormons-net\\\/actualites-mondiales\\\/3-choses-souvenir-president-thomas-s-monson\\\/#breadcrumb\",\"itemListElement\":[{\"@type\":\"ListItem\",\"position\":1,\"name\":\"Home\",\"item\":\"https:\\\/\\\/fr.elds.org\\\/lesmormons-net\\\/\"},{\"@type\":\"ListItem\",\"position\":2,\"name\":\"3 choses \u00e0 retenir sur Pr\u00e9sident Thomas S. Monson\"}]},{\"@type\":\"WebSite\",\"@id\":\"https:\\\/\\\/fr.elds.org\\\/lesmormons-net\\\/#website\",\"url\":\"https:\\\/\\\/fr.elds.org\\\/lesmormons-net\\\/\",\"name\":\"Les Mormons\",\"description\":\"Les mormons au quotidien\",\"potentialAction\":[{\"@type\":\"SearchAction\",\"target\":{\"@type\":\"EntryPoint\",\"urlTemplate\":\"https:\\\/\\\/fr.elds.org\\\/lesmormons-net\\\/?s={search_term_string}\"},\"query-input\":{\"@type\":\"PropertyValueSpecification\",\"valueRequired\":true,\"valueName\":\"search_term_string\"}}],\"inLanguage\":\"fr-FR\"},{\"@type\":\"Person\",\"@id\":\"https:\\\/\\\/fr.elds.org\\\/lesmormons-net\\\/#\\\/schema\\\/person\\\/21d1cc3e5996143ad0f655979783dfc3\",\"name\":\"Plus de Foi\",\"image\":{\"@type\":\"ImageObject\",\"inLanguage\":\"fr-FR\",\"@id\":\"https:\\\/\\\/secure.gravatar.com\\\/avatar\\\/4647b2714d43c09703afab402f554845ba42922ebe724cb9639d75cf44059553?s=96&d=blank&r=g\",\"url\":\"https:\\\/\\\/secure.gravatar.com\\\/avatar\\\/4647b2714d43c09703afab402f554845ba42922ebe724cb9639d75cf44059553?s=96&d=blank&r=g\",\"contentUrl\":\"https:\\\/\\\/secure.gravatar.com\\\/avatar\\\/4647b2714d43c09703afab402f554845ba42922ebe724cb9639d75cf44059553?s=96&d=blank&r=g\",\"caption\":\"Plus de Foi\"},\"description\":\"Plus de Foi est une page cr\u00e9\u00e9e par des membres chr\u00e9tiens de l'\u00c9glise de J\u00e9sus-Christ des Saints des Derniers Jours. Nous publions des contenus sur comment nous vivons notre foi au quotidien et nous aimons partager nos croyances avec les personnes autour de nous.\",\"url\":\"https:\\\/\\\/fr.elds.org\\\/lesmormons-net\\\/author\\\/giada\\\/\"}]}<\/script>\n<!-- \/ Yoast SEO plugin. -->","yoast_head_json":{"title":"3 qualit\u00e9s du Pr\u00e9sident Thomas S. Monson dont on se souviendra","description":"Le d\u00e9c\u00e8s de Thomas S. Monson, 16\u00e8me pr\u00e9sident de l'Eglise de J\u00e9sus-Christ des SDJ nous a tous touch\u00e9. Souvenons-nous de trois de ces qualit\u00e9s.","robots":{"index":"index","follow":"follow","max-snippet":"max-snippet:-1","max-image-preview":"max-image-preview:large","max-video-preview":"max-video-preview:-1"},"canonical":"https:\/\/fr.elds.org\/lesmormons-net\/actualites-mondiales\/3-choses-souvenir-president-thomas-s-monson\/","og_locale":"fr_FR","og_type":"article","og_title":"3 qualit\u00e9s du Pr\u00e9sident Thomas S. Monson dont on se souviendra","og_description":"Le d\u00e9c\u00e8s de Thomas S. Monson, 16\u00e8me pr\u00e9sident de l'Eglise de J\u00e9sus-Christ des SDJ nous a tous touch\u00e9. Souvenons-nous de trois de ces qualit\u00e9s.","og_url":"https:\/\/fr.elds.org\/lesmormons-net\/actualites-mondiales\/3-choses-souvenir-president-thomas-s-monson\/","og_site_name":"Les Mormons","article_published_time":"2018-03-26T19:51:07+00:00","article_modified_time":"2018-07-25T08:54:30+00:00","og_image":[{"width":948,"height":542,"url":"https:\/\/fr.elds.org\/lesmormons-net\/files\/2017\/06\/monson-christmas-devotional.jpg","type":"image\/jpeg"}],"author":"Plus de Foi","twitter_card":"summary_large_image","twitter_misc":{"\u00c9crit par":"Plus de Foi","Dur\u00e9e de lecture estim\u00e9e":"4 minutes"},"schema":{"@context":"https:\/\/schema.org","@graph":[{"@type":"Article","@id":"https:\/\/fr.elds.org\/lesmormons-net\/actualites-mondiales\/3-choses-souvenir-president-thomas-s-monson\/#article","isPartOf":{"@id":"https:\/\/fr.elds.org\/lesmormons-net\/actualites-mondiales\/3-choses-souvenir-president-thomas-s-monson\/"},"author":{"name":"Plus de Foi","@id":"https:\/\/fr.elds.org\/lesmormons-net\/#\/schema\/person\/21d1cc3e5996143ad0f655979783dfc3"},"headline":"3 choses \u00e0 retenir sur Pr\u00e9sident Thomas S. Monson","datePublished":"2018-03-26T19:51:07+00:00","dateModified":"2018-07-25T08:54:30+00:00","mainEntityOfPage":{"@id":"https:\/\/fr.elds.org\/lesmormons-net\/actualites-mondiales\/3-choses-souvenir-president-thomas-s-monson\/"},"wordCount":840,"commentCount":0,"image":{"@id":"https:\/\/fr.elds.org\/lesmormons-net\/actualites-mondiales\/3-choses-souvenir-president-thomas-s-monson\/#primaryimage"},"thumbnailUrl":"https:\/\/fr.elds.org\/lesmormons-net\/files\/2017\/06\/monson-christmas-devotional.jpg","keywords":["histoire de l'Eglise","organisation de l'Eglise","Thomas S. Monson"],"articleSection":["Actualit\u00e9s mondiales"],"inLanguage":"fr-FR","potentialAction":[{"@type":"CommentAction","name":"Comment","target":["https:\/\/fr.elds.org\/lesmormons-net\/actualites-mondiales\/3-choses-souvenir-president-thomas-s-monson\/#respond"]}]},{"@type":"WebPage","@id":"https:\/\/fr.elds.org\/lesmormons-net\/actualites-mondiales\/3-choses-souvenir-president-thomas-s-monson\/","url":"https:\/\/fr.elds.org\/lesmormons-net\/actualites-mondiales\/3-choses-souvenir-president-thomas-s-monson\/","name":"3 qualit\u00e9s du Pr\u00e9sident Thomas S. Monson dont on se souviendra","isPartOf":{"@id":"https:\/\/fr.elds.org\/lesmormons-net\/#website"},"primaryImageOfPage":{"@id":"https:\/\/fr.elds.org\/lesmormons-net\/actualites-mondiales\/3-choses-souvenir-president-thomas-s-monson\/#primaryimage"},"image":{"@id":"https:\/\/fr.elds.org\/lesmormons-net\/actualites-mondiales\/3-choses-souvenir-president-thomas-s-monson\/#primaryimage"},"thumbnailUrl":"https:\/\/fr.elds.org\/lesmormons-net\/files\/2017\/06\/monson-christmas-devotional.jpg","datePublished":"2018-03-26T19:51:07+00:00","dateModified":"2018-07-25T08:54:30+00:00","author":{"@id":"https:\/\/fr.elds.org\/lesmormons-net\/#\/schema\/person\/21d1cc3e5996143ad0f655979783dfc3"},"description":"Le d\u00e9c\u00e8s de Thomas S. Monson, 16\u00e8me pr\u00e9sident de l'Eglise de J\u00e9sus-Christ des SDJ nous a tous touch\u00e9. Souvenons-nous de trois de ces qualit\u00e9s.","breadcrumb":{"@id":"https:\/\/fr.elds.org\/lesmormons-net\/actualites-mondiales\/3-choses-souvenir-president-thomas-s-monson\/#breadcrumb"},"inLanguage":"fr-FR","potentialAction":[{"@type":"ReadAction","target":["https:\/\/fr.elds.org\/lesmormons-net\/actualites-mondiales\/3-choses-souvenir-president-thomas-s-monson\/"]}]},{"@type":"ImageObject","inLanguage":"fr-FR","@id":"https:\/\/fr.elds.org\/lesmormons-net\/actualites-mondiales\/3-choses-souvenir-president-thomas-s-monson\/#primaryimage","url":"https:\/\/fr.elds.org\/lesmormons-net\/files\/2017\/06\/monson-christmas-devotional.jpg","contentUrl":"https:\/\/fr.elds.org\/lesmormons-net\/files\/2017\/06\/monson-christmas-devotional.jpg","width":948,"height":542},{"@type":"BreadcrumbList","@id":"https:\/\/fr.elds.org\/lesmormons-net\/actualites-mondiales\/3-choses-souvenir-president-thomas-s-monson\/#breadcrumb","itemListElement":[{"@type":"ListItem","position":1,"name":"Home","item":"https:\/\/fr.elds.org\/lesmormons-net\/"},{"@type":"ListItem","position":2,"name":"3 choses \u00e0 retenir sur Pr\u00e9sident Thomas S. Monson"}]},{"@type":"WebSite","@id":"https:\/\/fr.elds.org\/lesmormons-net\/#website","url":"https:\/\/fr.elds.org\/lesmormons-net\/","name":"Les Mormons","description":"Les mormons au quotidien","potentialAction":[{"@type":"SearchAction","target":{"@type":"EntryPoint","urlTemplate":"https:\/\/fr.elds.org\/lesmormons-net\/?s={search_term_string}"},"query-input":{"@type":"PropertyValueSpecification","valueRequired":true,"valueName":"search_term_string"}}],"inLanguage":"fr-FR"},{"@type":"Person","@id":"https:\/\/fr.elds.org\/lesmormons-net\/#\/schema\/person\/21d1cc3e5996143ad0f655979783dfc3","name":"Plus de Foi","image":{"@type":"ImageObject","inLanguage":"fr-FR","@id":"https:\/\/secure.gravatar.com\/avatar\/4647b2714d43c09703afab402f554845ba42922ebe724cb9639d75cf44059553?s=96&d=blank&r=g","url":"https:\/\/secure.gravatar.com\/avatar\/4647b2714d43c09703afab402f554845ba42922ebe724cb9639d75cf44059553?s=96&d=blank&r=g","contentUrl":"https:\/\/secure.gravatar.com\/avatar\/4647b2714d43c09703afab402f554845ba42922ebe724cb9639d75cf44059553?s=96&d=blank&r=g","caption":"Plus de Foi"},"description":"Plus de Foi est une page cr\u00e9\u00e9e par des membres chr\u00e9tiens de l'\u00c9glise de J\u00e9sus-Christ des Saints des Derniers Jours. Nous publions des contenus sur comment nous vivons notre foi au quotidien et nous aimons partager nos croyances avec les personnes autour de nous.","url":"https:\/\/fr.elds.org\/lesmormons-net\/author\/giada\/"}]}},"_links":{"self":[{"href":"https:\/\/fr.elds.org\/lesmormons-net\/wp-json\/wp\/v2\/posts\/5639","targetHints":{"allow":["GET"]}}],"collection":[{"href":"https:\/\/fr.elds.org\/lesmormons-net\/wp-json\/wp\/v2\/posts"}],"about":[{"href":"https:\/\/fr.elds.org\/lesmormons-net\/wp-json\/wp\/v2\/types\/post"}],"author":[{"embeddable":true,"href":"https:\/\/fr.elds.org\/lesmormons-net\/wp-json\/wp\/v2\/users\/53"}],"replies":[{"embeddable":true,"href":"https:\/\/fr.elds.org\/lesmormons-net\/wp-json\/wp\/v2\/comments?post=5639"}],"version-history":[{"count":8,"href":"https:\/\/fr.elds.org\/lesmormons-net\/wp-json\/wp\/v2\/posts\/5639\/revisions"}],"predecessor-version":[{"id":7876,"href":"https:\/\/fr.elds.org\/lesmormons-net\/wp-json\/wp\/v2\/posts\/5639\/revisions\/7876"}],"wp:featuredmedia":[{"embeddable":true,"href":"https:\/\/fr.elds.org\/lesmormons-net\/wp-json\/wp\/v2\/media\/5711"}],"wp:attachment":[{"href":"https:\/\/fr.elds.org\/lesmormons-net\/wp-json\/wp\/v2\/media?parent=5639"}],"wp:term":[{"taxonomy":"category","embeddable":true,"href":"https:\/\/fr.elds.org\/lesmormons-net\/wp-json\/wp\/v2\/categories?post=5639"},{"taxonomy":"post_tag","embeddable":true,"href":"https:\/\/fr.elds.org\/lesmormons-net\/wp-json\/wp\/v2\/tags?post=5639"}],"curies":[{"name":"wp","href":"https:\/\/api.w.org\/{rel}","templated":true}]}}