{"id":5600,"date":"2017-05-23T10:27:30","date_gmt":"2017-05-23T08:27:30","guid":{"rendered":"https:\/\/fr.elds.org\/lesmormons-net\/?p=5600"},"modified":"2018-10-09T15:52:11","modified_gmt":"2018-10-09T13:52:11","slug":"lumiere-de-la-foi-spectacle-culturel-jeunes-francophones","status":"publish","type":"post","link":"https:\/\/fr.elds.org\/lesmormons-net\/merged\/lumiere-de-la-foi-spectacle-culturel-jeunes-francophones\/","title":{"rendered":"Les jeunes SDJ francophones honorent \u00ab\u00a0La Lumi\u00e8re de la Foi\u00a0\u00bb lors d&rsquo;un spectacle culturel."},"content":{"rendered":"<p>18h, samedi 20 mai 2017, les jeunes saints des derniers jours de France, Belgique et Suisse sont f\u00e9briles dans l\u2019attente du d\u00e9but du spectacle culturel pour c\u00e9l\u00e9brer la cons\u00e9cration du temple de Paris. Le v\u00e9lodrome national de Montigny-le-Bretonneux a \u00e9t\u00e9 investi depuis le matin par les 960 adolescents et tous les organisateurs, et tout est pr\u00eat pour \u00e9blouir les spectateurs.<\/p>\n<div id=\"attachment_5635\" style=\"width: 958px\" class=\"wp-caption aligncenter\"><img fetchpriority=\"high\" fetchpriority=\"high\" decoding=\"async\" aria-describedby=\"caption-attachment-5635\" class=\"size-full wp-image-5635\" src=\"https:\/\/fr.elds.org\/lesmormons-net\/files\/2017\/05\/les-jeunes-du-pieu-de-toulouse-attendent-le-debut-du-spectacle.jpg\" alt=\"pieu de Toulouse\" width=\"948\" height=\"542\" srcset=\"https:\/\/fr.elds.org\/lesmormons-net\/files\/2017\/05\/les-jeunes-du-pieu-de-toulouse-attendent-le-debut-du-spectacle.jpg 948w, https:\/\/fr.elds.org\/lesmormons-net\/files\/2017\/05\/les-jeunes-du-pieu-de-toulouse-attendent-le-debut-du-spectacle-300x172.jpg 300w, https:\/\/fr.elds.org\/lesmormons-net\/files\/2017\/05\/les-jeunes-du-pieu-de-toulouse-attendent-le-debut-du-spectacle-768x439.jpg 768w\" sizes=\"(max-width: 948px) 100vw, 948px\" \/><p id=\"caption-attachment-5635\" class=\"wp-caption-text\">Les jeunes du pieu de Toulouse attendent le d\u00e9but du spectacle culturel. Photo: Joris Gaigne<\/p><\/div>\n<p>&nbsp;<\/p>\n<p>Lorsque Pr\u00e9sident Eyring, Elder Anderson et son \u00e9pouse, l\u2019Ev\u00eaque Causs\u00e9 et son \u00e9pouse et les autres autorit\u00e9s de l\u2019Eglise sont arriv\u00e9es, l\u2019ambiance est mont\u00e9e d\u2019un cran.<\/p>\n<p><img decoding=\"async\" class=\"aligncenter size-full wp-image-5603\" src=\"https:\/\/fr.elds.org\/lesmormons-net\/files\/2017\/05\/350president-eyring-tells-french-youth-que-la-fete-commence_47.jpg\" alt=\"Pr\u00e9sident Eyring salut les membres assembl\u00e9s pour le spectacle culturel\" width=\"350\" height=\"381\" srcset=\"https:\/\/fr.elds.org\/lesmormons-net\/files\/2017\/05\/350president-eyring-tells-french-youth-que-la-fete-commence_47.jpg 350w, https:\/\/fr.elds.org\/lesmormons-net\/files\/2017\/05\/350president-eyring-tells-french-youth-que-la-fete-commence_47-276x300.jpg 276w\" sizes=\"(max-width: 350px) 100vw, 350px\" \/><\/p>\n<p>&nbsp;<\/p>\n<p>La phrase prononc\u00e9e par Pr\u00e9sident Eyring\u00a0:\u201cQue la f\u00eate commence\u00a0!\u201d a d\u00e9marr\u00e9 les festivit\u00e9s. Le programme de la soir\u00e9e \u00e9tait intitul\u00e9 \u00ab\u00a0Que votre lumi\u00e8re luise ainsi devant les hommes\u00a0\u00bb (Matthieu 5\u00a0:16), et a repr\u00e9sent\u00e9 13 tableaux c\u00e9l\u00e9brant la diversit\u00e9 culturelle et historique des pieux d\u2019Europe francophone ainsi que le lien spirituel qui unit cette r\u00e9gion \u00e0 Dieu.<\/p>\n<div id=\"attachment_5614\" style=\"width: 630px\" class=\"wp-caption aligncenter\"><img decoding=\"async\" aria-describedby=\"caption-attachment-5614\" class=\"size-full wp-image-5614\" src=\"https:\/\/fr.elds.org\/lesmormons-net\/files\/2017\/05\/620president-eyring-tells-french-youth-que-la-fete-commence_34.jpg\" alt=\"pieu de Paris Est\" width=\"620\" height=\"413\" srcset=\"https:\/\/fr.elds.org\/lesmormons-net\/files\/2017\/05\/620president-eyring-tells-french-youth-que-la-fete-commence_34.jpg 620w, https:\/\/fr.elds.org\/lesmormons-net\/files\/2017\/05\/620president-eyring-tells-french-youth-que-la-fete-commence_34-300x200.jpg 300w\" sizes=\"(max-width: 620px) 100vw, 620px\" \/><p id=\"caption-attachment-5614\" class=\"wp-caption-text\">pieu de Paris Est: le Livre de Mormon est traduit en fran\u00e7ais!<\/p><\/div>\n<p>&nbsp;<\/p>\n<p>Le directeur de la c\u00e9l\u00e9bration culturelle, Christian Euvrard, a expliqu\u00e9 que \u00ab\u00a0la lumi\u00e8re qui s\u2019est produite il y a des si\u00e8cles quand le christianisme est arriv\u00e9 en France, a grandi et a trouv\u00e9 racines dans la R\u00e9forme puis dans la Restauration de l\u2019Eglise\u00a0\u00bb. Le temple de Paris \u00ab\u00a0est le r\u00e9sultat de la foi, toute la lumi\u00e8re, au fil des si\u00e8cles. Une fois que la lumi\u00e8re commence, petit \u00e0 petit elle devient plus brillante.\u00a0\u00bb Il a ajout\u00e9\u00a0: \u00ab\u00a0Quand vous \u00e9tudiez l\u2019histoire, vous voyez ce mouvement. Vous voyez que les choses ne sont pas arriv\u00e9es par accident, mais que la main du Seigneur \u00e9tait pr\u00e9sente.\u00a0\u00bb<\/p>\n<p><img loading=\"lazy\" loading=\"lazy\" decoding=\"async\" class=\"aligncenter size-large wp-image-5621\" src=\"https:\/\/fr.elds.org\/lesmormons-net\/files\/2017\/05\/programme-1-1024x726.jpg\" alt=\"programme du spectacle culturel pour le temple de Paris\" width=\"1024\" height=\"726\" srcset=\"https:\/\/fr.elds.org\/lesmormons-net\/files\/2017\/05\/programme-1-1024x726.jpg 1024w, https:\/\/fr.elds.org\/lesmormons-net\/files\/2017\/05\/programme-1-300x213.jpg 300w, https:\/\/fr.elds.org\/lesmormons-net\/files\/2017\/05\/programme-1-768x545.jpg 768w, https:\/\/fr.elds.org\/lesmormons-net\/files\/2017\/05\/programme-1-400x284.jpg 400w, https:\/\/fr.elds.org\/lesmormons-net\/files\/2017\/05\/programme-1-1080x766.jpg 1080w, https:\/\/fr.elds.org\/lesmormons-net\/files\/2017\/05\/programme-1.jpg 1280w\" sizes=\"(max-width: 1024px) 100vw, 1024px\" \/><\/p>\n<p><img loading=\"lazy\" loading=\"lazy\" decoding=\"async\" class=\"aligncenter size-large wp-image-5622\" src=\"https:\/\/fr.elds.org\/lesmormons-net\/files\/2017\/05\/programme-2-1024x726.jpg\" alt=\"programme (verso) pour le spectacle culturel\" width=\"1024\" height=\"726\" srcset=\"https:\/\/fr.elds.org\/lesmormons-net\/files\/2017\/05\/programme-2-1024x726.jpg 1024w, https:\/\/fr.elds.org\/lesmormons-net\/files\/2017\/05\/programme-2-300x213.jpg 300w, https:\/\/fr.elds.org\/lesmormons-net\/files\/2017\/05\/programme-2-768x545.jpg 768w, https:\/\/fr.elds.org\/lesmormons-net\/files\/2017\/05\/programme-2-400x284.jpg 400w, https:\/\/fr.elds.org\/lesmormons-net\/files\/2017\/05\/programme-2-1080x766.jpg 1080w, https:\/\/fr.elds.org\/lesmormons-net\/files\/2017\/05\/programme-2.jpg 1280w\" sizes=\"(max-width: 1024px) 100vw, 1024px\" \/><\/p>\n<p>&nbsp;<\/p>\n<p>Le v\u00e9lodrome \u00e9tait lui-m\u00eame mis en avant, l\u2019introduction au spectacle \u00e9tait un hommage au Tour de France et \u00e0 4 grands cyclistes fran\u00e7ais\u00a0: Richard Virenque, \u00e0 Laurent Jalabert, Bernard Hinault et la grande dame du cyclisme international Jeannie Longo\u2026 Et aussi aux missionnaires \u00e0 v\u00e9lo qui ont fait la course avec eux\u00a0!<\/p>\n<p><img loading=\"lazy\" loading=\"lazy\" decoding=\"async\" class=\"aligncenter size-large wp-image-5604\" src=\"https:\/\/fr.elds.org\/lesmormons-net\/files\/2017\/05\/tour-de-france-1024x683.jpg\" alt=\"le Tour de France s'est invit\u00e9 au spectacle culturel pour le temple de Paris\" width=\"1024\" height=\"683\" srcset=\"https:\/\/fr.elds.org\/lesmormons-net\/files\/2017\/05\/tour-de-france-1024x683.jpg 1024w, https:\/\/fr.elds.org\/lesmormons-net\/files\/2017\/05\/tour-de-france-300x200.jpg 300w, https:\/\/fr.elds.org\/lesmormons-net\/files\/2017\/05\/tour-de-france-768x512.jpg 768w, https:\/\/fr.elds.org\/lesmormons-net\/files\/2017\/05\/tour-de-france-1080x720.jpg 1080w, https:\/\/fr.elds.org\/lesmormons-net\/files\/2017\/05\/tour-de-france.jpg 1200w\" sizes=\"(max-width: 1024px) 100vw, 1024px\" \/><\/p>\n<p>&nbsp;<\/p>\n<p>Le ch\u0153ur de Jeunes Adultes des pieux parisiens a \u00e9t\u00e9 le fil conducteur de la soir\u00e9e, tout comme la prestation grandiose du pianiste Emmanuel Cuche.<\/p>\n<p><img loading=\"lazy\" loading=\"lazy\" decoding=\"async\" class=\"aligncenter size-large wp-image-5605\" src=\"https:\/\/fr.elds.org\/lesmormons-net\/files\/2017\/05\/choeur-ja-1024x683.jpg\" alt=\"Choeur des Jeunes Adultes des pieux de Paris, Paris Est et Paris Sud\" width=\"1024\" height=\"683\" srcset=\"https:\/\/fr.elds.org\/lesmormons-net\/files\/2017\/05\/choeur-ja-1024x683.jpg 1024w, https:\/\/fr.elds.org\/lesmormons-net\/files\/2017\/05\/choeur-ja-300x200.jpg 300w, https:\/\/fr.elds.org\/lesmormons-net\/files\/2017\/05\/choeur-ja-768x512.jpg 768w, https:\/\/fr.elds.org\/lesmormons-net\/files\/2017\/05\/choeur-ja-1080x720.jpg 1080w, https:\/\/fr.elds.org\/lesmormons-net\/files\/2017\/05\/choeur-ja.jpg 1200w\" sizes=\"(max-width: 1024px) 100vw, 1024px\" \/><\/p>\n<p>&nbsp;<\/p>\n<p>Agr\u00e9ment\u00e9s par des projections d\u2019images, les sc\u00e8nes repr\u00e9sent\u00e9es par les jeunes ont transport\u00e9 les spectateurs tant\u00f4t au Moyen-\u00c2ge, \u00e0 la cour de Versailles, \u00e0 un bal de l\u2019empereur Napol\u00e9on III, dans un mariage proven\u00e7al, ou encore \u00e0 la suite des saints fran\u00e7ais pendant la Seconde Guerre mondiale. Chansons, danses, sc\u00e8nes de th\u00e9\u00e2tre se sont succ\u00e9d\u00e9 pendant plus de 1h30. On ne peut que saluer le travail remarquable des couturi\u00e8res et des responsables des d\u00e9cors.<\/p>\n<div id=\"attachment_5613\" style=\"width: 360px\" class=\"wp-caption aligncenter\"><img loading=\"lazy\" loading=\"lazy\" decoding=\"async\" aria-describedby=\"caption-attachment-5613\" class=\"size-full wp-image-5613\" src=\"https:\/\/fr.elds.org\/lesmormons-net\/files\/2017\/05\/350president-eyring-tells-french-youth-que-la-fete-commence_26.jpg\" alt=\"pieu de Lausanne\" width=\"350\" height=\"525\" srcset=\"https:\/\/fr.elds.org\/lesmormons-net\/files\/2017\/05\/350president-eyring-tells-french-youth-que-la-fete-commence_26.jpg 350w, https:\/\/fr.elds.org\/lesmormons-net\/files\/2017\/05\/350president-eyring-tells-french-youth-que-la-fete-commence_26-200x300.jpg 200w\" sizes=\"(max-width: 350px) 100vw, 350px\" \/><p id=\"caption-attachment-5613\" class=\"wp-caption-text\">jeune fille du pieu de Lausanne<\/p><\/div>\n<div id=\"attachment_5612\" style=\"width: 360px\" class=\"wp-caption aligncenter\"><img loading=\"lazy\" loading=\"lazy\" decoding=\"async\" aria-describedby=\"caption-attachment-5612\" class=\"size-full wp-image-5612\" src=\"https:\/\/fr.elds.org\/lesmormons-net\/files\/2017\/05\/350-president-eyring-tells-french-youth-que-la-fete-commence_23.jpg\" alt=\"pieu de Paris Est\" width=\"350\" height=\"516\" srcset=\"https:\/\/fr.elds.org\/lesmormons-net\/files\/2017\/05\/350-president-eyring-tells-french-youth-que-la-fete-commence_23.jpg 350w, https:\/\/fr.elds.org\/lesmormons-net\/files\/2017\/05\/350-president-eyring-tells-french-youth-que-la-fete-commence_23-203x300.jpg 203w\" sizes=\"(max-width: 350px) 100vw, 350px\" \/><p id=\"caption-attachment-5612\" class=\"wp-caption-text\">Deux jeunes filles du pieu de Paris Est: Clara Geoffroy et Charlotte Pade.<\/p><\/div>\n<div id=\"attachment_5606\" style=\"width: 1034px\" class=\"wp-caption aligncenter\"><img loading=\"lazy\" loading=\"lazy\" decoding=\"async\" aria-describedby=\"caption-attachment-5606\" class=\"wp-image-5606 size-large\" src=\"https:\/\/fr.elds.org\/lesmormons-net\/files\/2017\/05\/1er-tableau-1024x683.jpg\" alt=\"pieu de Lausanne\" width=\"1024\" height=\"683\" srcset=\"https:\/\/fr.elds.org\/lesmormons-net\/files\/2017\/05\/1er-tableau-1024x683.jpg 1024w, https:\/\/fr.elds.org\/lesmormons-net\/files\/2017\/05\/1er-tableau-300x200.jpg 300w, https:\/\/fr.elds.org\/lesmormons-net\/files\/2017\/05\/1er-tableau-768x512.jpg 768w, https:\/\/fr.elds.org\/lesmormons-net\/files\/2017\/05\/1er-tableau-1080x720.jpg 1080w, https:\/\/fr.elds.org\/lesmormons-net\/files\/2017\/05\/1er-tableau.jpg 1200w\" sizes=\"(max-width: 1024px) 100vw, 1024px\" \/><p id=\"caption-attachment-5606\" class=\"wp-caption-text\">pieu de Lausanne<\/p><\/div>\n<div id=\"attachment_5636\" style=\"width: 958px\" class=\"wp-caption aligncenter\"><img loading=\"lazy\" loading=\"lazy\" decoding=\"async\" aria-describedby=\"caption-attachment-5636\" class=\"size-full wp-image-5636\" src=\"https:\/\/fr.elds.org\/lesmormons-net\/files\/2017\/05\/quatre-jeunes-filles-du-pieu-de-toulouse-dans-les-coulisse-du-velodrome-deja-en-costumes-pour-la-representation.jpg\" alt=\"pieu de Toulouse: les jeunes filles en costume\" width=\"948\" height=\"542\" srcset=\"https:\/\/fr.elds.org\/lesmormons-net\/files\/2017\/05\/quatre-jeunes-filles-du-pieu-de-toulouse-dans-les-coulisse-du-velodrome-deja-en-costumes-pour-la-representation.jpg 948w, https:\/\/fr.elds.org\/lesmormons-net\/files\/2017\/05\/quatre-jeunes-filles-du-pieu-de-toulouse-dans-les-coulisse-du-velodrome-deja-en-costumes-pour-la-representation-300x172.jpg 300w, https:\/\/fr.elds.org\/lesmormons-net\/files\/2017\/05\/quatre-jeunes-filles-du-pieu-de-toulouse-dans-les-coulisse-du-velodrome-deja-en-costumes-pour-la-representation-768x439.jpg 768w\" sizes=\"(max-width: 948px) 100vw, 948px\" \/><p id=\"caption-attachment-5636\" class=\"wp-caption-text\">Quatre jeunes filles du pieu de Toulouse dans les coulisses du V\u00e9lodrome. D\u00e9j\u00e0 en costumes et pr\u00eates pour le spectacle. Photo: Joris Gaigne<\/p><\/div>\n<p>A chaque fin de tableau, les applaudissements nourris des spectateurs dans le v\u00e9lodrome, comme ceux le regardant dans les chapelles francophones europ\u00e9ennes ou bien sur internet, \u00e9taient un juste retour pour les jeunes artistes. Leur d\u00e9vouement pour cette c\u00e9l\u00e9bration et pour le temple de Paris sont exceptionnels.<\/p>\n<div id=\"attachment_5611\" style=\"width: 630px\" class=\"wp-caption aligncenter\"><img loading=\"lazy\" loading=\"lazy\" decoding=\"async\" aria-describedby=\"caption-attachment-5611\" class=\"size-full wp-image-5611\" src=\"https:\/\/fr.elds.org\/lesmormons-net\/files\/2017\/05\/620-president-eyring-tells-french-youth-que-la-fete-commence_38.jpg\" alt=\"pieu de Nancy\" width=\"620\" height=\"399\" srcset=\"https:\/\/fr.elds.org\/lesmormons-net\/files\/2017\/05\/620-president-eyring-tells-french-youth-que-la-fete-commence_38.jpg 620w, https:\/\/fr.elds.org\/lesmormons-net\/files\/2017\/05\/620-president-eyring-tells-french-youth-que-la-fete-commence_38-300x193.jpg 300w\" sizes=\"(max-width: 620px) 100vw, 620px\" \/><p id=\"caption-attachment-5611\" class=\"wp-caption-text\">pieu de Nancy<\/p><\/div>\n<div id=\"attachment_5610\" style=\"width: 360px\" class=\"wp-caption aligncenter\"><img loading=\"lazy\" loading=\"lazy\" decoding=\"async\" aria-describedby=\"caption-attachment-5610\" class=\"size-full wp-image-5610\" src=\"https:\/\/fr.elds.org\/lesmormons-net\/files\/2017\/05\/350-president-eyring-tells-french-youth-que-la-fete-commence_33.jpg\" alt=\"pieu de Paris\" width=\"350\" height=\"387\" srcset=\"https:\/\/fr.elds.org\/lesmormons-net\/files\/2017\/05\/350-president-eyring-tells-french-youth-que-la-fete-commence_33.jpg 350w, https:\/\/fr.elds.org\/lesmormons-net\/files\/2017\/05\/350-president-eyring-tells-french-youth-que-la-fete-commence_33-271x300.jpg 271w\" sizes=\"(max-width: 350px) 100vw, 350px\" \/><p id=\"caption-attachment-5610\" class=\"wp-caption-text\">pieu de Paris<\/p><\/div>\n<div id=\"attachment_5607\" style=\"width: 630px\" class=\"wp-caption aligncenter\"><img loading=\"lazy\" loading=\"lazy\" decoding=\"async\" aria-describedby=\"caption-attachment-5607\" class=\"size-full wp-image-5607\" src=\"https:\/\/fr.elds.org\/lesmormons-net\/files\/2017\/05\/620president-eyring-tells-french-youth-que-la-fete-commence_15.jpg\" alt=\"pieu de Lyon\" width=\"620\" height=\"390\" srcset=\"https:\/\/fr.elds.org\/lesmormons-net\/files\/2017\/05\/620president-eyring-tells-french-youth-que-la-fete-commence_15.jpg 620w, https:\/\/fr.elds.org\/lesmormons-net\/files\/2017\/05\/620president-eyring-tells-french-youth-que-la-fete-commence_15-300x189.jpg 300w\" sizes=\"(max-width: 620px) 100vw, 620px\" \/><p id=\"caption-attachment-5607\" class=\"wp-caption-text\">pieu de Lyon<\/p><\/div>\n<div id=\"attachment_5618\" style=\"width: 630px\" class=\"wp-caption aligncenter\"><img loading=\"lazy\" loading=\"lazy\" decoding=\"async\" aria-describedby=\"caption-attachment-5618\" class=\"size-full wp-image-5618\" src=\"https:\/\/fr.elds.org\/lesmormons-net\/files\/2017\/05\/620president-eyring-tells-french-youth-que-la-fete-commence_29.jpg\" alt=\"pieu de Paris\" width=\"620\" height=\"403\" srcset=\"https:\/\/fr.elds.org\/lesmormons-net\/files\/2017\/05\/620president-eyring-tells-french-youth-que-la-fete-commence_29.jpg 620w, https:\/\/fr.elds.org\/lesmormons-net\/files\/2017\/05\/620president-eyring-tells-french-youth-que-la-fete-commence_29-300x195.jpg 300w\" sizes=\"(max-width: 620px) 100vw, 620px\" \/><p id=\"caption-attachment-5618\" class=\"wp-caption-text\">pieu de Paris<\/p><\/div>\n<p>Le Pr\u00e9sident Eyring a promis aux jeunes qu\u2019ils \u00ab\u00a0garderaient les souvenirs de cette journ\u00e9e comme un tr\u00e9sor\u00a0\u00bb. Il ajouta\u00a0: \u00ab\u00a0J\u2019esp\u00e8re que vous aurez tous un merveilleux moment tous ensemble. Je sais que tous ceux qui regardent ce spectacle vont partager votre joie et seront b\u00e9nis par vos talents. Le Seigneur b\u00e9nira tous ceux qui ont particip\u00e9 ce soir et tous ceux qui les ont entra\u00een\u00e9 et encourag\u00e9. Puissions-nous appr\u00e9cier et nous souvenir de cette c\u00e9l\u00e9bration.\u00a0\u00bb<\/p>\n<p><img loading=\"lazy\" loading=\"lazy\" decoding=\"async\" class=\"aligncenter size-full wp-image-5609\" src=\"https:\/\/fr.elds.org\/lesmormons-net\/files\/2017\/05\/620-president-eyring-tells-french-youth-que-la-fete-commence_2.jpg\" alt=\"Pr\u00e9sident Eyring lors de l'ouverture du spectacle culturel\" width=\"620\" height=\"413\" srcset=\"https:\/\/fr.elds.org\/lesmormons-net\/files\/2017\/05\/620-president-eyring-tells-french-youth-que-la-fete-commence_2.jpg 620w, https:\/\/fr.elds.org\/lesmormons-net\/files\/2017\/05\/620-president-eyring-tells-french-youth-que-la-fete-commence_2-300x200.jpg 300w\" sizes=\"(max-width: 620px) 100vw, 620px\" \/><\/p>\n<p><img loading=\"lazy\" loading=\"lazy\" decoding=\"async\" class=\"aligncenter size-full wp-image-5608\" src=\"https:\/\/fr.elds.org\/lesmormons-net\/files\/2017\/05\/620-president-eyring-tells-french-youth-que-la-fete-commence_1.jpg\" alt=\"Ev\u00eaque pr\u00e9sident G\u00e9rald Causs\u00e9 lors de l'ouverture du spectacle culturel\" width=\"620\" height=\"413\" srcset=\"https:\/\/fr.elds.org\/lesmormons-net\/files\/2017\/05\/620-president-eyring-tells-french-youth-que-la-fete-commence_1.jpg 620w, https:\/\/fr.elds.org\/lesmormons-net\/files\/2017\/05\/620-president-eyring-tells-french-youth-que-la-fete-commence_1-300x200.jpg 300w\" sizes=\"(max-width: 620px) 100vw, 620px\" \/><\/p>\n<div id=\"attachment_5615\" style=\"width: 630px\" class=\"wp-caption aligncenter\"><img loading=\"lazy\" loading=\"lazy\" decoding=\"async\" aria-describedby=\"caption-attachment-5615\" class=\"size-full wp-image-5615\" src=\"https:\/\/fr.elds.org\/lesmormons-net\/files\/2017\/05\/620president-eyring-tells-french-youth-que-la-fete-commence_24.jpg\" alt=\"jeunes du pieu de Lyon\" width=\"620\" height=\"413\" srcset=\"https:\/\/fr.elds.org\/lesmormons-net\/files\/2017\/05\/620president-eyring-tells-french-youth-que-la-fete-commence_24.jpg 620w, https:\/\/fr.elds.org\/lesmormons-net\/files\/2017\/05\/620president-eyring-tells-french-youth-que-la-fete-commence_24-300x200.jpg 300w\" sizes=\"(max-width: 620px) 100vw, 620px\" \/><p id=\"caption-attachment-5615\" class=\"wp-caption-text\">Des jeunes du pieu de Lyon attendent le d\u00e9but du spectacle.<\/p><\/div>\n<div id=\"attachment_5616\" style=\"width: 360px\" class=\"wp-caption aligncenter\"><img loading=\"lazy\" loading=\"lazy\" decoding=\"async\" aria-describedby=\"caption-attachment-5616\" class=\"size-full wp-image-5616\" src=\"https:\/\/fr.elds.org\/lesmormons-net\/files\/2017\/05\/350-president-eyring-tells-french-youth-que-la-fete-commence_46.jpg\" alt=\"pieu de Paris Sud\" width=\"350\" height=\"525\" srcset=\"https:\/\/fr.elds.org\/lesmormons-net\/files\/2017\/05\/350-president-eyring-tells-french-youth-que-la-fete-commence_46.jpg 350w, https:\/\/fr.elds.org\/lesmormons-net\/files\/2017\/05\/350-president-eyring-tells-french-youth-que-la-fete-commence_46-200x300.jpg 200w\" sizes=\"(max-width: 350px) 100vw, 350px\" \/><p id=\"caption-attachment-5616\" class=\"wp-caption-text\">pieu de Paris Sud<\/p><\/div>\n<div id=\"attachment_5617\" style=\"width: 630px\" class=\"wp-caption aligncenter\"><img loading=\"lazy\" loading=\"lazy\" decoding=\"async\" aria-describedby=\"caption-attachment-5617\" class=\"size-full wp-image-5617\" src=\"https:\/\/fr.elds.org\/lesmormons-net\/files\/2017\/05\/620-president-eyring-tells-french-youth-que-la-fete-commence_22.jpg\" alt=\"pieu de Paris Est\" width=\"620\" height=\"472\" srcset=\"https:\/\/fr.elds.org\/lesmormons-net\/files\/2017\/05\/620-president-eyring-tells-french-youth-que-la-fete-commence_22.jpg 620w, https:\/\/fr.elds.org\/lesmormons-net\/files\/2017\/05\/620-president-eyring-tells-french-youth-que-la-fete-commence_22-300x228.jpg 300w\" sizes=\"(max-width: 620px) 100vw, 620px\" \/><p id=\"caption-attachment-5617\" class=\"wp-caption-text\">Trois jeunes filles du pieu de Paris Est attendent le d\u00e9but du spectacle:\u00a0Tesceline Lethuaire, 13 ans, Sara Fraguas, 13 ans, et Aimie Lethuaire, 14 ans.<\/p><\/div>\n<div id=\"attachment_5619\" style=\"width: 630px\" class=\"wp-caption aligncenter\"><img loading=\"lazy\" loading=\"lazy\" decoding=\"async\" aria-describedby=\"caption-attachment-5619\" class=\"size-full wp-image-5619\" src=\"https:\/\/fr.elds.org\/lesmormons-net\/files\/2017\/05\/620-president-eyring-tells-french-youth-que-la-fete-commence_45.jpg\" alt=\"pieu de Bordeaux\" width=\"620\" height=\"396\" srcset=\"https:\/\/fr.elds.org\/lesmormons-net\/files\/2017\/05\/620-president-eyring-tells-french-youth-que-la-fete-commence_45.jpg 620w, https:\/\/fr.elds.org\/lesmormons-net\/files\/2017\/05\/620-president-eyring-tells-french-youth-que-la-fete-commence_45-300x192.jpg 300w\" sizes=\"(max-width: 620px) 100vw, 620px\" \/><p id=\"caption-attachment-5619\" class=\"wp-caption-text\">pieu de Nice<\/p><\/div>\n<h4><strong>T\u00e9moignages de jeunes qui ont particip\u00e9 au spectacle culturel:<\/strong><\/h4>\n<p>Anais Elumba, 14 ans, du pieu de Lyon a dit qu\u2019elle participait \u00e0 cet \u00e9v\u00e9nement pour c\u00e9l\u00e9brer le nouveau temple. \u00abJe veux remercier mon Dieu car Il a construit un temple en France. Il est magnifique. Le temple est la maison de Dieu. Je veux le c\u00e9l\u00e9brer\u00a0\u00bb<\/p>\n<p>Konrad Harris qui a 16 ans, dit aussi qu&rsquo;il veut c\u00e9l\u00e9brer le nouveau temple en France.<\/p>\n<p>Le temple est la preuve que l&rsquo;Evangile va grandir dans le pays, explique Cl\u00e9mentine Elumba qui a 14 ans.<\/p>\n<p>Serge Pettitt explique qu&rsquo;il a particip\u00e9 \u00e0 cet \u00e9v\u00e9nement culturel pour montrer la joie qu&rsquo;il a pour le temple.<\/p>\n<div id=\"attachment_5623\" style=\"width: 1034px\" class=\"wp-caption aligncenter\"><img loading=\"lazy\" loading=\"lazy\" decoding=\"async\" aria-describedby=\"caption-attachment-5623\" class=\"size-large wp-image-5623\" src=\"https:\/\/fr.elds.org\/lesmormons-net\/files\/2017\/05\/pieu-de-bordeaux-1024x683.jpg\" alt=\"pieu de Bordeaux\" width=\"1024\" height=\"683\" srcset=\"https:\/\/fr.elds.org\/lesmormons-net\/files\/2017\/05\/pieu-de-bordeaux-1024x683.jpg 1024w, https:\/\/fr.elds.org\/lesmormons-net\/files\/2017\/05\/pieu-de-bordeaux-300x200.jpg 300w, https:\/\/fr.elds.org\/lesmormons-net\/files\/2017\/05\/pieu-de-bordeaux-768x512.jpg 768w, https:\/\/fr.elds.org\/lesmormons-net\/files\/2017\/05\/pieu-de-bordeaux-1080x720.jpg 1080w, https:\/\/fr.elds.org\/lesmormons-net\/files\/2017\/05\/pieu-de-bordeaux.jpg 1200w\" sizes=\"(max-width: 1024px) 100vw, 1024px\" \/><p id=\"caption-attachment-5623\" class=\"wp-caption-text\">pieu de Bordeaux<\/p><\/div>\n<div id=\"attachment_5624\" style=\"width: 1034px\" class=\"wp-caption aligncenter\"><img loading=\"lazy\" loading=\"lazy\" decoding=\"async\" aria-describedby=\"caption-attachment-5624\" class=\"size-large wp-image-5624\" src=\"https:\/\/fr.elds.org\/lesmormons-net\/files\/2017\/05\/pieu-de-rennes-1024x683.jpg\" alt=\"pieu de Rennes\" width=\"1024\" height=\"683\" srcset=\"https:\/\/fr.elds.org\/lesmormons-net\/files\/2017\/05\/pieu-de-rennes-1024x683.jpg 1024w, https:\/\/fr.elds.org\/lesmormons-net\/files\/2017\/05\/pieu-de-rennes-300x200.jpg 300w, https:\/\/fr.elds.org\/lesmormons-net\/files\/2017\/05\/pieu-de-rennes-768x512.jpg 768w, https:\/\/fr.elds.org\/lesmormons-net\/files\/2017\/05\/pieu-de-rennes-1080x720.jpg 1080w, https:\/\/fr.elds.org\/lesmormons-net\/files\/2017\/05\/pieu-de-rennes.jpg 1200w\" sizes=\"(max-width: 1024px) 100vw, 1024px\" \/><p id=\"caption-attachment-5624\" class=\"wp-caption-text\">pieu de Rennes<\/p><\/div>\n<div id=\"attachment_5625\" style=\"width: 1034px\" class=\"wp-caption aligncenter\"><img loading=\"lazy\" loading=\"lazy\" decoding=\"async\" aria-describedby=\"caption-attachment-5625\" class=\"size-large wp-image-5625\" src=\"https:\/\/fr.elds.org\/lesmormons-net\/files\/2017\/05\/pieu-de-bruxelles-1024x683.jpg\" alt=\"pieu de Bruxelles\" width=\"1024\" height=\"683\" srcset=\"https:\/\/fr.elds.org\/lesmormons-net\/files\/2017\/05\/pieu-de-bruxelles-1024x683.jpg 1024w, https:\/\/fr.elds.org\/lesmormons-net\/files\/2017\/05\/pieu-de-bruxelles-300x200.jpg 300w, https:\/\/fr.elds.org\/lesmormons-net\/files\/2017\/05\/pieu-de-bruxelles-768x512.jpg 768w, https:\/\/fr.elds.org\/lesmormons-net\/files\/2017\/05\/pieu-de-bruxelles-1080x720.jpg 1080w, https:\/\/fr.elds.org\/lesmormons-net\/files\/2017\/05\/pieu-de-bruxelles.jpg 1200w\" sizes=\"(max-width: 1024px) 100vw, 1024px\" \/><p id=\"caption-attachment-5625\" class=\"wp-caption-text\">pieu de Bruxelles<\/p><\/div>\n<div id=\"attachment_5626\" style=\"width: 1034px\" class=\"wp-caption aligncenter\"><img loading=\"lazy\" loading=\"lazy\" decoding=\"async\" aria-describedby=\"caption-attachment-5626\" class=\"size-large wp-image-5626\" src=\"https:\/\/fr.elds.org\/lesmormons-net\/files\/2017\/05\/pieu-de-geneve-1024x683.jpg\" alt=\"pieu de Gen\u00e8ve\" width=\"1024\" height=\"683\" srcset=\"https:\/\/fr.elds.org\/lesmormons-net\/files\/2017\/05\/pieu-de-geneve-1024x683.jpg 1024w, https:\/\/fr.elds.org\/lesmormons-net\/files\/2017\/05\/pieu-de-geneve-300x200.jpg 300w, https:\/\/fr.elds.org\/lesmormons-net\/files\/2017\/05\/pieu-de-geneve-768x512.jpg 768w, https:\/\/fr.elds.org\/lesmormons-net\/files\/2017\/05\/pieu-de-geneve-1080x720.jpg 1080w, https:\/\/fr.elds.org\/lesmormons-net\/files\/2017\/05\/pieu-de-geneve.jpg 1200w\" sizes=\"(max-width: 1024px) 100vw, 1024px\" \/><p id=\"caption-attachment-5626\" class=\"wp-caption-text\">pieu de Gen\u00e8ve<\/p><\/div>\n<div id=\"attachment_5627\" style=\"width: 1034px\" class=\"wp-caption aligncenter\"><img loading=\"lazy\" loading=\"lazy\" decoding=\"async\" aria-describedby=\"caption-attachment-5627\" class=\"size-large wp-image-5627\" src=\"https:\/\/fr.elds.org\/lesmormons-net\/files\/2017\/05\/pieu-de-lille-1024x683.jpg\" alt=\"pieu de Lille\" width=\"1024\" height=\"683\" srcset=\"https:\/\/fr.elds.org\/lesmormons-net\/files\/2017\/05\/pieu-de-lille-1024x683.jpg 1024w, https:\/\/fr.elds.org\/lesmormons-net\/files\/2017\/05\/pieu-de-lille-300x200.jpg 300w, https:\/\/fr.elds.org\/lesmormons-net\/files\/2017\/05\/pieu-de-lille-768x512.jpg 768w, https:\/\/fr.elds.org\/lesmormons-net\/files\/2017\/05\/pieu-de-lille-1080x720.jpg 1080w, https:\/\/fr.elds.org\/lesmormons-net\/files\/2017\/05\/pieu-de-lille.jpg 1200w\" sizes=\"(max-width: 1024px) 100vw, 1024px\" \/><p id=\"caption-attachment-5627\" class=\"wp-caption-text\">pieu de Lille<\/p><\/div>\n<div id=\"attachment_5628\" style=\"width: 1034px\" class=\"wp-caption aligncenter\"><img loading=\"lazy\" loading=\"lazy\" decoding=\"async\" aria-describedby=\"caption-attachment-5628\" class=\"size-large wp-image-5628\" src=\"https:\/\/fr.elds.org\/lesmormons-net\/files\/2017\/05\/pieu-de-nancy-1024x683.jpg\" alt=\"pieu de Nancy\" width=\"1024\" height=\"683\" srcset=\"https:\/\/fr.elds.org\/lesmormons-net\/files\/2017\/05\/pieu-de-nancy-1024x683.jpg 1024w, https:\/\/fr.elds.org\/lesmormons-net\/files\/2017\/05\/pieu-de-nancy-300x200.jpg 300w, https:\/\/fr.elds.org\/lesmormons-net\/files\/2017\/05\/pieu-de-nancy-768x512.jpg 768w, https:\/\/fr.elds.org\/lesmormons-net\/files\/2017\/05\/pieu-de-nancy-1080x720.jpg 1080w, https:\/\/fr.elds.org\/lesmormons-net\/files\/2017\/05\/pieu-de-nancy.jpg 1200w\" sizes=\"(max-width: 1024px) 100vw, 1024px\" \/><p id=\"caption-attachment-5628\" class=\"wp-caption-text\">pieu de Nancy<\/p><\/div>\n<p>&nbsp;<\/p>\n<h4>T\u00e9moignages de ceux qui ont regard\u00e9 le spectacle culturel:<\/h4>\n<p><strong><em>Patrick Boutoille<\/em><\/strong>, ancien Soixante-Dix de la r\u00e9gion d\u2019Europe\u00a0: \u00ab\u00a0\u00c0 toutes les dirigeantes des JF et \u00e0 tous les dirigeants des JG du Pieu de Lille, je vous dis Merci et Bravo pour ce magnifique spectacle avec les jeunes!! \u00a0Merci pour vos inlassables efforts, et pour votre attitude toujours aimante avec chacun!!\u00a0Formidable\u00a0\u00bb<\/p>\n<p><span class=\"\"><strong><em>Nancy Maruhi Hunter<\/em><\/strong>:<\/span> <span class=\"UFICommentBody _1n4g\">MERCI beaucoup pour ce magnifique spectacle. De TAHITI nous l&rsquo;avons regard\u00e9 en direct et en famille. Gr\u00e2ce aux moyens modernes, nous avons \u00e9t\u00e9 unis \u00e0 vous en direct de Paris, quelle merveille! L&rsquo;esprit du Seigneur est puissant et bien s\u00fbr l\u00e0 o\u00f9 un temple de Dieu est d\u00e9dicac\u00e9, les forces du mal sont repouss\u00e9es. Chaque prestation \u00e9tait exquise et un r\u00e9el d\u00e9lice que nous avons grav\u00e9 dans notre coeur. Vive la France avec son nouvel \u00e9difice d\u00e9di\u00e9 au Seigneur. <span class=\"_58cl\">#<\/span><span class=\"_58cm\">anciennemissionnaire<\/span><span class=\"_58cl\">#<\/span><span class=\"_58cm\">LaMissionFran\u00e7aisedeTOULOUSE<\/span>\u00a02007-2008 (N\u00eemes, Marseille, Toulouse, Cannes)<\/span><\/p>\n<p><span class=\"\"><strong><em>Jean-Luc Haberer<\/em><\/strong>:<\/span> <span class=\"UFICommentBody\">Tout simplement \u00e9poustouflant ce spectacle. Une musique, des talents, un jeu de lumi\u00e8re et des costumes \u00e9clatants. Vous nous avez r\u00e9alis\u00e9s un r\u00eave \u00e9veill\u00e9 les jeunes, merci pour votre engagement. On vous aime.<\/span><\/p>\n<p><span class=\"\"><strong><em>Brigitte Monteillet<\/em><\/strong>:<\/span> <span class=\"UFICommentBody _1n4g\">Oh quel bonheur d&rsquo;avoir pu y assister, et que d&rsquo;\u00e9motions de voir ces centaines de JF et de JG de nombreux horizons. Ils sont extraordinaires et je suis tr\u00e8s fi\u00e8re d&rsquo;eux. Un privil\u00e8ge de voir Fr Eyring, Fr Andersen, Fr Wilson , Fr Jonhson, Fr Bennasar et Fr Causs\u00e9 et de ressentir leur Amour si particulier nous chacun d&rsquo;entre nous, j&rsquo;\u00e9tais \u00e9mue aux larmes. F\u00e9licitations \u00e0 Shannon Narraidoo, Ana\u00eblle Claus, Aurelien Amira , S\u00e9bastien Tischhauser, Kalani Ta\u00efe vous \u00eates super et je vous aime. Bisous.<\/span><\/p>\n<p><span class=\"\"><strong><em>B\u00e9atrice Beau<\/em><\/strong>:<\/span> <span class=\"UFICommentBody _1n4g\">Merci \u00e0 tous ceux et toutes celles qui ont \u0153uvr\u00e9, souvent dans l&rsquo;ombre, pour rendre ce spectacle possible. J&rsquo;imagine sans difficult\u00e9s le temps, l&rsquo;\u00e9nergie, l&rsquo;anxi\u00e9t\u00e9 depuis des mois et les milliers de pri\u00e8res&#8230; voire de je\u00fbnes. Le r\u00e9sultat est l\u00e0 : un spectacle culturel de qualit\u00e9 et beaucoup, beaucoup d&rsquo;\u00e9motions de voir tous ces jeunes investis et, pour certains, avec peu d&rsquo;heures de sommeil. Une belle pr\u00e9paration pour de nouvelles \u00e9motions demain. Merci !<\/span><\/p>\n<p><span class=\"\"><strong><em>Marie-Sylvie M\u00e9zerai<\/em><\/strong>:<\/span> <span class=\"UFICommentBody _1n4g\">Magnifique !!! merci \u00e0 tous ces jeunes pour ces moments exceptionnels de grande qualit\u00e9 ! des id\u00e9es originales, des instants \u00e9mouvants, un bel espoir de voir toute cette jeunesse engag\u00e9e affirmant sa foi \u00e0 travers une expression artistique remarquable ! F\u00e9licitations \u00e9galement \u00e0 l&rsquo;ensemble des personnes les ayant entra\u00een\u00e9s, encadr\u00e9s, soutenus, ainsi que tous les techniciens ! Un grand bravo \u00e9galement au pianiste pour ses agr\u00e9ables interm\u00e8des !<\/span><\/p>\n<p>&nbsp;<\/p>\n<div id=\"attachment_5629\" style=\"width: 1034px\" class=\"wp-caption aligncenter\"><img loading=\"lazy\" loading=\"lazy\" decoding=\"async\" aria-describedby=\"caption-attachment-5629\" class=\"size-large wp-image-5629\" src=\"https:\/\/fr.elds.org\/lesmormons-net\/files\/2017\/05\/tableau-pieu-de-nice-1024x683.jpg\" alt=\"pieu de Nice\" width=\"1024\" height=\"683\" srcset=\"https:\/\/fr.elds.org\/lesmormons-net\/files\/2017\/05\/tableau-pieu-de-nice-1024x683.jpg 1024w, https:\/\/fr.elds.org\/lesmormons-net\/files\/2017\/05\/tableau-pieu-de-nice-300x200.jpg 300w, https:\/\/fr.elds.org\/lesmormons-net\/files\/2017\/05\/tableau-pieu-de-nice-768x512.jpg 768w, https:\/\/fr.elds.org\/lesmormons-net\/files\/2017\/05\/tableau-pieu-de-nice-1080x720.jpg 1080w, https:\/\/fr.elds.org\/lesmormons-net\/files\/2017\/05\/tableau-pieu-de-nice.jpg 1200w\" sizes=\"(max-width: 1024px) 100vw, 1024px\" \/><p id=\"caption-attachment-5629\" class=\"wp-caption-text\">pieu de Nice<\/p><\/div>\n<div id=\"attachment_5633\" style=\"width: 1034px\" class=\"wp-caption aligncenter\"><img loading=\"lazy\" loading=\"lazy\" decoding=\"async\" aria-describedby=\"caption-attachment-5633\" class=\"size-large wp-image-5633\" src=\"https:\/\/fr.elds.org\/lesmormons-net\/files\/2017\/05\/tous-les-jeunes-sur-scene-1024x302.jpg\" alt=\"tous les jeunes sont mont\u00e9s sur sc\u00e8ne \u00e0 la fin du spectacle culturel\" width=\"1024\" height=\"302\" srcset=\"https:\/\/fr.elds.org\/lesmormons-net\/files\/2017\/05\/tous-les-jeunes-sur-scene-1024x302.jpg 1024w, https:\/\/fr.elds.org\/lesmormons-net\/files\/2017\/05\/tous-les-jeunes-sur-scene-300x88.jpg 300w, https:\/\/fr.elds.org\/lesmormons-net\/files\/2017\/05\/tous-les-jeunes-sur-scene-768x226.jpg 768w, https:\/\/fr.elds.org\/lesmormons-net\/files\/2017\/05\/tous-les-jeunes-sur-scene-1080x318.jpg 1080w, https:\/\/fr.elds.org\/lesmormons-net\/files\/2017\/05\/tous-les-jeunes-sur-scene.jpg 1344w\" sizes=\"(max-width: 1024px) 100vw, 1024px\" \/><p id=\"caption-attachment-5633\" class=\"wp-caption-text\">C&rsquo;est la fin du spectacle et tous les jeunes sont mont\u00e9s sur sc\u00e8ne pour chanter la chanson \u00ab\u00a0Glorieux, merveilleux\u00a0\u00bb (Glorious, en version anglaise)<\/p><\/div>\n<p>&nbsp;<\/p>\n<p><em>Article \u00e9crit par Eolia, inspir\u00e9 par celui de <a href=\"http:\/\/www.deseretnews.com\/article\/865680439\/President-Eyring-tells-French-youth-Que-la-fte-commence.html\" rel=\"nofollow\">deseretnews<\/a>. Les photos, sauf mention contraire, ont \u00e9t\u00e9 prises par Val\u00e9rie Johnson et Sarah Jane Weaver.<\/em><\/p>\n","protected":false},"excerpt":{"rendered":"<p>Les jeunes SDJ francophones ont honor\u00e9 \u00ab\u00a0La Lumi\u00e8re de la Foi\u00a0\u00bb lors du spectacle culturel pour la cons\u00e9cration du temple de Paris. Un moment merveilleux.<\/p>\n","protected":false},"author":53,"featured_media":5631,"comment_status":"open","ping_status":"closed","sticky":false,"template":"","format":"standard","meta":{"_et_pb_use_builder":"","_et_pb_old_content":"","_et_gb_content_width":"","footnotes":""},"categories":[455],"tags":[359,443,358,448,360,140],"class_list":["post-5600","post","type-post","status-publish","format-standard","has-post-thumbnail","hentry","category-merged","tag-belgique","tag-foi-en-dieu","tag-france","tag-les-jeunes-dans-leglise","tag-suisse","tag-temple-de-paris","et-has-post-format-content","et_post_format-et-post-format-standard"],"yoast_head":"<!-- This site is optimized with the Yoast SEO plugin v27.4 - https:\/\/yoast.com\/product\/yoast-seo-wordpress\/ -->\n<title>Le spectacle culturel du temple de Paris a fait briller la Lumi\u00e8re de la Foi<\/title>\n<meta name=\"description\" content=\"Les jeunes SDJ francophones ont honor\u00e9 &quot;La Lumi\u00e8re de la Foi&quot; lors du spectacle culturel pour la cons\u00e9cration du temple de Paris. Un moment merveilleux.\" \/>\n<meta name=\"robots\" content=\"index, follow, max-snippet:-1, max-image-preview:large, max-video-preview:-1\" \/>\n<link rel=\"canonical\" href=\"https:\/\/fr.elds.org\/lesmormons-net\/merged\/lumiere-de-la-foi-spectacle-culturel-jeunes-francophones\/\" \/>\n<meta property=\"og:locale\" content=\"fr_FR\" \/>\n<meta property=\"og:type\" content=\"article\" \/>\n<meta property=\"og:title\" content=\"Le spectacle culturel du temple de Paris a fait briller la Lumi\u00e8re de la Foi\" \/>\n<meta property=\"og:description\" content=\"Les jeunes SDJ francophones ont honor\u00e9 &quot;La Lumi\u00e8re de la Foi&quot; lors du spectacle culturel pour la cons\u00e9cration du temple de Paris. Un moment merveilleux.\" \/>\n<meta property=\"og:url\" content=\"https:\/\/fr.elds.org\/lesmormons-net\/merged\/lumiere-de-la-foi-spectacle-culturel-jeunes-francophones\/\" \/>\n<meta property=\"og:site_name\" content=\"Les Mormons\" \/>\n<meta property=\"article:published_time\" content=\"2017-05-23T08:27:30+00:00\" \/>\n<meta property=\"article:modified_time\" content=\"2018-10-09T13:52:11+00:00\" \/>\n<meta property=\"og:image\" content=\"https:\/\/fr.elds.org\/lesmormons-net\/files\/2017\/05\/pieu-de-lyon-photo-a-la-une.jpg\" \/>\n\t<meta property=\"og:image:width\" content=\"948\" \/>\n\t<meta property=\"og:image:height\" content=\"542\" \/>\n\t<meta property=\"og:image:type\" content=\"image\/jpeg\" \/>\n<meta name=\"author\" content=\"Plus de Foi\" \/>\n<meta name=\"twitter:card\" content=\"summary_large_image\" \/>\n<meta name=\"twitter:label1\" content=\"\u00c9crit par\" \/>\n\t<meta name=\"twitter:data1\" content=\"Plus de Foi\" \/>\n\t<meta name=\"twitter:label2\" content=\"Dur\u00e9e de lecture estim\u00e9e\" \/>\n\t<meta name=\"twitter:data2\" content=\"8 minutes\" \/>\n<script type=\"application\/ld+json\" class=\"yoast-schema-graph\">{\"@context\":\"https:\\\/\\\/schema.org\",\"@graph\":[{\"@type\":\"Article\",\"@id\":\"https:\\\/\\\/fr.elds.org\\\/lesmormons-net\\\/merged\\\/lumiere-de-la-foi-spectacle-culturel-jeunes-francophones\\\/#article\",\"isPartOf\":{\"@id\":\"https:\\\/\\\/fr.elds.org\\\/lesmormons-net\\\/merged\\\/lumiere-de-la-foi-spectacle-culturel-jeunes-francophones\\\/\"},\"author\":{\"name\":\"Plus de Foi\",\"@id\":\"https:\\\/\\\/fr.elds.org\\\/lesmormons-net\\\/#\\\/schema\\\/person\\\/21d1cc3e5996143ad0f655979783dfc3\"},\"headline\":\"Les jeunes SDJ francophones honorent \u00ab\u00a0La Lumi\u00e8re de la Foi\u00a0\u00bb lors d&rsquo;un spectacle culturel.\",\"datePublished\":\"2017-05-23T08:27:30+00:00\",\"dateModified\":\"2018-10-09T13:52:11+00:00\",\"mainEntityOfPage\":{\"@id\":\"https:\\\/\\\/fr.elds.org\\\/lesmormons-net\\\/merged\\\/lumiere-de-la-foi-spectacle-culturel-jeunes-francophones\\\/\"},\"wordCount\":1547,\"commentCount\":2,\"image\":{\"@id\":\"https:\\\/\\\/fr.elds.org\\\/lesmormons-net\\\/merged\\\/lumiere-de-la-foi-spectacle-culturel-jeunes-francophones\\\/#primaryimage\"},\"thumbnailUrl\":\"https:\\\/\\\/fr.elds.org\\\/lesmormons-net\\\/files\\\/2017\\\/05\\\/pieu-de-lyon-photo-a-la-une.jpg\",\"keywords\":[\"Belgique\",\"foi en Dieu\",\"France\",\"les jeunes dans l'Eglise\",\"Suisse\",\"Temple de Paris\"],\"articleSection\":[\"Merging Articles\"],\"inLanguage\":\"fr-FR\",\"potentialAction\":[{\"@type\":\"CommentAction\",\"name\":\"Comment\",\"target\":[\"https:\\\/\\\/fr.elds.org\\\/lesmormons-net\\\/merged\\\/lumiere-de-la-foi-spectacle-culturel-jeunes-francophones\\\/#respond\"]}]},{\"@type\":\"WebPage\",\"@id\":\"https:\\\/\\\/fr.elds.org\\\/lesmormons-net\\\/merged\\\/lumiere-de-la-foi-spectacle-culturel-jeunes-francophones\\\/\",\"url\":\"https:\\\/\\\/fr.elds.org\\\/lesmormons-net\\\/merged\\\/lumiere-de-la-foi-spectacle-culturel-jeunes-francophones\\\/\",\"name\":\"Le spectacle culturel du temple de Paris a fait briller la Lumi\u00e8re de la Foi\",\"isPartOf\":{\"@id\":\"https:\\\/\\\/fr.elds.org\\\/lesmormons-net\\\/#website\"},\"primaryImageOfPage\":{\"@id\":\"https:\\\/\\\/fr.elds.org\\\/lesmormons-net\\\/merged\\\/lumiere-de-la-foi-spectacle-culturel-jeunes-francophones\\\/#primaryimage\"},\"image\":{\"@id\":\"https:\\\/\\\/fr.elds.org\\\/lesmormons-net\\\/merged\\\/lumiere-de-la-foi-spectacle-culturel-jeunes-francophones\\\/#primaryimage\"},\"thumbnailUrl\":\"https:\\\/\\\/fr.elds.org\\\/lesmormons-net\\\/files\\\/2017\\\/05\\\/pieu-de-lyon-photo-a-la-une.jpg\",\"datePublished\":\"2017-05-23T08:27:30+00:00\",\"dateModified\":\"2018-10-09T13:52:11+00:00\",\"author\":{\"@id\":\"https:\\\/\\\/fr.elds.org\\\/lesmormons-net\\\/#\\\/schema\\\/person\\\/21d1cc3e5996143ad0f655979783dfc3\"},\"description\":\"Les jeunes SDJ francophones ont honor\u00e9 \\\"La Lumi\u00e8re de la Foi\\\" lors du spectacle culturel pour la cons\u00e9cration du temple de Paris. Un moment merveilleux.\",\"breadcrumb\":{\"@id\":\"https:\\\/\\\/fr.elds.org\\\/lesmormons-net\\\/merged\\\/lumiere-de-la-foi-spectacle-culturel-jeunes-francophones\\\/#breadcrumb\"},\"inLanguage\":\"fr-FR\",\"potentialAction\":[{\"@type\":\"ReadAction\",\"target\":[\"https:\\\/\\\/fr.elds.org\\\/lesmormons-net\\\/merged\\\/lumiere-de-la-foi-spectacle-culturel-jeunes-francophones\\\/\"]}]},{\"@type\":\"ImageObject\",\"inLanguage\":\"fr-FR\",\"@id\":\"https:\\\/\\\/fr.elds.org\\\/lesmormons-net\\\/merged\\\/lumiere-de-la-foi-spectacle-culturel-jeunes-francophones\\\/#primaryimage\",\"url\":\"https:\\\/\\\/fr.elds.org\\\/lesmormons-net\\\/files\\\/2017\\\/05\\\/pieu-de-lyon-photo-a-la-une.jpg\",\"contentUrl\":\"https:\\\/\\\/fr.elds.org\\\/lesmormons-net\\\/files\\\/2017\\\/05\\\/pieu-de-lyon-photo-a-la-une.jpg\",\"width\":948,\"height\":542,\"caption\":\"les jeunes du pieu de Lyon racontent l'histoire de L\u00e9on Fargier\"},{\"@type\":\"BreadcrumbList\",\"@id\":\"https:\\\/\\\/fr.elds.org\\\/lesmormons-net\\\/merged\\\/lumiere-de-la-foi-spectacle-culturel-jeunes-francophones\\\/#breadcrumb\",\"itemListElement\":[{\"@type\":\"ListItem\",\"position\":1,\"name\":\"Home\",\"item\":\"https:\\\/\\\/fr.elds.org\\\/lesmormons-net\\\/\"},{\"@type\":\"ListItem\",\"position\":2,\"name\":\"Les jeunes SDJ francophones honorent &#8220;La Lumi\u00e8re de la Foi&#8221; lors d&#8217;un spectacle culturel.\"}]},{\"@type\":\"WebSite\",\"@id\":\"https:\\\/\\\/fr.elds.org\\\/lesmormons-net\\\/#website\",\"url\":\"https:\\\/\\\/fr.elds.org\\\/lesmormons-net\\\/\",\"name\":\"Les Mormons\",\"description\":\"Les mormons au quotidien\",\"potentialAction\":[{\"@type\":\"SearchAction\",\"target\":{\"@type\":\"EntryPoint\",\"urlTemplate\":\"https:\\\/\\\/fr.elds.org\\\/lesmormons-net\\\/?s={search_term_string}\"},\"query-input\":{\"@type\":\"PropertyValueSpecification\",\"valueRequired\":true,\"valueName\":\"search_term_string\"}}],\"inLanguage\":\"fr-FR\"},{\"@type\":\"Person\",\"@id\":\"https:\\\/\\\/fr.elds.org\\\/lesmormons-net\\\/#\\\/schema\\\/person\\\/21d1cc3e5996143ad0f655979783dfc3\",\"name\":\"Plus de Foi\",\"image\":{\"@type\":\"ImageObject\",\"inLanguage\":\"fr-FR\",\"@id\":\"https:\\\/\\\/secure.gravatar.com\\\/avatar\\\/4647b2714d43c09703afab402f554845ba42922ebe724cb9639d75cf44059553?s=96&d=blank&r=g\",\"url\":\"https:\\\/\\\/secure.gravatar.com\\\/avatar\\\/4647b2714d43c09703afab402f554845ba42922ebe724cb9639d75cf44059553?s=96&d=blank&r=g\",\"contentUrl\":\"https:\\\/\\\/secure.gravatar.com\\\/avatar\\\/4647b2714d43c09703afab402f554845ba42922ebe724cb9639d75cf44059553?s=96&d=blank&r=g\",\"caption\":\"Plus de Foi\"},\"description\":\"Plus de Foi est une page cr\u00e9\u00e9e par des membres chr\u00e9tiens de l'\u00c9glise de J\u00e9sus-Christ des Saints des Derniers Jours. Nous publions des contenus sur comment nous vivons notre foi au quotidien et nous aimons partager nos croyances avec les personnes autour de nous.\",\"url\":\"https:\\\/\\\/fr.elds.org\\\/lesmormons-net\\\/author\\\/giada\\\/\"}]}<\/script>\n<!-- \/ Yoast SEO plugin. -->","yoast_head_json":{"title":"Le spectacle culturel du temple de Paris a fait briller la Lumi\u00e8re de la Foi","description":"Les jeunes SDJ francophones ont honor\u00e9 \"La Lumi\u00e8re de la Foi\" lors du spectacle culturel pour la cons\u00e9cration du temple de Paris. Un moment merveilleux.","robots":{"index":"index","follow":"follow","max-snippet":"max-snippet:-1","max-image-preview":"max-image-preview:large","max-video-preview":"max-video-preview:-1"},"canonical":"https:\/\/fr.elds.org\/lesmormons-net\/merged\/lumiere-de-la-foi-spectacle-culturel-jeunes-francophones\/","og_locale":"fr_FR","og_type":"article","og_title":"Le spectacle culturel du temple de Paris a fait briller la Lumi\u00e8re de la Foi","og_description":"Les jeunes SDJ francophones ont honor\u00e9 \"La Lumi\u00e8re de la Foi\" lors du spectacle culturel pour la cons\u00e9cration du temple de Paris. Un moment merveilleux.","og_url":"https:\/\/fr.elds.org\/lesmormons-net\/merged\/lumiere-de-la-foi-spectacle-culturel-jeunes-francophones\/","og_site_name":"Les Mormons","article_published_time":"2017-05-23T08:27:30+00:00","article_modified_time":"2018-10-09T13:52:11+00:00","og_image":[{"width":948,"height":542,"url":"https:\/\/fr.elds.org\/lesmormons-net\/files\/2017\/05\/pieu-de-lyon-photo-a-la-une.jpg","type":"image\/jpeg"}],"author":"Plus de Foi","twitter_card":"summary_large_image","twitter_misc":{"\u00c9crit par":"Plus de Foi","Dur\u00e9e de lecture estim\u00e9e":"8 minutes"},"schema":{"@context":"https:\/\/schema.org","@graph":[{"@type":"Article","@id":"https:\/\/fr.elds.org\/lesmormons-net\/merged\/lumiere-de-la-foi-spectacle-culturel-jeunes-francophones\/#article","isPartOf":{"@id":"https:\/\/fr.elds.org\/lesmormons-net\/merged\/lumiere-de-la-foi-spectacle-culturel-jeunes-francophones\/"},"author":{"name":"Plus de Foi","@id":"https:\/\/fr.elds.org\/lesmormons-net\/#\/schema\/person\/21d1cc3e5996143ad0f655979783dfc3"},"headline":"Les jeunes SDJ francophones honorent \u00ab\u00a0La Lumi\u00e8re de la Foi\u00a0\u00bb lors d&rsquo;un spectacle culturel.","datePublished":"2017-05-23T08:27:30+00:00","dateModified":"2018-10-09T13:52:11+00:00","mainEntityOfPage":{"@id":"https:\/\/fr.elds.org\/lesmormons-net\/merged\/lumiere-de-la-foi-spectacle-culturel-jeunes-francophones\/"},"wordCount":1547,"commentCount":2,"image":{"@id":"https:\/\/fr.elds.org\/lesmormons-net\/merged\/lumiere-de-la-foi-spectacle-culturel-jeunes-francophones\/#primaryimage"},"thumbnailUrl":"https:\/\/fr.elds.org\/lesmormons-net\/files\/2017\/05\/pieu-de-lyon-photo-a-la-une.jpg","keywords":["Belgique","foi en Dieu","France","les jeunes dans l'Eglise","Suisse","Temple de Paris"],"articleSection":["Merging Articles"],"inLanguage":"fr-FR","potentialAction":[{"@type":"CommentAction","name":"Comment","target":["https:\/\/fr.elds.org\/lesmormons-net\/merged\/lumiere-de-la-foi-spectacle-culturel-jeunes-francophones\/#respond"]}]},{"@type":"WebPage","@id":"https:\/\/fr.elds.org\/lesmormons-net\/merged\/lumiere-de-la-foi-spectacle-culturel-jeunes-francophones\/","url":"https:\/\/fr.elds.org\/lesmormons-net\/merged\/lumiere-de-la-foi-spectacle-culturel-jeunes-francophones\/","name":"Le spectacle culturel du temple de Paris a fait briller la Lumi\u00e8re de la Foi","isPartOf":{"@id":"https:\/\/fr.elds.org\/lesmormons-net\/#website"},"primaryImageOfPage":{"@id":"https:\/\/fr.elds.org\/lesmormons-net\/merged\/lumiere-de-la-foi-spectacle-culturel-jeunes-francophones\/#primaryimage"},"image":{"@id":"https:\/\/fr.elds.org\/lesmormons-net\/merged\/lumiere-de-la-foi-spectacle-culturel-jeunes-francophones\/#primaryimage"},"thumbnailUrl":"https:\/\/fr.elds.org\/lesmormons-net\/files\/2017\/05\/pieu-de-lyon-photo-a-la-une.jpg","datePublished":"2017-05-23T08:27:30+00:00","dateModified":"2018-10-09T13:52:11+00:00","author":{"@id":"https:\/\/fr.elds.org\/lesmormons-net\/#\/schema\/person\/21d1cc3e5996143ad0f655979783dfc3"},"description":"Les jeunes SDJ francophones ont honor\u00e9 \"La Lumi\u00e8re de la Foi\" lors du spectacle culturel pour la cons\u00e9cration du temple de Paris. Un moment merveilleux.","breadcrumb":{"@id":"https:\/\/fr.elds.org\/lesmormons-net\/merged\/lumiere-de-la-foi-spectacle-culturel-jeunes-francophones\/#breadcrumb"},"inLanguage":"fr-FR","potentialAction":[{"@type":"ReadAction","target":["https:\/\/fr.elds.org\/lesmormons-net\/merged\/lumiere-de-la-foi-spectacle-culturel-jeunes-francophones\/"]}]},{"@type":"ImageObject","inLanguage":"fr-FR","@id":"https:\/\/fr.elds.org\/lesmormons-net\/merged\/lumiere-de-la-foi-spectacle-culturel-jeunes-francophones\/#primaryimage","url":"https:\/\/fr.elds.org\/lesmormons-net\/files\/2017\/05\/pieu-de-lyon-photo-a-la-une.jpg","contentUrl":"https:\/\/fr.elds.org\/lesmormons-net\/files\/2017\/05\/pieu-de-lyon-photo-a-la-une.jpg","width":948,"height":542,"caption":"les jeunes du pieu de Lyon racontent l'histoire de L\u00e9on Fargier"},{"@type":"BreadcrumbList","@id":"https:\/\/fr.elds.org\/lesmormons-net\/merged\/lumiere-de-la-foi-spectacle-culturel-jeunes-francophones\/#breadcrumb","itemListElement":[{"@type":"ListItem","position":1,"name":"Home","item":"https:\/\/fr.elds.org\/lesmormons-net\/"},{"@type":"ListItem","position":2,"name":"Les jeunes SDJ francophones honorent &#8220;La Lumi\u00e8re de la Foi&#8221; lors d&#8217;un spectacle culturel."}]},{"@type":"WebSite","@id":"https:\/\/fr.elds.org\/lesmormons-net\/#website","url":"https:\/\/fr.elds.org\/lesmormons-net\/","name":"Les Mormons","description":"Les mormons au quotidien","potentialAction":[{"@type":"SearchAction","target":{"@type":"EntryPoint","urlTemplate":"https:\/\/fr.elds.org\/lesmormons-net\/?s={search_term_string}"},"query-input":{"@type":"PropertyValueSpecification","valueRequired":true,"valueName":"search_term_string"}}],"inLanguage":"fr-FR"},{"@type":"Person","@id":"https:\/\/fr.elds.org\/lesmormons-net\/#\/schema\/person\/21d1cc3e5996143ad0f655979783dfc3","name":"Plus de Foi","image":{"@type":"ImageObject","inLanguage":"fr-FR","@id":"https:\/\/secure.gravatar.com\/avatar\/4647b2714d43c09703afab402f554845ba42922ebe724cb9639d75cf44059553?s=96&d=blank&r=g","url":"https:\/\/secure.gravatar.com\/avatar\/4647b2714d43c09703afab402f554845ba42922ebe724cb9639d75cf44059553?s=96&d=blank&r=g","contentUrl":"https:\/\/secure.gravatar.com\/avatar\/4647b2714d43c09703afab402f554845ba42922ebe724cb9639d75cf44059553?s=96&d=blank&r=g","caption":"Plus de Foi"},"description":"Plus de Foi est une page cr\u00e9\u00e9e par des membres chr\u00e9tiens de l'\u00c9glise de J\u00e9sus-Christ des Saints des Derniers Jours. Nous publions des contenus sur comment nous vivons notre foi au quotidien et nous aimons partager nos croyances avec les personnes autour de nous.","url":"https:\/\/fr.elds.org\/lesmormons-net\/author\/giada\/"}]}},"_links":{"self":[{"href":"https:\/\/fr.elds.org\/lesmormons-net\/wp-json\/wp\/v2\/posts\/5600","targetHints":{"allow":["GET"]}}],"collection":[{"href":"https:\/\/fr.elds.org\/lesmormons-net\/wp-json\/wp\/v2\/posts"}],"about":[{"href":"https:\/\/fr.elds.org\/lesmormons-net\/wp-json\/wp\/v2\/types\/post"}],"author":[{"embeddable":true,"href":"https:\/\/fr.elds.org\/lesmormons-net\/wp-json\/wp\/v2\/users\/53"}],"replies":[{"embeddable":true,"href":"https:\/\/fr.elds.org\/lesmormons-net\/wp-json\/wp\/v2\/comments?post=5600"}],"version-history":[{"count":13,"href":"https:\/\/fr.elds.org\/lesmormons-net\/wp-json\/wp\/v2\/posts\/5600\/revisions"}],"predecessor-version":[{"id":8733,"href":"https:\/\/fr.elds.org\/lesmormons-net\/wp-json\/wp\/v2\/posts\/5600\/revisions\/8733"}],"wp:featuredmedia":[{"embeddable":true,"href":"https:\/\/fr.elds.org\/lesmormons-net\/wp-json\/wp\/v2\/media\/5631"}],"wp:attachment":[{"href":"https:\/\/fr.elds.org\/lesmormons-net\/wp-json\/wp\/v2\/media?parent=5600"}],"wp:term":[{"taxonomy":"category","embeddable":true,"href":"https:\/\/fr.elds.org\/lesmormons-net\/wp-json\/wp\/v2\/categories?post=5600"},{"taxonomy":"post_tag","embeddable":true,"href":"https:\/\/fr.elds.org\/lesmormons-net\/wp-json\/wp\/v2\/tags?post=5600"}],"curies":[{"name":"wp","href":"https:\/\/api.w.org\/{rel}","templated":true}]}}