{"id":5442,"date":"2017-05-15T05:30:39","date_gmt":"2017-05-15T03:30:39","guid":{"rendered":"https:\/\/fr.elds.org\/lesmormons-net\/?p=5442"},"modified":"2018-10-09T14:08:13","modified_gmt":"2018-10-09T12:08:13","slug":"portes-ouvertes-visiteurs-du-temple-de-paris-racontent","status":"publish","type":"post","link":"https:\/\/fr.elds.org\/lesmormons-net\/merged\/portes-ouvertes-visiteurs-du-temple-de-paris-racontent\/","title":{"rendered":"Portes-ouvertes du temple de Paris: ce que les visiteurs en ont dit"},"content":{"rendered":"<p>Les portes-ouvertes sont finies mais la visite du temple de Paris restera un grand moment pour de nombreux visiteurs. Les membres de l&rsquo;Eglise de J\u00e9sus-Christ des Saints des Derniers Jours, leurs amis ou coll\u00e8gues, les voisins du temple, les invit\u00e9s de marque, les simples passants, tous ont parl\u00e9 de la beaut\u00e9, de la magnificence, de l&rsquo;impression de paix qui se d\u00e9gage du b\u00e2timent et de ses jardins.<\/p>\n<div id=\"fb-root\"><\/div>\n<p><script>(function(d, s, id) {  var js, fjs = d.getElementsByTagName(s)[0];  if (d.getElementById(id)) return;  js = d.createElement(s); js.id = id;  js.src = 'https:\/\/connect.facebook.net\/en_US\/sdk.js#xfbml=1&version=v3.1';  fjs.parentNode.insertBefore(js, fjs);}(document, 'script', 'facebook-jssdk'));<\/script><\/p>\n<div class=\"fb-video\" data-href=\"https:\/\/www.facebook.com\/mormonsfrance\/videos\/1204012953041425\/\" data-width=\"1080\">\n<blockquote cite=\"https:\/\/www.facebook.com\/mormonsfrance\/videos\/1204012953041425\/\" class=\"fb-xfbml-parse-ignore\"><p><a href=\"https:\/\/www.facebook.com\/mormonsfrance\/videos\/1204012953041425\/\">Les voisins parlent de la beaut\u00e9 du temple mormon de Paris<\/a><\/p>\n<p>Les voisins parlent de la beaut\u00e9 du temple mormon de Paris, \u00e0 Versailles. Visitez le premier temple mormon en France, jusqu\u2019au samedi 13 mai 2017. Une occasion unique.Site de r\u00e9servations : https:\/\/templeopenhouse.lds.org Adresse : 46 Boulevard Saint Antoine &#8211; 78150 Le Chesnay<\/p>\n<p>Posted by <a href=\"https:\/\/www.facebook.com\/mormonsfrance\/\">\u00c9glise de J\u00e9sus-Christ des Saints des Derniers Jours<\/a> on Thursday, May 4, 2017<\/p><\/blockquote>\n<\/div>\n<p>&nbsp;<\/p>\n<p>De nombreux portraits et t\u00e9moignages ont \u00e9t\u00e9 recueillis, aussi bien par l&rsquo;\u00e9quipe de <em>LesMormons.net<\/em>, que par les responsables des portes-ouvertes. Mais \u00e9galement, d&rsquo;eux-m\u00eame, les saints qui ont visit\u00e9 le temple du Chesnay, ont partag\u00e9 en ligne le r\u00e9cit de leur visite ou du b\u00e9n\u00e9volat qu&rsquo;ils ont effectu\u00e9 en tant que guide, ou \u00e0 l&rsquo;accueil.<\/p>\n<p>Par exemple, le blog tenu par un jeune couple de SDJ fran\u00e7ais a en ligne leurs t\u00e9moignages sur leur visite. C&rsquo;est ici sur\u00a0<a href=\"https:\/\/vosvoisinssontmormons.blogspot.de\/2017\/04\/notre-experience-au-temple-de-paris.html?utm_source=feedburner&amp;utm_medium=email&amp;utm_campaign=Feed:+VosVoisinsSontMormons+(Vos+voisins+sont+Mormons+!)\" target=\"_blank\" rel=\"noopener noreferrer\">Vos voisins sont mormons<\/a>.<\/p>\n<p>Les t\u00e9moignages que nous avons recueillis peuvent \u00eatre lus sur la page facebook de Les Mormons\u00a0<a href=\"https:\/\/www.facebook.com\/Lesmormons.net\/posts\/1414000552000064\" target=\"_blank\" rel=\"noopener noreferrer\">ici<\/a> ou <a href=\"https:\/\/www.facebook.com\/pg\/Lesmormons.net\/photos\/?tab=album&amp;album_id=1398602023539917\">l\u00e0<\/a> ou sur celle d&rsquo;<a href=\"https:\/\/www.facebook.com\/pg\/eglisemormone.net\/photos\/?tab=album&amp;album_id=1860740550812905\">Eglise Mormone<\/a>. De plus, deux articles ont \u00e9t\u00e9 publi\u00e9s la semaine derni\u00e8re (<a href=\"https:\/\/lesmormons.net\/les-nouvelles\/locales\/voyage-aux-portes-ouvertes-du-temple-de-paris\/\">1<\/a> et <a href=\"https:\/\/lesmormons.net\/les-nouvelles\/locales\/autres-temoignages-temple-de-paris\" target=\"_blank\" rel=\"noopener noreferrer\">2<\/a>) sur un voyage en bus d&rsquo;une journ\u00e9e, organis\u00e9 par des membres de Gen\u00e8ve, avec des r\u00e9cits tr\u00e8s int\u00e9ressants et des points de vue compl\u00e9mentaires.<\/p>\n<p>En voici d&rsquo;autres, qui montrent combien le temple de Paris a une place \u00e0 part pour les membres francophones d&rsquo;Europe, et comment il a \u00ab\u00a0\u00e9bloui\u00a0\u00bb ceux qui ne sont pas de notre \u00e9glise:<\/p>\n<p>&nbsp;<\/p>\n<h3>T\u00e9moignages de membres de l&rsquo;Eglise de J\u00e9sus-Christ des Saints des Derniers Jours:<\/h3>\n<h4>T\u00e9moignage de SAM, habitante de la r\u00e9gion parisienne:<\/h4>\n<p>\u00ab\u00a0J\u2019accompagne des amis chesnaysiens que je connais depuis plus de 35 ans lors d\u2019une visite guid\u00e9e du Temple. Les explications de notre guide sont claires, pr\u00e9cises, et adapt\u00e9es. Les orages et gr\u00ealons de la fin d\u2019apr\u00e8s-midi se sont dissip\u00e9s pour nous permettre de faire une visite sous un ciel cl\u00e9ment. Les rayons du soleil traversent les vitraux pour \u00e9clairer les pi\u00e8ces d\u2019une lumi\u00e8re magnifique. Nous finissons dans le futur centre de g\u00e9n\u00e9alogie, qui captive et motive nombre de personnes, l\u2019occasion de les inviter \u00e0 ouvrir un compte sur Familysearch. J\u2019ai \u00e9t\u00e9 tr\u00e8s heureuse d\u2019offrir \u00e0 mes amis cette opportunit\u00e9 de voir le Temple et d\u2019\u00f4ter certains myst\u00e8res de leur esprit autour de la religion mormone, en tentant de r\u00e9pondre le plus simplement possible \u00e0 leurs questions.<\/p>\n<p>\u00c9voquant le d\u00e9c\u00e8s d\u2019un proche, une des personnes de ce groupe d\u2019amis avait du mal \u00e0 concevoir qu\u2019il pourra ressusciter un jour. J\u2019ai pu lui dire que tout comme le Christ est ressuscit\u00e9, nous ressusciterons \u00e9galement, notre corps \u00e9tant r\u00e9uni \u00e0 notre esprit. J\u2019ai \u00e9voqu\u00e9 la r\u00e9surrection du Christ et le moment o\u00f9 il se montre aux disciples et leur dit : \u00ab Venez, touchez et voyez les marques des clous dans mes mains et pieds \u00bb (voir Luc 24 :39 : Voyez mes mains et mes pieds, c&rsquo;est bien moi; touchez-moi et voyez: un esprit n&rsquo;a ni chair ni os, comme vous voyez que j&rsquo;ai.) Il est fr\u00e9quent de rencontrer des chr\u00e9tiens qui acceptent la r\u00e9surrection du Christ mais qui ont du mal \u00e0 concevoir leur propre r\u00e9surrection, notamment lorsque l\u2019incin\u00e9ration est choisie. Lors de cette visite, en diff\u00e9rents endroits du Temple, j\u2019ai pu partager en quoi la r\u00e9surrection s\u2019applique de la m\u00eame fa\u00e7on \u00e0 nous ; le miracle de la r\u00e9surrection, c\u2019est que pas un cheveu de notre t\u00eate ne sera perdu.\u00a0\u00bb<\/p>\n<h5><\/h5>\n<h4>Momo DJEMAI \u2013 Pieu Paris-Sud,\u00a025 avril 2017<\/h4>\n<p>Le Temple de Paris est enfin construit. Il sera consacr\u00e9 prochainement comme la Maison du Seigneur.\u00a0J\u2019ai eu la joie de le visiter avec des personnalit\u00e9s et avec ma famille. Les visiteurs sont \u00e9merveill\u00e9s non seulement par la splendeur, mais encore plus par l\u2019esprit de paix qui y r\u00e8gne. Leurs commentaires t\u00e9moignent que l\u2019\u0153uvre du temple est r\u00e9v\u00e9l\u00e9e par Dieu \u00e0 ses proph\u00e8tes pour le salut de tous Ses enfants. Quelle joie pour ma famille et pour moi-m\u00eame d\u2019avoir pu le visiter avant sa cons\u00e9cration. J\u2019invite tous les membres et leurs amis \u00e0 le faire. Ils auront une exp\u00e9rience merveilleuse.<\/p>\n<div id=\"attachment_5547\" style=\"width: 235px\" class=\"wp-caption aligncenter\"><img fetchpriority=\"high\" fetchpriority=\"high\" decoding=\"async\" aria-describedby=\"caption-attachment-5547\" class=\"wp-image-5547 size-medium\" src=\"https:\/\/fr.elds.org\/lesmormons-net\/files\/2017\/05\/famille-djemai-article-225x300.jpg\" alt=\"la famille Djemai s'est rendu au temple de Paris lors des visites guid\u00e9es\" width=\"225\" height=\"300\" srcset=\"https:\/\/fr.elds.org\/lesmormons-net\/files\/2017\/05\/famille-djemai-article-225x300.jpg 225w, https:\/\/fr.elds.org\/lesmormons-net\/files\/2017\/05\/famille-djemai-article-768x1024.jpg 768w, https:\/\/fr.elds.org\/lesmormons-net\/files\/2017\/05\/famille-djemai-article.jpg 816w\" sizes=\"(max-width: 225px) 100vw, 225px\" \/><p id=\"caption-attachment-5547\" class=\"wp-caption-text\">La famille Djemai<\/p><\/div>\n<h5><\/h5>\n<h4>T\u00e9moignage de Nathalie, habitant pr\u00e8s de Gen\u00e8ve.<\/h4>\n<p><span style=\"font-weight: 400\">Lorsque je vais au temple, c\u2019est toujours un moment sp\u00e9cial. J\u2019y ressens de la paix. C\u2019est comme une douce parenth\u00e8se dans une vie tr\u00e9pidante qui me permet de passer un moment \u00e0 comprendre un peu plus quel est le but de cette vie, o\u00f9 je vais, ce que je fais, pourquoi je le fais et aussi \u00e0 ressentir l\u2019amour de Dieu. <\/span><\/p>\n<p><span style=\"font-weight: 400\">J\u2019ai pu assister aux portes ouvertes du temple de Paris et j\u2019en suis tr\u00e8s reconnaissante car chaque temple est un lieu sp\u00e9cial pour nous, membres de l\u2019Eglise de J\u00e9sus-Christ des Saints des Derniers Jours. Il repr\u00e9sente la maison de notre P\u00e8re c\u00e9leste, ici, sur terre. <\/span><\/p>\n<p><span style=\"font-weight: 400\">Lors de ma visite du temple de Paris, j\u2019y ai ressenti les m\u00eames choses que ce que je ressens dans n\u2019importe quel autre temple \u00e0 travers le monde\u00a0: de la paix, de l\u2019amour et, \u00e0 travers tous les symboles pr\u00e9sents dans la d\u00e9coration, l\u2019am\u00e9nagement et l\u2019agencement des salles, une perspective de la vie qui m\u2019aide \u00e0 me rapprocher de mon P\u00e8re c\u00e9leste.<\/span><\/p>\n<p><span style=\"font-weight: 400\">Les ordonnances que nous accomplissons dans les temples nous permettent de lier chaque membre de notre famille, les uns aux autres, pour l\u2019\u00e9ternit\u00e9. Derni\u00e8rement, j\u2019ai d\u00e9couvert que certains de mes anc\u00eatres sont n\u00e9s et ont v\u00e9cu \u00e0 Paris. J\u2019esp\u00e8re donc pouvoir retourner dans ce temple, lorsqu\u2019il sera consacr\u00e9, pour pouvoir y accomplir les ordonnances pour eux dans la ville o\u00f9 ils ont vu le jour.<\/span><\/p>\n<p><img decoding=\"async\" class=\"aligncenter size-full wp-image-5561\" src=\"https:\/\/fr.elds.org\/lesmormons-net\/files\/2017\/05\/jardins-du-temple-depuis-fontaine-du-bas.jpg\" alt=\"temple de Paris: t\u00e9moignages de visiteurs durant les portes-ouvertes\" width=\"948\" height=\"542\" srcset=\"https:\/\/fr.elds.org\/lesmormons-net\/files\/2017\/05\/jardins-du-temple-depuis-fontaine-du-bas.jpg 948w, https:\/\/fr.elds.org\/lesmormons-net\/files\/2017\/05\/jardins-du-temple-depuis-fontaine-du-bas-300x172.jpg 300w, https:\/\/fr.elds.org\/lesmormons-net\/files\/2017\/05\/jardins-du-temple-depuis-fontaine-du-bas-768x439.jpg 768w\" sizes=\"(max-width: 948px) 100vw, 948px\" \/><\/p>\n<h5><\/h5>\n<h4>T\u00e9moignage de Jean-Christophe, paroisse d&rsquo;Antony:<\/h4>\n<p>Lors d&rsquo;une visite du Temple de Paris, j&rsquo;ai \u00e9t\u00e9 particuli\u00e8rement touch\u00e9. D&rsquo;abord nous avons \u00e9t\u00e9 accueillis dans la salle de vid\u00e9o (au d\u00e9but de la visite guid\u00e9e), et la s\u0153ur qui nous parlait \u00e9t\u00e9 une membre de Neuch\u00e2tel o\u00f9 j&rsquo;avais servi en mission il y a quelques ann\u00e9es. Elle \u00e9tait maintenant \u00e0 son tour missionnaire. Cela m&rsquo;a fait plaisir de la voir. Ensuite, il y avait dans le groupe un fr\u00e8re \u00e2g\u00e9 qui \u00e9tait venu avec son fils membre de l&rsquo;\u00e9glise lui aussi, et sa belle-fille qui n&rsquo;\u00e9tait pas membre. Il a dit qu&rsquo;il avait pri\u00e9 pour ne pas mourir sans voir le temple et sa pri\u00e8re \u00e9tait exauc\u00e9e! Je ressentais un bon esprit en leur compagnie et je suis certain que cette personne qui n&rsquo;est pas membre de l&rsquo;\u00e9glise a pu le ressentir aussi. Dans la salle de scellement, j&rsquo;ai ressenti que le scellement \u00e9tait vraiment une union faite avec autorit\u00e9, et le fait de voir des personnes qui, je pense, n&rsquo;\u00e9taient pas membres de l&rsquo;\u00e9glise, \u00e9couter et \u00eatre touch\u00e9es par l&rsquo;esprit m&rsquo;a moi-aussi touch\u00e9. Je sais que l&rsquo;\u00e9glise est la v\u00e9ritable \u00e9glise du Christ, et qu&rsquo;Il dirige cette \u0153uvre. De plus il a conf\u00e9r\u00e9 son autorit\u00e9 pour accomplir les alliances dans le temple. J&rsquo;\u00e9tais vraiment heureux d&rsquo;\u00eatre l\u00e0 au temple et que tant de personnes de l&rsquo;ext\u00e9rieur puissent en profiter aussi.<\/p>\n<p>&nbsp;<\/p>\n<h4 id=\"m_6442667746903852658yui_3_16_0_ym19_1_1493649242032_2961\" align=\"justify\"><strong>T\u00e9moignage de Barbara, membre de la paroisse de Versailles:<\/strong><\/h4>\n<div id=\"m_6442667746903852658yui_3_16_0_ym19_1_1493649242032_2961\" lang=\"zxx\" align=\"justify\"><span id=\"m_6442667746903852658yui_3_16_0_ym19_1_1493649242032_2962\">Quand j&rsquo;\u00e9tais enfant, je jouais \u00e0 la princesse et j&rsquo;imaginais habiter dans le merveilleux ch\u00e2teau de Versailles. Je n&rsquo;aurais jamais imagin\u00e9 vivre \u00e0 quelques m\u00e8tres du palais de mes r\u00eaves et avec mes enfants, je me prom\u00e8ne dans les jardins royaux aussi souvent que possible, entour\u00e9e par une beaut\u00e9 \u00e9ternelle hors du temps.<\/span><\/div>\n<div id=\"m_6442667746903852658yui_3_16_0_ym19_1_1493649242032_2963\" lang=\"zxx\" align=\"justify\"><span id=\"m_6442667746903852658yui_3_16_0_ym19_1_1493649242032_2964\">L&rsquo;autre endroit de pure beaut\u00e9 o\u00f9 je me sens bien, en paix et en s\u00e9curit\u00e9, c&rsquo;est dans le Temple du Seigneur. Depuis quelques jours, j&rsquo;ai l&rsquo;incroyable b\u00e9n\u00e9diction d&rsquo;avoir cette Maison du Tr\u00e8s Haut \u00e0 c\u00f4t\u00e9 du ch\u00e2teau de Versailles. L&rsquo;\u00e9l\u00e9gance d\u00e9licate de l&rsquo;ext\u00e9rieur est dans la continuit\u00e9 du style de Le Vau et Hardouin-Mansart. Les vitraux fleuris irradient la lumi\u00e8re avec grace et majest\u00e9, et donne l&rsquo;impression d&rsquo;\u00eatre dans les cieux.<\/span><\/div>\n<div id=\"m_6442667746903852658yui_3_16_0_ym19_1_1493649242032_2965\" lang=\"zxx\" align=\"justify\"><span id=\"m_6442667746903852658yui_3_16_0_ym19_1_1493649242032_2966\">L\u00e0, je retrouve ma vraie identit\u00e9 de femme, de fille du P\u00e8re C\u00e9leste qui d\u00e9sire pour moi, et ma post\u00e9rit\u00e9, un chemin de lumi\u00e8re, pour \u00e9clairer la vie ici-bas et retourner un jour \u00e0 la maison pr\u00e8s de Lui, en gloire.\u00a0<\/span><\/div>\n<div lang=\"zxx\" align=\"justify\"><\/div>\n<div lang=\"zxx\" align=\"justify\">\n<div id=\"attachment_5517\" style=\"width: 235px\" class=\"wp-caption aligncenter\"><img decoding=\"async\" aria-describedby=\"caption-attachment-5517\" class=\"wp-image-5517 size-medium\" src=\"https:\/\/fr.elds.org\/lesmormons-net\/files\/2017\/05\/famille-barbara-article-225x300.jpg\" alt=\"la famille Chertier lors de leur visite au temple de Paris\" width=\"225\" height=\"300\" srcset=\"https:\/\/fr.elds.org\/lesmormons-net\/files\/2017\/05\/famille-barbara-article-225x300.jpg 225w, https:\/\/fr.elds.org\/lesmormons-net\/files\/2017\/05\/famille-barbara-article.jpg 459w\" sizes=\"(max-width: 225px) 100vw, 225px\" \/><p id=\"caption-attachment-5517\" class=\"wp-caption-text\">La famille Chertier dans les jardins du temple<\/p><\/div>\n<\/div>\n<h3>T\u00e9moignages de visiteurs non mormons:<\/h3>\n<h4 id=\"m_6442667746903852658yui_3_16_0_ym19_1_1493649242032_2965\" align=\"justify\"><span id=\"m_6442667746903852658yui_3_16_0_ym19_1_1493649242032_3385\">Raphael Chertier (\u00e9poux de Barbara qui a t\u00e9moign\u00e9 ci-dessus):<\/span><\/h4>\n<div id=\"m_6442667746903852658yui_3_16_0_ym19_1_1493649242032_3371\">\n<div id=\"m_6442667746903852658yui_3_16_0_ym19_1_1493649242032_3372\">\n<div id=\"m_6442667746903852658yui_3_16_0_ym19_1_1493649242032_3373\">\n<div id=\"m_6442667746903852658yui_3_16_0_ym19_1_1493649242032_3374\" dir=\"ltr\">De l\u2019ext\u00e9rieur, le temple est tr\u00e8s discret : en grande partie cach\u00e9 derri\u00e8re une contre-all\u00e9e, son style s\u2019int\u00e8gre parfaitement parmi les constructions de cette avenue passante. A l\u2019int\u00e9rieur, les lignes sont sobres, les mat\u00e9riaux de couleurs claires d\u2019une qualit\u00e9 exceptionnelle. Tous les \u00e9l\u00e9ments sont polis et ajust\u00e9s avec une grande pr\u00e9cision dans un ensemble sans d\u00e9faut. Les luminaires sont magnifiques et la lumi\u00e8re se refl\u00e8te sur toutes les surfaces. Le mobilier est de grand style ; on comprend qu\u2019il n\u2019\u00e9tait pas permis d\u2019en profiter lors de cette visite. De pi\u00e8ce en pi\u00e8ce et \u00e0 chaque pas, on ne peut que se r\u00e9jouir d\u2019\u00eatre l\u00e0 et voir, ou ressentir, la beaut\u00e9 et la tranquillit\u00e9 de ce lieu.<\/div>\n<h5><\/h5>\n<h4>Florent, 17 ans, r\u00e9gion parisienne<\/h4>\n<div dir=\"ltr\">C&rsquo;est un magnifique temple, tr\u00e8s bien fait. Je n&rsquo;ai pas vu de d\u00e9fauts dans la construction. Belle d\u00e9coration. Impressionnant.<\/div>\n<h5><\/h5>\n<h4>Groupe de jeunes catholiques de Versailles:<\/h4>\n<\/div>\n<div dir=\"ltr\">Un endroit tr\u00e8s paisible et propice au recueillement. Des jardins tr\u00e8s beaux et lumineux. Une belle r\u00e9ussite architecturale, qui donne une ouverture sur une nouvelle religion, un nouveau mode de culte. Un univers tr\u00e8s pieu.<\/div>\n<\/div>\n<\/div>\n<div dir=\"ltr\"><\/div>\n<div dir=\"ltr\"><img loading=\"lazy\" loading=\"lazy\" decoding=\"async\" class=\"aligncenter size-full wp-image-5558\" src=\"https:\/\/fr.elds.org\/lesmormons-net\/files\/2017\/05\/jardins-temple-paris-fontaine.jpg\" alt=\"fontaine dans les jardins du temple de Paris\" width=\"948\" height=\"542\" srcset=\"https:\/\/fr.elds.org\/lesmormons-net\/files\/2017\/05\/jardins-temple-paris-fontaine.jpg 948w, https:\/\/fr.elds.org\/lesmormons-net\/files\/2017\/05\/jardins-temple-paris-fontaine-300x172.jpg 300w, https:\/\/fr.elds.org\/lesmormons-net\/files\/2017\/05\/jardins-temple-paris-fontaine-768x439.jpg 768w\" sizes=\"(max-width: 948px) 100vw, 948px\" \/><\/div>\n<div dir=\"ltr\"><\/div>\n<div dir=\"ltr\">Comme l&rsquo;avez lu, le temple est un b\u00e2timent qui pla\u00eet \u00e0 beaucoup de monde. Il int\u00e9resse et int\u00e9ressera des personnes qui ne connaissent pas l\u2019\u00c9glise de J\u00e9sus-Christ des Saints des Derniers Jours. Le centre de visiteurs et le centre de g\u00e9n\u00e9alogie continueront \u00e0 accueillir ceux qui ont des questions sur le temple et sur nos croyances, et les jardins seront un havre de paix pour les habitants du quartier.<\/div>\n<div dir=\"ltr\"><\/div>\n<div dir=\"ltr\">Ch\u00e8res s\u0153urs, chers fr\u00e8res, venez au temple le plus r\u00e9guli\u00e8rement possible. Les fran\u00e7ais l&rsquo;ont attendu depuis longtemps, alors maintenant qu&rsquo;il est construit, soyons-lui fid\u00e8le!!! Vous trouverez <a href=\"https:\/\/www.lds.org\/church\/temples\/paris-france?lang=fra\" rel=\"nofollow\">sur cette page<\/a> toutes les informations pour venir au temple de Paris.<\/div>\n<div dir=\"ltr\"><\/div>\n","protected":false},"excerpt":{"rendered":"<p>Les visiteurs du temple de Paris pendant les portes-ouvertes, SDJ ou non-membres, ont exprim\u00e9 leur admiration pour ce b\u00e2timent. <\/p>\n","protected":false},"author":53,"featured_media":5556,"comment_status":"open","ping_status":"closed","sticky":false,"template":"","format":"standard","meta":{"_et_pb_use_builder":"","_et_pb_old_content":"","_et_gb_content_width":"","footnotes":""},"categories":[455],"tags":[69,155,140],"class_list":["post-5442","post","type-post","status-publish","format-standard","has-post-thumbnail","hentry","category-merged","tag-temple","tag-temoignage","tag-temple-de-paris","et-has-post-format-content","et_post_format-et-post-format-standard"],"yoast_head":"<!-- This site is optimized with the Yoast SEO plugin v27.4 - https:\/\/yoast.com\/product\/yoast-seo-wordpress\/ -->\n<title>Les visiteurs du temple de Paris racontent leur exp\u00e9rience<\/title>\n<meta name=\"description\" content=\"Les visiteurs du temple de Paris pendant les portes-ouvertes, SDJ ou non-membres, ont exprim\u00e9 leur admiration pour ce b\u00e2timent.\" \/>\n<meta name=\"robots\" content=\"index, follow, max-snippet:-1, max-image-preview:large, max-video-preview:-1\" \/>\n<link rel=\"canonical\" href=\"https:\/\/fr.elds.org\/lesmormons-net\/merged\/portes-ouvertes-visiteurs-du-temple-de-paris-racontent\/\" \/>\n<meta property=\"og:locale\" content=\"fr_FR\" \/>\n<meta property=\"og:type\" content=\"article\" \/>\n<meta property=\"og:title\" content=\"Les visiteurs du temple de Paris racontent leur exp\u00e9rience\" \/>\n<meta property=\"og:description\" content=\"Les visiteurs du temple de Paris pendant les portes-ouvertes, SDJ ou non-membres, ont exprim\u00e9 leur admiration pour ce b\u00e2timent.\" \/>\n<meta property=\"og:url\" content=\"https:\/\/fr.elds.org\/lesmormons-net\/merged\/portes-ouvertes-visiteurs-du-temple-de-paris-racontent\/\" \/>\n<meta property=\"og:site_name\" content=\"Les Mormons\" \/>\n<meta property=\"article:published_time\" content=\"2017-05-15T03:30:39+00:00\" \/>\n<meta property=\"article:modified_time\" content=\"2018-10-09T12:08:13+00:00\" \/>\n<meta property=\"og:image\" content=\"https:\/\/fr.elds.org\/lesmormons-net\/files\/2017\/05\/jardin-du-temple-de-paris.jpg\" \/>\n\t<meta property=\"og:image:width\" content=\"948\" \/>\n\t<meta property=\"og:image:height\" content=\"542\" \/>\n\t<meta property=\"og:image:type\" content=\"image\/jpeg\" \/>\n<meta name=\"author\" content=\"Plus de Foi\" \/>\n<meta name=\"twitter:card\" content=\"summary_large_image\" \/>\n<meta name=\"twitter:label1\" content=\"\u00c9crit par\" \/>\n\t<meta name=\"twitter:data1\" content=\"Plus de Foi\" \/>\n\t<meta name=\"twitter:label2\" content=\"Dur\u00e9e de lecture estim\u00e9e\" \/>\n\t<meta name=\"twitter:data2\" content=\"9 minutes\" \/>\n<script type=\"application\/ld+json\" class=\"yoast-schema-graph\">{\"@context\":\"https:\\\/\\\/schema.org\",\"@graph\":[{\"@type\":\"Article\",\"@id\":\"https:\\\/\\\/fr.elds.org\\\/lesmormons-net\\\/merged\\\/portes-ouvertes-visiteurs-du-temple-de-paris-racontent\\\/#article\",\"isPartOf\":{\"@id\":\"https:\\\/\\\/fr.elds.org\\\/lesmormons-net\\\/merged\\\/portes-ouvertes-visiteurs-du-temple-de-paris-racontent\\\/\"},\"author\":{\"name\":\"Plus de Foi\",\"@id\":\"https:\\\/\\\/fr.elds.org\\\/lesmormons-net\\\/#\\\/schema\\\/person\\\/21d1cc3e5996143ad0f655979783dfc3\"},\"headline\":\"Portes-ouvertes du temple de Paris: ce que les visiteurs en ont dit\",\"datePublished\":\"2017-05-15T03:30:39+00:00\",\"dateModified\":\"2018-10-09T12:08:13+00:00\",\"mainEntityOfPage\":{\"@id\":\"https:\\\/\\\/fr.elds.org\\\/lesmormons-net\\\/merged\\\/portes-ouvertes-visiteurs-du-temple-de-paris-racontent\\\/\"},\"wordCount\":1889,\"commentCount\":1,\"image\":{\"@id\":\"https:\\\/\\\/fr.elds.org\\\/lesmormons-net\\\/merged\\\/portes-ouvertes-visiteurs-du-temple-de-paris-racontent\\\/#primaryimage\"},\"thumbnailUrl\":\"https:\\\/\\\/fr.elds.org\\\/lesmormons-net\\\/files\\\/2017\\\/05\\\/jardin-du-temple-de-paris.jpg\",\"keywords\":[\"ce qu'il faut savoir sur le temple\",\"t\u00e9moignage\",\"Temple de Paris\"],\"articleSection\":[\"Merging Articles\"],\"inLanguage\":\"fr-FR\",\"potentialAction\":[{\"@type\":\"CommentAction\",\"name\":\"Comment\",\"target\":[\"https:\\\/\\\/fr.elds.org\\\/lesmormons-net\\\/merged\\\/portes-ouvertes-visiteurs-du-temple-de-paris-racontent\\\/#respond\"]}]},{\"@type\":\"WebPage\",\"@id\":\"https:\\\/\\\/fr.elds.org\\\/lesmormons-net\\\/merged\\\/portes-ouvertes-visiteurs-du-temple-de-paris-racontent\\\/\",\"url\":\"https:\\\/\\\/fr.elds.org\\\/lesmormons-net\\\/merged\\\/portes-ouvertes-visiteurs-du-temple-de-paris-racontent\\\/\",\"name\":\"Les visiteurs du temple de Paris racontent leur exp\u00e9rience\",\"isPartOf\":{\"@id\":\"https:\\\/\\\/fr.elds.org\\\/lesmormons-net\\\/#website\"},\"primaryImageOfPage\":{\"@id\":\"https:\\\/\\\/fr.elds.org\\\/lesmormons-net\\\/merged\\\/portes-ouvertes-visiteurs-du-temple-de-paris-racontent\\\/#primaryimage\"},\"image\":{\"@id\":\"https:\\\/\\\/fr.elds.org\\\/lesmormons-net\\\/merged\\\/portes-ouvertes-visiteurs-du-temple-de-paris-racontent\\\/#primaryimage\"},\"thumbnailUrl\":\"https:\\\/\\\/fr.elds.org\\\/lesmormons-net\\\/files\\\/2017\\\/05\\\/jardin-du-temple-de-paris.jpg\",\"datePublished\":\"2017-05-15T03:30:39+00:00\",\"dateModified\":\"2018-10-09T12:08:13+00:00\",\"author\":{\"@id\":\"https:\\\/\\\/fr.elds.org\\\/lesmormons-net\\\/#\\\/schema\\\/person\\\/21d1cc3e5996143ad0f655979783dfc3\"},\"description\":\"Les visiteurs du temple de Paris pendant les portes-ouvertes, SDJ ou non-membres, ont exprim\u00e9 leur admiration pour ce b\u00e2timent.\",\"breadcrumb\":{\"@id\":\"https:\\\/\\\/fr.elds.org\\\/lesmormons-net\\\/merged\\\/portes-ouvertes-visiteurs-du-temple-de-paris-racontent\\\/#breadcrumb\"},\"inLanguage\":\"fr-FR\",\"potentialAction\":[{\"@type\":\"ReadAction\",\"target\":[\"https:\\\/\\\/fr.elds.org\\\/lesmormons-net\\\/merged\\\/portes-ouvertes-visiteurs-du-temple-de-paris-racontent\\\/\"]}]},{\"@type\":\"ImageObject\",\"inLanguage\":\"fr-FR\",\"@id\":\"https:\\\/\\\/fr.elds.org\\\/lesmormons-net\\\/merged\\\/portes-ouvertes-visiteurs-du-temple-de-paris-racontent\\\/#primaryimage\",\"url\":\"https:\\\/\\\/fr.elds.org\\\/lesmormons-net\\\/files\\\/2017\\\/05\\\/jardin-du-temple-de-paris.jpg\",\"contentUrl\":\"https:\\\/\\\/fr.elds.org\\\/lesmormons-net\\\/files\\\/2017\\\/05\\\/jardin-du-temple-de-paris.jpg\",\"width\":948,\"height\":542,\"caption\":\"jardin du temple mormon de Paris, situ\u00e9 au Chesnay\"},{\"@type\":\"BreadcrumbList\",\"@id\":\"https:\\\/\\\/fr.elds.org\\\/lesmormons-net\\\/merged\\\/portes-ouvertes-visiteurs-du-temple-de-paris-racontent\\\/#breadcrumb\",\"itemListElement\":[{\"@type\":\"ListItem\",\"position\":1,\"name\":\"Home\",\"item\":\"https:\\\/\\\/fr.elds.org\\\/lesmormons-net\\\/\"},{\"@type\":\"ListItem\",\"position\":2,\"name\":\"Portes-ouvertes du temple de Paris: ce que les visiteurs en ont dit\"}]},{\"@type\":\"WebSite\",\"@id\":\"https:\\\/\\\/fr.elds.org\\\/lesmormons-net\\\/#website\",\"url\":\"https:\\\/\\\/fr.elds.org\\\/lesmormons-net\\\/\",\"name\":\"Les Mormons\",\"description\":\"Les mormons au quotidien\",\"potentialAction\":[{\"@type\":\"SearchAction\",\"target\":{\"@type\":\"EntryPoint\",\"urlTemplate\":\"https:\\\/\\\/fr.elds.org\\\/lesmormons-net\\\/?s={search_term_string}\"},\"query-input\":{\"@type\":\"PropertyValueSpecification\",\"valueRequired\":true,\"valueName\":\"search_term_string\"}}],\"inLanguage\":\"fr-FR\"},{\"@type\":\"Person\",\"@id\":\"https:\\\/\\\/fr.elds.org\\\/lesmormons-net\\\/#\\\/schema\\\/person\\\/21d1cc3e5996143ad0f655979783dfc3\",\"name\":\"Plus de Foi\",\"image\":{\"@type\":\"ImageObject\",\"inLanguage\":\"fr-FR\",\"@id\":\"https:\\\/\\\/secure.gravatar.com\\\/avatar\\\/4647b2714d43c09703afab402f554845ba42922ebe724cb9639d75cf44059553?s=96&d=blank&r=g\",\"url\":\"https:\\\/\\\/secure.gravatar.com\\\/avatar\\\/4647b2714d43c09703afab402f554845ba42922ebe724cb9639d75cf44059553?s=96&d=blank&r=g\",\"contentUrl\":\"https:\\\/\\\/secure.gravatar.com\\\/avatar\\\/4647b2714d43c09703afab402f554845ba42922ebe724cb9639d75cf44059553?s=96&d=blank&r=g\",\"caption\":\"Plus de Foi\"},\"description\":\"Plus de Foi est une page cr\u00e9\u00e9e par des membres chr\u00e9tiens de l'\u00c9glise de J\u00e9sus-Christ des Saints des Derniers Jours. Nous publions des contenus sur comment nous vivons notre foi au quotidien et nous aimons partager nos croyances avec les personnes autour de nous.\",\"url\":\"https:\\\/\\\/fr.elds.org\\\/lesmormons-net\\\/author\\\/giada\\\/\"}]}<\/script>\n<!-- \/ Yoast SEO plugin. -->","yoast_head_json":{"title":"Les visiteurs du temple de Paris racontent leur exp\u00e9rience","description":"Les visiteurs du temple de Paris pendant les portes-ouvertes, SDJ ou non-membres, ont exprim\u00e9 leur admiration pour ce b\u00e2timent.","robots":{"index":"index","follow":"follow","max-snippet":"max-snippet:-1","max-image-preview":"max-image-preview:large","max-video-preview":"max-video-preview:-1"},"canonical":"https:\/\/fr.elds.org\/lesmormons-net\/merged\/portes-ouvertes-visiteurs-du-temple-de-paris-racontent\/","og_locale":"fr_FR","og_type":"article","og_title":"Les visiteurs du temple de Paris racontent leur exp\u00e9rience","og_description":"Les visiteurs du temple de Paris pendant les portes-ouvertes, SDJ ou non-membres, ont exprim\u00e9 leur admiration pour ce b\u00e2timent.","og_url":"https:\/\/fr.elds.org\/lesmormons-net\/merged\/portes-ouvertes-visiteurs-du-temple-de-paris-racontent\/","og_site_name":"Les Mormons","article_published_time":"2017-05-15T03:30:39+00:00","article_modified_time":"2018-10-09T12:08:13+00:00","og_image":[{"width":948,"height":542,"url":"https:\/\/fr.elds.org\/lesmormons-net\/files\/2017\/05\/jardin-du-temple-de-paris.jpg","type":"image\/jpeg"}],"author":"Plus de Foi","twitter_card":"summary_large_image","twitter_misc":{"\u00c9crit par":"Plus de Foi","Dur\u00e9e de lecture estim\u00e9e":"9 minutes"},"schema":{"@context":"https:\/\/schema.org","@graph":[{"@type":"Article","@id":"https:\/\/fr.elds.org\/lesmormons-net\/merged\/portes-ouvertes-visiteurs-du-temple-de-paris-racontent\/#article","isPartOf":{"@id":"https:\/\/fr.elds.org\/lesmormons-net\/merged\/portes-ouvertes-visiteurs-du-temple-de-paris-racontent\/"},"author":{"name":"Plus de Foi","@id":"https:\/\/fr.elds.org\/lesmormons-net\/#\/schema\/person\/21d1cc3e5996143ad0f655979783dfc3"},"headline":"Portes-ouvertes du temple de Paris: ce que les visiteurs en ont dit","datePublished":"2017-05-15T03:30:39+00:00","dateModified":"2018-10-09T12:08:13+00:00","mainEntityOfPage":{"@id":"https:\/\/fr.elds.org\/lesmormons-net\/merged\/portes-ouvertes-visiteurs-du-temple-de-paris-racontent\/"},"wordCount":1889,"commentCount":1,"image":{"@id":"https:\/\/fr.elds.org\/lesmormons-net\/merged\/portes-ouvertes-visiteurs-du-temple-de-paris-racontent\/#primaryimage"},"thumbnailUrl":"https:\/\/fr.elds.org\/lesmormons-net\/files\/2017\/05\/jardin-du-temple-de-paris.jpg","keywords":["ce qu'il faut savoir sur le temple","t\u00e9moignage","Temple de Paris"],"articleSection":["Merging Articles"],"inLanguage":"fr-FR","potentialAction":[{"@type":"CommentAction","name":"Comment","target":["https:\/\/fr.elds.org\/lesmormons-net\/merged\/portes-ouvertes-visiteurs-du-temple-de-paris-racontent\/#respond"]}]},{"@type":"WebPage","@id":"https:\/\/fr.elds.org\/lesmormons-net\/merged\/portes-ouvertes-visiteurs-du-temple-de-paris-racontent\/","url":"https:\/\/fr.elds.org\/lesmormons-net\/merged\/portes-ouvertes-visiteurs-du-temple-de-paris-racontent\/","name":"Les visiteurs du temple de Paris racontent leur exp\u00e9rience","isPartOf":{"@id":"https:\/\/fr.elds.org\/lesmormons-net\/#website"},"primaryImageOfPage":{"@id":"https:\/\/fr.elds.org\/lesmormons-net\/merged\/portes-ouvertes-visiteurs-du-temple-de-paris-racontent\/#primaryimage"},"image":{"@id":"https:\/\/fr.elds.org\/lesmormons-net\/merged\/portes-ouvertes-visiteurs-du-temple-de-paris-racontent\/#primaryimage"},"thumbnailUrl":"https:\/\/fr.elds.org\/lesmormons-net\/files\/2017\/05\/jardin-du-temple-de-paris.jpg","datePublished":"2017-05-15T03:30:39+00:00","dateModified":"2018-10-09T12:08:13+00:00","author":{"@id":"https:\/\/fr.elds.org\/lesmormons-net\/#\/schema\/person\/21d1cc3e5996143ad0f655979783dfc3"},"description":"Les visiteurs du temple de Paris pendant les portes-ouvertes, SDJ ou non-membres, ont exprim\u00e9 leur admiration pour ce b\u00e2timent.","breadcrumb":{"@id":"https:\/\/fr.elds.org\/lesmormons-net\/merged\/portes-ouvertes-visiteurs-du-temple-de-paris-racontent\/#breadcrumb"},"inLanguage":"fr-FR","potentialAction":[{"@type":"ReadAction","target":["https:\/\/fr.elds.org\/lesmormons-net\/merged\/portes-ouvertes-visiteurs-du-temple-de-paris-racontent\/"]}]},{"@type":"ImageObject","inLanguage":"fr-FR","@id":"https:\/\/fr.elds.org\/lesmormons-net\/merged\/portes-ouvertes-visiteurs-du-temple-de-paris-racontent\/#primaryimage","url":"https:\/\/fr.elds.org\/lesmormons-net\/files\/2017\/05\/jardin-du-temple-de-paris.jpg","contentUrl":"https:\/\/fr.elds.org\/lesmormons-net\/files\/2017\/05\/jardin-du-temple-de-paris.jpg","width":948,"height":542,"caption":"jardin du temple mormon de Paris, situ\u00e9 au Chesnay"},{"@type":"BreadcrumbList","@id":"https:\/\/fr.elds.org\/lesmormons-net\/merged\/portes-ouvertes-visiteurs-du-temple-de-paris-racontent\/#breadcrumb","itemListElement":[{"@type":"ListItem","position":1,"name":"Home","item":"https:\/\/fr.elds.org\/lesmormons-net\/"},{"@type":"ListItem","position":2,"name":"Portes-ouvertes du temple de Paris: ce que les visiteurs en ont dit"}]},{"@type":"WebSite","@id":"https:\/\/fr.elds.org\/lesmormons-net\/#website","url":"https:\/\/fr.elds.org\/lesmormons-net\/","name":"Les Mormons","description":"Les mormons au quotidien","potentialAction":[{"@type":"SearchAction","target":{"@type":"EntryPoint","urlTemplate":"https:\/\/fr.elds.org\/lesmormons-net\/?s={search_term_string}"},"query-input":{"@type":"PropertyValueSpecification","valueRequired":true,"valueName":"search_term_string"}}],"inLanguage":"fr-FR"},{"@type":"Person","@id":"https:\/\/fr.elds.org\/lesmormons-net\/#\/schema\/person\/21d1cc3e5996143ad0f655979783dfc3","name":"Plus de Foi","image":{"@type":"ImageObject","inLanguage":"fr-FR","@id":"https:\/\/secure.gravatar.com\/avatar\/4647b2714d43c09703afab402f554845ba42922ebe724cb9639d75cf44059553?s=96&d=blank&r=g","url":"https:\/\/secure.gravatar.com\/avatar\/4647b2714d43c09703afab402f554845ba42922ebe724cb9639d75cf44059553?s=96&d=blank&r=g","contentUrl":"https:\/\/secure.gravatar.com\/avatar\/4647b2714d43c09703afab402f554845ba42922ebe724cb9639d75cf44059553?s=96&d=blank&r=g","caption":"Plus de Foi"},"description":"Plus de Foi est une page cr\u00e9\u00e9e par des membres chr\u00e9tiens de l'\u00c9glise de J\u00e9sus-Christ des Saints des Derniers Jours. Nous publions des contenus sur comment nous vivons notre foi au quotidien et nous aimons partager nos croyances avec les personnes autour de nous.","url":"https:\/\/fr.elds.org\/lesmormons-net\/author\/giada\/"}]}},"_links":{"self":[{"href":"https:\/\/fr.elds.org\/lesmormons-net\/wp-json\/wp\/v2\/posts\/5442","targetHints":{"allow":["GET"]}}],"collection":[{"href":"https:\/\/fr.elds.org\/lesmormons-net\/wp-json\/wp\/v2\/posts"}],"about":[{"href":"https:\/\/fr.elds.org\/lesmormons-net\/wp-json\/wp\/v2\/types\/post"}],"author":[{"embeddable":true,"href":"https:\/\/fr.elds.org\/lesmormons-net\/wp-json\/wp\/v2\/users\/53"}],"replies":[{"embeddable":true,"href":"https:\/\/fr.elds.org\/lesmormons-net\/wp-json\/wp\/v2\/comments?post=5442"}],"version-history":[{"count":19,"href":"https:\/\/fr.elds.org\/lesmormons-net\/wp-json\/wp\/v2\/posts\/5442\/revisions"}],"predecessor-version":[{"id":8654,"href":"https:\/\/fr.elds.org\/lesmormons-net\/wp-json\/wp\/v2\/posts\/5442\/revisions\/8654"}],"wp:featuredmedia":[{"embeddable":true,"href":"https:\/\/fr.elds.org\/lesmormons-net\/wp-json\/wp\/v2\/media\/5556"}],"wp:attachment":[{"href":"https:\/\/fr.elds.org\/lesmormons-net\/wp-json\/wp\/v2\/media?parent=5442"}],"wp:term":[{"taxonomy":"category","embeddable":true,"href":"https:\/\/fr.elds.org\/lesmormons-net\/wp-json\/wp\/v2\/categories?post=5442"},{"taxonomy":"post_tag","embeddable":true,"href":"https:\/\/fr.elds.org\/lesmormons-net\/wp-json\/wp\/v2\/tags?post=5442"}],"curies":[{"name":"wp","href":"https:\/\/api.w.org\/{rel}","templated":true}]}}