{"id":5390,"date":"2017-04-05T09:23:52","date_gmt":"2017-04-05T07:23:52","guid":{"rendered":"https:\/\/fr.elds.org\/lesmormons-net\/?p=5390"},"modified":"2018-10-08T23:52:41","modified_gmt":"2018-10-08T21:52:41","slug":"le-president-monson-a-lhopital","status":"publish","type":"post","link":"https:\/\/fr.elds.org\/lesmormons-net\/merged\/le-president-monson-a-lhopital\/","title":{"rendered":"Thomas S. Monson, pr\u00e9sident de l&rsquo;Eglise SDJ a \u00e9t\u00e9 hospitalis\u00e9 mais devrait bient\u00f4t sortir"},"content":{"rendered":"<p>\u00ab\u00a0Le pr\u00e9sident Monson ne se sentait pas bien hier soir et a \u00e9t\u00e9 admis \u00e0 l&rsquo;h\u00f4pital\u00a0\u00bb, a d\u00e9clar\u00e9 mardi Eric Hawkins, un porte-parole de l&rsquo;\u00c9glise de J\u00e9sus-Christ des Saints des Derniers Jours. \u00ab\u00a0Il a re\u00e7u un traitement et sortira bient\u00f4t\u00a0\u00bb.<\/p>\n<p>Le pr\u00e9sident Monson, \u00e2g\u00e9 de 89 ans, a assist\u00e9 aux sessions du samedi matin et du samedi soir de la <a href=\"https:\/\/www.lds.org\/general-conference?cid=HP_SU_2-4-2017_dPFD_fGC_xLIDyL1-A_&amp;lang=fra\">187e conf\u00e9rence g\u00e9n\u00e9rale<\/a> annuelle mais il est rest\u00e9 \u00e0 la maison pour la session de l&rsquo;apr\u00e8s-midi afin de garder son \u00e9nergie.<\/p>\n<p>Il a parl\u00e9 au d\u00e9but de la session du dimanche matin, annon\u00e7ant cinq nouveaux temples et donnant un court\u00a0message. Il n&rsquo;a pas assist\u00e9 \u00e0 la derni\u00e8re session de conf\u00e9rence. Un porte-parole a d\u00e9clar\u00e9 qu&rsquo;il \u00e9tait fatigu\u00e9 mais qu&rsquo;il allait bien.<\/p>\n<p>Il y a deux ans, quelques semaines apr\u00e8s la conf\u00e9rence g\u00e9n\u00e9rale d&rsquo;avril 2015, Hawkins a d\u00e9clar\u00e9 que le pr\u00e9sident Monson \u00ab\u00e9prouvait les effets d&rsquo;un \u00e2ge avanc\u00e9\u00bb.<\/p>\n<p>\u00ab\u00a0Il vient au bureau tous les jours, assiste \u00e0 toutes les r\u00e9unions de la Premi\u00e8re Pr\u00e9sidence, m\u00e8ne la discussion et prend des d\u00e9cisions\u00a0\u00bb, a d\u00e9clar\u00e9 Hawkins. \u00ab\u00a0Le travail de la Premi\u00e8re Pr\u00e9sidence est \u00e0 jour. Le pr\u00e9sident Monson a toujours \u00e9t\u00e9 r\u00e9serv\u00e9 sur\u00a0sa sant\u00e9, mais appr\u00e9cie les pri\u00e8res et le soutien continu\u00a0des membres de l&rsquo;\u00c9glise, tout comme la Premi\u00e8re Pr\u00e9sidence et les Douze\u00a0\u00bb.<\/p>\n<p>Le pr\u00e9sident Monson avait r\u00e9duit\u00a0son temps de parole lors de la\u00a0conf\u00e9rence g\u00e9n\u00e9rale d&rsquo;avril 2015, passant de quatre \u00e0 deux interventions. Six mois plus tard, alors qu&rsquo;il donnait\u00a0un discours\u00a0lors de la conf\u00e9rence g\u00e9n\u00e9rale d&rsquo;octobre 2015, le pr\u00e9sident Monson semblait visiblement affaibli \u00e0 la fin de son discours de 13 minutes.<\/p>\n<p>En d\u00e9cembre 2015, le pr\u00e9sident Dieter F. Uchtdorf, deuxi\u00e8me conseiller de la Premi\u00e8re Pr\u00e9sidence, a d\u00e9clar\u00e9 que le pr\u00e9sident Monson ne marchait plus d&rsquo;un aussi bon pas\u00a0qu&rsquo;il le faisait auparavant et que sa m\u00e9moire \u00e0 court terme \u00ab\u00a0n&rsquo;\u00e9tait plus ce qu&rsquo;elle \u00e9tait\u00a0\u00bb.<\/p>\n<p>Le pr\u00e9sident Monson a de nouveau r\u00e9duit son temps\u00a0de parole lors de la conf\u00e9rence d&rsquo;avril 2016, en limitant ses deux interventions \u00e0 quatre minutes chacune, pratique qu&rsquo;il a continu\u00e9 par la suite. <a href=\"https:\/\/www.lds.org\/general-conference\/2017\/04\/media\/session_4_talk_4\/5382595138001?lang=fra\">Son discours\u00a0de dimanche dernier<\/a> a dur\u00e9 un peu plus de trois minutes. Il a demand\u00e9 aux membres de l&rsquo;\u00c9glise de se consacrer \u00e0 l&rsquo;\u00e9tude quotidienne des \u00c9critures.<\/p>\n<p><strong>\u00abJe demande \u00e0 chacun d&rsquo;entre nous d&rsquo;\u00e9tudier et de m\u00e9diter\u00a0chaque jour le Livre de Mormon\u00bb<\/strong>, a t-il dit.<\/p>\n<p>Le syst\u00e8me de direction\u00a0de l&rsquo;\u00c9glise SDJ\u00a0garantit la continuit\u00e9 en cas de maladie, d&rsquo;incapacit\u00e9 ou de d\u00e9c\u00e8s de son pr\u00e9sident.<\/p>\n<p>L&rsquo;ap\u00f4tre ayant le plus d&rsquo;anciennet\u00e9 dans sa responsabilit\u00e9\u00a0a toujours \u00e9t\u00e9 choisi pour succ\u00e9der au pr\u00e9sident de l&rsquo;\u00c9glise suite au d\u00e9c\u00e8s de celui-ci.<\/p>\n<p>\u00ab\u00a0Ce syst\u00e8me d&rsquo;anciennet\u00e9 am\u00e8nera g\u00e9n\u00e9ralement des hommes plus \u00e2g\u00e9s au poste de pr\u00e9sident de l&rsquo;\u00c9glise\u00a0\u00bb, a d\u00e9clar\u00e9 le pr\u00e9sident Russell M. Nelson, pr\u00e9sident du Coll\u00e8ge des douze, lors de la conf\u00e9rence g\u00e9n\u00e9rale d&rsquo;octobre 2014. \u00ab\u00a0Il assure la continuit\u00e9, la maturit\u00e9 exp\u00e9riment\u00e9e, l&rsquo;exp\u00e9rience et une pr\u00e9paration approfondie, guid\u00e9e par le Seigneur\u00a0\u00bb.<\/p>\n<p>Il a \u00e9galement d\u00e9clar\u00e9 que le syst\u00e8me pr\u00e9voit une \u00abdirection proph\u00e9tique m\u00eame lorsque les maladies et les incapacit\u00e9s in\u00e9vitables surviennent avec l&rsquo;\u00e2ge avanc\u00e9\u00bb.<\/p>\n<p>Le pr\u00e9sident Monson a \u00e9t\u00e9 appel\u00e9 comme ap\u00f4tre en 1963. Le pr\u00e9sident Nelson, 92 ans, est l&rsquo;ap\u00f4tre SDJ le plus ancien. Il a \u00e9t\u00e9 appel\u00e9 en 1984.<\/p>\n<p>Tous les membres de la Premi\u00e8re Pr\u00e9sidence et du Coll\u00e8ge des douze ap\u00f4tres sont appel\u00e9s en tant que\u00a0proph\u00e8te, voyant et r\u00e9v\u00e9lateur et d\u00e9tiennent les cl\u00e9s pour diriger l&rsquo;\u00c9glise.<\/p>\n<p>Si un pr\u00e9sident de l&rsquo;\u00c9glise SDJ tombe\u00a0malade ou ne peut plus assumer ses fonctions, ses deux conseillers constituent le coll\u00e8ge de la Premi\u00e8re Pr\u00e9sidence et poursuivent leur travail au jour le jour. Les questions majeures sont examin\u00e9es ensemble par la Premi\u00e8re Pr\u00e9sidence et le Coll\u00e8ge\u00a0des Douze.<\/p>\n<p>L&rsquo;\u00c9glise a fonctionn\u00e9 de cette\u00a0mani\u00e8re plusieurs fois dans\u00a0le pass\u00e9, par exemple lorsque le d\u00e9funt pr\u00e9sident Spencer W. Kimball \u00e9tait en\u00a0incapacit\u00e9 de diriger pendant une grande partie des derni\u00e8res ann\u00e9es de sa pr\u00e9sidence dans les ann\u00e9es 1980.<\/p>\n<p>Ce syst\u00e8me s&rsquo;\u00e9tend \u00e9galement \u00e0\u00a0d&rsquo;autres domaines de direction de l&rsquo;\u00c9glise. Lors\u00a0des absences prolong\u00e9es du d\u00e9funt pr\u00e9sident Howard W. Hunter li\u00e9es \u00e0 sa\u00a0sant\u00e9, alors qu&rsquo;il \u00e9tait pr\u00e9sident du Coll\u00e8ge\u00a0des douze ap\u00f4tres (au d\u00e9but des ann\u00e9es 1990), Boyd K. Packer, l&rsquo;ap\u00f4tre ayant le plus d&rsquo;anciennet\u00e9, a assur\u00e9 les fonctions de pr\u00e9sident du Coll\u00e8ge \u00e0 sa place.<\/p>\n<p><em>Article publi\u00e9 sur <a href=\"http:\/\/www.deseretnews.com\/article\/865677117\/LDS-Church-President-Thomas-S-Monson-hospitalized-release-expected-soon.html\" rel=\"nofollow\">Deseretnews<\/a>, traduit par Eva Antoine<\/em><\/p>\n","protected":false},"excerpt":{"rendered":"<p>Le pr\u00e9sident Monson, \u00e2g\u00e9 de 89 ans, a \u00e9t\u00e9 hospitalis\u00e9 Lundi dernier et re\u00e7oit un traitement basique mais devrait bient\u00f4t sortir de l&rsquo;h\u00f4pital.<\/p>\n","protected":false},"author":38,"featured_media":5392,"comment_status":"open","ping_status":"closed","sticky":false,"template":"","format":"standard","meta":{"_et_pb_use_builder":"","_et_pb_old_content":"","_et_gb_content_width":"","footnotes":""},"categories":[455],"tags":[250,217],"class_list":["post-5390","post","type-post","status-publish","format-standard","has-post-thumbnail","hentry","category-merged","tag-organisation-de-leglise","tag-thomas-s-monson","et-has-post-format-content","et_post_format-et-post-format-standard"],"yoast_head":"<!-- This site is optimized with the Yoast SEO plugin v27.4 - https:\/\/yoast.com\/product\/yoast-seo-wordpress\/ -->\n<title>Le pr\u00e9sident Monson a \u00e9t\u00e9 admis \u00e0 l&#039;h\u00f4pital mais devrait bient\u00f4t en sortir<\/title>\n<meta name=\"description\" content=\"Le pr\u00e9sident Monson, \u00e2g\u00e9 de 89 ans, a \u00e9t\u00e9 hospitalis\u00e9 lundi dernier et re\u00e7oit un traitement basique mais devrait bient\u00f4t sortir de l&#039;h\u00f4pital.\" \/>\n<meta name=\"robots\" content=\"index, follow, max-snippet:-1, max-image-preview:large, max-video-preview:-1\" \/>\n<link rel=\"canonical\" href=\"https:\/\/fr.elds.org\/lesmormons-net\/merged\/le-president-monson-a-lhopital\/\" \/>\n<meta property=\"og:locale\" content=\"fr_FR\" \/>\n<meta property=\"og:type\" content=\"article\" \/>\n<meta property=\"og:title\" content=\"Le pr\u00e9sident Monson a \u00e9t\u00e9 admis \u00e0 l&#039;h\u00f4pital mais devrait bient\u00f4t en sortir\" \/>\n<meta property=\"og:description\" content=\"Le pr\u00e9sident Monson, \u00e2g\u00e9 de 89 ans, a \u00e9t\u00e9 hospitalis\u00e9 lundi dernier et re\u00e7oit un traitement basique mais devrait bient\u00f4t sortir de l&#039;h\u00f4pital.\" \/>\n<meta property=\"og:url\" content=\"https:\/\/fr.elds.org\/lesmormons-net\/merged\/le-president-monson-a-lhopital\/\" \/>\n<meta property=\"og:site_name\" content=\"Les Mormons\" \/>\n<meta property=\"article:published_time\" content=\"2017-04-05T07:23:52+00:00\" \/>\n<meta property=\"article:modified_time\" content=\"2018-10-08T21:52:41+00:00\" \/>\n<meta property=\"og:image\" content=\"https:\/\/fr.elds.org\/lesmormons-net\/files\/2017\/04\/pres-monson.png\" \/>\n\t<meta property=\"og:image:width\" content=\"948\" \/>\n\t<meta property=\"og:image:height\" content=\"542\" \/>\n\t<meta property=\"og:image:type\" content=\"image\/png\" \/>\n<meta name=\"twitter:card\" content=\"summary_large_image\" \/>\n<meta name=\"twitter:label1\" content=\"\u00c9crit par\" \/>\n\t<meta name=\"twitter:data1\" content=\"\" \/>\n\t<meta name=\"twitter:label2\" content=\"Dur\u00e9e de lecture estim\u00e9e\" \/>\n\t<meta name=\"twitter:data2\" content=\"4 minutes\" \/>\n<script type=\"application\/ld+json\" class=\"yoast-schema-graph\">{\"@context\":\"https:\\\/\\\/schema.org\",\"@graph\":[{\"@type\":\"Article\",\"@id\":\"https:\\\/\\\/fr.elds.org\\\/lesmormons-net\\\/merged\\\/le-president-monson-a-lhopital\\\/#article\",\"isPartOf\":{\"@id\":\"https:\\\/\\\/fr.elds.org\\\/lesmormons-net\\\/merged\\\/le-president-monson-a-lhopital\\\/\"},\"author\":{\"name\":\"\",\"@id\":\"\"},\"headline\":\"Thomas S. Monson, pr\u00e9sident de l&rsquo;Eglise SDJ a \u00e9t\u00e9 hospitalis\u00e9 mais devrait bient\u00f4t sortir\",\"datePublished\":\"2017-04-05T07:23:52+00:00\",\"dateModified\":\"2018-10-08T21:52:41+00:00\",\"mainEntityOfPage\":{\"@id\":\"https:\\\/\\\/fr.elds.org\\\/lesmormons-net\\\/merged\\\/le-president-monson-a-lhopital\\\/\"},\"wordCount\":880,\"commentCount\":0,\"image\":{\"@id\":\"https:\\\/\\\/fr.elds.org\\\/lesmormons-net\\\/merged\\\/le-president-monson-a-lhopital\\\/#primaryimage\"},\"thumbnailUrl\":\"https:\\\/\\\/fr.elds.org\\\/lesmormons-net\\\/files\\\/2017\\\/04\\\/pres-monson.png\",\"keywords\":[\"organisation de l'Eglise\",\"Thomas S. Monson\"],\"articleSection\":[\"Merging Articles\"],\"inLanguage\":\"fr-FR\",\"potentialAction\":[{\"@type\":\"CommentAction\",\"name\":\"Comment\",\"target\":[\"https:\\\/\\\/fr.elds.org\\\/lesmormons-net\\\/merged\\\/le-president-monson-a-lhopital\\\/#respond\"]}]},{\"@type\":\"WebPage\",\"@id\":\"https:\\\/\\\/fr.elds.org\\\/lesmormons-net\\\/merged\\\/le-president-monson-a-lhopital\\\/\",\"url\":\"https:\\\/\\\/fr.elds.org\\\/lesmormons-net\\\/merged\\\/le-president-monson-a-lhopital\\\/\",\"name\":\"Le pr\u00e9sident Monson a \u00e9t\u00e9 admis \u00e0 l'h\u00f4pital mais devrait bient\u00f4t en sortir\",\"isPartOf\":{\"@id\":\"https:\\\/\\\/fr.elds.org\\\/lesmormons-net\\\/#website\"},\"primaryImageOfPage\":{\"@id\":\"https:\\\/\\\/fr.elds.org\\\/lesmormons-net\\\/merged\\\/le-president-monson-a-lhopital\\\/#primaryimage\"},\"image\":{\"@id\":\"https:\\\/\\\/fr.elds.org\\\/lesmormons-net\\\/merged\\\/le-president-monson-a-lhopital\\\/#primaryimage\"},\"thumbnailUrl\":\"https:\\\/\\\/fr.elds.org\\\/lesmormons-net\\\/files\\\/2017\\\/04\\\/pres-monson.png\",\"datePublished\":\"2017-04-05T07:23:52+00:00\",\"dateModified\":\"2018-10-08T21:52:41+00:00\",\"author\":{\"@id\":\"\"},\"description\":\"Le pr\u00e9sident Monson, \u00e2g\u00e9 de 89 ans, a \u00e9t\u00e9 hospitalis\u00e9 lundi dernier et re\u00e7oit un traitement basique mais devrait bient\u00f4t sortir de l'h\u00f4pital.\",\"breadcrumb\":{\"@id\":\"https:\\\/\\\/fr.elds.org\\\/lesmormons-net\\\/merged\\\/le-president-monson-a-lhopital\\\/#breadcrumb\"},\"inLanguage\":\"fr-FR\",\"potentialAction\":[{\"@type\":\"ReadAction\",\"target\":[\"https:\\\/\\\/fr.elds.org\\\/lesmormons-net\\\/merged\\\/le-president-monson-a-lhopital\\\/\"]}]},{\"@type\":\"ImageObject\",\"inLanguage\":\"fr-FR\",\"@id\":\"https:\\\/\\\/fr.elds.org\\\/lesmormons-net\\\/merged\\\/le-president-monson-a-lhopital\\\/#primaryimage\",\"url\":\"https:\\\/\\\/fr.elds.org\\\/lesmormons-net\\\/files\\\/2017\\\/04\\\/pres-monson.png\",\"contentUrl\":\"https:\\\/\\\/fr.elds.org\\\/lesmormons-net\\\/files\\\/2017\\\/04\\\/pres-monson.png\",\"width\":948,\"height\":542,\"caption\":\"Le pr\u00e9sident Monson \u00e0 la fin de la session de conf\u00e9rence g\u00e9n\u00e9rale d'avril 2017\"},{\"@type\":\"BreadcrumbList\",\"@id\":\"https:\\\/\\\/fr.elds.org\\\/lesmormons-net\\\/merged\\\/le-president-monson-a-lhopital\\\/#breadcrumb\",\"itemListElement\":[{\"@type\":\"ListItem\",\"position\":1,\"name\":\"Home\",\"item\":\"https:\\\/\\\/fr.elds.org\\\/lesmormons-net\\\/\"},{\"@type\":\"ListItem\",\"position\":2,\"name\":\"Thomas S. Monson, pr\u00e9sident de l&#8217;Eglise SDJ a \u00e9t\u00e9 hospitalis\u00e9 mais devrait bient\u00f4t sortir\"}]},{\"@type\":\"WebSite\",\"@id\":\"https:\\\/\\\/fr.elds.org\\\/lesmormons-net\\\/#website\",\"url\":\"https:\\\/\\\/fr.elds.org\\\/lesmormons-net\\\/\",\"name\":\"Les Mormons\",\"description\":\"Les mormons au quotidien\",\"potentialAction\":[{\"@type\":\"SearchAction\",\"target\":{\"@type\":\"EntryPoint\",\"urlTemplate\":\"https:\\\/\\\/fr.elds.org\\\/lesmormons-net\\\/?s={search_term_string}\"},\"query-input\":{\"@type\":\"PropertyValueSpecification\",\"valueRequired\":true,\"valueName\":\"search_term_string\"}}],\"inLanguage\":\"fr-FR\"},{\"@type\":\"Person\",\"@id\":\"\",\"url\":\"https:\\\/\\\/fr.elds.org\\\/lesmormons-net\\\/author\\\/\"}]}<\/script>\n<!-- \/ Yoast SEO plugin. -->","yoast_head_json":{"title":"Le pr\u00e9sident Monson a \u00e9t\u00e9 admis \u00e0 l'h\u00f4pital mais devrait bient\u00f4t en sortir","description":"Le pr\u00e9sident Monson, \u00e2g\u00e9 de 89 ans, a \u00e9t\u00e9 hospitalis\u00e9 lundi dernier et re\u00e7oit un traitement basique mais devrait bient\u00f4t sortir de l'h\u00f4pital.","robots":{"index":"index","follow":"follow","max-snippet":"max-snippet:-1","max-image-preview":"max-image-preview:large","max-video-preview":"max-video-preview:-1"},"canonical":"https:\/\/fr.elds.org\/lesmormons-net\/merged\/le-president-monson-a-lhopital\/","og_locale":"fr_FR","og_type":"article","og_title":"Le pr\u00e9sident Monson a \u00e9t\u00e9 admis \u00e0 l'h\u00f4pital mais devrait bient\u00f4t en sortir","og_description":"Le pr\u00e9sident Monson, \u00e2g\u00e9 de 89 ans, a \u00e9t\u00e9 hospitalis\u00e9 lundi dernier et re\u00e7oit un traitement basique mais devrait bient\u00f4t sortir de l'h\u00f4pital.","og_url":"https:\/\/fr.elds.org\/lesmormons-net\/merged\/le-president-monson-a-lhopital\/","og_site_name":"Les Mormons","article_published_time":"2017-04-05T07:23:52+00:00","article_modified_time":"2018-10-08T21:52:41+00:00","og_image":[{"width":948,"height":542,"url":"https:\/\/fr.elds.org\/lesmormons-net\/files\/2017\/04\/pres-monson.png","type":"image\/png"}],"twitter_card":"summary_large_image","twitter_misc":{"\u00c9crit par":"","Dur\u00e9e de lecture estim\u00e9e":"4 minutes"},"schema":{"@context":"https:\/\/schema.org","@graph":[{"@type":"Article","@id":"https:\/\/fr.elds.org\/lesmormons-net\/merged\/le-president-monson-a-lhopital\/#article","isPartOf":{"@id":"https:\/\/fr.elds.org\/lesmormons-net\/merged\/le-president-monson-a-lhopital\/"},"author":{"name":"","@id":""},"headline":"Thomas S. Monson, pr\u00e9sident de l&rsquo;Eglise SDJ a \u00e9t\u00e9 hospitalis\u00e9 mais devrait bient\u00f4t sortir","datePublished":"2017-04-05T07:23:52+00:00","dateModified":"2018-10-08T21:52:41+00:00","mainEntityOfPage":{"@id":"https:\/\/fr.elds.org\/lesmormons-net\/merged\/le-president-monson-a-lhopital\/"},"wordCount":880,"commentCount":0,"image":{"@id":"https:\/\/fr.elds.org\/lesmormons-net\/merged\/le-president-monson-a-lhopital\/#primaryimage"},"thumbnailUrl":"https:\/\/fr.elds.org\/lesmormons-net\/files\/2017\/04\/pres-monson.png","keywords":["organisation de l'Eglise","Thomas S. Monson"],"articleSection":["Merging Articles"],"inLanguage":"fr-FR","potentialAction":[{"@type":"CommentAction","name":"Comment","target":["https:\/\/fr.elds.org\/lesmormons-net\/merged\/le-president-monson-a-lhopital\/#respond"]}]},{"@type":"WebPage","@id":"https:\/\/fr.elds.org\/lesmormons-net\/merged\/le-president-monson-a-lhopital\/","url":"https:\/\/fr.elds.org\/lesmormons-net\/merged\/le-president-monson-a-lhopital\/","name":"Le pr\u00e9sident Monson a \u00e9t\u00e9 admis \u00e0 l'h\u00f4pital mais devrait bient\u00f4t en sortir","isPartOf":{"@id":"https:\/\/fr.elds.org\/lesmormons-net\/#website"},"primaryImageOfPage":{"@id":"https:\/\/fr.elds.org\/lesmormons-net\/merged\/le-president-monson-a-lhopital\/#primaryimage"},"image":{"@id":"https:\/\/fr.elds.org\/lesmormons-net\/merged\/le-president-monson-a-lhopital\/#primaryimage"},"thumbnailUrl":"https:\/\/fr.elds.org\/lesmormons-net\/files\/2017\/04\/pres-monson.png","datePublished":"2017-04-05T07:23:52+00:00","dateModified":"2018-10-08T21:52:41+00:00","author":{"@id":""},"description":"Le pr\u00e9sident Monson, \u00e2g\u00e9 de 89 ans, a \u00e9t\u00e9 hospitalis\u00e9 lundi dernier et re\u00e7oit un traitement basique mais devrait bient\u00f4t sortir de l'h\u00f4pital.","breadcrumb":{"@id":"https:\/\/fr.elds.org\/lesmormons-net\/merged\/le-president-monson-a-lhopital\/#breadcrumb"},"inLanguage":"fr-FR","potentialAction":[{"@type":"ReadAction","target":["https:\/\/fr.elds.org\/lesmormons-net\/merged\/le-president-monson-a-lhopital\/"]}]},{"@type":"ImageObject","inLanguage":"fr-FR","@id":"https:\/\/fr.elds.org\/lesmormons-net\/merged\/le-president-monson-a-lhopital\/#primaryimage","url":"https:\/\/fr.elds.org\/lesmormons-net\/files\/2017\/04\/pres-monson.png","contentUrl":"https:\/\/fr.elds.org\/lesmormons-net\/files\/2017\/04\/pres-monson.png","width":948,"height":542,"caption":"Le pr\u00e9sident Monson \u00e0 la fin de la session de conf\u00e9rence g\u00e9n\u00e9rale d'avril 2017"},{"@type":"BreadcrumbList","@id":"https:\/\/fr.elds.org\/lesmormons-net\/merged\/le-president-monson-a-lhopital\/#breadcrumb","itemListElement":[{"@type":"ListItem","position":1,"name":"Home","item":"https:\/\/fr.elds.org\/lesmormons-net\/"},{"@type":"ListItem","position":2,"name":"Thomas S. Monson, pr\u00e9sident de l&#8217;Eglise SDJ a \u00e9t\u00e9 hospitalis\u00e9 mais devrait bient\u00f4t sortir"}]},{"@type":"WebSite","@id":"https:\/\/fr.elds.org\/lesmormons-net\/#website","url":"https:\/\/fr.elds.org\/lesmormons-net\/","name":"Les Mormons","description":"Les mormons au quotidien","potentialAction":[{"@type":"SearchAction","target":{"@type":"EntryPoint","urlTemplate":"https:\/\/fr.elds.org\/lesmormons-net\/?s={search_term_string}"},"query-input":{"@type":"PropertyValueSpecification","valueRequired":true,"valueName":"search_term_string"}}],"inLanguage":"fr-FR"},{"@type":"Person","@id":"","url":"https:\/\/fr.elds.org\/lesmormons-net\/author\/"}]}},"_links":{"self":[{"href":"https:\/\/fr.elds.org\/lesmormons-net\/wp-json\/wp\/v2\/posts\/5390","targetHints":{"allow":["GET"]}}],"collection":[{"href":"https:\/\/fr.elds.org\/lesmormons-net\/wp-json\/wp\/v2\/posts"}],"about":[{"href":"https:\/\/fr.elds.org\/lesmormons-net\/wp-json\/wp\/v2\/types\/post"}],"author":[{"embeddable":true,"href":"https:\/\/fr.elds.org\/lesmormons-net\/wp-json\/wp\/v2\/users\/38"}],"replies":[{"embeddable":true,"href":"https:\/\/fr.elds.org\/lesmormons-net\/wp-json\/wp\/v2\/comments?post=5390"}],"version-history":[{"count":5,"href":"https:\/\/fr.elds.org\/lesmormons-net\/wp-json\/wp\/v2\/posts\/5390\/revisions"}],"predecessor-version":[{"id":6092,"href":"https:\/\/fr.elds.org\/lesmormons-net\/wp-json\/wp\/v2\/posts\/5390\/revisions\/6092"}],"wp:featuredmedia":[{"embeddable":true,"href":"https:\/\/fr.elds.org\/lesmormons-net\/wp-json\/wp\/v2\/media\/5392"}],"wp:attachment":[{"href":"https:\/\/fr.elds.org\/lesmormons-net\/wp-json\/wp\/v2\/media?parent=5390"}],"wp:term":[{"taxonomy":"category","embeddable":true,"href":"https:\/\/fr.elds.org\/lesmormons-net\/wp-json\/wp\/v2\/categories?post=5390"},{"taxonomy":"post_tag","embeddable":true,"href":"https:\/\/fr.elds.org\/lesmormons-net\/wp-json\/wp\/v2\/tags?post=5390"}],"curies":[{"name":"wp","href":"https:\/\/api.w.org\/{rel}","templated":true}]}}