{"id":5011,"date":"2017-01-10T17:42:29","date_gmt":"2017-01-10T16:42:29","guid":{"rendered":"https:\/\/fr.elds.org\/lesmormons-net\/?p=5011"},"modified":"2018-06-29T11:36:36","modified_gmt":"2018-06-29T09:36:36","slug":"la-naissance-de-mon-enfant-a-renforce-mon-temoignage-que-la-famille-est-eternelle","status":"publish","type":"post","link":"https:\/\/fr.elds.org\/lesmormons-net\/temoignages\/la-naissance-de-mon-enfant-a-renforce-mon-temoignage-que-la-famille-est-eternelle\/","title":{"rendered":"Pendant un court instant, j&rsquo;ai dit \u00e0 Dieu \u00ab\u00a0J&rsquo;accepte cette \u00e9preuve\u00a0\u00bb."},"content":{"rendered":"<p>Apr\u00e8s neuf mois d\u2019attente, nous \u00e9tions plus que ravis de savoir que nous allions enfin rencontrer notre petite fille, loin de nous imaginer l\u2019exp\u00e9rience que nous allions vivre\u2026<\/p>\n<p>Mon premier accouchement s\u2019\u00e9tait pass\u00e9 sans encombre. J\u2019avais pu rapidement tenir ma fille Rachel dans les bras, et nous avions v\u00e9cu un de ces moments parfaits, en famille.<\/p>\n<p>Deux ans plus tard, nous nous appr\u00eations \u00e0 revivre cette magnifique exp\u00e9rience en accueillant notre deuxi\u00e8me fille, Amy.<\/p>\n<p>Apr\u00e8s quelques heures d\u2019efforts, Amy est arriv\u00e9e \u00e0 1h53 du matin. Mais le temps a sembl\u00e9 s\u2019arr\u00eater lorsque l\u2019on a r\u00e9alis\u00e9 qu\u2019elle ne respirait pas. \u00ab\u00a0Un cri, simplement un cri\u00a0\u00bb, c\u2019\u00e9tait tout ce que nous attendions. Mais ce cri n\u2019est pas venu, et bien vite, les sages-femmes ont quitt\u00e9 la pi\u00e8ce avec ma fille et mon mari.<\/p>\n<p><strong>Il \u00e9tait 2h du matin, je venais de mettre un b\u00e9b\u00e9 au monde, et je me sentais plus seule que jamais. Bien loin de l\u2019exp\u00e9rience de bonheur que nous avions v\u00e9cu deux ans auparavant, cette fois ci nous vivions un cauchemar.<\/strong><\/p>\n<p>Ont alors commenc\u00e9es les minutes les plus longues de ma vie, sans nouvelle de mon enfant. Le c\u0153ur affol\u00e9 et les yeux humides, <strong>j\u2019ai commenc\u00e9 \u00e0 prier de toutes mes forces<\/strong>.<\/p>\n<blockquote><p>\u00ab\u00a0Je vous en supplie, faites qu\u2019elle respire, faites qu\u2019elle vive\u00a0!\u00a0\u00bb.<\/p><\/blockquote>\n<p>Une minute. Puis deux. Puis cinq. <strong>Mon c\u0153ur battait de plus en plus vite<\/strong>. Toujours aucune nouvelle, alors que les larmes ne quittaient plus mon visage soucieux. Je savais qu\u2019ils \u00e9taient en train de l\u2019aider \u00e0 respirer, dans la pi\u00e8ce juste \u00e0 c\u00f4t\u00e9, pourtant je n\u2019entendais toujours rien, et encore moins ce cri tant attendu.<\/p>\n<p>Six minutes. Sept. Huit. Neuf. Dix.<\/p>\n<p>Dix minutes sans nouvelles. Une \u00e9ternit\u00e9. C\u2019est l\u00e0 que j\u2019ai commenc\u00e9 \u00e0 y penser\u2026<\/p>\n<blockquote><p>\u00ab\u00a0Et si elle ne commen\u00e7ait jamais \u00e0 respirer\u00a0?\u00a0\u00bb<\/p><\/blockquote>\n<p>Une sage-femme entra dans la pi\u00e8ce. Je m\u2019empressai alors de lui demander des nouvelles de ma petite fille. Sa r\u00e9ponse f\u00fbt sinc\u00e8re\u00a0:<\/p>\n<blockquote><p>\u00ab Je suis d\u00e9sol\u00e9e, on ne peut rien vous dire\u00a0\u00bb, avant de repartir aussit\u00f4t.<\/p><\/blockquote>\n<p>A nouveau seule, proche du d\u00e9sespoir, cette pens\u00e9e est revenue\u00a0:<\/p>\n<blockquote><p>\u00ab\u00a0Et si c\u2019\u00e9tait mon \u00e9preuve sur Terre\u00a0?\u00a0\u00bb<\/p><\/blockquote>\n<p>J\u2019avais connu des femmes qui avaient perdu leur b\u00e9b\u00e9, et j\u2019avais toujours admir\u00e9 leur force. A pr\u00e9sent, le souffle presque coup\u00e9, je m\u2019imaginais \u00eatre l\u2019une d\u2019entre elles.<\/p>\n<p><strong>C\u2019est \u00e0 ce moment que le miracle s\u2019est produit. Pas aupr\u00e8s de ma fille, comme je le voulais, mais au plus profond de mon c\u0153ur.<\/strong><\/p>\n<p>Au milieu de ce tourment indescriptible, une paix est venue m\u2019envahir. Et pendant un court instant je me suis entendue dire \u00e0 Dieu que si c\u2019\u00e9tait mon \u00e9preuve \u00ab\u00a0je l\u2019acceptais\u00a0\u00bb.<\/p>\n<p><strong>Je l\u2019acceptais, car m\u00eame si cela s\u2019appr\u00eatait \u00e0 \u00eatre la chose la plus difficile que je puisse vivre, je savais que nous \u00e9tions une Famille \u00c9ternelle.<\/strong> Que les liens sacr\u00e9s qui nous unissaient nous permettraient d\u2019\u00eatre ensemble apr\u00e8s cette vie. <strong>Mes larmes de tristesse se sont transform\u00e9es en larmes de gratitudes, car je savais que cette connaissance \u00e9tait un don merveilleux. Je savais que nous retrouverions notre petite Amy apr\u00e8s cette vie, s\u2019il devait en \u00eatre ainsi<\/strong>&#8230;<\/p>\n<p>Quelques instants plus tard, j\u2019ai appris qu\u2019apr\u00e8s quatre minutes interminables, que le c\u0153ur d\u2019Amy avait enfin commenc\u00e9 \u00e0 battre. Aujourd\u2019hui, c\u2019est un b\u00e9b\u00e9 en pleine forme qui nous comble de bonheur. <strong>Mais cette exp\u00e9rience m\u2019aura permis de comprendre \u00e0 quel point je suis b\u00e9nie de savoir, sans l\u2019ombre d\u2019un doute, que les familles peuvent \u00eatre \u00e9ternelles. Je le sais au plus profond de mon \u00e2me, et cela m\u2019apaise et me donne une joie et une paix indescriptibles.<\/strong><\/p>\n<hr \/>\n<p>Article original \u00e9crit par <a href=\"http:\/\/www.matthewandiris.com\" rel=\"nofollow\">Iris<\/a><\/p>\n","protected":false},"excerpt":{"rendered":"<p>Dix minutes sans nouvelles. C\u2019est l\u00e0 que j\u2019ai commenc\u00e9 \u00e0 y penser \u00ab Et si elle ne commen\u00e7ait jamais \u00e0 respirer ? Et si c\u2019\u00e9tait mon \u00e9preuve sur Terre ? \u00bb<\/p>\n","protected":false},"author":44,"featured_media":5012,"comment_status":"open","ping_status":"closed","sticky":false,"template":"","format":"standard","meta":{"_et_pb_use_builder":"","_et_pb_old_content":"","_et_gb_content_width":"","footnotes":""},"categories":[172],"tags":[443,438,68],"class_list":["post-5011","post","type-post","status-publish","format-standard","has-post-thumbnail","hentry","category-temoignages","tag-foi-en-dieu","tag-surmonter-les-epreuves","tag-famille","et-has-post-format-content","et_post_format-et-post-format-standard"],"yoast_head":"<!-- This site is optimized with the Yoast SEO plugin v27.4 - https:\/\/yoast.com\/product\/yoast-seo-wordpress\/ -->\n<title>Pendant un court instant, j&#039;ai dit \u00e0 Dieu &quot;J&#039;accepte cette \u00e9preuve&quot;.<\/title>\n<meta name=\"description\" content=\"Dix minutes sans nouvelles. C\u2019est l\u00e0 que j\u2019ai commenc\u00e9 \u00e0 y penser \u00ab Et si elle ne commen\u00e7ait jamais \u00e0 respirer ? Et si c\u2019\u00e9tait mon \u00e9preuve sur Terre ? \u00bb\" \/>\n<meta name=\"robots\" content=\"index, follow, max-snippet:-1, max-image-preview:large, max-video-preview:-1\" \/>\n<link rel=\"canonical\" href=\"https:\/\/fr.elds.org\/lesmormons-net\/temoignages\/la-naissance-de-mon-enfant-a-renforce-mon-temoignage-que-la-famille-est-eternelle\/\" \/>\n<meta property=\"og:locale\" content=\"fr_FR\" \/>\n<meta property=\"og:type\" content=\"article\" \/>\n<meta property=\"og:title\" content=\"Pendant un court instant, j&#039;ai dit \u00e0 Dieu &quot;J&#039;accepte cette \u00e9preuve&quot;.\" \/>\n<meta property=\"og:description\" content=\"Dix minutes sans nouvelles. C\u2019est l\u00e0 que j\u2019ai commenc\u00e9 \u00e0 y penser \u00ab Et si elle ne commen\u00e7ait jamais \u00e0 respirer ? Et si c\u2019\u00e9tait mon \u00e9preuve sur Terre ? \u00bb\" \/>\n<meta property=\"og:url\" content=\"https:\/\/fr.elds.org\/lesmormons-net\/temoignages\/la-naissance-de-mon-enfant-a-renforce-mon-temoignage-que-la-famille-est-eternelle\/\" \/>\n<meta property=\"og:site_name\" content=\"Les Mormons\" \/>\n<meta property=\"article:published_time\" content=\"2017-01-10T16:42:29+00:00\" \/>\n<meta property=\"article:modified_time\" content=\"2018-06-29T09:36:36+00:00\" \/>\n<meta property=\"og:image\" content=\"https:\/\/fr.elds.org\/lesmormons-net\/files\/2017\/01\/la-naissance-dAmy.jpg\" \/>\n\t<meta property=\"og:image:width\" content=\"948\" \/>\n\t<meta property=\"og:image:height\" content=\"542\" \/>\n\t<meta property=\"og:image:type\" content=\"image\/jpeg\" \/>\n<meta name=\"author\" content=\"collaborateur\" \/>\n<meta name=\"twitter:card\" content=\"summary_large_image\" \/>\n<meta name=\"twitter:label1\" content=\"\u00c9crit par\" \/>\n\t<meta name=\"twitter:data1\" content=\"collaborateur\" \/>\n\t<meta name=\"twitter:label2\" content=\"Dur\u00e9e de lecture estim\u00e9e\" \/>\n\t<meta name=\"twitter:data2\" content=\"3 minutes\" \/>\n<script type=\"application\/ld+json\" class=\"yoast-schema-graph\">{\"@context\":\"https:\\\/\\\/schema.org\",\"@graph\":[{\"@type\":\"Article\",\"@id\":\"https:\\\/\\\/fr.elds.org\\\/lesmormons-net\\\/temoignages\\\/la-naissance-de-mon-enfant-a-renforce-mon-temoignage-que-la-famille-est-eternelle\\\/#article\",\"isPartOf\":{\"@id\":\"https:\\\/\\\/fr.elds.org\\\/lesmormons-net\\\/temoignages\\\/la-naissance-de-mon-enfant-a-renforce-mon-temoignage-que-la-famille-est-eternelle\\\/\"},\"author\":{\"name\":\"collaborateur\",\"@id\":\"https:\\\/\\\/fr.elds.org\\\/lesmormons-net\\\/#\\\/schema\\\/person\\\/9788461126205b051d47cb70903eb829\"},\"headline\":\"Pendant un court instant, j&rsquo;ai dit \u00e0 Dieu \u00ab\u00a0J&rsquo;accepte cette \u00e9preuve\u00a0\u00bb.\",\"datePublished\":\"2017-01-10T16:42:29+00:00\",\"dateModified\":\"2018-06-29T09:36:36+00:00\",\"mainEntityOfPage\":{\"@id\":\"https:\\\/\\\/fr.elds.org\\\/lesmormons-net\\\/temoignages\\\/la-naissance-de-mon-enfant-a-renforce-mon-temoignage-que-la-famille-est-eternelle\\\/\"},\"wordCount\":677,\"commentCount\":2,\"image\":{\"@id\":\"https:\\\/\\\/fr.elds.org\\\/lesmormons-net\\\/temoignages\\\/la-naissance-de-mon-enfant-a-renforce-mon-temoignage-que-la-famille-est-eternelle\\\/#primaryimage\"},\"thumbnailUrl\":\"https:\\\/\\\/fr.elds.org\\\/lesmormons-net\\\/files\\\/2017\\\/01\\\/la-naissance-dAmy.jpg\",\"keywords\":[\"foi en Dieu\",\"surmonter les \u00e9preuves\",\"vivre en famille\"],\"articleSection\":[\"T\u00e9moignages\"],\"inLanguage\":\"fr-FR\",\"potentialAction\":[{\"@type\":\"CommentAction\",\"name\":\"Comment\",\"target\":[\"https:\\\/\\\/fr.elds.org\\\/lesmormons-net\\\/temoignages\\\/la-naissance-de-mon-enfant-a-renforce-mon-temoignage-que-la-famille-est-eternelle\\\/#respond\"]}]},{\"@type\":\"WebPage\",\"@id\":\"https:\\\/\\\/fr.elds.org\\\/lesmormons-net\\\/temoignages\\\/la-naissance-de-mon-enfant-a-renforce-mon-temoignage-que-la-famille-est-eternelle\\\/\",\"url\":\"https:\\\/\\\/fr.elds.org\\\/lesmormons-net\\\/temoignages\\\/la-naissance-de-mon-enfant-a-renforce-mon-temoignage-que-la-famille-est-eternelle\\\/\",\"name\":\"Pendant un court instant, j'ai dit \u00e0 Dieu \\\"J'accepte cette \u00e9preuve\\\".\",\"isPartOf\":{\"@id\":\"https:\\\/\\\/fr.elds.org\\\/lesmormons-net\\\/#website\"},\"primaryImageOfPage\":{\"@id\":\"https:\\\/\\\/fr.elds.org\\\/lesmormons-net\\\/temoignages\\\/la-naissance-de-mon-enfant-a-renforce-mon-temoignage-que-la-famille-est-eternelle\\\/#primaryimage\"},\"image\":{\"@id\":\"https:\\\/\\\/fr.elds.org\\\/lesmormons-net\\\/temoignages\\\/la-naissance-de-mon-enfant-a-renforce-mon-temoignage-que-la-famille-est-eternelle\\\/#primaryimage\"},\"thumbnailUrl\":\"https:\\\/\\\/fr.elds.org\\\/lesmormons-net\\\/files\\\/2017\\\/01\\\/la-naissance-dAmy.jpg\",\"datePublished\":\"2017-01-10T16:42:29+00:00\",\"dateModified\":\"2018-06-29T09:36:36+00:00\",\"author\":{\"@id\":\"https:\\\/\\\/fr.elds.org\\\/lesmormons-net\\\/#\\\/schema\\\/person\\\/9788461126205b051d47cb70903eb829\"},\"description\":\"Dix minutes sans nouvelles. C\u2019est l\u00e0 que j\u2019ai commenc\u00e9 \u00e0 y penser \u00ab Et si elle ne commen\u00e7ait jamais \u00e0 respirer ? Et si c\u2019\u00e9tait mon \u00e9preuve sur Terre ? \u00bb\",\"breadcrumb\":{\"@id\":\"https:\\\/\\\/fr.elds.org\\\/lesmormons-net\\\/temoignages\\\/la-naissance-de-mon-enfant-a-renforce-mon-temoignage-que-la-famille-est-eternelle\\\/#breadcrumb\"},\"inLanguage\":\"fr-FR\",\"potentialAction\":[{\"@type\":\"ReadAction\",\"target\":[\"https:\\\/\\\/fr.elds.org\\\/lesmormons-net\\\/temoignages\\\/la-naissance-de-mon-enfant-a-renforce-mon-temoignage-que-la-famille-est-eternelle\\\/\"]}]},{\"@type\":\"ImageObject\",\"inLanguage\":\"fr-FR\",\"@id\":\"https:\\\/\\\/fr.elds.org\\\/lesmormons-net\\\/temoignages\\\/la-naissance-de-mon-enfant-a-renforce-mon-temoignage-que-la-famille-est-eternelle\\\/#primaryimage\",\"url\":\"https:\\\/\\\/fr.elds.org\\\/lesmormons-net\\\/files\\\/2017\\\/01\\\/la-naissance-dAmy.jpg\",\"contentUrl\":\"https:\\\/\\\/fr.elds.org\\\/lesmormons-net\\\/files\\\/2017\\\/01\\\/la-naissance-dAmy.jpg\",\"width\":948,\"height\":542,\"caption\":\"Un nouveau n\u00e9 dans les bras de son papa\"},{\"@type\":\"BreadcrumbList\",\"@id\":\"https:\\\/\\\/fr.elds.org\\\/lesmormons-net\\\/temoignages\\\/la-naissance-de-mon-enfant-a-renforce-mon-temoignage-que-la-famille-est-eternelle\\\/#breadcrumb\",\"itemListElement\":[{\"@type\":\"ListItem\",\"position\":1,\"name\":\"Home\",\"item\":\"https:\\\/\\\/fr.elds.org\\\/lesmormons-net\\\/\"},{\"@type\":\"ListItem\",\"position\":2,\"name\":\"Pendant un court instant, j&#8217;ai dit \u00e0 Dieu &#8220;J&#8217;accepte cette \u00e9preuve&#8221;.\"}]},{\"@type\":\"WebSite\",\"@id\":\"https:\\\/\\\/fr.elds.org\\\/lesmormons-net\\\/#website\",\"url\":\"https:\\\/\\\/fr.elds.org\\\/lesmormons-net\\\/\",\"name\":\"Les Mormons\",\"description\":\"Les mormons au quotidien\",\"potentialAction\":[{\"@type\":\"SearchAction\",\"target\":{\"@type\":\"EntryPoint\",\"urlTemplate\":\"https:\\\/\\\/fr.elds.org\\\/lesmormons-net\\\/?s={search_term_string}\"},\"query-input\":{\"@type\":\"PropertyValueSpecification\",\"valueRequired\":true,\"valueName\":\"search_term_string\"}}],\"inLanguage\":\"fr-FR\"},{\"@type\":\"Person\",\"@id\":\"https:\\\/\\\/fr.elds.org\\\/lesmormons-net\\\/#\\\/schema\\\/person\\\/9788461126205b051d47cb70903eb829\",\"name\":\"collaborateur\",\"image\":{\"@type\":\"ImageObject\",\"inLanguage\":\"fr-FR\",\"@id\":\"https:\\\/\\\/secure.gravatar.com\\\/avatar\\\/d0801a648dad52cb5eb71462f62e1b6cb682934f3688c1437789ae6747480b90?s=96&d=blank&r=g\",\"url\":\"https:\\\/\\\/secure.gravatar.com\\\/avatar\\\/d0801a648dad52cb5eb71462f62e1b6cb682934f3688c1437789ae6747480b90?s=96&d=blank&r=g\",\"contentUrl\":\"https:\\\/\\\/secure.gravatar.com\\\/avatar\\\/d0801a648dad52cb5eb71462f62e1b6cb682934f3688c1437789ae6747480b90?s=96&d=blank&r=g\",\"caption\":\"collaborateur\"},\"description\":\"Cet article a \u00e9t\u00e9 \u00e9crit par un Collaborateur du site. Si vous souhaitez partager vos articles (vid\u00e9os, t\u00e9moignage, etc.) envoyez-nous un mail \u00e0 : French@moregoodfoundation.org\",\"url\":\"https:\\\/\\\/fr.elds.org\\\/lesmormons-net\\\/author\\\/collaborateur\\\/\"}]}<\/script>\n<!-- \/ Yoast SEO plugin. -->","yoast_head_json":{"title":"Pendant un court instant, j'ai dit \u00e0 Dieu \"J'accepte cette \u00e9preuve\".","description":"Dix minutes sans nouvelles. C\u2019est l\u00e0 que j\u2019ai commenc\u00e9 \u00e0 y penser \u00ab Et si elle ne commen\u00e7ait jamais \u00e0 respirer ? Et si c\u2019\u00e9tait mon \u00e9preuve sur Terre ? \u00bb","robots":{"index":"index","follow":"follow","max-snippet":"max-snippet:-1","max-image-preview":"max-image-preview:large","max-video-preview":"max-video-preview:-1"},"canonical":"https:\/\/fr.elds.org\/lesmormons-net\/temoignages\/la-naissance-de-mon-enfant-a-renforce-mon-temoignage-que-la-famille-est-eternelle\/","og_locale":"fr_FR","og_type":"article","og_title":"Pendant un court instant, j'ai dit \u00e0 Dieu \"J'accepte cette \u00e9preuve\".","og_description":"Dix minutes sans nouvelles. C\u2019est l\u00e0 que j\u2019ai commenc\u00e9 \u00e0 y penser \u00ab Et si elle ne commen\u00e7ait jamais \u00e0 respirer ? Et si c\u2019\u00e9tait mon \u00e9preuve sur Terre ? \u00bb","og_url":"https:\/\/fr.elds.org\/lesmormons-net\/temoignages\/la-naissance-de-mon-enfant-a-renforce-mon-temoignage-que-la-famille-est-eternelle\/","og_site_name":"Les Mormons","article_published_time":"2017-01-10T16:42:29+00:00","article_modified_time":"2018-06-29T09:36:36+00:00","og_image":[{"width":948,"height":542,"url":"https:\/\/fr.elds.org\/lesmormons-net\/files\/2017\/01\/la-naissance-dAmy.jpg","type":"image\/jpeg"}],"author":"collaborateur","twitter_card":"summary_large_image","twitter_misc":{"\u00c9crit par":"collaborateur","Dur\u00e9e de lecture estim\u00e9e":"3 minutes"},"schema":{"@context":"https:\/\/schema.org","@graph":[{"@type":"Article","@id":"https:\/\/fr.elds.org\/lesmormons-net\/temoignages\/la-naissance-de-mon-enfant-a-renforce-mon-temoignage-que-la-famille-est-eternelle\/#article","isPartOf":{"@id":"https:\/\/fr.elds.org\/lesmormons-net\/temoignages\/la-naissance-de-mon-enfant-a-renforce-mon-temoignage-que-la-famille-est-eternelle\/"},"author":{"name":"collaborateur","@id":"https:\/\/fr.elds.org\/lesmormons-net\/#\/schema\/person\/9788461126205b051d47cb70903eb829"},"headline":"Pendant un court instant, j&rsquo;ai dit \u00e0 Dieu \u00ab\u00a0J&rsquo;accepte cette \u00e9preuve\u00a0\u00bb.","datePublished":"2017-01-10T16:42:29+00:00","dateModified":"2018-06-29T09:36:36+00:00","mainEntityOfPage":{"@id":"https:\/\/fr.elds.org\/lesmormons-net\/temoignages\/la-naissance-de-mon-enfant-a-renforce-mon-temoignage-que-la-famille-est-eternelle\/"},"wordCount":677,"commentCount":2,"image":{"@id":"https:\/\/fr.elds.org\/lesmormons-net\/temoignages\/la-naissance-de-mon-enfant-a-renforce-mon-temoignage-que-la-famille-est-eternelle\/#primaryimage"},"thumbnailUrl":"https:\/\/fr.elds.org\/lesmormons-net\/files\/2017\/01\/la-naissance-dAmy.jpg","keywords":["foi en Dieu","surmonter les \u00e9preuves","vivre en famille"],"articleSection":["T\u00e9moignages"],"inLanguage":"fr-FR","potentialAction":[{"@type":"CommentAction","name":"Comment","target":["https:\/\/fr.elds.org\/lesmormons-net\/temoignages\/la-naissance-de-mon-enfant-a-renforce-mon-temoignage-que-la-famille-est-eternelle\/#respond"]}]},{"@type":"WebPage","@id":"https:\/\/fr.elds.org\/lesmormons-net\/temoignages\/la-naissance-de-mon-enfant-a-renforce-mon-temoignage-que-la-famille-est-eternelle\/","url":"https:\/\/fr.elds.org\/lesmormons-net\/temoignages\/la-naissance-de-mon-enfant-a-renforce-mon-temoignage-que-la-famille-est-eternelle\/","name":"Pendant un court instant, j'ai dit \u00e0 Dieu \"J'accepte cette \u00e9preuve\".","isPartOf":{"@id":"https:\/\/fr.elds.org\/lesmormons-net\/#website"},"primaryImageOfPage":{"@id":"https:\/\/fr.elds.org\/lesmormons-net\/temoignages\/la-naissance-de-mon-enfant-a-renforce-mon-temoignage-que-la-famille-est-eternelle\/#primaryimage"},"image":{"@id":"https:\/\/fr.elds.org\/lesmormons-net\/temoignages\/la-naissance-de-mon-enfant-a-renforce-mon-temoignage-que-la-famille-est-eternelle\/#primaryimage"},"thumbnailUrl":"https:\/\/fr.elds.org\/lesmormons-net\/files\/2017\/01\/la-naissance-dAmy.jpg","datePublished":"2017-01-10T16:42:29+00:00","dateModified":"2018-06-29T09:36:36+00:00","author":{"@id":"https:\/\/fr.elds.org\/lesmormons-net\/#\/schema\/person\/9788461126205b051d47cb70903eb829"},"description":"Dix minutes sans nouvelles. C\u2019est l\u00e0 que j\u2019ai commenc\u00e9 \u00e0 y penser \u00ab Et si elle ne commen\u00e7ait jamais \u00e0 respirer ? Et si c\u2019\u00e9tait mon \u00e9preuve sur Terre ? \u00bb","breadcrumb":{"@id":"https:\/\/fr.elds.org\/lesmormons-net\/temoignages\/la-naissance-de-mon-enfant-a-renforce-mon-temoignage-que-la-famille-est-eternelle\/#breadcrumb"},"inLanguage":"fr-FR","potentialAction":[{"@type":"ReadAction","target":["https:\/\/fr.elds.org\/lesmormons-net\/temoignages\/la-naissance-de-mon-enfant-a-renforce-mon-temoignage-que-la-famille-est-eternelle\/"]}]},{"@type":"ImageObject","inLanguage":"fr-FR","@id":"https:\/\/fr.elds.org\/lesmormons-net\/temoignages\/la-naissance-de-mon-enfant-a-renforce-mon-temoignage-que-la-famille-est-eternelle\/#primaryimage","url":"https:\/\/fr.elds.org\/lesmormons-net\/files\/2017\/01\/la-naissance-dAmy.jpg","contentUrl":"https:\/\/fr.elds.org\/lesmormons-net\/files\/2017\/01\/la-naissance-dAmy.jpg","width":948,"height":542,"caption":"Un nouveau n\u00e9 dans les bras de son papa"},{"@type":"BreadcrumbList","@id":"https:\/\/fr.elds.org\/lesmormons-net\/temoignages\/la-naissance-de-mon-enfant-a-renforce-mon-temoignage-que-la-famille-est-eternelle\/#breadcrumb","itemListElement":[{"@type":"ListItem","position":1,"name":"Home","item":"https:\/\/fr.elds.org\/lesmormons-net\/"},{"@type":"ListItem","position":2,"name":"Pendant un court instant, j&#8217;ai dit \u00e0 Dieu &#8220;J&#8217;accepte cette \u00e9preuve&#8221;."}]},{"@type":"WebSite","@id":"https:\/\/fr.elds.org\/lesmormons-net\/#website","url":"https:\/\/fr.elds.org\/lesmormons-net\/","name":"Les Mormons","description":"Les mormons au quotidien","potentialAction":[{"@type":"SearchAction","target":{"@type":"EntryPoint","urlTemplate":"https:\/\/fr.elds.org\/lesmormons-net\/?s={search_term_string}"},"query-input":{"@type":"PropertyValueSpecification","valueRequired":true,"valueName":"search_term_string"}}],"inLanguage":"fr-FR"},{"@type":"Person","@id":"https:\/\/fr.elds.org\/lesmormons-net\/#\/schema\/person\/9788461126205b051d47cb70903eb829","name":"collaborateur","image":{"@type":"ImageObject","inLanguage":"fr-FR","@id":"https:\/\/secure.gravatar.com\/avatar\/d0801a648dad52cb5eb71462f62e1b6cb682934f3688c1437789ae6747480b90?s=96&d=blank&r=g","url":"https:\/\/secure.gravatar.com\/avatar\/d0801a648dad52cb5eb71462f62e1b6cb682934f3688c1437789ae6747480b90?s=96&d=blank&r=g","contentUrl":"https:\/\/secure.gravatar.com\/avatar\/d0801a648dad52cb5eb71462f62e1b6cb682934f3688c1437789ae6747480b90?s=96&d=blank&r=g","caption":"collaborateur"},"description":"Cet article a \u00e9t\u00e9 \u00e9crit par un Collaborateur du site. Si vous souhaitez partager vos articles (vid\u00e9os, t\u00e9moignage, etc.) envoyez-nous un mail \u00e0 : French@moregoodfoundation.org","url":"https:\/\/fr.elds.org\/lesmormons-net\/author\/collaborateur\/"}]}},"_links":{"self":[{"href":"https:\/\/fr.elds.org\/lesmormons-net\/wp-json\/wp\/v2\/posts\/5011","targetHints":{"allow":["GET"]}}],"collection":[{"href":"https:\/\/fr.elds.org\/lesmormons-net\/wp-json\/wp\/v2\/posts"}],"about":[{"href":"https:\/\/fr.elds.org\/lesmormons-net\/wp-json\/wp\/v2\/types\/post"}],"author":[{"embeddable":true,"href":"https:\/\/fr.elds.org\/lesmormons-net\/wp-json\/wp\/v2\/users\/44"}],"replies":[{"embeddable":true,"href":"https:\/\/fr.elds.org\/lesmormons-net\/wp-json\/wp\/v2\/comments?post=5011"}],"version-history":[{"count":6,"href":"https:\/\/fr.elds.org\/lesmormons-net\/wp-json\/wp\/v2\/posts\/5011\/revisions"}],"predecessor-version":[{"id":8318,"href":"https:\/\/fr.elds.org\/lesmormons-net\/wp-json\/wp\/v2\/posts\/5011\/revisions\/8318"}],"wp:featuredmedia":[{"embeddable":true,"href":"https:\/\/fr.elds.org\/lesmormons-net\/wp-json\/wp\/v2\/media\/5012"}],"wp:attachment":[{"href":"https:\/\/fr.elds.org\/lesmormons-net\/wp-json\/wp\/v2\/media?parent=5011"}],"wp:term":[{"taxonomy":"category","embeddable":true,"href":"https:\/\/fr.elds.org\/lesmormons-net\/wp-json\/wp\/v2\/categories?post=5011"},{"taxonomy":"post_tag","embeddable":true,"href":"https:\/\/fr.elds.org\/lesmormons-net\/wp-json\/wp\/v2\/tags?post=5011"}],"curies":[{"name":"wp","href":"https:\/\/api.w.org\/{rel}","templated":true}]}}