{"id":4849,"date":"2016-11-29T16:48:37","date_gmt":"2016-11-29T15:48:37","guid":{"rendered":"http:\/\/fr.elds.org\/lesmormons-net\/?p=4849"},"modified":"2018-07-27T16:19:29","modified_gmt":"2018-07-27T14:19:29","slug":"ne-oublier-refuge-contre-tempete","status":"publish","type":"post","link":"https:\/\/fr.elds.org\/lesmormons-net\/temoignages\/ne-oublier-refuge-contre-tempete\/","title":{"rendered":"Pour ne pas oublier&#8230; Un refuge contre la temp\u00eate!"},"content":{"rendered":"<p>\u00ab\u00a0Car j\u2019ai eu faim, et vous m\u2019avez donn\u00e9 \u00e0 manger; j\u2019ai eu soif, et vous m\u2019avez donn\u00e9 \u00e0 boire\u00a0; j\u2019\u00e9tais \u00e9tranger, et vous m\u2019avez recueilli; j&rsquo;\u00e9tais nu, et vous m\u2019avez v\u00eatu; je vous le dis en v\u00e9rit\u00e9, toutes les fois que vous avez fait ces choses \u00e0 l\u2019un de ces plus petits de mes fr\u00e8res, c\u2019est \u00e0 moi que vous les avez faites<span style=\"font-size: 11.6667px;\">.<\/span>\u00a0\u00bb <a href=\"http:\/\/awmach.org\/bibles\/BLS\/mt#25\">Matthieu 25:35,36,40<\/a><\/p>\n<p><a href=\"http:\/\/fr.elds.org\/fr-christ-org\/files\/2016\/11\/Pikpa-good.jpg\"><img fetchpriority=\"high\" fetchpriority=\"high\" decoding=\"async\" class=\"aligncenter size-full wp-image-3274\" src=\"http:\/\/fr.elds.org\/fr-christ-org\/files\/2016\/11\/Pikpa-good.jpg\" alt=\" Un refuge contre la temp\u00eate\" width=\"795\" height=\"497\" \/><\/a><\/p>\n<p>Pendant la Conf\u00e9rence G\u00e9n\u00e9rale d\u2019Avril 2016, Elder Patrick Kearon, du coll\u00e8ge des soixante-dix, nous a adress\u00e9 une invitation et nous a demand\u00e9 :<\/p>\n<blockquote><p><em>\u00ab\u00a0Commencez par vous mettre \u00e0 genoux et \u00e0 prier. R\u00e9fl\u00e9chissez \u00e0 ce que vous pouvez faire pr\u00e8s de chez vous, dans votre collectivit\u00e9, o\u00f9 vous trouverez des personnes qui ont besoin d\u2019aide pour s\u2019adapter \u00e0 leur nouvelle situation. L\u2019objectif ultime est leur r\u00e9insertion dans une vie industrieuse et autonome.<\/em>\u00a0\u00bb(<a href=\"https:\/\/goo.gl\/7qJdQD\">Un refuge contre la temp\u00eate<\/a>)<\/p><\/blockquote>\n<p><strong>J\u2019ai suivi son invitation<\/strong>. Apr\u00e8s avoir cherch\u00e9 des opportunit\u00e9s pour servir, j\u2019ai ressenti que j\u2019aurais pu partager mon temps et mon \u00e9nergie dans un camp de r\u00e9fugi\u00e9s en Gr\u00e8ce.<\/p>\n<p>J\u2019ai partag\u00e9 mes sentiments avec mon mari et par la suite j\u2019ai commenc\u00e9 \u00e0 pr\u00e9parer notre voyage qui nous a amen\u00e9 sur l\u2019Ile de Lesvos, en Gr\u00e8ce, dans le camp de Pikpa. <strong>Les exp\u00e9riences que nous avons v\u00e9cues pendant ces deux semaines nous ont chang\u00e9 \u00e0 jamais<\/strong>. Les personnes que nous avons c\u00f4toy\u00e9es nous ont chang\u00e9 \u00e0 jamais. Leur exp\u00e9riences, souffrances, motivations nous ont aid\u00e9es \u00e0 comprendre r\u00e9ellement ce qu\u2019ils sont en train de vivre et quels sont leurs besoins.<\/p>\n<p>Voici ce que j\u2019ai appris\u00a0:<\/p>\n<ol>\n<li>\u00ab\u00a0<em>Une grande partie d&rsquo;entre eux sont instruits, et tous ont d\u00fb abandonner leur foyer, leur \u00e9cole, leur emploi\u00a0<\/em>\u00bb. Nous pourrions \u00eatre \u00e0 leur place\u2026<\/li>\n<li>\u00ab\u00a0<em>Nous devons veiller \u00e0 ce que la situation d\u00e9sesp\u00e9r\u00e9e des r\u00e9fugi\u00e9s ne devienne pas une simple nouvelle banale, une fois que le choc initial se sera dissip\u00e9, car les guerres dureront et les familles continueront \u00e0 arriver. Des millions de r\u00e9fugi\u00e9s dans le monde entier, dont les histoires ne font plus l\u2019actualit\u00e9, ont encore d\u00e9sesp\u00e9r\u00e9ment besoin d\u2019aide<\/em>\u00bb Parfois c\u2019est plus simple d\u2019\u00ab oublier\u00a0\u00bb ou de ne pas penser \u00e0 cette situation qui est encore tr\u00e8s actuelle et pr\u00e9sente chez nous.<\/li>\n<li>\u00ab\u00a0<em>Ce moment ne d\u00e9finit pas qui sont les r\u00e9fugi\u00e9s, mais notre r\u00e9action permettra de d\u00e9finir qui nous sommes<\/em>.\u00a0\u00bb Nous avons toujours la possibilit\u00e9 de choisir comment r\u00e9agir et agir. J\u2019ai choisi d\u2019\u00e9lever ma voix pour eux pour faire conna\u00eetre les conditions de vie auxquelles ils sont confront\u00e9s.<\/li>\n<li>\u00ab\u00a0<em>Sortons de notre zone de confort et prenons de notre abondance pour donner \u00e0 ces personnes l\u2019esp\u00e9rance d\u2019un avenir meilleur, la\u00a0foi en Dieu et en notre prochain, et l\u2019amour\u00a0qui voit au-del\u00e0 des diff\u00e9rences culturelles et id\u00e9ologiques, la merveilleuse v\u00e9rit\u00e9 que nous sommes tous enfants de notre P\u00e8re c\u00e9leste.<\/em>\u00a0\u00bb J\u2019ai personnellement ressenti qu&rsquo;en tant que membres de l\u2019Eglise nous pouvons apporter beaucoup. Parfois\u00a0j\u2019ai l\u2019impression que nous oublions le potentiel que nous avons et la chance que nous avons d\u2019avoir le don du Saint Esprit avec nous. Nous ne r\u00e9alisons pas le pouvoir que nous avons de toucher la vie des autres personnes, et la possibilit\u00e9 que nous avons de leur donner l\u2019amour, l\u2019espoir et la foi dont ils ont besoin. <strong>Nous pouvons v\u00e9ritablement \u00eatre un instrument dans les mains de notre Sauveur, nous pouvons \u00eatre Ses mains, Ses pieds et Son c\u0153ur.<\/strong><\/li>\n<\/ol>\n","protected":false},"excerpt":{"rendered":"<p>Suivre l&rsquo;invitation du Elder Kearon et aider les r\u00e9fugi\u00e9s est une fa\u00e7on de suivre le Christ et \u00eatre un instrument dans ses mains.<\/p>\n","protected":false},"author":37,"featured_media":4873,"comment_status":"open","ping_status":"closed","sticky":false,"template":"","format":"standard","meta":{"_et_pb_use_builder":"","_et_pb_old_content":"","_et_gb_content_width":"","footnotes":""},"categories":[172],"tags":[439,309,449],"class_list":["post-4849","post","type-post","status-publish","format-standard","has-post-thumbnail","hentry","category-temoignages","tag-appliquer-evangile","tag-enfant-de-dieu","tag-rendre-service","et-has-post-format-content","et_post_format-et-post-format-standard"],"yoast_head":"<!-- This site is optimized with the Yoast SEO plugin v27.4 - https:\/\/yoast.com\/product\/yoast-seo-wordpress\/ -->\n<title>Pour ne pas oublier... Un refuge contre la temp\u00eate!<\/title>\n<meta name=\"description\" content=\"Suivre l&#039;invitation du Elder Kearon et aider les r\u00e9fugi\u00e9s est une fa\u00e7on de suivre le Christ et \u00eatre un instrument dans ses mains.\" \/>\n<meta name=\"robots\" content=\"index, follow, max-snippet:-1, max-image-preview:large, max-video-preview:-1\" \/>\n<link rel=\"canonical\" href=\"https:\/\/fr.elds.org\/lesmormons-net\/temoignages\/ne-oublier-refuge-contre-tempete\/\" \/>\n<meta property=\"og:locale\" content=\"fr_FR\" \/>\n<meta property=\"og:type\" content=\"article\" \/>\n<meta property=\"og:title\" content=\"Pour ne pas oublier... Un refuge contre la temp\u00eate!\" \/>\n<meta property=\"og:description\" content=\"Suivre l&#039;invitation du Elder Kearon et aider les r\u00e9fugi\u00e9s est une fa\u00e7on de suivre le Christ et \u00eatre un instrument dans ses mains.\" \/>\n<meta property=\"og:url\" content=\"https:\/\/fr.elds.org\/lesmormons-net\/temoignages\/ne-oublier-refuge-contre-tempete\/\" \/>\n<meta property=\"og:site_name\" content=\"Les Mormons\" \/>\n<meta property=\"article:published_time\" content=\"2016-11-29T15:48:37+00:00\" \/>\n<meta property=\"article:modified_time\" content=\"2018-07-27T14:19:29+00:00\" \/>\n<meta property=\"og:image\" content=\"https:\/\/fr.elds.org\/lesmormons-net\/files\/2016\/11\/re\u0301fugie\u0301s.jpg\" \/>\n\t<meta property=\"og:image:width\" content=\"948\" \/>\n\t<meta property=\"og:image:height\" content=\"542\" \/>\n\t<meta property=\"og:image:type\" content=\"image\/jpeg\" \/>\n<meta name=\"author\" content=\"Silvia Ghidini\" \/>\n<meta name=\"twitter:card\" content=\"summary_large_image\" \/>\n<meta name=\"twitter:creator\" content=\"@silvia\" \/>\n<meta name=\"twitter:label1\" content=\"\u00c9crit par\" \/>\n\t<meta name=\"twitter:data1\" content=\"Silvia Ghidini\" \/>\n\t<meta name=\"twitter:label2\" content=\"Dur\u00e9e de lecture estim\u00e9e\" \/>\n\t<meta name=\"twitter:data2\" content=\"3 minutes\" \/>\n<script type=\"application\/ld+json\" class=\"yoast-schema-graph\">{\"@context\":\"https:\\\/\\\/schema.org\",\"@graph\":[{\"@type\":\"Article\",\"@id\":\"https:\\\/\\\/fr.elds.org\\\/lesmormons-net\\\/temoignages\\\/ne-oublier-refuge-contre-tempete\\\/#article\",\"isPartOf\":{\"@id\":\"https:\\\/\\\/fr.elds.org\\\/lesmormons-net\\\/temoignages\\\/ne-oublier-refuge-contre-tempete\\\/\"},\"author\":{\"name\":\"Silvia Ghidini\",\"@id\":\"https:\\\/\\\/fr.elds.org\\\/lesmormons-net\\\/#\\\/schema\\\/person\\\/6604e24d6072974319cd875f016f65b2\"},\"headline\":\"Pour ne pas oublier&#8230; Un refuge contre la temp\u00eate!\",\"datePublished\":\"2016-11-29T15:48:37+00:00\",\"dateModified\":\"2018-07-27T14:19:29+00:00\",\"mainEntityOfPage\":{\"@id\":\"https:\\\/\\\/fr.elds.org\\\/lesmormons-net\\\/temoignages\\\/ne-oublier-refuge-contre-tempete\\\/\"},\"wordCount\":635,\"commentCount\":1,\"image\":{\"@id\":\"https:\\\/\\\/fr.elds.org\\\/lesmormons-net\\\/temoignages\\\/ne-oublier-refuge-contre-tempete\\\/#primaryimage\"},\"thumbnailUrl\":\"https:\\\/\\\/fr.elds.org\\\/lesmormons-net\\\/files\\\/2016\\\/11\\\/re\u0301fugie\u0301s.jpg\",\"keywords\":[\"appliquer l'Evangile\",\"enfant de Dieu\",\"rendre service\"],\"articleSection\":[\"T\u00e9moignages\"],\"inLanguage\":\"fr-FR\",\"potentialAction\":[{\"@type\":\"CommentAction\",\"name\":\"Comment\",\"target\":[\"https:\\\/\\\/fr.elds.org\\\/lesmormons-net\\\/temoignages\\\/ne-oublier-refuge-contre-tempete\\\/#respond\"]}]},{\"@type\":\"WebPage\",\"@id\":\"https:\\\/\\\/fr.elds.org\\\/lesmormons-net\\\/temoignages\\\/ne-oublier-refuge-contre-tempete\\\/\",\"url\":\"https:\\\/\\\/fr.elds.org\\\/lesmormons-net\\\/temoignages\\\/ne-oublier-refuge-contre-tempete\\\/\",\"name\":\"Pour ne pas oublier... Un refuge contre la temp\u00eate!\",\"isPartOf\":{\"@id\":\"https:\\\/\\\/fr.elds.org\\\/lesmormons-net\\\/#website\"},\"primaryImageOfPage\":{\"@id\":\"https:\\\/\\\/fr.elds.org\\\/lesmormons-net\\\/temoignages\\\/ne-oublier-refuge-contre-tempete\\\/#primaryimage\"},\"image\":{\"@id\":\"https:\\\/\\\/fr.elds.org\\\/lesmormons-net\\\/temoignages\\\/ne-oublier-refuge-contre-tempete\\\/#primaryimage\"},\"thumbnailUrl\":\"https:\\\/\\\/fr.elds.org\\\/lesmormons-net\\\/files\\\/2016\\\/11\\\/re\u0301fugie\u0301s.jpg\",\"datePublished\":\"2016-11-29T15:48:37+00:00\",\"dateModified\":\"2018-07-27T14:19:29+00:00\",\"author\":{\"@id\":\"https:\\\/\\\/fr.elds.org\\\/lesmormons-net\\\/#\\\/schema\\\/person\\\/6604e24d6072974319cd875f016f65b2\"},\"description\":\"Suivre l'invitation du Elder Kearon et aider les r\u00e9fugi\u00e9s est une fa\u00e7on de suivre le Christ et \u00eatre un instrument dans ses mains.\",\"breadcrumb\":{\"@id\":\"https:\\\/\\\/fr.elds.org\\\/lesmormons-net\\\/temoignages\\\/ne-oublier-refuge-contre-tempete\\\/#breadcrumb\"},\"inLanguage\":\"fr-FR\",\"potentialAction\":[{\"@type\":\"ReadAction\",\"target\":[\"https:\\\/\\\/fr.elds.org\\\/lesmormons-net\\\/temoignages\\\/ne-oublier-refuge-contre-tempete\\\/\"]}]},{\"@type\":\"ImageObject\",\"inLanguage\":\"fr-FR\",\"@id\":\"https:\\\/\\\/fr.elds.org\\\/lesmormons-net\\\/temoignages\\\/ne-oublier-refuge-contre-tempete\\\/#primaryimage\",\"url\":\"https:\\\/\\\/fr.elds.org\\\/lesmormons-net\\\/files\\\/2016\\\/11\\\/re\u0301fugie\u0301s.jpg\",\"contentUrl\":\"https:\\\/\\\/fr.elds.org\\\/lesmormons-net\\\/files\\\/2016\\\/11\\\/re\u0301fugie\u0301s.jpg\",\"width\":948,\"height\":542,\"caption\":\"une famille de r\u00e9fugi\u00e9s\"},{\"@type\":\"BreadcrumbList\",\"@id\":\"https:\\\/\\\/fr.elds.org\\\/lesmormons-net\\\/temoignages\\\/ne-oublier-refuge-contre-tempete\\\/#breadcrumb\",\"itemListElement\":[{\"@type\":\"ListItem\",\"position\":1,\"name\":\"Home\",\"item\":\"https:\\\/\\\/fr.elds.org\\\/lesmormons-net\\\/\"},{\"@type\":\"ListItem\",\"position\":2,\"name\":\"Pour ne pas oublier&#8230; Un refuge contre la temp\u00eate!\"}]},{\"@type\":\"WebSite\",\"@id\":\"https:\\\/\\\/fr.elds.org\\\/lesmormons-net\\\/#website\",\"url\":\"https:\\\/\\\/fr.elds.org\\\/lesmormons-net\\\/\",\"name\":\"Les Mormons\",\"description\":\"Les mormons au quotidien\",\"potentialAction\":[{\"@type\":\"SearchAction\",\"target\":{\"@type\":\"EntryPoint\",\"urlTemplate\":\"https:\\\/\\\/fr.elds.org\\\/lesmormons-net\\\/?s={search_term_string}\"},\"query-input\":{\"@type\":\"PropertyValueSpecification\",\"valueRequired\":true,\"valueName\":\"search_term_string\"}}],\"inLanguage\":\"fr-FR\"},{\"@type\":\"Person\",\"@id\":\"https:\\\/\\\/fr.elds.org\\\/lesmormons-net\\\/#\\\/schema\\\/person\\\/6604e24d6072974319cd875f016f65b2\",\"name\":\"Silvia Ghidini\",\"image\":{\"@type\":\"ImageObject\",\"inLanguage\":\"fr-FR\",\"@id\":\"https:\\\/\\\/secure.gravatar.com\\\/avatar\\\/e3ed2b6653ef1a27bdc46a48bdfa8ffd6c8737f08edf764c82a57cbd103ab572?s=96&d=blank&r=g\",\"url\":\"https:\\\/\\\/secure.gravatar.com\\\/avatar\\\/e3ed2b6653ef1a27bdc46a48bdfa8ffd6c8737f08edf764c82a57cbd103ab572?s=96&d=blank&r=g\",\"contentUrl\":\"https:\\\/\\\/secure.gravatar.com\\\/avatar\\\/e3ed2b6653ef1a27bdc46a48bdfa8ffd6c8737f08edf764c82a57cbd103ab572?s=96&d=blank&r=g\",\"caption\":\"Silvia Ghidini\"},\"sameAs\":[\"https:\\\/\\\/x.com\\\/silvia\"],\"url\":\"https:\\\/\\\/fr.elds.org\\\/lesmormons-net\\\/author\\\/silvia-ghidini\\\/\"}]}<\/script>\n<!-- \/ Yoast SEO plugin. -->","yoast_head_json":{"title":"Pour ne pas oublier... Un refuge contre la temp\u00eate!","description":"Suivre l'invitation du Elder Kearon et aider les r\u00e9fugi\u00e9s est une fa\u00e7on de suivre le Christ et \u00eatre un instrument dans ses mains.","robots":{"index":"index","follow":"follow","max-snippet":"max-snippet:-1","max-image-preview":"max-image-preview:large","max-video-preview":"max-video-preview:-1"},"canonical":"https:\/\/fr.elds.org\/lesmormons-net\/temoignages\/ne-oublier-refuge-contre-tempete\/","og_locale":"fr_FR","og_type":"article","og_title":"Pour ne pas oublier... Un refuge contre la temp\u00eate!","og_description":"Suivre l'invitation du Elder Kearon et aider les r\u00e9fugi\u00e9s est une fa\u00e7on de suivre le Christ et \u00eatre un instrument dans ses mains.","og_url":"https:\/\/fr.elds.org\/lesmormons-net\/temoignages\/ne-oublier-refuge-contre-tempete\/","og_site_name":"Les Mormons","article_published_time":"2016-11-29T15:48:37+00:00","article_modified_time":"2018-07-27T14:19:29+00:00","og_image":[{"width":948,"height":542,"url":"https:\/\/fr.elds.org\/lesmormons-net\/files\/2016\/11\/re\u0301fugie\u0301s.jpg","type":"image\/jpeg"}],"author":"Silvia Ghidini","twitter_card":"summary_large_image","twitter_creator":"@silvia","twitter_misc":{"\u00c9crit par":"Silvia Ghidini","Dur\u00e9e de lecture estim\u00e9e":"3 minutes"},"schema":{"@context":"https:\/\/schema.org","@graph":[{"@type":"Article","@id":"https:\/\/fr.elds.org\/lesmormons-net\/temoignages\/ne-oublier-refuge-contre-tempete\/#article","isPartOf":{"@id":"https:\/\/fr.elds.org\/lesmormons-net\/temoignages\/ne-oublier-refuge-contre-tempete\/"},"author":{"name":"Silvia Ghidini","@id":"https:\/\/fr.elds.org\/lesmormons-net\/#\/schema\/person\/6604e24d6072974319cd875f016f65b2"},"headline":"Pour ne pas oublier&#8230; Un refuge contre la temp\u00eate!","datePublished":"2016-11-29T15:48:37+00:00","dateModified":"2018-07-27T14:19:29+00:00","mainEntityOfPage":{"@id":"https:\/\/fr.elds.org\/lesmormons-net\/temoignages\/ne-oublier-refuge-contre-tempete\/"},"wordCount":635,"commentCount":1,"image":{"@id":"https:\/\/fr.elds.org\/lesmormons-net\/temoignages\/ne-oublier-refuge-contre-tempete\/#primaryimage"},"thumbnailUrl":"https:\/\/fr.elds.org\/lesmormons-net\/files\/2016\/11\/re\u0301fugie\u0301s.jpg","keywords":["appliquer l'Evangile","enfant de Dieu","rendre service"],"articleSection":["T\u00e9moignages"],"inLanguage":"fr-FR","potentialAction":[{"@type":"CommentAction","name":"Comment","target":["https:\/\/fr.elds.org\/lesmormons-net\/temoignages\/ne-oublier-refuge-contre-tempete\/#respond"]}]},{"@type":"WebPage","@id":"https:\/\/fr.elds.org\/lesmormons-net\/temoignages\/ne-oublier-refuge-contre-tempete\/","url":"https:\/\/fr.elds.org\/lesmormons-net\/temoignages\/ne-oublier-refuge-contre-tempete\/","name":"Pour ne pas oublier... Un refuge contre la temp\u00eate!","isPartOf":{"@id":"https:\/\/fr.elds.org\/lesmormons-net\/#website"},"primaryImageOfPage":{"@id":"https:\/\/fr.elds.org\/lesmormons-net\/temoignages\/ne-oublier-refuge-contre-tempete\/#primaryimage"},"image":{"@id":"https:\/\/fr.elds.org\/lesmormons-net\/temoignages\/ne-oublier-refuge-contre-tempete\/#primaryimage"},"thumbnailUrl":"https:\/\/fr.elds.org\/lesmormons-net\/files\/2016\/11\/re\u0301fugie\u0301s.jpg","datePublished":"2016-11-29T15:48:37+00:00","dateModified":"2018-07-27T14:19:29+00:00","author":{"@id":"https:\/\/fr.elds.org\/lesmormons-net\/#\/schema\/person\/6604e24d6072974319cd875f016f65b2"},"description":"Suivre l'invitation du Elder Kearon et aider les r\u00e9fugi\u00e9s est une fa\u00e7on de suivre le Christ et \u00eatre un instrument dans ses mains.","breadcrumb":{"@id":"https:\/\/fr.elds.org\/lesmormons-net\/temoignages\/ne-oublier-refuge-contre-tempete\/#breadcrumb"},"inLanguage":"fr-FR","potentialAction":[{"@type":"ReadAction","target":["https:\/\/fr.elds.org\/lesmormons-net\/temoignages\/ne-oublier-refuge-contre-tempete\/"]}]},{"@type":"ImageObject","inLanguage":"fr-FR","@id":"https:\/\/fr.elds.org\/lesmormons-net\/temoignages\/ne-oublier-refuge-contre-tempete\/#primaryimage","url":"https:\/\/fr.elds.org\/lesmormons-net\/files\/2016\/11\/re\u0301fugie\u0301s.jpg","contentUrl":"https:\/\/fr.elds.org\/lesmormons-net\/files\/2016\/11\/re\u0301fugie\u0301s.jpg","width":948,"height":542,"caption":"une famille de r\u00e9fugi\u00e9s"},{"@type":"BreadcrumbList","@id":"https:\/\/fr.elds.org\/lesmormons-net\/temoignages\/ne-oublier-refuge-contre-tempete\/#breadcrumb","itemListElement":[{"@type":"ListItem","position":1,"name":"Home","item":"https:\/\/fr.elds.org\/lesmormons-net\/"},{"@type":"ListItem","position":2,"name":"Pour ne pas oublier&#8230; Un refuge contre la temp\u00eate!"}]},{"@type":"WebSite","@id":"https:\/\/fr.elds.org\/lesmormons-net\/#website","url":"https:\/\/fr.elds.org\/lesmormons-net\/","name":"Les Mormons","description":"Les mormons au quotidien","potentialAction":[{"@type":"SearchAction","target":{"@type":"EntryPoint","urlTemplate":"https:\/\/fr.elds.org\/lesmormons-net\/?s={search_term_string}"},"query-input":{"@type":"PropertyValueSpecification","valueRequired":true,"valueName":"search_term_string"}}],"inLanguage":"fr-FR"},{"@type":"Person","@id":"https:\/\/fr.elds.org\/lesmormons-net\/#\/schema\/person\/6604e24d6072974319cd875f016f65b2","name":"Silvia Ghidini","image":{"@type":"ImageObject","inLanguage":"fr-FR","@id":"https:\/\/secure.gravatar.com\/avatar\/e3ed2b6653ef1a27bdc46a48bdfa8ffd6c8737f08edf764c82a57cbd103ab572?s=96&d=blank&r=g","url":"https:\/\/secure.gravatar.com\/avatar\/e3ed2b6653ef1a27bdc46a48bdfa8ffd6c8737f08edf764c82a57cbd103ab572?s=96&d=blank&r=g","contentUrl":"https:\/\/secure.gravatar.com\/avatar\/e3ed2b6653ef1a27bdc46a48bdfa8ffd6c8737f08edf764c82a57cbd103ab572?s=96&d=blank&r=g","caption":"Silvia Ghidini"},"sameAs":["https:\/\/x.com\/silvia"],"url":"https:\/\/fr.elds.org\/lesmormons-net\/author\/silvia-ghidini\/"}]}},"_links":{"self":[{"href":"https:\/\/fr.elds.org\/lesmormons-net\/wp-json\/wp\/v2\/posts\/4849","targetHints":{"allow":["GET"]}}],"collection":[{"href":"https:\/\/fr.elds.org\/lesmormons-net\/wp-json\/wp\/v2\/posts"}],"about":[{"href":"https:\/\/fr.elds.org\/lesmormons-net\/wp-json\/wp\/v2\/types\/post"}],"author":[{"embeddable":true,"href":"https:\/\/fr.elds.org\/lesmormons-net\/wp-json\/wp\/v2\/users\/37"}],"replies":[{"embeddable":true,"href":"https:\/\/fr.elds.org\/lesmormons-net\/wp-json\/wp\/v2\/comments?post=4849"}],"version-history":[{"count":3,"href":"https:\/\/fr.elds.org\/lesmormons-net\/wp-json\/wp\/v2\/posts\/4849\/revisions"}],"predecessor-version":[{"id":4871,"href":"https:\/\/fr.elds.org\/lesmormons-net\/wp-json\/wp\/v2\/posts\/4849\/revisions\/4871"}],"wp:featuredmedia":[{"embeddable":true,"href":"https:\/\/fr.elds.org\/lesmormons-net\/wp-json\/wp\/v2\/media\/4873"}],"wp:attachment":[{"href":"https:\/\/fr.elds.org\/lesmormons-net\/wp-json\/wp\/v2\/media?parent=4849"}],"wp:term":[{"taxonomy":"category","embeddable":true,"href":"https:\/\/fr.elds.org\/lesmormons-net\/wp-json\/wp\/v2\/categories?post=4849"},{"taxonomy":"post_tag","embeddable":true,"href":"https:\/\/fr.elds.org\/lesmormons-net\/wp-json\/wp\/v2\/tags?post=4849"}],"curies":[{"name":"wp","href":"https:\/\/api.w.org\/{rel}","templated":true}]}}