{"id":4333,"date":"2016-09-15T16:47:15","date_gmt":"2016-09-15T14:47:15","guid":{"rendered":"http:\/\/fr.elds.org\/lesmormons-net\/?p=4333"},"modified":"2018-07-28T10:47:03","modified_gmt":"2018-07-28T08:47:03","slug":"elder-causse-visite-centre-daccueil-refugies-a-berlin","status":"publish","type":"post","link":"https:\/\/fr.elds.org\/lesmormons-net\/actualites-mondiales\/elder-causse-visite-centre-daccueil-refugies-a-berlin\/","title":{"rendered":"ELDER CAUSS\u00c9 VISITE UN CENTRE DE R\u00c9FUGI\u00c9S \u00c0 BERLIN"},"content":{"rendered":"<p style=\"text-align: justify;\"><span style=\"font-weight: 400;\">Pendant son r\u00e9cent voyage en Europe, <\/span><a href=\"http:\/\/www.mormonnewsroom.org\/article\/bishop-gerald-causse\"><span style=\"font-weight: 400;\">l\u2019Ev\u00eaque G\u00e9rald Causs\u00e9<\/span><\/a><span style=\"font-weight: 400;\"> a visit\u00e9 deux centres d\u2019accueil pour r\u00e9fugi\u00e9s \u00e0 Berlin, capitale de l\u2019Allemagne. Originaire de France, l\u2019Ev\u00eaque Causs\u00e9 sert en tant <\/span><a href=\"http:\/\/www.mormonnewsroom.org\/topic\/presiding-bishopric\"><span style=\"font-weight: 400;\">qu\u2019Ev\u00eaque Pr\u00e9sident<\/span><\/a><span style=\"font-weight: 400;\"> de l\u2019Eglise de J\u00e9sus Christ des Saints des Derniers Jours.<\/span><\/p>\n<blockquote><p>\u00ab\u00a0Mon c\u0153ur est plein de gratitude envers ceux qui ont donn\u00e9 si g\u00e9n\u00e9reusement de leur temps et de leurs ressources\u00a0\u00bb,<\/p><\/blockquote>\n<p style=\"text-align: justify;\">a dit l\u2019Ev\u00eaque Causs\u00e9.<\/p>\n<blockquote><p>\u00ab\u00a0Visiter ces installations a \u00e9t\u00e9 l\u2019occasion de constater visuellement comment les dons des membres de l\u2019Eglise aident \u00e0 fournir des soins et des services si n\u00e9cessaires. J\u2019ai \u00e9t\u00e9 tr\u00e8s impressionn\u00e9 par la comp\u00e9tence du personnel et l\u2019engagement des volontaires de nos organisations partenaires.\u00a0\u00bb<\/p><\/blockquote>\n<p style=\"text-align: justify;\"><span style=\"font-weight: 400;\">Ces visites ont pu r\u00e9v\u00e9ler ce qui pourrait \u00eatre n\u00e9cessaire a un futur projet d\u2019aide aux r\u00e9fugi\u00e9s, a dit l\u2019Ev\u00eaque Causs\u00e9. En rencontrant certains des r\u00e9sidents, il leur a donn\u00e9 quelques mots d\u2019encouragement.<\/span><\/p>\n<p style=\"text-align: justify;\"><a href=\"http:\/\/fr.elds.org\/lesmormons-net\/files\/2016\/09\/Elder-Causse\u0301-visite-un-centre-daccueil-pour-re\u0301fugie\u0301s-a\u0300-Berlin.jpg\"><img fetchpriority=\"high\" fetchpriority=\"high\" decoding=\"async\" class=\"aligncenter size-large wp-image-4339\" src=\"http:\/\/fr.elds.org\/lesmormons-net\/files\/2016\/09\/Elder-Causse\u0301-visite-un-centre-daccueil-pour-re\u0301fugie\u0301s-a\u0300-Berlin-1024x576.jpg\" alt=\"Elder Causse\u0301 visite un centre daccueil pour re\u0301fugie\u0301s a\u0300 Berlin\" width=\"1024\" height=\"576\" srcset=\"https:\/\/fr.elds.org\/lesmormons-net\/files\/2016\/09\/Elder-Causse\u0301-visite-un-centre-daccueil-pour-re\u0301fugie\u0301s-a\u0300-Berlin-1024x576.jpg 1024w, https:\/\/fr.elds.org\/lesmormons-net\/files\/2016\/09\/Elder-Causse\u0301-visite-un-centre-daccueil-pour-re\u0301fugie\u0301s-a\u0300-Berlin-300x169.jpg 300w, https:\/\/fr.elds.org\/lesmormons-net\/files\/2016\/09\/Elder-Causse\u0301-visite-un-centre-daccueil-pour-re\u0301fugie\u0301s-a\u0300-Berlin-768x432.jpg 768w, https:\/\/fr.elds.org\/lesmormons-net\/files\/2016\/09\/Elder-Causse\u0301-visite-un-centre-daccueil-pour-re\u0301fugie\u0301s-a\u0300-Berlin-1080x608.jpg 1080w, https:\/\/fr.elds.org\/lesmormons-net\/files\/2016\/09\/Elder-Causse\u0301-visite-un-centre-daccueil-pour-re\u0301fugie\u0301s-a\u0300-Berlin.jpg 1280w\" sizes=\"(max-width: 1024px) 100vw, 1024px\" \/><\/a><\/p>\n<p style=\"text-align: justify;\"><span style=\"font-weight: 400;\">Le Centre des Congr\u00e8s Internationaux de Berlin a r\u00e9cemment \u00e9t\u00e9 transform\u00e9 en dortoir pour r\u00e9fugi\u00e9s, et a \u00e9t\u00e9 la premi\u00e8re \u00e9tape de l\u2019Ev\u00eaque Causs\u00e9 dans sa visite des r\u00e9fugi\u00e9s. Cette installation est l\u2019un des premiers endroits o\u00f9 arrivent beaucoup de r\u00e9fugi\u00e9s et o\u00f9 ils entament les d\u00e9marches de demande d\u2019asile. Il a ensuite visit\u00e9 une autre installation dans le district Neuk\u00f6lln de Berlin.<\/span><\/p>\n<p style=\"text-align: justify;\"><span style=\"font-weight: 400;\">L\u2019Eglise de J\u00e9sus Christ des Saints des Derniers Jours poursuit ses efforts de coop\u00e9ration avec des organisations humanitaires internationales et locales pour subvenir aux besoins des r\u00e9fugi\u00e9s arriv\u00e9s en Europe. L\u2019\u00c9glise a d\u00e9j\u00e0 port\u00e9 assistance \u00e0 de nombreux projets pour les r\u00e9fugi\u00e9s et est impliqu\u00e9e dans de nombreux autres.<\/span><\/p>\n<p style=\"text-align: justify;\"><span style=\"font-weight: 400;\">Beaucoup de r\u00e9fugi\u00e9s sont arriv\u00e9s en Europe sans affaires et ont besoins de v\u00eatements ainsi que de produits d\u2019hygi\u00e8ne durant leur p\u00e9riode de demande d\u2019asile. L\u2019attention s\u2019est donc r\u00e9cemment port\u00e9e sur la collecte de v\u00eatements d\u2019hiver.<\/span><\/p>\n<p style=\"text-align: justify;\"><span style=\"font-weight: 400;\">L\u2019Episcopat Pr\u00e9sident est compos\u00e9e de trois hommes, l\u2019Ev\u00eaque Pr\u00e9sident et ses deux conseillers, qui forment l\u2019un des conseils de pr\u00e9sidence de l\u2019Eglise. L\u2019Episcopat Pr\u00e9sident est en charge des affaires temporelles de l\u2019Eglise. Cela inclut entre autres choses la collecte, la distribution et la comptabilit\u00e9 des offrandes et des contributions ainsi que l\u2019administration des programmes d\u2019aides aux pauvres et aux n\u00e9cessiteux.<\/span><\/p>\n<p style=\"text-align: justify;\"><span style=\"font-weight: 400;\">En octobre 2015, G\u00e9rald Causs\u00e9 est devenu le 15<\/span><span style=\"font-weight: 400;\">\u00e8me<\/span><span style=\"font-weight: 400;\"> Ev\u00eaque Pr\u00e9sident de l\u2019histoire de l\u2019Eglise. Il est le troisi\u00e8me \u00e9v\u00eaque pr\u00e9sident n\u00e9 en dehors des Etats-Unis et le premier pour lequel l\u2019anglais est une deuxi\u00e8me langue. Il est n\u00e9 \u00e0 Bordeaux le 20 mai 1963.<\/span><\/p>\n<p style=\"text-align: justify;\"><i><span style=\"font-weight: 400;\">Article publi\u00e9 dans<a href=\"http:\/\/www.mormonnewsroom.org.uk\/article\/presiding-bishop-visits-refugee-shelters-in-berlin,\" rel=\"nofollow\"> mormonnewsroom<\/a><a href=\"http:\/\/www.mormonnewsroom.org.uk\/article\/presiding-bishop-visits-refugee-shelters-in-berlin,\" rel=\"nofollow\">uk<\/a><\/span><\/i><i><span style=\"font-weight: 400;\">\u00a0traduit par Samuel Babin<\/span><\/i><\/p>\n<p>&nbsp;<\/p>\n","protected":false},"excerpt":{"rendered":"<p>Pendant son r\u00e9cent voyage en Europe, l\u2019Ev\u00eaque G\u00e9rald Causs\u00e9 a visit\u00e9 deux centres d\u2019accueil pour r\u00e9fugi\u00e9s \u00e0 Berlin, capitale de l\u2019Allemagne.<\/p>\n","protected":false},"author":41,"featured_media":4335,"comment_status":"open","ping_status":"closed","sticky":false,"template":"","format":"standard","meta":{"_et_pb_use_builder":"","_et_pb_old_content":"","_et_gb_content_width":"","footnotes":""},"categories":[174],"tags":[439,419,449],"class_list":["post-4333","post","type-post","status-publish","format-standard","has-post-thumbnail","hentry","category-actualites-mondiales","tag-appliquer-evangile","tag-europe","tag-rendre-service","et-has-post-format-content","et_post_format-et-post-format-standard"],"yoast_head":"<!-- This site is optimized with the Yoast SEO plugin v27.4 - https:\/\/yoast.com\/product\/yoast-seo-wordpress\/ -->\n<title>ELDER CAUSS\u00c9 VISITE UN CENTRE DE R\u00c9FUGI\u00c9S \u00c0 BERLIN<\/title>\n<meta name=\"description\" content=\"Pendant son r\u00e9cent voyage en Europe, l\u2019Ev\u00eaque G\u00e9rald Causs\u00e9 a visit\u00e9 deux centres d\u2019accueil pour r\u00e9fugi\u00e9s \u00e0 Berlin, capitale de l\u2019Allemagne.\" \/>\n<meta name=\"robots\" content=\"index, follow, max-snippet:-1, max-image-preview:large, max-video-preview:-1\" \/>\n<link rel=\"canonical\" href=\"https:\/\/fr.elds.org\/lesmormons-net\/actualites-mondiales\/elder-causse-visite-centre-daccueil-refugies-a-berlin\/\" \/>\n<meta property=\"og:locale\" content=\"fr_FR\" \/>\n<meta property=\"og:type\" content=\"article\" \/>\n<meta property=\"og:title\" content=\"ELDER CAUSS\u00c9 VISITE UN CENTRE DE R\u00c9FUGI\u00c9S \u00c0 BERLIN\" \/>\n<meta property=\"og:description\" content=\"Pendant son r\u00e9cent voyage en Europe, l\u2019Ev\u00eaque G\u00e9rald Causs\u00e9 a visit\u00e9 deux centres d\u2019accueil pour r\u00e9fugi\u00e9s \u00e0 Berlin, capitale de l\u2019Allemagne.\" \/>\n<meta property=\"og:url\" content=\"https:\/\/fr.elds.org\/lesmormons-net\/actualites-mondiales\/elder-causse-visite-centre-daccueil-refugies-a-berlin\/\" \/>\n<meta property=\"og:site_name\" content=\"Les Mormons\" \/>\n<meta property=\"article:published_time\" content=\"2016-09-15T14:47:15+00:00\" \/>\n<meta property=\"article:modified_time\" content=\"2018-07-28T08:47:03+00:00\" \/>\n<meta property=\"og:image\" content=\"https:\/\/fr.elds.org\/lesmormons-net\/files\/2016\/09\/Elder-Causse\u0301-visite-les-re\u0301fugie\u0301s-en-Allemagne.jpg\" \/>\n\t<meta property=\"og:image:width\" content=\"948\" \/>\n\t<meta property=\"og:image:height\" content=\"542\" \/>\n\t<meta property=\"og:image:type\" content=\"image\/jpeg\" \/>\n<meta name=\"twitter:card\" content=\"summary_large_image\" \/>\n<meta name=\"twitter:label1\" content=\"\u00c9crit par\" \/>\n\t<meta name=\"twitter:data1\" content=\"\" \/>\n\t<meta name=\"twitter:label2\" content=\"Dur\u00e9e de lecture estim\u00e9e\" \/>\n\t<meta name=\"twitter:data2\" content=\"2 minutes\" \/>\n<script type=\"application\/ld+json\" class=\"yoast-schema-graph\">{\"@context\":\"https:\\\/\\\/schema.org\",\"@graph\":[{\"@type\":\"Article\",\"@id\":\"https:\\\/\\\/fr.elds.org\\\/lesmormons-net\\\/actualites-mondiales\\\/elder-causse-visite-centre-daccueil-refugies-a-berlin\\\/#article\",\"isPartOf\":{\"@id\":\"https:\\\/\\\/fr.elds.org\\\/lesmormons-net\\\/actualites-mondiales\\\/elder-causse-visite-centre-daccueil-refugies-a-berlin\\\/\"},\"author\":{\"name\":\"\",\"@id\":\"\"},\"headline\":\"ELDER CAUSS\u00c9 VISITE UN CENTRE DE R\u00c9FUGI\u00c9S \u00c0 BERLIN\",\"datePublished\":\"2016-09-15T14:47:15+00:00\",\"dateModified\":\"2018-07-28T08:47:03+00:00\",\"mainEntityOfPage\":{\"@id\":\"https:\\\/\\\/fr.elds.org\\\/lesmormons-net\\\/actualites-mondiales\\\/elder-causse-visite-centre-daccueil-refugies-a-berlin\\\/\"},\"wordCount\":509,\"commentCount\":1,\"image\":{\"@id\":\"https:\\\/\\\/fr.elds.org\\\/lesmormons-net\\\/actualites-mondiales\\\/elder-causse-visite-centre-daccueil-refugies-a-berlin\\\/#primaryimage\"},\"thumbnailUrl\":\"https:\\\/\\\/fr.elds.org\\\/lesmormons-net\\\/files\\\/2016\\\/09\\\/Elder-Causse\u0301-visite-les-re\u0301fugie\u0301s-en-Allemagne.jpg\",\"keywords\":[\"appliquer l'Evangile\",\"Europe\",\"rendre service\"],\"articleSection\":[\"Actualit\u00e9s mondiales\"],\"inLanguage\":\"fr-FR\",\"potentialAction\":[{\"@type\":\"CommentAction\",\"name\":\"Comment\",\"target\":[\"https:\\\/\\\/fr.elds.org\\\/lesmormons-net\\\/actualites-mondiales\\\/elder-causse-visite-centre-daccueil-refugies-a-berlin\\\/#respond\"]}]},{\"@type\":\"WebPage\",\"@id\":\"https:\\\/\\\/fr.elds.org\\\/lesmormons-net\\\/actualites-mondiales\\\/elder-causse-visite-centre-daccueil-refugies-a-berlin\\\/\",\"url\":\"https:\\\/\\\/fr.elds.org\\\/lesmormons-net\\\/actualites-mondiales\\\/elder-causse-visite-centre-daccueil-refugies-a-berlin\\\/\",\"name\":\"ELDER CAUSS\u00c9 VISITE UN CENTRE DE R\u00c9FUGI\u00c9S \u00c0 BERLIN\",\"isPartOf\":{\"@id\":\"https:\\\/\\\/fr.elds.org\\\/lesmormons-net\\\/#website\"},\"primaryImageOfPage\":{\"@id\":\"https:\\\/\\\/fr.elds.org\\\/lesmormons-net\\\/actualites-mondiales\\\/elder-causse-visite-centre-daccueil-refugies-a-berlin\\\/#primaryimage\"},\"image\":{\"@id\":\"https:\\\/\\\/fr.elds.org\\\/lesmormons-net\\\/actualites-mondiales\\\/elder-causse-visite-centre-daccueil-refugies-a-berlin\\\/#primaryimage\"},\"thumbnailUrl\":\"https:\\\/\\\/fr.elds.org\\\/lesmormons-net\\\/files\\\/2016\\\/09\\\/Elder-Causse\u0301-visite-les-re\u0301fugie\u0301s-en-Allemagne.jpg\",\"datePublished\":\"2016-09-15T14:47:15+00:00\",\"dateModified\":\"2018-07-28T08:47:03+00:00\",\"author\":{\"@id\":\"\"},\"description\":\"Pendant son r\u00e9cent voyage en Europe, l\u2019Ev\u00eaque G\u00e9rald Causs\u00e9 a visit\u00e9 deux centres d\u2019accueil pour r\u00e9fugi\u00e9s \u00e0 Berlin, capitale de l\u2019Allemagne.\",\"breadcrumb\":{\"@id\":\"https:\\\/\\\/fr.elds.org\\\/lesmormons-net\\\/actualites-mondiales\\\/elder-causse-visite-centre-daccueil-refugies-a-berlin\\\/#breadcrumb\"},\"inLanguage\":\"fr-FR\",\"potentialAction\":[{\"@type\":\"ReadAction\",\"target\":[\"https:\\\/\\\/fr.elds.org\\\/lesmormons-net\\\/actualites-mondiales\\\/elder-causse-visite-centre-daccueil-refugies-a-berlin\\\/\"]}]},{\"@type\":\"ImageObject\",\"inLanguage\":\"fr-FR\",\"@id\":\"https:\\\/\\\/fr.elds.org\\\/lesmormons-net\\\/actualites-mondiales\\\/elder-causse-visite-centre-daccueil-refugies-a-berlin\\\/#primaryimage\",\"url\":\"https:\\\/\\\/fr.elds.org\\\/lesmormons-net\\\/files\\\/2016\\\/09\\\/Elder-Causse\u0301-visite-les-re\u0301fugie\u0301s-en-Allemagne.jpg\",\"contentUrl\":\"https:\\\/\\\/fr.elds.org\\\/lesmormons-net\\\/files\\\/2016\\\/09\\\/Elder-Causse\u0301-visite-les-re\u0301fugie\u0301s-en-Allemagne.jpg\",\"width\":948,\"height\":542,\"caption\":\"Elder Causs\u00e9 visite les r\u00e9fugi\u00e9s en Allemagne\"},{\"@type\":\"BreadcrumbList\",\"@id\":\"https:\\\/\\\/fr.elds.org\\\/lesmormons-net\\\/actualites-mondiales\\\/elder-causse-visite-centre-daccueil-refugies-a-berlin\\\/#breadcrumb\",\"itemListElement\":[{\"@type\":\"ListItem\",\"position\":1,\"name\":\"Home\",\"item\":\"https:\\\/\\\/fr.elds.org\\\/lesmormons-net\\\/\"},{\"@type\":\"ListItem\",\"position\":2,\"name\":\"ELDER CAUSS\u00c9 VISITE UN CENTRE DE R\u00c9FUGI\u00c9S \u00c0 BERLIN\"}]},{\"@type\":\"WebSite\",\"@id\":\"https:\\\/\\\/fr.elds.org\\\/lesmormons-net\\\/#website\",\"url\":\"https:\\\/\\\/fr.elds.org\\\/lesmormons-net\\\/\",\"name\":\"Les Mormons\",\"description\":\"Les mormons au quotidien\",\"potentialAction\":[{\"@type\":\"SearchAction\",\"target\":{\"@type\":\"EntryPoint\",\"urlTemplate\":\"https:\\\/\\\/fr.elds.org\\\/lesmormons-net\\\/?s={search_term_string}\"},\"query-input\":{\"@type\":\"PropertyValueSpecification\",\"valueRequired\":true,\"valueName\":\"search_term_string\"}}],\"inLanguage\":\"fr-FR\"},{\"@type\":\"Person\",\"@id\":\"\",\"url\":\"https:\\\/\\\/fr.elds.org\\\/lesmormons-net\\\/author\\\/\"}]}<\/script>\n<!-- \/ Yoast SEO plugin. -->","yoast_head_json":{"title":"ELDER CAUSS\u00c9 VISITE UN CENTRE DE R\u00c9FUGI\u00c9S \u00c0 BERLIN","description":"Pendant son r\u00e9cent voyage en Europe, l\u2019Ev\u00eaque G\u00e9rald Causs\u00e9 a visit\u00e9 deux centres d\u2019accueil pour r\u00e9fugi\u00e9s \u00e0 Berlin, capitale de l\u2019Allemagne.","robots":{"index":"index","follow":"follow","max-snippet":"max-snippet:-1","max-image-preview":"max-image-preview:large","max-video-preview":"max-video-preview:-1"},"canonical":"https:\/\/fr.elds.org\/lesmormons-net\/actualites-mondiales\/elder-causse-visite-centre-daccueil-refugies-a-berlin\/","og_locale":"fr_FR","og_type":"article","og_title":"ELDER CAUSS\u00c9 VISITE UN CENTRE DE R\u00c9FUGI\u00c9S \u00c0 BERLIN","og_description":"Pendant son r\u00e9cent voyage en Europe, l\u2019Ev\u00eaque G\u00e9rald Causs\u00e9 a visit\u00e9 deux centres d\u2019accueil pour r\u00e9fugi\u00e9s \u00e0 Berlin, capitale de l\u2019Allemagne.","og_url":"https:\/\/fr.elds.org\/lesmormons-net\/actualites-mondiales\/elder-causse-visite-centre-daccueil-refugies-a-berlin\/","og_site_name":"Les Mormons","article_published_time":"2016-09-15T14:47:15+00:00","article_modified_time":"2018-07-28T08:47:03+00:00","og_image":[{"width":948,"height":542,"url":"https:\/\/fr.elds.org\/lesmormons-net\/files\/2016\/09\/Elder-Causse\u0301-visite-les-re\u0301fugie\u0301s-en-Allemagne.jpg","type":"image\/jpeg"}],"twitter_card":"summary_large_image","twitter_misc":{"\u00c9crit par":"","Dur\u00e9e de lecture estim\u00e9e":"2 minutes"},"schema":{"@context":"https:\/\/schema.org","@graph":[{"@type":"Article","@id":"https:\/\/fr.elds.org\/lesmormons-net\/actualites-mondiales\/elder-causse-visite-centre-daccueil-refugies-a-berlin\/#article","isPartOf":{"@id":"https:\/\/fr.elds.org\/lesmormons-net\/actualites-mondiales\/elder-causse-visite-centre-daccueil-refugies-a-berlin\/"},"author":{"name":"","@id":""},"headline":"ELDER CAUSS\u00c9 VISITE UN CENTRE DE R\u00c9FUGI\u00c9S \u00c0 BERLIN","datePublished":"2016-09-15T14:47:15+00:00","dateModified":"2018-07-28T08:47:03+00:00","mainEntityOfPage":{"@id":"https:\/\/fr.elds.org\/lesmormons-net\/actualites-mondiales\/elder-causse-visite-centre-daccueil-refugies-a-berlin\/"},"wordCount":509,"commentCount":1,"image":{"@id":"https:\/\/fr.elds.org\/lesmormons-net\/actualites-mondiales\/elder-causse-visite-centre-daccueil-refugies-a-berlin\/#primaryimage"},"thumbnailUrl":"https:\/\/fr.elds.org\/lesmormons-net\/files\/2016\/09\/Elder-Causse\u0301-visite-les-re\u0301fugie\u0301s-en-Allemagne.jpg","keywords":["appliquer l'Evangile","Europe","rendre service"],"articleSection":["Actualit\u00e9s mondiales"],"inLanguage":"fr-FR","potentialAction":[{"@type":"CommentAction","name":"Comment","target":["https:\/\/fr.elds.org\/lesmormons-net\/actualites-mondiales\/elder-causse-visite-centre-daccueil-refugies-a-berlin\/#respond"]}]},{"@type":"WebPage","@id":"https:\/\/fr.elds.org\/lesmormons-net\/actualites-mondiales\/elder-causse-visite-centre-daccueil-refugies-a-berlin\/","url":"https:\/\/fr.elds.org\/lesmormons-net\/actualites-mondiales\/elder-causse-visite-centre-daccueil-refugies-a-berlin\/","name":"ELDER CAUSS\u00c9 VISITE UN CENTRE DE R\u00c9FUGI\u00c9S \u00c0 BERLIN","isPartOf":{"@id":"https:\/\/fr.elds.org\/lesmormons-net\/#website"},"primaryImageOfPage":{"@id":"https:\/\/fr.elds.org\/lesmormons-net\/actualites-mondiales\/elder-causse-visite-centre-daccueil-refugies-a-berlin\/#primaryimage"},"image":{"@id":"https:\/\/fr.elds.org\/lesmormons-net\/actualites-mondiales\/elder-causse-visite-centre-daccueil-refugies-a-berlin\/#primaryimage"},"thumbnailUrl":"https:\/\/fr.elds.org\/lesmormons-net\/files\/2016\/09\/Elder-Causse\u0301-visite-les-re\u0301fugie\u0301s-en-Allemagne.jpg","datePublished":"2016-09-15T14:47:15+00:00","dateModified":"2018-07-28T08:47:03+00:00","author":{"@id":""},"description":"Pendant son r\u00e9cent voyage en Europe, l\u2019Ev\u00eaque G\u00e9rald Causs\u00e9 a visit\u00e9 deux centres d\u2019accueil pour r\u00e9fugi\u00e9s \u00e0 Berlin, capitale de l\u2019Allemagne.","breadcrumb":{"@id":"https:\/\/fr.elds.org\/lesmormons-net\/actualites-mondiales\/elder-causse-visite-centre-daccueil-refugies-a-berlin\/#breadcrumb"},"inLanguage":"fr-FR","potentialAction":[{"@type":"ReadAction","target":["https:\/\/fr.elds.org\/lesmormons-net\/actualites-mondiales\/elder-causse-visite-centre-daccueil-refugies-a-berlin\/"]}]},{"@type":"ImageObject","inLanguage":"fr-FR","@id":"https:\/\/fr.elds.org\/lesmormons-net\/actualites-mondiales\/elder-causse-visite-centre-daccueil-refugies-a-berlin\/#primaryimage","url":"https:\/\/fr.elds.org\/lesmormons-net\/files\/2016\/09\/Elder-Causse\u0301-visite-les-re\u0301fugie\u0301s-en-Allemagne.jpg","contentUrl":"https:\/\/fr.elds.org\/lesmormons-net\/files\/2016\/09\/Elder-Causse\u0301-visite-les-re\u0301fugie\u0301s-en-Allemagne.jpg","width":948,"height":542,"caption":"Elder Causs\u00e9 visite les r\u00e9fugi\u00e9s en Allemagne"},{"@type":"BreadcrumbList","@id":"https:\/\/fr.elds.org\/lesmormons-net\/actualites-mondiales\/elder-causse-visite-centre-daccueil-refugies-a-berlin\/#breadcrumb","itemListElement":[{"@type":"ListItem","position":1,"name":"Home","item":"https:\/\/fr.elds.org\/lesmormons-net\/"},{"@type":"ListItem","position":2,"name":"ELDER CAUSS\u00c9 VISITE UN CENTRE DE R\u00c9FUGI\u00c9S \u00c0 BERLIN"}]},{"@type":"WebSite","@id":"https:\/\/fr.elds.org\/lesmormons-net\/#website","url":"https:\/\/fr.elds.org\/lesmormons-net\/","name":"Les Mormons","description":"Les mormons au quotidien","potentialAction":[{"@type":"SearchAction","target":{"@type":"EntryPoint","urlTemplate":"https:\/\/fr.elds.org\/lesmormons-net\/?s={search_term_string}"},"query-input":{"@type":"PropertyValueSpecification","valueRequired":true,"valueName":"search_term_string"}}],"inLanguage":"fr-FR"},{"@type":"Person","@id":"","url":"https:\/\/fr.elds.org\/lesmormons-net\/author\/"}]}},"_links":{"self":[{"href":"https:\/\/fr.elds.org\/lesmormons-net\/wp-json\/wp\/v2\/posts\/4333","targetHints":{"allow":["GET"]}}],"collection":[{"href":"https:\/\/fr.elds.org\/lesmormons-net\/wp-json\/wp\/v2\/posts"}],"about":[{"href":"https:\/\/fr.elds.org\/lesmormons-net\/wp-json\/wp\/v2\/types\/post"}],"author":[{"embeddable":true,"href":"https:\/\/fr.elds.org\/lesmormons-net\/wp-json\/wp\/v2\/users\/41"}],"replies":[{"embeddable":true,"href":"https:\/\/fr.elds.org\/lesmormons-net\/wp-json\/wp\/v2\/comments?post=4333"}],"version-history":[{"count":7,"href":"https:\/\/fr.elds.org\/lesmormons-net\/wp-json\/wp\/v2\/posts\/4333\/revisions"}],"predecessor-version":[{"id":6177,"href":"https:\/\/fr.elds.org\/lesmormons-net\/wp-json\/wp\/v2\/posts\/4333\/revisions\/6177"}],"wp:featuredmedia":[{"embeddable":true,"href":"https:\/\/fr.elds.org\/lesmormons-net\/wp-json\/wp\/v2\/media\/4335"}],"wp:attachment":[{"href":"https:\/\/fr.elds.org\/lesmormons-net\/wp-json\/wp\/v2\/media?parent=4333"}],"wp:term":[{"taxonomy":"category","embeddable":true,"href":"https:\/\/fr.elds.org\/lesmormons-net\/wp-json\/wp\/v2\/categories?post=4333"},{"taxonomy":"post_tag","embeddable":true,"href":"https:\/\/fr.elds.org\/lesmormons-net\/wp-json\/wp\/v2\/tags?post=4333"}],"curies":[{"name":"wp","href":"https:\/\/api.w.org\/{rel}","templated":true}]}}