{"id":4260,"date":"2017-03-11T05:28:01","date_gmt":"2017-03-11T04:28:01","guid":{"rendered":"http:\/\/fr.elds.org\/lesmormons-net\/?p=4260"},"modified":"2018-07-26T00:06:27","modified_gmt":"2018-07-25T22:06:27","slug":"benedictions-jour-du-sabbat","status":"publish","type":"post","link":"https:\/\/fr.elds.org\/lesmormons-net\/famille\/benedictions-jour-du-sabbat\/","title":{"rendered":"Les b\u00e9n\u00e9dictions v\u00e9cues gr\u00e2ce au respect du jour du Sabbat"},"content":{"rendered":"<p id=\"p6\" class=\"\">Imaginez-vous recevant l\u2019invitation la plus importante de votre vie\u00a0: l\u2019occasion de passer une journ\u00e9e avec J\u00e9sus-Christ. Comment vous pr\u00e9pareriez-vous spirituellement et physiquement pour cette journ\u00e9e\u00a0? Quelles b\u00e9n\u00e9dictions esp\u00e9reriez-vous recevoir suite \u00e0 cette visite\u00a0?<\/p>\n<p id=\"p7\" class=\"\">Le Seigneur invite chacun de nous \u00e0 consacrer un jour \u00e0 communier avec lui, le jour du sabbat, qu\u2019il a b\u00e9ni et sanctifi\u00e9 (voir Exode\u00a020:11).<\/p>\n<p class=\"\"><strong>Quelles b\u00e9n\u00e9dictions recevez-vous quand vous sanctifiez le jour du sabbat\u00a0?<\/strong><\/p>\n<p class=\"\">Voici quelques r\u00e9flexions de saints du monde entier qui susciteront peut-\u00eatre en vous des id\u00e9es et des impressions.<\/p>\n<div class=\"topic\">\n<h2>Proximit\u00e9 avec Dieu et le Christ<\/h2>\n<p id=\"p9\" class=\"\">Andrea Juli\u00e3o, de S\u00e3o Paulo (Br\u00e9sil), a d\u00e9couvert que, tout comme les relations avec nos amis terrestres se fortifient quand nous passons du temps ensemble, de m\u00eame notre relation avec notre P\u00e8re c\u00e9leste se fortifie lorsque nous nous concentrons sur lui par le culte du sabbat.<\/p>\n<p id=\"p10\" class=\"\">Lors d\u2019une visite \u00e0 des membres de sa famille qui n\u2019appartiennent pas \u00e0 l\u2019\u00c9glise, s\u0153ur Juli\u00e3o a d\u00e9cid\u00e9 de se r\u00e9veiller t\u00f4t le dimanche et d\u2019essayer de trouver une \u00e9glise dans la r\u00e9gion. Pendant que les membres de sa famille se pr\u00e9paraient pour une journ\u00e9e de d\u00e9tente et d\u2019aventure, s\u0153ur Juli\u00e3o s\u2019est promen\u00e9e dans le quartier jusqu\u2019\u00e0 ce qu\u2019elle rencontre quelqu\u2019un qui lui a indiqu\u00e9 une fl\u00e8che d\u2019\u00e9glise au loin. S\u0153ur Juli\u00e3o a pu assister aux services de culte. Elle a dit\u00a0:<\/p>\n<blockquote>\n<p class=\"\">\u00ab\u00a0Ce jour de sabbat a \u00e9t\u00e9 extraordinaire. J\u2019ai ressenti tr\u00e8s fort l\u2019amour de notre P\u00e8re c\u00e9leste. J\u2019ai ressenti qu\u2019il est heureux lorsque ses enfants ob\u00e9issent \u00e0 ses enseignements. J\u2019ai acquis un t\u00e9moignage plus fort de l\u2019\u00c9glise de J\u00e9sus-Christ.\u00a0\u00bb<\/p>\n<\/blockquote>\n<\/div>\n<div class=\"topic\">\n<h2>Gu\u00e9rison et esp\u00e9rance<\/h2>\n<p id=\"p12\" class=\"\">Russell M. Nelson, pr\u00e9sident du Coll\u00e8ge des douze ap\u00f4tres, a dit en quoi le jour du sabbat a \u00e9t\u00e9 une b\u00e9n\u00e9diction dans sa vie quand il d\u00e9butait dans sa carri\u00e8re professionnelle. Il a dit\u00a0:<\/p>\n<blockquote>\n<p class=\"\">\u00ab\u00a0Je me suis fait pour la premi\u00e8re fois un d\u00e9lice du sabbat il y a de nombreuses ann\u00e9es, alors que j\u2019\u00e9tais chirurgien, lorsque j\u2019ai constat\u00e9 que ce jour \u00e9tait devenu un jour de gu\u00e9rison personnelle. \u00c0 la fin de chaque semaine, mes mains \u00e9taient douloureuses \u00e0 force de les frotter sans arr\u00eat avec du savon, de l\u2019eau et une brosse en poil. J\u2019avais aussi besoin d\u2019un moment de r\u00e9pit loin du fardeau d\u2019un m\u00e9tier exigeant. Le dimanche m\u2019offrait un soulagement indispensable.\u00a0\u00bb<\/p>\n<\/blockquote>\n<\/div>\n<div class=\"topic\">\n<h2>Du temps pour l\u2019histoire familiale<\/h2>\n<p id=\"p14\" class=\"\">Eliza, dix ans, qui habite Edmonton (Canada), a fait r\u00e9cemment un discours \u00e0 la r\u00e9union de Sainte-C\u00e8ne sur les b\u00e9n\u00e9dictions qu\u2019elle a re\u00e7ues en se concentrant sur des activit\u00e9s qui conviennent au jour du sabbat. Parce qu\u2019Eliza s\u2019ennuyait parfois le dimanche, sa famille et elle ont d\u00e9cid\u00e9 que l\u2019indexation serait une bonne activit\u00e9 \u00e0 essayer. Elle n\u2019a pas tard\u00e9 \u00e0 d\u00e9couvrir qu\u2019elle aimait travailler avec les noms et les registres. Elle dit \u00e0 l\u2019assembl\u00e9e\u00a0: \u00ab\u00a0Quand je commence, je n\u2019arrive plus \u00e0 m\u2019arr\u00eater.\u00a0\u00bb<\/p>\n<p id=\"p15\" class=\"\">Quand l\u2019arri\u00e8re-grand-m\u00e8re d\u2019Eliza a appris combien elle aimait l\u2019histoire familiale, elle lui a enseign\u00e9 comment ajouter des histoires et des photos sur leur arbre familial en ligne. Eliza a dit\u00a0: \u00ab\u00a0C\u2019est tr\u00e8s amusant, j\u2019aime beaucoup le faire. Quand je fais des recherches d\u2019histoire familiale, je ressens l\u2019esprit d\u2019\u00c9lie. C\u2019est un sentiment merveilleux.\u00a0\u00bb<\/p>\n<\/div>\n<div class=\"topic\">\n<h2>Une \u00e9l\u00e9vation de l\u2019\u00e2me<\/h2>\n<p id=\"p17\" class=\"\">Cheryl\u00a0A. Esplin, premi\u00e8re conseill\u00e8re dans la pr\u00e9sidence g\u00e9n\u00e9rale de la Primaire, a t\u00e9moign\u00e9 de la b\u00e9n\u00e9diction de prendre la Sainte-C\u00e8ne le jour du sabbat. Elle a dit\u00a0:<\/p>\n<blockquote>\n<p class=\"\">\u00ab\u00a0Quand je prends la Sainte-C\u00e8ne, je pense parfois \u00e0 un tableau repr\u00e9sentant le Sauveur ressuscit\u00e9 tendant les bras, pr\u00eat \u00e0 nous accueillir avec amour. J\u2019aime ce tableau. Quand j\u2019y pense pendant la distribution de la Sainte-C\u00e8ne, mon \u00e2me est \u00e9lev\u00e9e au point qu\u2019il me semble entendre les paroles du Sauveur\u00a0: \u2018<strong>Voici, le bras de ma mis\u00e9ricorde est \u00e9tendu vers vous, et celui qui viendra, je le recevrai\u00a0; et b\u00e9nis sont ceux qui viennent \u00e0 moi<\/strong>\u2019 [<a href=\"https:\/\/www.lds.org\/scriptures\/bofm\/3-ne\/9.14?lang=fra#13\" target=\"_blank\" rel=\"nofollow noopener\">3\u00a0N\u00e9phi 9:14<\/a>]<sup class=\"noteMarker\"><a href=\"https:\/\/www.lds.org\/liahona\/2016\/03\/blessings-of-the-sabbath-day?lang=fra#footnote2-13283_140_012\">2<\/a><\/sup>.\u00a0\u00bb<\/p>\n<\/blockquote>\n<\/div>\n<div class=\"topic\">\n<h2>Des occasions de servir<\/h2>\n<p class=\"\">L.\u00a0Tom Perry (1922-2015), du Coll\u00e8ge des douze ap\u00f4tres, a enseign\u00e9 que <strong>l\u2019une des raisons pour lesquelles nous avons besoin de nous reposer de nos labeurs et de nos activit\u00e9s sportives ou d\u2019autres passe-temps est qu&rsquo;ils nous \u00e9loignent du culte du jour du sabbat et de l\u2019occasion de servir les autres.<\/strong><\/p>\n<p id=\"p20\" class=\"\">Servir pendant le jour du sabbat est quelque chose que Zola Adjei a appris \u00e0 aimer en grandissant dans la branche de Kpong (Ghana). Alors qu\u2019ils \u00e9taient chez eux de retour de l\u2019internat durant les \u00e9t\u00e9s, d\u2019autres jeunes et elle allaient en groupe rendre visite aux membres de leur branche qu\u2019ils n\u2019avaient pas vus depuis un certain temps. S\u0153ur Adjei dit\u00a0: \u00ab\u00a0C\u2019\u00e9tait un sacrifice parce que la plupart d\u2019entre nous avaient tr\u00e8s faim apr\u00e8s l\u2019\u00e9glise, et nous \u00e9tions si loin de chez nous que nous n\u2019avions pas le temps de manger et de nous r\u00e9unir \u00e0 nouveau.\u00a0\u00bb Mais le sacrifice en valait la peine car ils ont eu l\u2019occasion de prier et de chanter des cantiques avec les membres de leur branche et les inviter \u00e0 l\u2019\u00e9glise et aux activit\u00e9s. Un des jeunes leur proposait de marcher avec eux jusqu\u2019\u00e0 l\u2019\u00e9glise le dimanche suivant.<\/p>\n<p id=\"p21\" class=\"\">S\u0153ur Adjei explique\u00a0:<\/p>\n<blockquote>\n<p class=\"\">\u00ab\u00a0Cette habitude a cr\u00e9\u00e9 des liens entre nous. Certains d\u2019entre nous sont rest\u00e9s tr\u00e8s amis gr\u00e2ce aux d\u00e9cisions que nous avons prises de rendre visite \u00e0 nos amis perdus et de les ramener en leur consacrant quelques heures de notre jour de sabbat.<\/p>\n<\/blockquote>\n<hr \/>\n<p class=\"\">Lire la suite de l&rsquo;article sur <a href=\"https:\/\/www.lds.org\/liahona\/2016\/03\/blessings-of-the-sabbath-day?lang=fra#footnote3-13283_140_012\" rel=\"nofollow\">lds.org<\/a><\/p>\n<\/div>\n","protected":false},"excerpt":{"rendered":"<p>imaginez avoir l&rsquo;occasion de passer une journ\u00e9e avec J\u00e9sus-Christ. Comment vous pr\u00e9pareriez-vous spirituellement et physiquement pour cette journ\u00e9e ?<\/p>\n","protected":false},"author":35,"featured_media":4262,"comment_status":"open","ping_status":"closed","sticky":false,"template":"","format":"standard","meta":{"_et_pb_use_builder":"","_et_pb_old_content":"","_et_gb_content_width":"","footnotes":""},"categories":[166],"tags":[439,441,449],"class_list":["post-4260","post","type-post","status-publish","format-standard","has-post-thumbnail","hentry","category-famille","tag-appliquer-evangile","tag-membre-eglise-christ","tag-rendre-service","et-has-post-format-content","et_post_format-et-post-format-standard"],"yoast_head":"<!-- This site is optimized with the Yoast SEO plugin v27.4 - https:\/\/yoast.com\/product\/yoast-seo-wordpress\/ -->\n<title>Les b\u00e9n\u00e9dictions v\u00e9cues gr\u00e2ce au respect du jour du Sabbat<\/title>\n<meta name=\"description\" content=\"Imaginez avoir l&#039;occasion de passer une journ\u00e9e avec J\u00e9sus-Christ. Comment vous pr\u00e9pareriez-vous spirituellement et physiquement pour cette journ\u00e9e ?\" \/>\n<meta name=\"robots\" content=\"index, follow, max-snippet:-1, max-image-preview:large, max-video-preview:-1\" \/>\n<link rel=\"canonical\" href=\"https:\/\/fr.elds.org\/lesmormons-net\/famille\/benedictions-jour-du-sabbat\/\" \/>\n<meta property=\"og:locale\" content=\"fr_FR\" \/>\n<meta property=\"og:type\" content=\"article\" \/>\n<meta property=\"og:title\" content=\"Les b\u00e9n\u00e9dictions v\u00e9cues gr\u00e2ce au respect du jour du Sabbat\" \/>\n<meta property=\"og:description\" content=\"Imaginez avoir l&#039;occasion de passer une journ\u00e9e avec J\u00e9sus-Christ. Comment vous pr\u00e9pareriez-vous spirituellement et physiquement pour cette journ\u00e9e ?\" \/>\n<meta property=\"og:url\" content=\"https:\/\/fr.elds.org\/lesmormons-net\/famille\/benedictions-jour-du-sabbat\/\" \/>\n<meta property=\"og:site_name\" content=\"Les Mormons\" \/>\n<meta property=\"article:published_time\" content=\"2017-03-11T04:28:01+00:00\" \/>\n<meta property=\"article:modified_time\" content=\"2018-07-25T22:06:27+00:00\" \/>\n<meta property=\"og:image\" content=\"https:\/\/fr.elds.org\/lesmormons-net\/files\/2016\/09\/activite\u0301s-du-jour-du-sabbat.jpg\" \/>\n\t<meta property=\"og:image:width\" content=\"948\" \/>\n\t<meta property=\"og:image:height\" content=\"542\" \/>\n\t<meta property=\"og:image:type\" content=\"image\/jpeg\" \/>\n<meta name=\"twitter:card\" content=\"summary_large_image\" \/>\n<meta name=\"twitter:label1\" content=\"\u00c9crit par\" \/>\n\t<meta name=\"twitter:data1\" content=\"\" \/>\n\t<meta name=\"twitter:label2\" content=\"Dur\u00e9e de lecture estim\u00e9e\" \/>\n\t<meta name=\"twitter:data2\" content=\"5 minutes\" \/>\n<script type=\"application\/ld+json\" class=\"yoast-schema-graph\">{\"@context\":\"https:\\\/\\\/schema.org\",\"@graph\":[{\"@type\":\"Article\",\"@id\":\"https:\\\/\\\/fr.elds.org\\\/lesmormons-net\\\/famille\\\/benedictions-jour-du-sabbat\\\/#article\",\"isPartOf\":{\"@id\":\"https:\\\/\\\/fr.elds.org\\\/lesmormons-net\\\/famille\\\/benedictions-jour-du-sabbat\\\/\"},\"author\":{\"name\":\"\",\"@id\":\"\"},\"headline\":\"Les b\u00e9n\u00e9dictions v\u00e9cues gr\u00e2ce au respect du jour du Sabbat\",\"datePublished\":\"2017-03-11T04:28:01+00:00\",\"dateModified\":\"2018-07-25T22:06:27+00:00\",\"mainEntityOfPage\":{\"@id\":\"https:\\\/\\\/fr.elds.org\\\/lesmormons-net\\\/famille\\\/benedictions-jour-du-sabbat\\\/\"},\"wordCount\":1039,\"commentCount\":0,\"image\":{\"@id\":\"https:\\\/\\\/fr.elds.org\\\/lesmormons-net\\\/famille\\\/benedictions-jour-du-sabbat\\\/#primaryimage\"},\"thumbnailUrl\":\"https:\\\/\\\/fr.elds.org\\\/lesmormons-net\\\/files\\\/2016\\\/09\\\/activite\u0301s-du-jour-du-sabbat.jpg\",\"keywords\":[\"appliquer l'Evangile\",\"\u00eatre membre de l'Eglise du Christ\",\"rendre service\"],\"articleSection\":[\"Famille\"],\"inLanguage\":\"fr-FR\",\"potentialAction\":[{\"@type\":\"CommentAction\",\"name\":\"Comment\",\"target\":[\"https:\\\/\\\/fr.elds.org\\\/lesmormons-net\\\/famille\\\/benedictions-jour-du-sabbat\\\/#respond\"]}]},{\"@type\":\"WebPage\",\"@id\":\"https:\\\/\\\/fr.elds.org\\\/lesmormons-net\\\/famille\\\/benedictions-jour-du-sabbat\\\/\",\"url\":\"https:\\\/\\\/fr.elds.org\\\/lesmormons-net\\\/famille\\\/benedictions-jour-du-sabbat\\\/\",\"name\":\"Les b\u00e9n\u00e9dictions v\u00e9cues gr\u00e2ce au respect du jour du Sabbat\",\"isPartOf\":{\"@id\":\"https:\\\/\\\/fr.elds.org\\\/lesmormons-net\\\/#website\"},\"primaryImageOfPage\":{\"@id\":\"https:\\\/\\\/fr.elds.org\\\/lesmormons-net\\\/famille\\\/benedictions-jour-du-sabbat\\\/#primaryimage\"},\"image\":{\"@id\":\"https:\\\/\\\/fr.elds.org\\\/lesmormons-net\\\/famille\\\/benedictions-jour-du-sabbat\\\/#primaryimage\"},\"thumbnailUrl\":\"https:\\\/\\\/fr.elds.org\\\/lesmormons-net\\\/files\\\/2016\\\/09\\\/activite\u0301s-du-jour-du-sabbat.jpg\",\"datePublished\":\"2017-03-11T04:28:01+00:00\",\"dateModified\":\"2018-07-25T22:06:27+00:00\",\"author\":{\"@id\":\"\"},\"description\":\"Imaginez avoir l'occasion de passer une journ\u00e9e avec J\u00e9sus-Christ. Comment vous pr\u00e9pareriez-vous spirituellement et physiquement pour cette journ\u00e9e ?\",\"breadcrumb\":{\"@id\":\"https:\\\/\\\/fr.elds.org\\\/lesmormons-net\\\/famille\\\/benedictions-jour-du-sabbat\\\/#breadcrumb\"},\"inLanguage\":\"fr-FR\",\"potentialAction\":[{\"@type\":\"ReadAction\",\"target\":[\"https:\\\/\\\/fr.elds.org\\\/lesmormons-net\\\/famille\\\/benedictions-jour-du-sabbat\\\/\"]}]},{\"@type\":\"ImageObject\",\"inLanguage\":\"fr-FR\",\"@id\":\"https:\\\/\\\/fr.elds.org\\\/lesmormons-net\\\/famille\\\/benedictions-jour-du-sabbat\\\/#primaryimage\",\"url\":\"https:\\\/\\\/fr.elds.org\\\/lesmormons-net\\\/files\\\/2016\\\/09\\\/activite\u0301s-du-jour-du-sabbat.jpg\",\"contentUrl\":\"https:\\\/\\\/fr.elds.org\\\/lesmormons-net\\\/files\\\/2016\\\/09\\\/activite\u0301s-du-jour-du-sabbat.jpg\",\"width\":948,\"height\":542,\"caption\":\"les diff\u00e9rentes occupations qui respectent le jour du sabbat\"},{\"@type\":\"BreadcrumbList\",\"@id\":\"https:\\\/\\\/fr.elds.org\\\/lesmormons-net\\\/famille\\\/benedictions-jour-du-sabbat\\\/#breadcrumb\",\"itemListElement\":[{\"@type\":\"ListItem\",\"position\":1,\"name\":\"Home\",\"item\":\"https:\\\/\\\/fr.elds.org\\\/lesmormons-net\\\/\"},{\"@type\":\"ListItem\",\"position\":2,\"name\":\"Les b\u00e9n\u00e9dictions v\u00e9cues gr\u00e2ce au respect du jour du Sabbat\"}]},{\"@type\":\"WebSite\",\"@id\":\"https:\\\/\\\/fr.elds.org\\\/lesmormons-net\\\/#website\",\"url\":\"https:\\\/\\\/fr.elds.org\\\/lesmormons-net\\\/\",\"name\":\"Les Mormons\",\"description\":\"Les mormons au quotidien\",\"potentialAction\":[{\"@type\":\"SearchAction\",\"target\":{\"@type\":\"EntryPoint\",\"urlTemplate\":\"https:\\\/\\\/fr.elds.org\\\/lesmormons-net\\\/?s={search_term_string}\"},\"query-input\":{\"@type\":\"PropertyValueSpecification\",\"valueRequired\":true,\"valueName\":\"search_term_string\"}}],\"inLanguage\":\"fr-FR\"},{\"@type\":\"Person\",\"@id\":\"\",\"url\":\"https:\\\/\\\/fr.elds.org\\\/lesmormons-net\\\/author\\\/\"}]}<\/script>\n<!-- \/ Yoast SEO plugin. -->","yoast_head_json":{"title":"Les b\u00e9n\u00e9dictions v\u00e9cues gr\u00e2ce au respect du jour du Sabbat","description":"Imaginez avoir l'occasion de passer une journ\u00e9e avec J\u00e9sus-Christ. Comment vous pr\u00e9pareriez-vous spirituellement et physiquement pour cette journ\u00e9e ?","robots":{"index":"index","follow":"follow","max-snippet":"max-snippet:-1","max-image-preview":"max-image-preview:large","max-video-preview":"max-video-preview:-1"},"canonical":"https:\/\/fr.elds.org\/lesmormons-net\/famille\/benedictions-jour-du-sabbat\/","og_locale":"fr_FR","og_type":"article","og_title":"Les b\u00e9n\u00e9dictions v\u00e9cues gr\u00e2ce au respect du jour du Sabbat","og_description":"Imaginez avoir l'occasion de passer une journ\u00e9e avec J\u00e9sus-Christ. Comment vous pr\u00e9pareriez-vous spirituellement et physiquement pour cette journ\u00e9e ?","og_url":"https:\/\/fr.elds.org\/lesmormons-net\/famille\/benedictions-jour-du-sabbat\/","og_site_name":"Les Mormons","article_published_time":"2017-03-11T04:28:01+00:00","article_modified_time":"2018-07-25T22:06:27+00:00","og_image":[{"width":948,"height":542,"url":"https:\/\/fr.elds.org\/lesmormons-net\/files\/2016\/09\/activite\u0301s-du-jour-du-sabbat.jpg","type":"image\/jpeg"}],"twitter_card":"summary_large_image","twitter_misc":{"\u00c9crit par":"","Dur\u00e9e de lecture estim\u00e9e":"5 minutes"},"schema":{"@context":"https:\/\/schema.org","@graph":[{"@type":"Article","@id":"https:\/\/fr.elds.org\/lesmormons-net\/famille\/benedictions-jour-du-sabbat\/#article","isPartOf":{"@id":"https:\/\/fr.elds.org\/lesmormons-net\/famille\/benedictions-jour-du-sabbat\/"},"author":{"name":"","@id":""},"headline":"Les b\u00e9n\u00e9dictions v\u00e9cues gr\u00e2ce au respect du jour du Sabbat","datePublished":"2017-03-11T04:28:01+00:00","dateModified":"2018-07-25T22:06:27+00:00","mainEntityOfPage":{"@id":"https:\/\/fr.elds.org\/lesmormons-net\/famille\/benedictions-jour-du-sabbat\/"},"wordCount":1039,"commentCount":0,"image":{"@id":"https:\/\/fr.elds.org\/lesmormons-net\/famille\/benedictions-jour-du-sabbat\/#primaryimage"},"thumbnailUrl":"https:\/\/fr.elds.org\/lesmormons-net\/files\/2016\/09\/activite\u0301s-du-jour-du-sabbat.jpg","keywords":["appliquer l'Evangile","\u00eatre membre de l'Eglise du Christ","rendre service"],"articleSection":["Famille"],"inLanguage":"fr-FR","potentialAction":[{"@type":"CommentAction","name":"Comment","target":["https:\/\/fr.elds.org\/lesmormons-net\/famille\/benedictions-jour-du-sabbat\/#respond"]}]},{"@type":"WebPage","@id":"https:\/\/fr.elds.org\/lesmormons-net\/famille\/benedictions-jour-du-sabbat\/","url":"https:\/\/fr.elds.org\/lesmormons-net\/famille\/benedictions-jour-du-sabbat\/","name":"Les b\u00e9n\u00e9dictions v\u00e9cues gr\u00e2ce au respect du jour du Sabbat","isPartOf":{"@id":"https:\/\/fr.elds.org\/lesmormons-net\/#website"},"primaryImageOfPage":{"@id":"https:\/\/fr.elds.org\/lesmormons-net\/famille\/benedictions-jour-du-sabbat\/#primaryimage"},"image":{"@id":"https:\/\/fr.elds.org\/lesmormons-net\/famille\/benedictions-jour-du-sabbat\/#primaryimage"},"thumbnailUrl":"https:\/\/fr.elds.org\/lesmormons-net\/files\/2016\/09\/activite\u0301s-du-jour-du-sabbat.jpg","datePublished":"2017-03-11T04:28:01+00:00","dateModified":"2018-07-25T22:06:27+00:00","author":{"@id":""},"description":"Imaginez avoir l'occasion de passer une journ\u00e9e avec J\u00e9sus-Christ. Comment vous pr\u00e9pareriez-vous spirituellement et physiquement pour cette journ\u00e9e ?","breadcrumb":{"@id":"https:\/\/fr.elds.org\/lesmormons-net\/famille\/benedictions-jour-du-sabbat\/#breadcrumb"},"inLanguage":"fr-FR","potentialAction":[{"@type":"ReadAction","target":["https:\/\/fr.elds.org\/lesmormons-net\/famille\/benedictions-jour-du-sabbat\/"]}]},{"@type":"ImageObject","inLanguage":"fr-FR","@id":"https:\/\/fr.elds.org\/lesmormons-net\/famille\/benedictions-jour-du-sabbat\/#primaryimage","url":"https:\/\/fr.elds.org\/lesmormons-net\/files\/2016\/09\/activite\u0301s-du-jour-du-sabbat.jpg","contentUrl":"https:\/\/fr.elds.org\/lesmormons-net\/files\/2016\/09\/activite\u0301s-du-jour-du-sabbat.jpg","width":948,"height":542,"caption":"les diff\u00e9rentes occupations qui respectent le jour du sabbat"},{"@type":"BreadcrumbList","@id":"https:\/\/fr.elds.org\/lesmormons-net\/famille\/benedictions-jour-du-sabbat\/#breadcrumb","itemListElement":[{"@type":"ListItem","position":1,"name":"Home","item":"https:\/\/fr.elds.org\/lesmormons-net\/"},{"@type":"ListItem","position":2,"name":"Les b\u00e9n\u00e9dictions v\u00e9cues gr\u00e2ce au respect du jour du Sabbat"}]},{"@type":"WebSite","@id":"https:\/\/fr.elds.org\/lesmormons-net\/#website","url":"https:\/\/fr.elds.org\/lesmormons-net\/","name":"Les Mormons","description":"Les mormons au quotidien","potentialAction":[{"@type":"SearchAction","target":{"@type":"EntryPoint","urlTemplate":"https:\/\/fr.elds.org\/lesmormons-net\/?s={search_term_string}"},"query-input":{"@type":"PropertyValueSpecification","valueRequired":true,"valueName":"search_term_string"}}],"inLanguage":"fr-FR"},{"@type":"Person","@id":"","url":"https:\/\/fr.elds.org\/lesmormons-net\/author\/"}]}},"_links":{"self":[{"href":"https:\/\/fr.elds.org\/lesmormons-net\/wp-json\/wp\/v2\/posts\/4260","targetHints":{"allow":["GET"]}}],"collection":[{"href":"https:\/\/fr.elds.org\/lesmormons-net\/wp-json\/wp\/v2\/posts"}],"about":[{"href":"https:\/\/fr.elds.org\/lesmormons-net\/wp-json\/wp\/v2\/types\/post"}],"author":[{"embeddable":true,"href":"https:\/\/fr.elds.org\/lesmormons-net\/wp-json\/wp\/v2\/users\/35"}],"replies":[{"embeddable":true,"href":"https:\/\/fr.elds.org\/lesmormons-net\/wp-json\/wp\/v2\/comments?post=4260"}],"version-history":[{"count":7,"href":"https:\/\/fr.elds.org\/lesmormons-net\/wp-json\/wp\/v2\/posts\/4260\/revisions"}],"predecessor-version":[{"id":8141,"href":"https:\/\/fr.elds.org\/lesmormons-net\/wp-json\/wp\/v2\/posts\/4260\/revisions\/8141"}],"wp:featuredmedia":[{"embeddable":true,"href":"https:\/\/fr.elds.org\/lesmormons-net\/wp-json\/wp\/v2\/media\/4262"}],"wp:attachment":[{"href":"https:\/\/fr.elds.org\/lesmormons-net\/wp-json\/wp\/v2\/media?parent=4260"}],"wp:term":[{"taxonomy":"category","embeddable":true,"href":"https:\/\/fr.elds.org\/lesmormons-net\/wp-json\/wp\/v2\/categories?post=4260"},{"taxonomy":"post_tag","embeddable":true,"href":"https:\/\/fr.elds.org\/lesmormons-net\/wp-json\/wp\/v2\/tags?post=4260"}],"curies":[{"name":"wp","href":"https:\/\/api.w.org\/{rel}","templated":true}]}}