{"id":4239,"date":"2016-08-31T13:31:27","date_gmt":"2016-08-31T11:31:27","guid":{"rendered":"http:\/\/fr.elds.org\/lesmormons-net\/?p=4239"},"modified":"2018-07-06T22:50:38","modified_gmt":"2018-07-06T20:50:38","slug":"de-pasteur-a-missionnaire-mormon","status":"publish","type":"post","link":"https:\/\/fr.elds.org\/lesmormons-net\/temoignages\/de-pasteur-a-missionnaire-mormon\/","title":{"rendered":"DE PASTEUR \u00c0 ELDER, HISTOIRE D&rsquo;UNE CONVERSION"},"content":{"rendered":"<p style=\"text-align: justify;\">CHRJe m\u2019appelle Carlos Gilberto Hernandez Elvir. Il y a neuf mois, j\u2019ai commenc\u00e9 ma mission \u00e0 plein temps dans la mission de Daejeon en Cor\u00e9e.<\/p>\n<p style=\"text-align: justify;\"><span style=\"font-weight: 400;\">J&rsquo;aimerais vous parler un peu de moi. Cela fait deux ans que je suis <strong>membre de l\u2019Eglise de J\u00e9sus-Christ des Saints des Derniers Jours<\/strong> et l\u2019histoire de ma conversion est tr\u00e8s simple mais \u00e0 la fois tr\u00e8s compliqu\u00e9e.<\/span><\/p>\n<p style=\"text-align: justify;\"><span style=\"font-weight: 400;\">Depuis tout petit, j\u2019allais \u00e0 une autre \u00e9glise chr\u00e9tienne. J\u2019y ai appris de bons principes chr\u00e9tiens et de bonnes valeurs morales comme \u00ab\u00a0je suis enfant de Dieu.\u00a0\u00bb J\u2019y ai aussi appris que la famille est ce qu\u2019il y a de plus important dans la vie. <\/span><\/p>\n<p style=\"text-align: justify;\"><span style=\"font-weight: 400;\">A l\u2019\u00e2ge de 14 ans, mes parents avaient des diff\u00e9rends et ils ont divorc\u00e9. Ma m\u00e8re a toujours travaill\u00e9 dur. Comme toute femme latine, elle s\u2019est battue de toutes ses forces pour que nous ne manquions de rien. Elle a toujours fait preuve de foi. Elle a aussi d\u00fb supporter ma nature rebelle, m\u00eame si j\u2019\u00e9tais le fils a\u00een\u00e9, je n\u2019ai jamais aid\u00e9 ma m\u00e8re comme je l\u2019aurai d\u00fb.<\/span><\/p>\n<p style=\"text-align: justify;\"><span style=\"font-weight: 400;\">Mes voisins ont eu une bonne influence sur moi et ils voulaient que je change ma vie et que je suive notre P\u00e8re c\u00e9leste. M\u00eame s\u2019ils n\u2019\u00e9taient pas membres, ils m\u2019ont encourag\u00e9 \u00e0 \u00e9couter les missionnaires. A ce moment-l\u00e0 de ma vie, j\u2019ai re\u00e7u une bourse d\u2019\u00e9tudes et je suis parti \u00e9tudier de l\u2019autre c\u00f4t\u00e9 de mon pays. Ma m\u00e8re a rencontr\u00e9 les missionnaires et apr\u00e8s les avoir \u00e9cout\u00e9s et avoir accept\u00e9 l\u2019Evangile, elle, mon fr\u00e8re et ma s\u0153ur se sont fait baptiser.<\/span><\/p>\n<p style=\"text-align: justify;\"><span style=\"font-weight: 400;\">Quand je suis rentr\u00e9 chez moi, ma m\u00e8re, mon fr\u00e8re et ma s\u0153ur faisaient tous partie d\u2019une \u00e9glise qui m\u2019\u00e9tait inconnue. J\u2019ai observ\u00e9 mon fr\u00e8re s\u2019inscrire au s\u00e9minaire, et \u00e0 ce moment-l\u00e0 je ne comprenais pas pourquoi il devait se lever si t\u00f4t. De plus, ma m\u00e8re et ma petite s\u0153ur chantaient toujours des cantiques, ce qui cr\u00e9ait une atmosph\u00e8re contagieuse qui incitait \u00e0 servir Dieu. C\u2019est \u00e0 ce moment-l\u00e0 que j\u2019ai commenc\u00e9 \u00e0 me rendre \u00e0 mon \u00e9glise. Dans cette \u00e9glise, tout se passait bien jusqu\u2019au 12 mai 2013, qui est le jour de la f\u00eate des m\u00e8res au Honduras. J\u2019\u00e9tais \u00e0 mon \u00e9glise et j\u2019ai ressenti que je devais faire quelque chose de sp\u00e9cial. J\u2019avais d\u00e9j\u00e0 pens\u00e9 \u00e0 devenir pasteur. Quand le service de l\u2019\u00e9glise s\u2019est termin\u00e9, j\u2019ai observ\u00e9 les familles et les enfants avec leurs m\u00e8res et ils avaient l\u2019air tr\u00e8s heureux. Je voulais avoir ce m\u00eame bonheur et le luxe de m\u2019assoir \u00e0 c\u00f4t\u00e9 de ma m\u00e8re \u00e0 l\u2019\u00e9glise, mais ma famille \u00e9tait mormone. <\/span><\/p>\n<p style=\"text-align: justify;\"><span style=\"font-weight: 400;\">A ce moment-\u00a0l\u00e0, je me suis rappel\u00e9 qu\u2019\u00e0 cette \u00e9glise chr\u00e9tienne je m\u2019\u00e9tais toujours dit\u00a0: \u00ab\u00a0P\u00e8re, si tu me permets d\u2019aller \u00e0 l\u2019\u00e9glise avec ma famille, je te promets que je deviendrai pasteur et te servirai toute ma vie, Amen.\u00a0\u00bb<\/span><\/p>\n<p style=\"text-align: justify;\"><span style=\"font-weight: 400;\">Cette pens\u00e9e m\u2019a touch\u00e9 le c\u0153ur. Un dimanche, je suis rest\u00e9 \u00e0 la maison avec ma m\u00e8re parce qu\u2019elle se sentait un peu malade. Je lui ai demand\u00e9 si elle allait aller \u00e0 l\u2019\u00e9glise car elle avait d\u00e9j\u00e0 20 minutes de retard. Elle m\u2019a expliqu\u00e9 que la chapelle \u00e9tait en cours de r\u00e9novations et qu\u2019ils allaient \u00e0 l\u2019Eglise plus tard dans le centre de pieu. Une heure plus tard, juste avant de partir elle m\u2019a dit\u00a0: \u00ab\u00a0Attend, tu veux venir avec moi \u00e0 l\u2019\u00e9glise\u00a0?\u00a0\u00bb Au d\u00e9but je croyais qu\u2019elle blaguait, mais je lui ai dit que je voulais venir si elle pouvait juste attendre quelques minutes les temps que je mette une chemise. Je ne voulais pas me faire remarquer.<\/span><\/p>\n<p style=\"text-align: justify;\"><span style=\"font-weight: 400;\">Nous sommes arriv\u00e9s \u00e0 la chapelle avec 47 minutes de retard. Je me rappelle avoir entendu \u00ab\u00a0Au nom de J\u00e9sus-Christ, Amen,\u00a0\u00bb et avoir pens\u00e9\u00a0: \u00ab\u00a0C\u2019est super ennuyant, les mormons sont bizarres.\u00a0\u00bb Quand la pri\u00e8re de cl\u00f4ture s\u2019est termin\u00e9e, je me rappelle que m\u2019a m\u00e8re m\u2019a rapidement pr\u00e9sent\u00e9 \u00e0 tous les membres. Je me rappelle de son sourire et de combien elle \u00e9tait heureuse de voir ses trois enfants dans la m\u00eame \u00e9glise. La pens\u00e9e qui me venait toujours en t\u00eate dans mon \u00e9glise est revenue\u00a0: \u00ab\u00a0C\u2019est ce que je veux dans la vie, je veux \u00eatre avec ma famille.\u00a0\u00bb<\/span><\/p>\n<p style=\"text-align: justify;\"><span style=\"font-weight: 400;\">Ce n\u2019\u00e9tait pas les discours qui ont eu un impact sur moi, ni les cantiques, ni m\u00eame la pri\u00e8re. Ce qui a eu le plus d\u2019impact a \u00e9t\u00e9 la joie et le bonheur de ma m\u00e8re. En voyant son bonheur je savais que cet \u00c9vangile <\/span><span style=\"font-weight: 400;\">\u00e9tait<\/span><span style=\"font-weight: 400;\"> vrai, parce qu\u2019il a r\u00e9uni ma famille.<\/span><\/p>\n<p style=\"text-align: justify;\"><span style=\"font-weight: 400;\">Apr\u00e8s avoir suivis les le\u00e7ons missionnaires pendant deux semaines (Elder Martinez et Elder Oveson sont mes deux anges) nous avons fix\u00e9 une date de bapt\u00eame pour le samedi 6 juillet 2013.<\/span><\/p>\n<p style=\"text-align: justify;\"><span style=\"font-weight: 400;\">Depuis ce jour j\u2019ai progress\u00e9, et j\u2019ai re\u00e7u diff\u00e9rents appels et t\u00e2ches. Parfois je me rappelle du d\u00e9sir que j\u2019avais de devenir pasteur et dans un sens le Seigneur m\u2019a permis de prendre soin de ses brebis en servant une mission \u00e0 plein-temps. Depuis le d\u00e9but de ma mission le 14 octobre 2014, j\u2019ai ressenti de la joie en servant ceux qui m\u2019entourent et en pr\u00eachant l\u2019Evangile qui est vrai. Ce m\u00eame \u00c9vangile a chang\u00e9 la vie de ma m\u00e8re, de mon fr\u00e8re, de ma s\u0153ur ainsi que la mienne. Chaque fois que j\u2019enseigne avec le m\u00eame amour que les missionnaires qui nous ont enseign\u00e9 ma famille et moi, et chaque fois que je souris, je le fais pour que les gens voient la joie que l\u2019on ressent gr\u00e2ce \u00e0 l\u2019Evangile r\u00e9tabli.<\/span><\/p>\n<p style=\"text-align: justify;\"><img fetchpriority=\"high\" fetchpriority=\"high\" decoding=\"async\" class=\"aligncenter size-large wp-image-4244\" src=\"http:\/\/fr.elds.org\/lesmormons-net\/files\/2016\/08\/elder-Hernandez-en-Core\u0301e-1024x576.jpg\" alt=\"Carlos Gilberto Hernandez Elvir en mission en Cor\u00e9e\" width=\"1024\" height=\"576\" srcset=\"https:\/\/fr.elds.org\/lesmormons-net\/files\/2016\/08\/elder-Hernandez-en-Core\u0301e-1024x576.jpg 1024w, https:\/\/fr.elds.org\/lesmormons-net\/files\/2016\/08\/elder-Hernandez-en-Core\u0301e-300x169.jpg 300w, https:\/\/fr.elds.org\/lesmormons-net\/files\/2016\/08\/elder-Hernandez-en-Core\u0301e-768x432.jpg 768w, https:\/\/fr.elds.org\/lesmormons-net\/files\/2016\/08\/elder-Hernandez-en-Core\u0301e-1080x608.jpg 1080w, https:\/\/fr.elds.org\/lesmormons-net\/files\/2016\/08\/elder-Hernandez-en-Core\u0301e.jpg 1280w\" sizes=\"(max-width: 1024px) 100vw, 1024px\" \/><\/p>\n<p style=\"text-align: justify;\"><span style=\"font-weight: 400;\"> J\u2019ai choisi de d\u00e9dier deux ans de ma vie au Sauveur et je crois m\u00eame que c\u2019est insuffisant lorsque je vois des gens critiquer l\u2019Eglise et l\u2019appeler une \u00ab\u00a0secte\u00a0\u00bb ou que ce sont de fausses doctrines. Je sais que je suis 110% pr\u00eat \u00e0 tout donner \u00e0 mon P\u00e8re C\u00e9leste, car\u00a0m\u00eame quand je suis faible et que j\u2019abandonne facilement, je sais que notre P\u00e8re c\u00e9leste ne m\u2019abandonne jamais. Il nous aime et je t\u00e9moigne qu\u2019il vit et qu\u2019il aime les familles car il a restaur\u00e9 ma famille, mon foyer.<\/span><\/p>\n<p style=\"text-align: justify;\"><a href=\"http:\/\/fr.elds.org\/lesmormons-net\/files\/2016\/08\/Elder-Hernandez-dans-un-famille-en-mission-en-Core\u0301e.jpg\"><img decoding=\"async\" class=\"aligncenter size-large wp-image-4245\" src=\"http:\/\/fr.elds.org\/lesmormons-net\/files\/2016\/08\/Elder-Hernandez-dans-un-famille-en-mission-en-Core\u0301e-1024x576.jpg\" alt=\"Carlos Gilberto Hernandez Elvir en mission en Cor\u00e9e\" width=\"1024\" height=\"576\" srcset=\"https:\/\/fr.elds.org\/lesmormons-net\/files\/2016\/08\/Elder-Hernandez-dans-un-famille-en-mission-en-Core\u0301e-1024x576.jpg 1024w, https:\/\/fr.elds.org\/lesmormons-net\/files\/2016\/08\/Elder-Hernandez-dans-un-famille-en-mission-en-Core\u0301e-300x169.jpg 300w, https:\/\/fr.elds.org\/lesmormons-net\/files\/2016\/08\/Elder-Hernandez-dans-un-famille-en-mission-en-Core\u0301e-768x432.jpg 768w, https:\/\/fr.elds.org\/lesmormons-net\/files\/2016\/08\/Elder-Hernandez-dans-un-famille-en-mission-en-Core\u0301e-1080x608.jpg 1080w, https:\/\/fr.elds.org\/lesmormons-net\/files\/2016\/08\/Elder-Hernandez-dans-un-famille-en-mission-en-Core\u0301e.jpg 1280w\" sizes=\"(max-width: 1024px) 100vw, 1024px\" \/><\/a><\/p>\n<p style=\"text-align: justify;\"><span style=\"font-weight: 400;\">Je sais que l\u2019\u0153uvre missionnaire est l\u2019\u0153uvre de notre P\u00e8re c\u00e9leste. Il nous aime et il veut que nous nous souvenions que si nous donnons 110% de nous, les gens autour de nous reconnaitrons que nous avons cette chose appel\u00e9e \u00ab<strong>\u00a0L\u2019EVANGILE DE JESUS-CHRIST<\/strong>\u00a0\u00bb et si nous d\u00e9cidons de ne jamais abandonner, le Seigneur nous donnera la force de faire face \u00e0 l\u2019adversit\u00e9.<\/span><\/p>\n<p style=\"text-align: justify;\"><span style=\"font-weight: 400;\">Je t\u00e9moigne de ces choses avec amour et humilit\u00e9 au nom de J\u00e9sus-Christ, Amen.<\/span><\/p>\n<p style=\"text-align: justify;\"><span style=\"font-weight: 400;\">Elder Hernandez<\/span><\/p>\n<p style=\"text-align: justify;\"><span style=\"font-weight: 400;\">Mission de Daejeon en Cor\u00e9e 2014-2016<\/span><\/p>\n<p style=\"text-align: justify;\"><em><span style=\"font-weight: 400;\">Cet article a \u00e9t\u00e9 traduit et partag\u00e9 avec la permission de l\u2019auteur. L\u2019article original peut \u00eatre trouv\u00e9 sur mormonsud.org. Cet article, publi\u00e9 sur <\/span><a href=\"http:\/\/lds.net\/blog\/faith\/belief\/pastor-elder\/\" rel=\"nofollow\"><span style=\"font-weight: 400;\">lds.net<\/span><\/a><span style=\"font-weight: 400;\"> a \u00e9t\u00e9 traduit par L\u00e9a.<\/span><\/em><\/p>\n","protected":false},"excerpt":{"rendered":"<p>Je m\u2019appelle Carlos Gilberto Hernandez Elvir. Il y a neuf mois, j\u2019ai commenc\u00e9 ma mission \u00e0 plein temps dans la mission de Daejeon en Cor\u00e9e.<\/p>\n","protected":false},"author":39,"featured_media":4241,"comment_status":"open","ping_status":"closed","sticky":false,"template":"","format":"standard","meta":{"_et_pb_use_builder":"","_et_pb_old_content":"","_et_gb_content_width":"","footnotes":""},"categories":[172],"tags":[447,450,155],"class_list":["post-4239","post","type-post","status-publish","format-standard","has-post-thumbnail","hentry","category-temoignages","tag-faire-le-bon-choix","tag-partager-levangile","tag-temoignage","et-has-post-format-content","et_post_format-et-post-format-standard"],"yoast_head":"<!-- This site is optimized with the Yoast SEO plugin v27.4 - https:\/\/yoast.com\/product\/yoast-seo-wordpress\/ -->\n<title>DE PASTEUR \u00c0 ELDER, L&#039;HISTOIRE D&#039;UNE CONVERSION<\/title>\n<meta name=\"description\" content=\"Je m\u2019appelle Carlos Gilberto Hernandez Elvir. Il y a neuf mois, j\u2019ai commenc\u00e9 ma mission \u00e0 plein temps dans la mission de Daejeon en Cor\u00e9e.\" \/>\n<meta name=\"robots\" content=\"index, follow, max-snippet:-1, max-image-preview:large, max-video-preview:-1\" \/>\n<link rel=\"canonical\" href=\"https:\/\/fr.elds.org\/lesmormons-net\/temoignages\/de-pasteur-a-missionnaire-mormon\/\" \/>\n<meta property=\"og:locale\" content=\"fr_FR\" \/>\n<meta property=\"og:type\" content=\"article\" \/>\n<meta property=\"og:title\" content=\"DE PASTEUR \u00c0 ELDER, L&#039;HISTOIRE D&#039;UNE CONVERSION\" \/>\n<meta property=\"og:description\" content=\"Je m\u2019appelle Carlos Gilberto Hernandez Elvir. Il y a neuf mois, j\u2019ai commenc\u00e9 ma mission \u00e0 plein temps dans la mission de Daejeon en Cor\u00e9e.\" \/>\n<meta property=\"og:url\" content=\"https:\/\/fr.elds.org\/lesmormons-net\/temoignages\/de-pasteur-a-missionnaire-mormon\/\" \/>\n<meta property=\"og:site_name\" content=\"Les Mormons\" \/>\n<meta property=\"article:published_time\" content=\"2016-08-31T11:31:27+00:00\" \/>\n<meta property=\"article:modified_time\" content=\"2018-07-06T20:50:38+00:00\" \/>\n<meta property=\"og:image\" content=\"https:\/\/fr.elds.org\/lesmormons-net\/files\/2016\/08\/DE-PASTOR-A-ELDER.jpg\" \/>\n\t<meta property=\"og:image:width\" content=\"948\" \/>\n\t<meta property=\"og:image:height\" content=\"542\" \/>\n\t<meta property=\"og:image:type\" content=\"image\/jpeg\" \/>\n<meta name=\"twitter:card\" content=\"summary_large_image\" \/>\n<meta name=\"twitter:label1\" content=\"\u00c9crit par\" \/>\n\t<meta name=\"twitter:data1\" content=\"\" \/>\n\t<meta name=\"twitter:label2\" content=\"Dur\u00e9e de lecture estim\u00e9e\" \/>\n\t<meta name=\"twitter:data2\" content=\"6 minutes\" \/>\n<script type=\"application\/ld+json\" class=\"yoast-schema-graph\">{\"@context\":\"https:\\\/\\\/schema.org\",\"@graph\":[{\"@type\":\"Article\",\"@id\":\"https:\\\/\\\/fr.elds.org\\\/lesmormons-net\\\/temoignages\\\/de-pasteur-a-missionnaire-mormon\\\/#article\",\"isPartOf\":{\"@id\":\"https:\\\/\\\/fr.elds.org\\\/lesmormons-net\\\/temoignages\\\/de-pasteur-a-missionnaire-mormon\\\/\"},\"author\":{\"name\":\"\",\"@id\":\"\"},\"headline\":\"DE PASTEUR \u00c0 ELDER, HISTOIRE D&rsquo;UNE CONVERSION\",\"datePublished\":\"2016-08-31T11:31:27+00:00\",\"dateModified\":\"2018-07-06T20:50:38+00:00\",\"mainEntityOfPage\":{\"@id\":\"https:\\\/\\\/fr.elds.org\\\/lesmormons-net\\\/temoignages\\\/de-pasteur-a-missionnaire-mormon\\\/\"},\"wordCount\":1257,\"commentCount\":1,\"image\":{\"@id\":\"https:\\\/\\\/fr.elds.org\\\/lesmormons-net\\\/temoignages\\\/de-pasteur-a-missionnaire-mormon\\\/#primaryimage\"},\"thumbnailUrl\":\"https:\\\/\\\/fr.elds.org\\\/lesmormons-net\\\/files\\\/2016\\\/08\\\/DE-PASTOR-A-ELDER.jpg\",\"keywords\":[\"faire le bon choix\",\"partager l'Evangile\",\"t\u00e9moignage\"],\"articleSection\":[\"T\u00e9moignages\"],\"inLanguage\":\"fr-FR\",\"potentialAction\":[{\"@type\":\"CommentAction\",\"name\":\"Comment\",\"target\":[\"https:\\\/\\\/fr.elds.org\\\/lesmormons-net\\\/temoignages\\\/de-pasteur-a-missionnaire-mormon\\\/#respond\"]}]},{\"@type\":\"WebPage\",\"@id\":\"https:\\\/\\\/fr.elds.org\\\/lesmormons-net\\\/temoignages\\\/de-pasteur-a-missionnaire-mormon\\\/\",\"url\":\"https:\\\/\\\/fr.elds.org\\\/lesmormons-net\\\/temoignages\\\/de-pasteur-a-missionnaire-mormon\\\/\",\"name\":\"DE PASTEUR \u00c0 ELDER, L'HISTOIRE D'UNE CONVERSION\",\"isPartOf\":{\"@id\":\"https:\\\/\\\/fr.elds.org\\\/lesmormons-net\\\/#website\"},\"primaryImageOfPage\":{\"@id\":\"https:\\\/\\\/fr.elds.org\\\/lesmormons-net\\\/temoignages\\\/de-pasteur-a-missionnaire-mormon\\\/#primaryimage\"},\"image\":{\"@id\":\"https:\\\/\\\/fr.elds.org\\\/lesmormons-net\\\/temoignages\\\/de-pasteur-a-missionnaire-mormon\\\/#primaryimage\"},\"thumbnailUrl\":\"https:\\\/\\\/fr.elds.org\\\/lesmormons-net\\\/files\\\/2016\\\/08\\\/DE-PASTOR-A-ELDER.jpg\",\"datePublished\":\"2016-08-31T11:31:27+00:00\",\"dateModified\":\"2018-07-06T20:50:38+00:00\",\"author\":{\"@id\":\"\"},\"description\":\"Je m\u2019appelle Carlos Gilberto Hernandez Elvir. Il y a neuf mois, j\u2019ai commenc\u00e9 ma mission \u00e0 plein temps dans la mission de Daejeon en Cor\u00e9e.\",\"breadcrumb\":{\"@id\":\"https:\\\/\\\/fr.elds.org\\\/lesmormons-net\\\/temoignages\\\/de-pasteur-a-missionnaire-mormon\\\/#breadcrumb\"},\"inLanguage\":\"fr-FR\",\"potentialAction\":[{\"@type\":\"ReadAction\",\"target\":[\"https:\\\/\\\/fr.elds.org\\\/lesmormons-net\\\/temoignages\\\/de-pasteur-a-missionnaire-mormon\\\/\"]}]},{\"@type\":\"ImageObject\",\"inLanguage\":\"fr-FR\",\"@id\":\"https:\\\/\\\/fr.elds.org\\\/lesmormons-net\\\/temoignages\\\/de-pasteur-a-missionnaire-mormon\\\/#primaryimage\",\"url\":\"https:\\\/\\\/fr.elds.org\\\/lesmormons-net\\\/files\\\/2016\\\/08\\\/DE-PASTOR-A-ELDER.jpg\",\"contentUrl\":\"https:\\\/\\\/fr.elds.org\\\/lesmormons-net\\\/files\\\/2016\\\/08\\\/DE-PASTOR-A-ELDER.jpg\",\"width\":948,\"height\":542,\"caption\":\"Carlos Gilberto Hernandez Elvir missionaire en cor\u00e9e\"},{\"@type\":\"BreadcrumbList\",\"@id\":\"https:\\\/\\\/fr.elds.org\\\/lesmormons-net\\\/temoignages\\\/de-pasteur-a-missionnaire-mormon\\\/#breadcrumb\",\"itemListElement\":[{\"@type\":\"ListItem\",\"position\":1,\"name\":\"Home\",\"item\":\"https:\\\/\\\/fr.elds.org\\\/lesmormons-net\\\/\"},{\"@type\":\"ListItem\",\"position\":2,\"name\":\"DE PASTEUR \u00c0 ELDER, HISTOIRE D&#8217;UNE CONVERSION\"}]},{\"@type\":\"WebSite\",\"@id\":\"https:\\\/\\\/fr.elds.org\\\/lesmormons-net\\\/#website\",\"url\":\"https:\\\/\\\/fr.elds.org\\\/lesmormons-net\\\/\",\"name\":\"Les Mormons\",\"description\":\"Les mormons au quotidien\",\"potentialAction\":[{\"@type\":\"SearchAction\",\"target\":{\"@type\":\"EntryPoint\",\"urlTemplate\":\"https:\\\/\\\/fr.elds.org\\\/lesmormons-net\\\/?s={search_term_string}\"},\"query-input\":{\"@type\":\"PropertyValueSpecification\",\"valueRequired\":true,\"valueName\":\"search_term_string\"}}],\"inLanguage\":\"fr-FR\"},{\"@type\":\"Person\",\"@id\":\"\",\"url\":\"https:\\\/\\\/fr.elds.org\\\/lesmormons-net\\\/author\\\/\"}]}<\/script>\n<!-- \/ Yoast SEO plugin. -->","yoast_head_json":{"title":"DE PASTEUR \u00c0 ELDER, L'HISTOIRE D'UNE CONVERSION","description":"Je m\u2019appelle Carlos Gilberto Hernandez Elvir. Il y a neuf mois, j\u2019ai commenc\u00e9 ma mission \u00e0 plein temps dans la mission de Daejeon en Cor\u00e9e.","robots":{"index":"index","follow":"follow","max-snippet":"max-snippet:-1","max-image-preview":"max-image-preview:large","max-video-preview":"max-video-preview:-1"},"canonical":"https:\/\/fr.elds.org\/lesmormons-net\/temoignages\/de-pasteur-a-missionnaire-mormon\/","og_locale":"fr_FR","og_type":"article","og_title":"DE PASTEUR \u00c0 ELDER, L'HISTOIRE D'UNE CONVERSION","og_description":"Je m\u2019appelle Carlos Gilberto Hernandez Elvir. Il y a neuf mois, j\u2019ai commenc\u00e9 ma mission \u00e0 plein temps dans la mission de Daejeon en Cor\u00e9e.","og_url":"https:\/\/fr.elds.org\/lesmormons-net\/temoignages\/de-pasteur-a-missionnaire-mormon\/","og_site_name":"Les Mormons","article_published_time":"2016-08-31T11:31:27+00:00","article_modified_time":"2018-07-06T20:50:38+00:00","og_image":[{"width":948,"height":542,"url":"https:\/\/fr.elds.org\/lesmormons-net\/files\/2016\/08\/DE-PASTOR-A-ELDER.jpg","type":"image\/jpeg"}],"twitter_card":"summary_large_image","twitter_misc":{"\u00c9crit par":"","Dur\u00e9e de lecture estim\u00e9e":"6 minutes"},"schema":{"@context":"https:\/\/schema.org","@graph":[{"@type":"Article","@id":"https:\/\/fr.elds.org\/lesmormons-net\/temoignages\/de-pasteur-a-missionnaire-mormon\/#article","isPartOf":{"@id":"https:\/\/fr.elds.org\/lesmormons-net\/temoignages\/de-pasteur-a-missionnaire-mormon\/"},"author":{"name":"","@id":""},"headline":"DE PASTEUR \u00c0 ELDER, HISTOIRE D&rsquo;UNE CONVERSION","datePublished":"2016-08-31T11:31:27+00:00","dateModified":"2018-07-06T20:50:38+00:00","mainEntityOfPage":{"@id":"https:\/\/fr.elds.org\/lesmormons-net\/temoignages\/de-pasteur-a-missionnaire-mormon\/"},"wordCount":1257,"commentCount":1,"image":{"@id":"https:\/\/fr.elds.org\/lesmormons-net\/temoignages\/de-pasteur-a-missionnaire-mormon\/#primaryimage"},"thumbnailUrl":"https:\/\/fr.elds.org\/lesmormons-net\/files\/2016\/08\/DE-PASTOR-A-ELDER.jpg","keywords":["faire le bon choix","partager l'Evangile","t\u00e9moignage"],"articleSection":["T\u00e9moignages"],"inLanguage":"fr-FR","potentialAction":[{"@type":"CommentAction","name":"Comment","target":["https:\/\/fr.elds.org\/lesmormons-net\/temoignages\/de-pasteur-a-missionnaire-mormon\/#respond"]}]},{"@type":"WebPage","@id":"https:\/\/fr.elds.org\/lesmormons-net\/temoignages\/de-pasteur-a-missionnaire-mormon\/","url":"https:\/\/fr.elds.org\/lesmormons-net\/temoignages\/de-pasteur-a-missionnaire-mormon\/","name":"DE PASTEUR \u00c0 ELDER, L'HISTOIRE D'UNE CONVERSION","isPartOf":{"@id":"https:\/\/fr.elds.org\/lesmormons-net\/#website"},"primaryImageOfPage":{"@id":"https:\/\/fr.elds.org\/lesmormons-net\/temoignages\/de-pasteur-a-missionnaire-mormon\/#primaryimage"},"image":{"@id":"https:\/\/fr.elds.org\/lesmormons-net\/temoignages\/de-pasteur-a-missionnaire-mormon\/#primaryimage"},"thumbnailUrl":"https:\/\/fr.elds.org\/lesmormons-net\/files\/2016\/08\/DE-PASTOR-A-ELDER.jpg","datePublished":"2016-08-31T11:31:27+00:00","dateModified":"2018-07-06T20:50:38+00:00","author":{"@id":""},"description":"Je m\u2019appelle Carlos Gilberto Hernandez Elvir. Il y a neuf mois, j\u2019ai commenc\u00e9 ma mission \u00e0 plein temps dans la mission de Daejeon en Cor\u00e9e.","breadcrumb":{"@id":"https:\/\/fr.elds.org\/lesmormons-net\/temoignages\/de-pasteur-a-missionnaire-mormon\/#breadcrumb"},"inLanguage":"fr-FR","potentialAction":[{"@type":"ReadAction","target":["https:\/\/fr.elds.org\/lesmormons-net\/temoignages\/de-pasteur-a-missionnaire-mormon\/"]}]},{"@type":"ImageObject","inLanguage":"fr-FR","@id":"https:\/\/fr.elds.org\/lesmormons-net\/temoignages\/de-pasteur-a-missionnaire-mormon\/#primaryimage","url":"https:\/\/fr.elds.org\/lesmormons-net\/files\/2016\/08\/DE-PASTOR-A-ELDER.jpg","contentUrl":"https:\/\/fr.elds.org\/lesmormons-net\/files\/2016\/08\/DE-PASTOR-A-ELDER.jpg","width":948,"height":542,"caption":"Carlos Gilberto Hernandez Elvir missionaire en cor\u00e9e"},{"@type":"BreadcrumbList","@id":"https:\/\/fr.elds.org\/lesmormons-net\/temoignages\/de-pasteur-a-missionnaire-mormon\/#breadcrumb","itemListElement":[{"@type":"ListItem","position":1,"name":"Home","item":"https:\/\/fr.elds.org\/lesmormons-net\/"},{"@type":"ListItem","position":2,"name":"DE PASTEUR \u00c0 ELDER, HISTOIRE D&#8217;UNE CONVERSION"}]},{"@type":"WebSite","@id":"https:\/\/fr.elds.org\/lesmormons-net\/#website","url":"https:\/\/fr.elds.org\/lesmormons-net\/","name":"Les Mormons","description":"Les mormons au quotidien","potentialAction":[{"@type":"SearchAction","target":{"@type":"EntryPoint","urlTemplate":"https:\/\/fr.elds.org\/lesmormons-net\/?s={search_term_string}"},"query-input":{"@type":"PropertyValueSpecification","valueRequired":true,"valueName":"search_term_string"}}],"inLanguage":"fr-FR"},{"@type":"Person","@id":"","url":"https:\/\/fr.elds.org\/lesmormons-net\/author\/"}]}},"_links":{"self":[{"href":"https:\/\/fr.elds.org\/lesmormons-net\/wp-json\/wp\/v2\/posts\/4239","targetHints":{"allow":["GET"]}}],"collection":[{"href":"https:\/\/fr.elds.org\/lesmormons-net\/wp-json\/wp\/v2\/posts"}],"about":[{"href":"https:\/\/fr.elds.org\/lesmormons-net\/wp-json\/wp\/v2\/types\/post"}],"author":[{"embeddable":true,"href":"https:\/\/fr.elds.org\/lesmormons-net\/wp-json\/wp\/v2\/users\/39"}],"replies":[{"embeddable":true,"href":"https:\/\/fr.elds.org\/lesmormons-net\/wp-json\/wp\/v2\/comments?post=4239"}],"version-history":[{"count":7,"href":"https:\/\/fr.elds.org\/lesmormons-net\/wp-json\/wp\/v2\/posts\/4239\/revisions"}],"predecessor-version":[{"id":6184,"href":"https:\/\/fr.elds.org\/lesmormons-net\/wp-json\/wp\/v2\/posts\/4239\/revisions\/6184"}],"wp:featuredmedia":[{"embeddable":true,"href":"https:\/\/fr.elds.org\/lesmormons-net\/wp-json\/wp\/v2\/media\/4241"}],"wp:attachment":[{"href":"https:\/\/fr.elds.org\/lesmormons-net\/wp-json\/wp\/v2\/media?parent=4239"}],"wp:term":[{"taxonomy":"category","embeddable":true,"href":"https:\/\/fr.elds.org\/lesmormons-net\/wp-json\/wp\/v2\/categories?post=4239"},{"taxonomy":"post_tag","embeddable":true,"href":"https:\/\/fr.elds.org\/lesmormons-net\/wp-json\/wp\/v2\/tags?post=4239"}],"curies":[{"name":"wp","href":"https:\/\/api.w.org\/{rel}","templated":true}]}}