{"id":4157,"date":"2016-08-19T18:27:04","date_gmt":"2016-08-19T16:27:04","guid":{"rendered":"http:\/\/fr.elds.org\/lesmormons-net\/?p=4157"},"modified":"2018-07-06T23:02:18","modified_gmt":"2018-07-06T21:02:18","slug":"un-garcon-de-8-ans-ramene-pere-a-leglise","status":"publish","type":"post","link":"https:\/\/fr.elds.org\/lesmormons-net\/temoignages\/un-garcon-de-8-ans-ramene-pere-a-leglise\/","title":{"rendered":"GR\u00c2CE \u00c0 MON FILS J&rsquo;AI CHANG\u00c9 MON COEUR DE P\u00c9CHEUR"},"content":{"rendered":"<p>Lors d\u2019une r\u00e9union de comit\u00e9 ex\u00e9cutif de la pr\u00eatrise, nos missionnaires \u00e0 plein temps ont fait rapport d\u2019une conversation qu\u2019ils avaient eu avec une membre qui ne fait pas partie de la paroisse. J\u2019ai tout de suite reconnu son nom et je leur ai dit qu\u2019il y a des ann\u00e9es, nous faisions partie de la m\u00eame paroisse.<\/p>\n<p><span style=\"font-weight: 400;\">Un des missionnaires a dit\u00a0: \u00ab\u00a0Oui, c\u2019est ce qu\u2019elle nous a dit, et elle avait l\u2019air surprise que vous soyez l\u2019\u00e9v\u00eaque.\u00a0\u00bb<\/span><\/p>\n<p><span style=\"font-weight: 400;\">Je leur ai demand\u00e9\u00a0: \u00ab\u00a0Qu\u2019a-t \u2018elle dit\u00a0?\u00a0\u00bb<\/span><\/p>\n<p><span style=\"font-weight: 400;\">Ils ont r\u00e9pondu qu\u2019elle avait l\u2019air tr\u00e8s surprise et leur a dit\u00a0: \u00ab\u00a0C\u2019est <\/span><i><span style=\"font-weight: 400;\">lui<\/span><\/i><span style=\"font-weight: 400;\"> l\u2019\u00e9v\u00eaque\u00a0?\u00a0\u00bb<\/span><\/p>\n<blockquote><p><strong>J\u2019ai rigol\u00e9 et je leur ai expliqu\u00e9 que quand cette s\u0153ur m\u2019a rencontr\u00e9 il y a trente ans, j\u2019\u00e9tais quelqu\u2019un de tr\u00e8s diff\u00e8rent.<\/strong><\/p><\/blockquote>\n<p><span style=\"font-weight: 400;\">En r\u00e9fl\u00e9chissant sur cet incident, j\u2019ai repens\u00e9 combien ma vie avait chang\u00e9 ces trente derni\u00e8res ann\u00e9es depuis que ma famille fait partie de l\u2019Eglise. Je connais depuis plus de 20 ans beaucoup des membres de notre paroisse et j\u2019ai servi en tant que pr\u00e9sident de branche et \u00e9v\u00eaque. Pourtant, aucun de ces membres ne me connaissaient il y a 30 ans. Bien qu\u2019\u00e0 certaines occasions je partage des exp\u00e9riences de mon pass\u00e9 pour expliquer le repentir ou l\u2019expiation de J\u00e9sus-Christ, la plupart de la paroisse ne connait pas l\u2019incroyable \u00a0parcours qu\u2019a \u00e9t\u00e9 ma vie dans l\u2019Eglise.<\/span><\/p>\n<h2>1979<\/h2>\n<p><span style=\"font-weight: 400;\">En mai 1979, ma famille et moi sommes entr\u00e9s en contact avec l\u2019Eglise. J\u2019ai tout de suite su que j\u2019avais trouv\u00e9 ma place. Nous nous sommes faits baptis\u00e9s en juin et au d\u00e9but, nous \u00e9tions tous pratiquants. Cependant, il ne m\u2019a pas fallu beaucoup de temps pour arr\u00eater d\u2019aller \u00e0 l\u2019Eglise et reprendre\u00a0mes mauvaises habitudes. Je n\u2019ai jamais vraiment dout\u00e9 de la v\u00e9racit\u00e9 de l\u2019Evangile et du r\u00e9tablissement, mais je pensais que je n\u2019avais pas tout ce qu\u2019il fallait pour \u00eatre un bon membre de l\u2019Eglise.<\/span><\/p>\n<h2>1982<\/h2>\n<p><span style=\"font-weight: 400;\">En 1982, \u00e0 cause de ma d\u00e9pendance \u00e0 l\u2019alcool, ma femme, qui est toujours rest\u00e9e fid\u00e8le \u00e0 sa foi, a demand\u00e9 le divorce. A ce moment-l\u00e0, ma famille habitait en Oklahoma, mais j\u2019avais d\u00fb retourner en Illinois o\u00f9 j\u2019avais grandi. J\u2019en \u00e9tais arriv\u00e9 au point o\u00f9 j\u2019allais perdre la seule chose qui m\u2019\u00e9tait importante\u00a0: ma famille.<\/span><\/p>\n<p><span style=\"font-weight: 400;\">J\u2019ai commenc\u00e9 \u00e0 m\u2019agenouiller matin et soir et \u00e0 prier \u00e0 un Dieu dont je doutais l\u2019existence, et m\u00eame s\u2019il existait, je m\u2019\u00e9tais persuad\u00e9 que cela faisait longtemps qu\u2019il m\u2019avait oubli\u00e9. Cependant, j\u2019ai pass\u00e9 trois mois \u00e0 prier fid\u00e8lement. Un matin, tr\u00e8s t\u00f4t, alors que j\u2019\u00e9tais en train de prier avec ferveur, j\u2019ai \u00e9t\u00e9 touch\u00e9 par un grand sentiment de soulagement et je savais que Dieu vivait, qu\u2019il me connaissait et qu\u2019il m\u2019aimait. J\u2019ai aussi re\u00e7u la conviction que je ne devais plus jamais toucher \u00e0 une seule goutte d\u2019alcool.<\/span><\/p>\n<p><span style=\"font-weight: 400;\">Ce soir-l\u00e0, ma femme m\u2019a appel\u00e9 pour me dire qu\u2019elle \u00e9tait sur le point de m\u2019envoyer le dossier de divorce. Pendant notre conversation elle a tout d\u2019un coup dit, <\/span><\/p>\n<blockquote><p><strong>\u00ab\u00a0 Il y a quelque chose de tr\u00e8s diff\u00e8rent chez toi. Je ne pense pas que tu vas continuer \u00e0 boire, et je vais me d\u00e9barrassera de ce dossier.\u00a0\u00bb Nous nous sommes remis ensemble et deux ans apr\u00e8s, elle a donn\u00e9 naissance \u00e0 notre troisi\u00e8me fils.<\/strong><\/p><\/blockquote>\n<p><span style=\"font-weight: 400;\">On pourrait penser qu\u2019apr\u00e8s cette exp\u00e9rience je serai retourn\u00e9 \u00e0 l\u2019Eglise, mais je suis un homme t\u00eatu. Je suis retourn\u00e9 \u00e0 l\u2019Eglise pendant quelques temps et j\u2019ai m\u00eame re\u00e7u un appel en tant qu\u2019instructeur du coll\u00e8ge des anciens. Mais peu apr\u00e8s avoir commenc\u00e9 \u00e0 enseigner, j\u2019ai commenc\u00e9 \u00e0 ne pas me sentir \u00e0 la hauteur et je suis de nouveau devenu non-pratiquant.<\/span><\/p>\n<h2>1991<\/h2>\n<p><span style=\"font-weight: 400;\">En 1991, nous avons d\u00e9m\u00e9nag\u00e9 dans une petite branche. Plusieurs mois avant le huiti\u00e8me anniversaire de notre benjamin, ma femme, qui \u00e9tait la pr\u00e9sidente de la primaire, lui a demand\u00e9 par qui il voulait se faire baptiser. Il voulait bien s\u00fbr que ce soit son p\u00e8re qui accomplisse l\u2019ordonnance. Ma femme lui a dit que ce ne serait s\u00fbrement pas possible. Il refusa d\u2019accepter sa r\u00e9ponse et se lan\u00e7a dans la t\u00e2che de ramener son p\u00e8re dans l\u2019Eglise. Il resta persistant et peu de temps apr\u00e8s, je me suis retrouv\u00e9 \u00e0 \u00eatre Scout master et \u00e0 le baptiser et \u00e0 lui conf\u00e9rer le don du Saint-Esprit.<\/span><\/p>\n<p><span style=\"font-weight: 400;\">Les huit mois qui suivirent mon retour \u00e0 l\u2019\u00e9glise furent riches en \u00e9v\u00e8nements. Nous nous sommes faits scell\u00e9s dans le temple de Chicago et j\u2019ai de nouveau \u00e9t\u00e9 appel\u00e9 \u00e0 servir comme instructeur du coll\u00e8ge des anciens, mais cette fois-ci je n\u2019ai pas abandonn\u00e9. J\u2019ai ensuite \u00e9t\u00e9 appel\u00e9 \u00e0 \u00eatre conseiller dans la pr\u00e9sidence de branche et cinq mois plus tard, j\u2019\u00e9tais le pr\u00e9sident de banche. Environ un mois apr\u00e8s avoir \u00e9t\u00e9 appel\u00e9, je me rappelle m\u2019\u00eatre dit\u00a0: \u00ab\u00a0<\/span><i><span style=\"font-weight: 400;\">Je<\/span><\/i><span style=\"font-weight: 400;\"> suis le pr\u00e9sident de branche\u00a0?\u00a0\u00bb<\/span><\/p>\n<h2>AUJOURD&rsquo;HUI<\/h2>\n<p><span style=\"font-weight: 400;\">Au fil des ann\u00e9es, j\u2019ai dit \u00e0 beaucoup de saints en difficult\u00e9 que si je parviens \u00e0 progresser dans l\u2019\u00e9vangile, tout le monde le peut. Il faut simplement comprendre le v\u00e9ritable pouvoir du Sauveur et de son expiation et de franchir les \u00e9tapes qui sont n\u00e9cessaires pour venir \u00e0 lui. <\/span><\/p>\n<blockquote><p><strong>Je suis \u00e9ternellement reconnaissant pour ma femme et pour mes enfants et tous les visiteurs au foyer, les dirigeants de coll\u00e8ges, les \u00e9v\u00eaques et tous les autres saints fid\u00e8les qui ont \u00e9t\u00e9 de merveilleux exemples pour moi. Cela a \u00e9t\u00e9 un privil\u00e8ge de servir le Seigneur et les saints pendants ces 20 derni\u00e8res ann\u00e9es. J\u2019ai \u00e9t\u00e9 b\u00e9ni au-del\u00e0 de ce que j\u2019aurai pu imaginer. <\/strong><\/p><\/blockquote>\n<p><em><span style=\"font-weight: 400;\">Cet article \u00e0 l\u2019origine a \u00e9t\u00e9 \u00e9crit par Patrick J. Cronin III, publi\u00e9 sur <\/span><a href=\"https:\/\/www.lds.org\/ensign\/2016\/04\/hes-the-bishop?lang=eng\" rel=\"nofollow\"><span style=\"font-weight: 400;\">lds.org<\/span><\/a><span style=\"font-weight: 400;\"> et traduit par L\u00e9a.<\/span><\/em><\/p>\n","protected":false},"excerpt":{"rendered":"<p>je partage des exp\u00e9riences de l\u2019expiation de J\u00e9sus-Christ, la plupart de la paroisse ne connait pas mon parcours de p\u00e9cheur <\/p>\n","protected":false},"author":39,"featured_media":4159,"comment_status":"open","ping_status":"open","sticky":false,"template":"","format":"standard","meta":{"_et_pb_use_builder":"","_et_pb_old_content":"","_et_gb_content_width":"","footnotes":""},"categories":[172],"tags":[447,68],"class_list":["post-4157","post","type-post","status-publish","format-standard","has-post-thumbnail","hentry","category-temoignages","tag-faire-le-bon-choix","tag-famille","et-has-post-format-content","et_post_format-et-post-format-standard"],"yoast_head":"<!-- This site is optimized with the Yoast SEO plugin v27.4 - https:\/\/yoast.com\/product\/yoast-seo-wordpress\/ -->\n<title>GR\u00c2CE \u00c0 MON FILS J&#039;AI CHANG\u00c9 MON COEUR DE P\u00c9CHEUR<\/title>\n<meta name=\"description\" content=\"je partage des exp\u00e9riences de l\u2019expiation de J\u00e9sus-Christ, la plupart de la paroisse ne connait pas mon parcours de p\u00e9cheur\" \/>\n<meta name=\"robots\" content=\"index, follow, max-snippet:-1, max-image-preview:large, max-video-preview:-1\" \/>\n<link rel=\"canonical\" href=\"https:\/\/fr.elds.org\/lesmormons-net\/temoignages\/un-garcon-de-8-ans-ramene-pere-a-leglise\/\" \/>\n<meta property=\"og:locale\" content=\"fr_FR\" \/>\n<meta property=\"og:type\" content=\"article\" \/>\n<meta property=\"og:title\" content=\"GR\u00c2CE \u00c0 MON FILS J&#039;AI CHANG\u00c9 MON COEUR DE P\u00c9CHEUR\" \/>\n<meta property=\"og:description\" content=\"je partage des exp\u00e9riences de l\u2019expiation de J\u00e9sus-Christ, la plupart de la paroisse ne connait pas mon parcours de p\u00e9cheur\" \/>\n<meta property=\"og:url\" content=\"https:\/\/fr.elds.org\/lesmormons-net\/temoignages\/un-garcon-de-8-ans-ramene-pere-a-leglise\/\" \/>\n<meta property=\"og:site_name\" content=\"Les Mormons\" \/>\n<meta property=\"article:published_time\" content=\"2016-08-19T16:27:04+00:00\" \/>\n<meta property=\"article:modified_time\" content=\"2018-07-06T21:02:18+00:00\" \/>\n<meta property=\"og:image\" content=\"https:\/\/fr.elds.org\/lesmormons-net\/files\/2016\/08\/eve\u0302que-en-train-de-lire.jpg\" \/>\n\t<meta property=\"og:image:width\" content=\"948\" \/>\n\t<meta property=\"og:image:height\" content=\"542\" \/>\n\t<meta property=\"og:image:type\" content=\"image\/jpeg\" \/>\n<meta name=\"twitter:card\" content=\"summary_large_image\" \/>\n<meta name=\"twitter:label1\" content=\"\u00c9crit par\" \/>\n\t<meta name=\"twitter:data1\" content=\"\" \/>\n\t<meta name=\"twitter:label2\" content=\"Dur\u00e9e de lecture estim\u00e9e\" \/>\n\t<meta name=\"twitter:data2\" content=\"5 minutes\" \/>\n<script type=\"application\/ld+json\" class=\"yoast-schema-graph\">{\"@context\":\"https:\\\/\\\/schema.org\",\"@graph\":[{\"@type\":\"Article\",\"@id\":\"https:\\\/\\\/fr.elds.org\\\/lesmormons-net\\\/temoignages\\\/un-garcon-de-8-ans-ramene-pere-a-leglise\\\/#article\",\"isPartOf\":{\"@id\":\"https:\\\/\\\/fr.elds.org\\\/lesmormons-net\\\/temoignages\\\/un-garcon-de-8-ans-ramene-pere-a-leglise\\\/\"},\"author\":{\"name\":\"\",\"@id\":\"\"},\"headline\":\"GR\u00c2CE \u00c0 MON FILS J&rsquo;AI CHANG\u00c9 MON COEUR DE P\u00c9CHEUR\",\"datePublished\":\"2016-08-19T16:27:04+00:00\",\"dateModified\":\"2018-07-06T21:02:18+00:00\",\"mainEntityOfPage\":{\"@id\":\"https:\\\/\\\/fr.elds.org\\\/lesmormons-net\\\/temoignages\\\/un-garcon-de-8-ans-ramene-pere-a-leglise\\\/\"},\"wordCount\":1051,\"commentCount\":0,\"image\":{\"@id\":\"https:\\\/\\\/fr.elds.org\\\/lesmormons-net\\\/temoignages\\\/un-garcon-de-8-ans-ramene-pere-a-leglise\\\/#primaryimage\"},\"thumbnailUrl\":\"https:\\\/\\\/fr.elds.org\\\/lesmormons-net\\\/files\\\/2016\\\/08\\\/eve\u0302que-en-train-de-lire.jpg\",\"keywords\":[\"faire le bon choix\",\"vivre en famille\"],\"articleSection\":[\"T\u00e9moignages\"],\"inLanguage\":\"fr-FR\",\"potentialAction\":[{\"@type\":\"CommentAction\",\"name\":\"Comment\",\"target\":[\"https:\\\/\\\/fr.elds.org\\\/lesmormons-net\\\/temoignages\\\/un-garcon-de-8-ans-ramene-pere-a-leglise\\\/#respond\"]}]},{\"@type\":\"WebPage\",\"@id\":\"https:\\\/\\\/fr.elds.org\\\/lesmormons-net\\\/temoignages\\\/un-garcon-de-8-ans-ramene-pere-a-leglise\\\/\",\"url\":\"https:\\\/\\\/fr.elds.org\\\/lesmormons-net\\\/temoignages\\\/un-garcon-de-8-ans-ramene-pere-a-leglise\\\/\",\"name\":\"GR\u00c2CE \u00c0 MON FILS J'AI CHANG\u00c9 MON COEUR DE P\u00c9CHEUR\",\"isPartOf\":{\"@id\":\"https:\\\/\\\/fr.elds.org\\\/lesmormons-net\\\/#website\"},\"primaryImageOfPage\":{\"@id\":\"https:\\\/\\\/fr.elds.org\\\/lesmormons-net\\\/temoignages\\\/un-garcon-de-8-ans-ramene-pere-a-leglise\\\/#primaryimage\"},\"image\":{\"@id\":\"https:\\\/\\\/fr.elds.org\\\/lesmormons-net\\\/temoignages\\\/un-garcon-de-8-ans-ramene-pere-a-leglise\\\/#primaryimage\"},\"thumbnailUrl\":\"https:\\\/\\\/fr.elds.org\\\/lesmormons-net\\\/files\\\/2016\\\/08\\\/eve\u0302que-en-train-de-lire.jpg\",\"datePublished\":\"2016-08-19T16:27:04+00:00\",\"dateModified\":\"2018-07-06T21:02:18+00:00\",\"author\":{\"@id\":\"\"},\"description\":\"je partage des exp\u00e9riences de l\u2019expiation de J\u00e9sus-Christ, la plupart de la paroisse ne connait pas mon parcours de p\u00e9cheur\",\"breadcrumb\":{\"@id\":\"https:\\\/\\\/fr.elds.org\\\/lesmormons-net\\\/temoignages\\\/un-garcon-de-8-ans-ramene-pere-a-leglise\\\/#breadcrumb\"},\"inLanguage\":\"fr-FR\",\"potentialAction\":[{\"@type\":\"ReadAction\",\"target\":[\"https:\\\/\\\/fr.elds.org\\\/lesmormons-net\\\/temoignages\\\/un-garcon-de-8-ans-ramene-pere-a-leglise\\\/\"]}]},{\"@type\":\"ImageObject\",\"inLanguage\":\"fr-FR\",\"@id\":\"https:\\\/\\\/fr.elds.org\\\/lesmormons-net\\\/temoignages\\\/un-garcon-de-8-ans-ramene-pere-a-leglise\\\/#primaryimage\",\"url\":\"https:\\\/\\\/fr.elds.org\\\/lesmormons-net\\\/files\\\/2016\\\/08\\\/eve\u0302que-en-train-de-lire.jpg\",\"contentUrl\":\"https:\\\/\\\/fr.elds.org\\\/lesmormons-net\\\/files\\\/2016\\\/08\\\/eve\u0302que-en-train-de-lire.jpg\",\"width\":948,\"height\":542,\"caption\":\"\u00e9v\u00eaque en train de lire\"},{\"@type\":\"BreadcrumbList\",\"@id\":\"https:\\\/\\\/fr.elds.org\\\/lesmormons-net\\\/temoignages\\\/un-garcon-de-8-ans-ramene-pere-a-leglise\\\/#breadcrumb\",\"itemListElement\":[{\"@type\":\"ListItem\",\"position\":1,\"name\":\"Home\",\"item\":\"https:\\\/\\\/fr.elds.org\\\/lesmormons-net\\\/\"},{\"@type\":\"ListItem\",\"position\":2,\"name\":\"GR\u00c2CE \u00c0 MON FILS J&#8217;AI CHANG\u00c9 MON COEUR DE P\u00c9CHEUR\"}]},{\"@type\":\"WebSite\",\"@id\":\"https:\\\/\\\/fr.elds.org\\\/lesmormons-net\\\/#website\",\"url\":\"https:\\\/\\\/fr.elds.org\\\/lesmormons-net\\\/\",\"name\":\"Les Mormons\",\"description\":\"Les mormons au quotidien\",\"potentialAction\":[{\"@type\":\"SearchAction\",\"target\":{\"@type\":\"EntryPoint\",\"urlTemplate\":\"https:\\\/\\\/fr.elds.org\\\/lesmormons-net\\\/?s={search_term_string}\"},\"query-input\":{\"@type\":\"PropertyValueSpecification\",\"valueRequired\":true,\"valueName\":\"search_term_string\"}}],\"inLanguage\":\"fr-FR\"},{\"@type\":\"Person\",\"@id\":\"\",\"url\":\"https:\\\/\\\/fr.elds.org\\\/lesmormons-net\\\/author\\\/\"}]}<\/script>\n<!-- \/ Yoast SEO plugin. -->","yoast_head_json":{"title":"GR\u00c2CE \u00c0 MON FILS J'AI CHANG\u00c9 MON COEUR DE P\u00c9CHEUR","description":"je partage des exp\u00e9riences de l\u2019expiation de J\u00e9sus-Christ, la plupart de la paroisse ne connait pas mon parcours de p\u00e9cheur","robots":{"index":"index","follow":"follow","max-snippet":"max-snippet:-1","max-image-preview":"max-image-preview:large","max-video-preview":"max-video-preview:-1"},"canonical":"https:\/\/fr.elds.org\/lesmormons-net\/temoignages\/un-garcon-de-8-ans-ramene-pere-a-leglise\/","og_locale":"fr_FR","og_type":"article","og_title":"GR\u00c2CE \u00c0 MON FILS J'AI CHANG\u00c9 MON COEUR DE P\u00c9CHEUR","og_description":"je partage des exp\u00e9riences de l\u2019expiation de J\u00e9sus-Christ, la plupart de la paroisse ne connait pas mon parcours de p\u00e9cheur","og_url":"https:\/\/fr.elds.org\/lesmormons-net\/temoignages\/un-garcon-de-8-ans-ramene-pere-a-leglise\/","og_site_name":"Les Mormons","article_published_time":"2016-08-19T16:27:04+00:00","article_modified_time":"2018-07-06T21:02:18+00:00","og_image":[{"width":948,"height":542,"url":"https:\/\/fr.elds.org\/lesmormons-net\/files\/2016\/08\/eve\u0302que-en-train-de-lire.jpg","type":"image\/jpeg"}],"twitter_card":"summary_large_image","twitter_misc":{"\u00c9crit par":"","Dur\u00e9e de lecture estim\u00e9e":"5 minutes"},"schema":{"@context":"https:\/\/schema.org","@graph":[{"@type":"Article","@id":"https:\/\/fr.elds.org\/lesmormons-net\/temoignages\/un-garcon-de-8-ans-ramene-pere-a-leglise\/#article","isPartOf":{"@id":"https:\/\/fr.elds.org\/lesmormons-net\/temoignages\/un-garcon-de-8-ans-ramene-pere-a-leglise\/"},"author":{"name":"","@id":""},"headline":"GR\u00c2CE \u00c0 MON FILS J&rsquo;AI CHANG\u00c9 MON COEUR DE P\u00c9CHEUR","datePublished":"2016-08-19T16:27:04+00:00","dateModified":"2018-07-06T21:02:18+00:00","mainEntityOfPage":{"@id":"https:\/\/fr.elds.org\/lesmormons-net\/temoignages\/un-garcon-de-8-ans-ramene-pere-a-leglise\/"},"wordCount":1051,"commentCount":0,"image":{"@id":"https:\/\/fr.elds.org\/lesmormons-net\/temoignages\/un-garcon-de-8-ans-ramene-pere-a-leglise\/#primaryimage"},"thumbnailUrl":"https:\/\/fr.elds.org\/lesmormons-net\/files\/2016\/08\/eve\u0302que-en-train-de-lire.jpg","keywords":["faire le bon choix","vivre en famille"],"articleSection":["T\u00e9moignages"],"inLanguage":"fr-FR","potentialAction":[{"@type":"CommentAction","name":"Comment","target":["https:\/\/fr.elds.org\/lesmormons-net\/temoignages\/un-garcon-de-8-ans-ramene-pere-a-leglise\/#respond"]}]},{"@type":"WebPage","@id":"https:\/\/fr.elds.org\/lesmormons-net\/temoignages\/un-garcon-de-8-ans-ramene-pere-a-leglise\/","url":"https:\/\/fr.elds.org\/lesmormons-net\/temoignages\/un-garcon-de-8-ans-ramene-pere-a-leglise\/","name":"GR\u00c2CE \u00c0 MON FILS J'AI CHANG\u00c9 MON COEUR DE P\u00c9CHEUR","isPartOf":{"@id":"https:\/\/fr.elds.org\/lesmormons-net\/#website"},"primaryImageOfPage":{"@id":"https:\/\/fr.elds.org\/lesmormons-net\/temoignages\/un-garcon-de-8-ans-ramene-pere-a-leglise\/#primaryimage"},"image":{"@id":"https:\/\/fr.elds.org\/lesmormons-net\/temoignages\/un-garcon-de-8-ans-ramene-pere-a-leglise\/#primaryimage"},"thumbnailUrl":"https:\/\/fr.elds.org\/lesmormons-net\/files\/2016\/08\/eve\u0302que-en-train-de-lire.jpg","datePublished":"2016-08-19T16:27:04+00:00","dateModified":"2018-07-06T21:02:18+00:00","author":{"@id":""},"description":"je partage des exp\u00e9riences de l\u2019expiation de J\u00e9sus-Christ, la plupart de la paroisse ne connait pas mon parcours de p\u00e9cheur","breadcrumb":{"@id":"https:\/\/fr.elds.org\/lesmormons-net\/temoignages\/un-garcon-de-8-ans-ramene-pere-a-leglise\/#breadcrumb"},"inLanguage":"fr-FR","potentialAction":[{"@type":"ReadAction","target":["https:\/\/fr.elds.org\/lesmormons-net\/temoignages\/un-garcon-de-8-ans-ramene-pere-a-leglise\/"]}]},{"@type":"ImageObject","inLanguage":"fr-FR","@id":"https:\/\/fr.elds.org\/lesmormons-net\/temoignages\/un-garcon-de-8-ans-ramene-pere-a-leglise\/#primaryimage","url":"https:\/\/fr.elds.org\/lesmormons-net\/files\/2016\/08\/eve\u0302que-en-train-de-lire.jpg","contentUrl":"https:\/\/fr.elds.org\/lesmormons-net\/files\/2016\/08\/eve\u0302que-en-train-de-lire.jpg","width":948,"height":542,"caption":"\u00e9v\u00eaque en train de lire"},{"@type":"BreadcrumbList","@id":"https:\/\/fr.elds.org\/lesmormons-net\/temoignages\/un-garcon-de-8-ans-ramene-pere-a-leglise\/#breadcrumb","itemListElement":[{"@type":"ListItem","position":1,"name":"Home","item":"https:\/\/fr.elds.org\/lesmormons-net\/"},{"@type":"ListItem","position":2,"name":"GR\u00c2CE \u00c0 MON FILS J&#8217;AI CHANG\u00c9 MON COEUR DE P\u00c9CHEUR"}]},{"@type":"WebSite","@id":"https:\/\/fr.elds.org\/lesmormons-net\/#website","url":"https:\/\/fr.elds.org\/lesmormons-net\/","name":"Les Mormons","description":"Les mormons au quotidien","potentialAction":[{"@type":"SearchAction","target":{"@type":"EntryPoint","urlTemplate":"https:\/\/fr.elds.org\/lesmormons-net\/?s={search_term_string}"},"query-input":{"@type":"PropertyValueSpecification","valueRequired":true,"valueName":"search_term_string"}}],"inLanguage":"fr-FR"},{"@type":"Person","@id":"","url":"https:\/\/fr.elds.org\/lesmormons-net\/author\/"}]}},"_links":{"self":[{"href":"https:\/\/fr.elds.org\/lesmormons-net\/wp-json\/wp\/v2\/posts\/4157","targetHints":{"allow":["GET"]}}],"collection":[{"href":"https:\/\/fr.elds.org\/lesmormons-net\/wp-json\/wp\/v2\/posts"}],"about":[{"href":"https:\/\/fr.elds.org\/lesmormons-net\/wp-json\/wp\/v2\/types\/post"}],"author":[{"embeddable":true,"href":"https:\/\/fr.elds.org\/lesmormons-net\/wp-json\/wp\/v2\/users\/39"}],"replies":[{"embeddable":true,"href":"https:\/\/fr.elds.org\/lesmormons-net\/wp-json\/wp\/v2\/comments?post=4157"}],"version-history":[{"count":7,"href":"https:\/\/fr.elds.org\/lesmormons-net\/wp-json\/wp\/v2\/posts\/4157\/revisions"}],"predecessor-version":[{"id":6194,"href":"https:\/\/fr.elds.org\/lesmormons-net\/wp-json\/wp\/v2\/posts\/4157\/revisions\/6194"}],"wp:featuredmedia":[{"embeddable":true,"href":"https:\/\/fr.elds.org\/lesmormons-net\/wp-json\/wp\/v2\/media\/4159"}],"wp:attachment":[{"href":"https:\/\/fr.elds.org\/lesmormons-net\/wp-json\/wp\/v2\/media?parent=4157"}],"wp:term":[{"taxonomy":"category","embeddable":true,"href":"https:\/\/fr.elds.org\/lesmormons-net\/wp-json\/wp\/v2\/categories?post=4157"},{"taxonomy":"post_tag","embeddable":true,"href":"https:\/\/fr.elds.org\/lesmormons-net\/wp-json\/wp\/v2\/tags?post=4157"}],"curies":[{"name":"wp","href":"https:\/\/api.w.org\/{rel}","templated":true}]}}