{"id":3890,"date":"2016-07-30T18:55:36","date_gmt":"2016-07-30T16:55:36","guid":{"rendered":"http:\/\/fr.elds.org\/lesmormons-net\/?p=3890"},"modified":"2018-06-04T09:46:28","modified_gmt":"2018-06-04T07:46:28","slug":"sainte-cene-bataille-avec-vos-enfants","status":"publish","type":"post","link":"https:\/\/fr.elds.org\/lesmormons-net\/famille\/sainte-cene-bataille-avec-vos-enfants\/","title":{"rendered":"LA SAINTE-C\u00c8NE : UNE BATAILLE AVEC VOS ENFANTS ?"},"content":{"rendered":"<p><span style=\"font-weight: 400;\">J\u2019ai un petit de deux ans, et il est impossible. Bon&#8230;pas tout le temps&#8230;<\/span><\/p>\n<p><span style=\"font-weight: 400;\">Mais dimanche dernier \u00e0 l\u2019\u00e9glise (ou nous sommes cens\u00e9s avoir le meilleur comportement), il \u00e9tait le portrait crach\u00e9 des petites canailles.<\/span><\/p>\n<p><span style=\"font-weight: 400;\">J\u2019ai su que les choses allaient \u00eatre difficiles au moment m\u00eame o\u00f9 on a demand\u00e9 \u00e0 mon mari de participer \u00e0 la distribution de la Sainte C\u00e8ne, super. Mes quatre enfants et moi, y compris \u00ab\u00a0la petite canaille\u00a0\u00bb pr\u00e9cit\u00e9s, seuls sur un banc.<\/span><\/p>\n<p><span style=\"font-weight: 400;\">Les choses se sont g\u00e2t\u00e9es avant m\u00eame de chanter le cantique de Sainte C\u00e8ne. Tout d\u2019abord, mon b\u00e9b\u00e9 sortait tous les livres de cantiques et les jetait par terre. Une fois le probl\u00e8me r\u00e9solu, celui de quatre ans \u00e9tait en larmes \u00e0 cause d\u2019une dispute pour un paquet de bonbons, et pendant que j\u2019essayais de couvrir sa bouche et de le consoler, le petit de deux ans a presque r\u00e9ussi \u00e0 passer devant sa grande s\u0153ur pour se lib\u00e9rer et courir dans l\u2019all\u00e9e. <\/span><\/p>\n<blockquote><p><span style=\"font-weight: 400;\">Oui, aujourd\u2019hui j\u2019\u00e9tais \u00ab\u00a0cette m\u00e8re qui ne pouvait pas contr\u00f4ler ses enfants.\u00a0\u00bb<\/span><\/p><\/blockquote>\n<p><span style=\"font-weight: 400;\">J\u2019ai imm\u00e9diatement pos\u00e9 celui de quatre ans pour courir apr\u00e8s le petit de deux ans, et nous sommes sortis dans le hall d\u2019entr\u00e9e.<\/span><\/p>\n<p><span style=\"font-weight: 400;\">Il ne s\u2019est pas calm\u00e9 pour autant. Mon fils courrait dans le hall en essayant de m\u2019\u00e9chapper, essayait de gribouiller sur une feuille de pr\u00e9sence laiss\u00e9e sur une chaise, et lorsqu\u2019il a r\u00e9ussi \u00e0 ouvrir la porte en verre pour aller sur le parking, je l\u2019ai presque laiss\u00e9 faire&#8230;presque.<\/span><\/p>\n<h2>LES COULOIRS \u00c7A N&rsquo;A RIEN DE SACR\u00c9<\/h2>\n<p><span style=\"font-weight: 400;\">A ce moment, trois autres m\u00e8res essayant de contr\u00f4ler leurs enfants turbulents m\u2019avaient rejoint dans le hall. La pri\u00e8re de Sainte C\u00e8ne avait \u00e9t\u00e9 dite et un d\u00e9tenteur de la pr\u00eatrise \u00e9tait venu poliment dans le hall pour nous permettre de participer \u00e0 cette ordonnance sacr\u00e9e. <\/span><\/p>\n<p><span style=\"font-weight: 400;\">Le seul probl\u00e8me \u00e9tait que je ne sentais pas que je participais \u00e0 quoi que ce soit de sacr\u00e9. Il n\u2019y avait pas de moment calme pour m\u00e9diter. Je n\u2019ai pas eu de temps pour r\u00e9fl\u00e9chir \u00e0 l\u2019importance de cette ordonnance. Il n\u2019y avait pas d\u2019exp\u00e9rience spirituelle enrichissante. C\u2019\u00e9tait juste comme manger un morceau de pain, boire un gobelet d\u2019eau, et faire de mon mieux pour m\u2019assurer que mon fils n\u2019en prenne qu\u2019un seul.<\/span><\/p>\n<p><span style=\"font-weight: 400;\">J\u2019\u00e9tais tr\u00e8s contrari\u00e9e, en particulier parce que j\u2019avais lu quelques jours auparavant une douzaine de r\u00e9ponses merveilleuses que des gens avaient donn\u00e9es sur les r\u00e9seaux sociaux sur leur mani\u00e8re de faire de la Sainte C\u00e8ne un moment sp\u00e9cial. J\u2019ai pens\u00e9\u00a0: <\/span><\/p>\n<blockquote><p><span style=\"font-weight: 400;\">\u00ab\u00a0Je ne peux rien faire de tout \u00e7a, surtout avec mon fils de deux ans. C\u2019est impossible pour une m\u00e8re comme moi d\u2019avoir une exp\u00e9rience spirituelle pendant la distribution de la Sainte C\u00e8ne.\u00a0\u00bb<\/span><\/p><\/blockquote>\n<p><span style=\"font-weight: 400;\">Je pensais que mon dimanche \u00e9tait g\u00e2ch\u00e9. Je suis retourn\u00e9 dans la salle de culte apr\u00e8s la Saint C\u00e8ne et alors que la r\u00e9union de t\u00e9moignage avait commenc\u00e9e. Le premier t\u00e9moignage que j\u2019ai entendu a chang\u00e9 enti\u00e8rement ma perception de la journ\u00e9e.<\/span><\/p>\n<p><a href=\"http:\/\/fr.elds.org\/lesmormons-net\/files\/2016\/07\/29236.jpg\"><img fetchpriority=\"high\" fetchpriority=\"high\" decoding=\"async\" class=\"size-full wp-image-3895 aligncenter\" src=\"http:\/\/fr.elds.org\/lesmormons-net\/files\/2016\/07\/29236.jpg\" alt=\"29236\" width=\"640\" height=\"387\" \/><\/a><\/p>\n<h2>UN T\u00c9MOIGNAGE \u00c9CLATANT<\/h2>\n<p><span style=\"font-weight: 400;\">Une s\u0153ur a parl\u00e9 d\u2019un moment o\u00f9 elle lisait un verset dans Mosiah dans le Livre de Mormon qui parlait du fait d\u2019avoir un \u00ab\u00a0t\u00e9moignage \u00e9clatant\u00a0\u00bb. Elle adorait l\u2019id\u00e9e d\u2019avoir un t\u00e9moignage \u00e9clatant comme les proph\u00e8tes et les ap\u00f4tres dans les \u00e9critures et voulait effectuer des changements dans sa vie pour pouvoir avoir cette b\u00e9n\u00e9diction. <\/span><\/p>\n<p><span style=\"font-weight: 400;\">Elle avait quatre jeunes enfants comme moi, et parlait du fait que les choses pouvaient \u00eatre mouvement\u00e9s le dimanche. Pour surmonter cette folie, elle a racont\u00e9 qu\u2019elle avait commenc\u00e9 \u00e0 prier ardemment pour avoir des exp\u00e9riences spirituelles chaque dimanche qui l\u2019aideraient \u00e0 rendre son t\u00e9moignage plus \u00e9clatant. <\/span><\/p>\n<p><span style=\"font-weight: 400;\">Elle est devenue \u00e9motive en disant que chaque fois qu\u2019elle priait avec foi pour avoir une exp\u00e9rience qui renforce son t\u00e9moignage le dimanche, elle la recevait. Parfois cela se passait \u00e0 l\u2019\u00e9glise, parfois rien ne se passait avant de rentrer \u00e0 la maison, et parfois un tendre moment n\u2019arrivait pas avant la toute fin de journ\u00e9e. Mais ils arrivaient. Quand elle priait avec foi, notre P\u00e8re C\u00e9leste r\u00e9pondait \u00e0 ses pri\u00e8res d\u2019avoir une exp\u00e9rience qui renforce son t\u00e9moignage chaque dimanche.<\/span><\/p>\n<h2>CE N&rsquo;EST PAS FORC\u00c9MENT UN FIASCO<\/h2>\n<p><span style=\"font-weight: 400;\">Pendant ces trois minutes de la r\u00e9union de Sainte C\u00e8ne, mes enfants \u00e9taient silencieux. Je pouvais \u00e9couter son t\u00e9moignage et c\u2019\u00e9tait ce que j\u2019avais besoin d\u2019entendre. Alors que je ressentais l\u2019esprit, mes yeux se remplissaient de larmes. Je devais prier pour recevoir de l\u2019aide le dimanche. Mais je ressentais \u00e9galement que je devais prendre du recul. Les exp\u00e9riences spirituelles ne se limitent pas aux quelques minutes quand la Sainte C\u00e8ne est distribu\u00e9e. C\u2019est l\u2019id\u00e9al mais pas la r\u00e9alit\u00e9 pour beaucoup. <\/span><\/p>\n<p><span style=\"font-weight: 400;\">Mes enfants ne vont jamais rester sagement assis (au moins pendant les deux prochaines ann\u00e9es). Mon petit de deux ans ne va peut-\u00eatre jamais \u00eatre distrait par son \u00ab\u00a0livre de Saint C\u00e8ne\u00a0\u00bb rempli d\u2019images de J\u00e9sus. <\/span><\/p>\n<blockquote><p><span style=\"font-weight: 400;\">Mais cela ne veut pas dire que le dimanche doit \u00eatre un fiasco. <\/span><\/p><\/blockquote>\n<p><span style=\"font-weight: 400;\">Parfois, tout ce dont vous avez besoin est un moment, juste une minute pour ressentir l\u2019Esprit et vous revivifier pour la semaine. Ce dimanche, ce t\u00e9moignage, ces trois minutes \u00e9tait le r\u00e9confort dont j\u2019avais besoin.<\/span><\/p>\n<p><span style=\"font-weight: 400;\">Oui, les dimanches peuvent paraitre longs et difficiles. Mais comme <a href=\"https:\/\/www.instagram.com\/denavey\/\">@denavey<\/a>, l\u2019\u00e9pouse d\u2019un \u00e9v\u00eaque et m\u00e8re de six enfants (dont trois sont des gar\u00e7ons de moins de quatre ans) a \u00e9crit sur Instagram\u00a0: \u00ab\u00a0J\u2019ai commenc\u00e9 \u00e0 r\u00e9aliser que notre P\u00e8re C\u00e9leste essaie vraiment de m\u2019enseigner quelque chose de tr\u00e8s important en ce moment, quelque chose qui b\u00e9nira ma vie d\u2019une mani\u00e8re merveilleuse.\u00a0\u00bb<\/span><\/p>\n<blockquote><p><span style=\"font-weight: 400;\">A toutes les m\u00e8res qui se d\u00e9battent avec un enfant pendant la r\u00e9union de Sainte C\u00e8ne, vous n\u2019\u00eates pas seules.<\/span><\/p><\/blockquote>\n<p><span style=\"font-weight: 400;\">Sur Instagram <a href=\"https:\/\/www.instagram.com\/jodeespencer\/\">@jodeespencer<\/a> a \u00e9crit\u00a0: \u00ab\u00a0Avec 4 jeunes enfants sous l\u2019\u00e2ge de 6 ans, cela demande des efforts pour faire de la Sainte C\u00e8ne plus qu\u2019une simple r\u00e9union. Mais j\u2019ai r\u00e9alis\u00e9 qu\u2019\u00e0 chaque fois que je recherche diligemment l\u2019Esprit\u2026 Je le trouve. Et quand j\u2019ai l\u2019Esprit avec MOI, mes enfants le voient et le ressentent \u00e9galement. Ils sont plus sages, ils \u00e9coutent plus et font de leur mieux pour au moins laisser papa et maman \u00e9couter et s\u2019impr\u00e9gner de l\u2019Esprit et apprendre.\u00a0\u00bb<\/span><\/p>\n<p><span style=\"font-weight: 400;\">\u00ab\u00a0J\u2019ai des jeunes enfants, et m\u00e9diter sur le Sauveur et ce que je dois faire pour m\u2019am\u00e9liorer pendant la semaine est souvent difficile pendant la Sainte C\u00e8ne\u00a0\u00bb, a comment\u00e9 <a href=\"https:\/\/www.instagram.com\/natabc15\/\">@natabc15<\/a>. \u00ab\u00a0J\u2019ai d\u00e9couvert que si je prends un moment le samedi soir pour penser \u00e0 ma semaine et faire une liste des choses que je fais bien et de celles que je pourrais faire mieux, je suis mieux pr\u00e9par\u00e9e pour la sainte C\u00e8ne le dimanche.\u00a0\u00bb<\/span><\/p>\n<p>&nbsp;<\/p>\n<p><span style=\"font-weight: 400;\">Ces commentaires ainsi que le t\u00e9moignage de cette s\u0153ur dans ma paroisse m\u2019ont aid\u00e9 \u00e0 \u00e9tablir les trois P pour m\u2019aider \u00e0 mieux g\u00e9rer mon petit gar\u00e7on pendant la r\u00e9union de Sainte C\u00e8ne. Peut-\u00eatre qu\u2019ils peuvent vous aider \u00e9galement.<\/span><\/p>\n<p>&nbsp;<\/p>\n<p><span style=\"font-weight: 400;\">Nous pouvons rendre la Sainte C\u00e8ne sp\u00e9ciale en nous y pr\u00e9parant mieux pendant la semaine ou m\u00eame le dimanche matin. Ainsi, m\u00eame si vous devez sortir dans le hall avec un enfant turbulent pendant la Sainte C\u00e8ne, vous aurez d\u00e9j\u00e0 r\u00e9fl\u00e9chi \u00e0 comment vous pouvez toujours vous souvenir de J\u00e9sus Christ et comment vous pouvez mieux le servir.<\/span><\/p>\n<p><span style=\"font-weight: 400;\">Priez pour des exp\u00e9riences spirituelles le dimanche afin de fortifier votre t\u00e9moignage, et apprenez \u00e0 les reconnaitre quand elles viennent \u00e0 la foi \u00e0 l\u2019\u00e9glise et chez vous. Ayez foi que si vous priez pour avoir des exp\u00e9riences qui fortifieront votre t\u00e9moignage, elles viendront.\u00a0<\/span><\/p>\n<blockquote><p><span style=\"font-weight: 400;\">Pour finir, prenez patience. Les t\u00e9moignages \u00e9clatants ne se d\u00e9veloppent pas en une nuit. Et les enfants sages non plus.<\/span><\/p>\n<p><span style=\"font-weight: 400;\">A toutes les m\u00e8res qui se d\u00e9battent avec un enfant pendant la r\u00e9union de Sainte C\u00e8ne, n\u2019abandonnez pas.<\/span><\/p><\/blockquote>\n<p><span style=\"font-weight: 400;\">\u00ab\u00a0Ton adversit\u00e9 et tes afflictions ne seront que pour peu de temps\u00a0\u00bb (<\/span><a href=\"https:\/\/www.lds.org\/scriptures\/dc-testament\/dc\/121?lang=fra\"><span style=\"font-weight: 400;\">D&amp;A 121\u00a0:7<\/span><\/a><span style=\"font-weight: 400;\">)<\/span><\/p>\n<p><span style=\"font-weight: 400;\">J\u2019ai un enfant de deux ans. Et il est impossible. Bon, pas tout le temps. Et c\u2019est ce qui me fait tenir. Souvenez-vous des moments sp\u00e9ciaux et tendres que vous avez avec vos enfants. Vos efforts portent leurs fruits m\u00eame si 99% du temps c\u2019est difficile de le voir.<\/span><\/p>\n<p><i><span style=\"font-weight: 400;\">Article \u00e9crit par Irinna Danielson et publi\u00e9 <a href=\"https:\/\/www.lds.org\/blog\/to-every-mom-struggling-with-a-toddler-in-sacrament-meeting?lang=eng\" rel=\"nofollow\">dans blog lds.org\u00a0<\/a><\/span><\/i><i><span style=\"font-weight: 400;\">traduit par Samuel Babin<\/span><\/i><\/p>\n","protected":false},"excerpt":{"rendered":"<p>J\u2019ai des jeunes enfants, et m\u00e9diter sur le Sauveur et ce que je dois faire pour m\u2019am\u00e9liorer pendant la semaine est souvent difficile pendant la Sainte C\u00e8ne<\/p>\n","protected":false},"author":41,"featured_media":3894,"comment_status":"open","ping_status":"open","sticky":false,"template":"","format":"standard","meta":{"_et_pb_use_builder":"","_et_pb_old_content":"","_et_gb_content_width":"","footnotes":""},"categories":[166],"tags":[437,439,441],"class_list":["post-3890","post","type-post","status-publish","format-standard","has-post-thumbnail","hentry","category-famille","tag-aimer-eduquer-enfants","tag-appliquer-evangile","tag-membre-eglise-christ","et-has-post-format-content","et_post_format-et-post-format-standard"],"yoast_head":"<!-- This site is optimized with the Yoast SEO plugin v27.4 - https:\/\/yoast.com\/product\/yoast-seo-wordpress\/ -->\n<title>LA SAINTE-C\u00c8NE : UNE BATAILLE AVEC VOS ENFANTS ?<\/title>\n<meta name=\"description\" content=\"J\u2019ai des jeunes enfants, et m\u00e9diter sur le Sauveur et ce que je dois faire pour m\u2019am\u00e9liorer pendant la semaine est souvent difficile pendant la Sainte C\u00e8ne\" \/>\n<meta name=\"robots\" content=\"index, follow, max-snippet:-1, max-image-preview:large, max-video-preview:-1\" \/>\n<link rel=\"canonical\" href=\"https:\/\/fr.elds.org\/lesmormons-net\/famille\/sainte-cene-bataille-avec-vos-enfants\/\" \/>\n<meta property=\"og:locale\" content=\"fr_FR\" \/>\n<meta property=\"og:type\" content=\"article\" \/>\n<meta property=\"og:title\" content=\"LA SAINTE-C\u00c8NE : UNE BATAILLE AVEC VOS ENFANTS ?\" \/>\n<meta property=\"og:description\" content=\"J\u2019ai des jeunes enfants, et m\u00e9diter sur le Sauveur et ce que je dois faire pour m\u2019am\u00e9liorer pendant la semaine est souvent difficile pendant la Sainte C\u00e8ne\" \/>\n<meta property=\"og:url\" content=\"https:\/\/fr.elds.org\/lesmormons-net\/famille\/sainte-cene-bataille-avec-vos-enfants\/\" \/>\n<meta property=\"og:site_name\" content=\"Les Mormons\" \/>\n<meta property=\"article:published_time\" content=\"2016-07-30T16:55:36+00:00\" \/>\n<meta property=\"article:modified_time\" content=\"2018-06-04T07:46:28+00:00\" \/>\n<meta property=\"og:image\" content=\"https:\/\/fr.elds.org\/lesmormons-net\/files\/2016\/07\/un-enfant-heureux.jpg\" \/>\n\t<meta property=\"og:image:width\" content=\"948\" \/>\n\t<meta property=\"og:image:height\" content=\"542\" \/>\n\t<meta property=\"og:image:type\" content=\"image\/jpeg\" \/>\n<meta name=\"twitter:card\" content=\"summary_large_image\" \/>\n<meta name=\"twitter:label1\" content=\"\u00c9crit par\" \/>\n\t<meta name=\"twitter:data1\" content=\"\" \/>\n\t<meta name=\"twitter:label2\" content=\"Dur\u00e9e de lecture estim\u00e9e\" \/>\n\t<meta name=\"twitter:data2\" content=\"8 minutes\" \/>\n<script type=\"application\/ld+json\" class=\"yoast-schema-graph\">{\"@context\":\"https:\\\/\\\/schema.org\",\"@graph\":[{\"@type\":\"Article\",\"@id\":\"https:\\\/\\\/fr.elds.org\\\/lesmormons-net\\\/famille\\\/sainte-cene-bataille-avec-vos-enfants\\\/#article\",\"isPartOf\":{\"@id\":\"https:\\\/\\\/fr.elds.org\\\/lesmormons-net\\\/famille\\\/sainte-cene-bataille-avec-vos-enfants\\\/\"},\"author\":{\"name\":\"\",\"@id\":\"\"},\"headline\":\"LA SAINTE-C\u00c8NE : UNE BATAILLE AVEC VOS ENFANTS ?\",\"datePublished\":\"2016-07-30T16:55:36+00:00\",\"dateModified\":\"2018-06-04T07:46:28+00:00\",\"mainEntityOfPage\":{\"@id\":\"https:\\\/\\\/fr.elds.org\\\/lesmormons-net\\\/famille\\\/sainte-cene-bataille-avec-vos-enfants\\\/\"},\"wordCount\":1549,\"commentCount\":0,\"image\":{\"@id\":\"https:\\\/\\\/fr.elds.org\\\/lesmormons-net\\\/famille\\\/sainte-cene-bataille-avec-vos-enfants\\\/#primaryimage\"},\"thumbnailUrl\":\"https:\\\/\\\/fr.elds.org\\\/lesmormons-net\\\/files\\\/2016\\\/07\\\/un-enfant-heureux.jpg\",\"keywords\":[\"aimer et \u00e9duquer les enfants\",\"appliquer l'Evangile\",\"\u00eatre membre de l'Eglise du Christ\"],\"articleSection\":[\"Famille\"],\"inLanguage\":\"fr-FR\",\"potentialAction\":[{\"@type\":\"CommentAction\",\"name\":\"Comment\",\"target\":[\"https:\\\/\\\/fr.elds.org\\\/lesmormons-net\\\/famille\\\/sainte-cene-bataille-avec-vos-enfants\\\/#respond\"]}]},{\"@type\":\"WebPage\",\"@id\":\"https:\\\/\\\/fr.elds.org\\\/lesmormons-net\\\/famille\\\/sainte-cene-bataille-avec-vos-enfants\\\/\",\"url\":\"https:\\\/\\\/fr.elds.org\\\/lesmormons-net\\\/famille\\\/sainte-cene-bataille-avec-vos-enfants\\\/\",\"name\":\"LA SAINTE-C\u00c8NE : UNE BATAILLE AVEC VOS ENFANTS ?\",\"isPartOf\":{\"@id\":\"https:\\\/\\\/fr.elds.org\\\/lesmormons-net\\\/#website\"},\"primaryImageOfPage\":{\"@id\":\"https:\\\/\\\/fr.elds.org\\\/lesmormons-net\\\/famille\\\/sainte-cene-bataille-avec-vos-enfants\\\/#primaryimage\"},\"image\":{\"@id\":\"https:\\\/\\\/fr.elds.org\\\/lesmormons-net\\\/famille\\\/sainte-cene-bataille-avec-vos-enfants\\\/#primaryimage\"},\"thumbnailUrl\":\"https:\\\/\\\/fr.elds.org\\\/lesmormons-net\\\/files\\\/2016\\\/07\\\/un-enfant-heureux.jpg\",\"datePublished\":\"2016-07-30T16:55:36+00:00\",\"dateModified\":\"2018-06-04T07:46:28+00:00\",\"author\":{\"@id\":\"\"},\"description\":\"J\u2019ai des jeunes enfants, et m\u00e9diter sur le Sauveur et ce que je dois faire pour m\u2019am\u00e9liorer pendant la semaine est souvent difficile pendant la Sainte C\u00e8ne\",\"breadcrumb\":{\"@id\":\"https:\\\/\\\/fr.elds.org\\\/lesmormons-net\\\/famille\\\/sainte-cene-bataille-avec-vos-enfants\\\/#breadcrumb\"},\"inLanguage\":\"fr-FR\",\"potentialAction\":[{\"@type\":\"ReadAction\",\"target\":[\"https:\\\/\\\/fr.elds.org\\\/lesmormons-net\\\/famille\\\/sainte-cene-bataille-avec-vos-enfants\\\/\"]}]},{\"@type\":\"ImageObject\",\"inLanguage\":\"fr-FR\",\"@id\":\"https:\\\/\\\/fr.elds.org\\\/lesmormons-net\\\/famille\\\/sainte-cene-bataille-avec-vos-enfants\\\/#primaryimage\",\"url\":\"https:\\\/\\\/fr.elds.org\\\/lesmormons-net\\\/files\\\/2016\\\/07\\\/un-enfant-heureux.jpg\",\"contentUrl\":\"https:\\\/\\\/fr.elds.org\\\/lesmormons-net\\\/files\\\/2016\\\/07\\\/un-enfant-heureux.jpg\",\"width\":948,\"height\":542,\"caption\":\"un petite gar\u00e7on bien heureux d'aller \u00e0 l'\u00e9glise le dimanche\"},{\"@type\":\"BreadcrumbList\",\"@id\":\"https:\\\/\\\/fr.elds.org\\\/lesmormons-net\\\/famille\\\/sainte-cene-bataille-avec-vos-enfants\\\/#breadcrumb\",\"itemListElement\":[{\"@type\":\"ListItem\",\"position\":1,\"name\":\"Home\",\"item\":\"https:\\\/\\\/fr.elds.org\\\/lesmormons-net\\\/\"},{\"@type\":\"ListItem\",\"position\":2,\"name\":\"LA SAINTE-C\u00c8NE : UNE BATAILLE AVEC VOS ENFANTS ?\"}]},{\"@type\":\"WebSite\",\"@id\":\"https:\\\/\\\/fr.elds.org\\\/lesmormons-net\\\/#website\",\"url\":\"https:\\\/\\\/fr.elds.org\\\/lesmormons-net\\\/\",\"name\":\"Les Mormons\",\"description\":\"Les mormons au quotidien\",\"potentialAction\":[{\"@type\":\"SearchAction\",\"target\":{\"@type\":\"EntryPoint\",\"urlTemplate\":\"https:\\\/\\\/fr.elds.org\\\/lesmormons-net\\\/?s={search_term_string}\"},\"query-input\":{\"@type\":\"PropertyValueSpecification\",\"valueRequired\":true,\"valueName\":\"search_term_string\"}}],\"inLanguage\":\"fr-FR\"},{\"@type\":\"Person\",\"@id\":\"\",\"url\":\"https:\\\/\\\/fr.elds.org\\\/lesmormons-net\\\/author\\\/\"}]}<\/script>\n<!-- \/ Yoast SEO plugin. -->","yoast_head_json":{"title":"LA SAINTE-C\u00c8NE : UNE BATAILLE AVEC VOS ENFANTS ?","description":"J\u2019ai des jeunes enfants, et m\u00e9diter sur le Sauveur et ce que je dois faire pour m\u2019am\u00e9liorer pendant la semaine est souvent difficile pendant la Sainte C\u00e8ne","robots":{"index":"index","follow":"follow","max-snippet":"max-snippet:-1","max-image-preview":"max-image-preview:large","max-video-preview":"max-video-preview:-1"},"canonical":"https:\/\/fr.elds.org\/lesmormons-net\/famille\/sainte-cene-bataille-avec-vos-enfants\/","og_locale":"fr_FR","og_type":"article","og_title":"LA SAINTE-C\u00c8NE : UNE BATAILLE AVEC VOS ENFANTS ?","og_description":"J\u2019ai des jeunes enfants, et m\u00e9diter sur le Sauveur et ce que je dois faire pour m\u2019am\u00e9liorer pendant la semaine est souvent difficile pendant la Sainte C\u00e8ne","og_url":"https:\/\/fr.elds.org\/lesmormons-net\/famille\/sainte-cene-bataille-avec-vos-enfants\/","og_site_name":"Les Mormons","article_published_time":"2016-07-30T16:55:36+00:00","article_modified_time":"2018-06-04T07:46:28+00:00","og_image":[{"width":948,"height":542,"url":"https:\/\/fr.elds.org\/lesmormons-net\/files\/2016\/07\/un-enfant-heureux.jpg","type":"image\/jpeg"}],"twitter_card":"summary_large_image","twitter_misc":{"\u00c9crit par":"","Dur\u00e9e de lecture estim\u00e9e":"8 minutes"},"schema":{"@context":"https:\/\/schema.org","@graph":[{"@type":"Article","@id":"https:\/\/fr.elds.org\/lesmormons-net\/famille\/sainte-cene-bataille-avec-vos-enfants\/#article","isPartOf":{"@id":"https:\/\/fr.elds.org\/lesmormons-net\/famille\/sainte-cene-bataille-avec-vos-enfants\/"},"author":{"name":"","@id":""},"headline":"LA SAINTE-C\u00c8NE : UNE BATAILLE AVEC VOS ENFANTS ?","datePublished":"2016-07-30T16:55:36+00:00","dateModified":"2018-06-04T07:46:28+00:00","mainEntityOfPage":{"@id":"https:\/\/fr.elds.org\/lesmormons-net\/famille\/sainte-cene-bataille-avec-vos-enfants\/"},"wordCount":1549,"commentCount":0,"image":{"@id":"https:\/\/fr.elds.org\/lesmormons-net\/famille\/sainte-cene-bataille-avec-vos-enfants\/#primaryimage"},"thumbnailUrl":"https:\/\/fr.elds.org\/lesmormons-net\/files\/2016\/07\/un-enfant-heureux.jpg","keywords":["aimer et \u00e9duquer les enfants","appliquer l'Evangile","\u00eatre membre de l'Eglise du Christ"],"articleSection":["Famille"],"inLanguage":"fr-FR","potentialAction":[{"@type":"CommentAction","name":"Comment","target":["https:\/\/fr.elds.org\/lesmormons-net\/famille\/sainte-cene-bataille-avec-vos-enfants\/#respond"]}]},{"@type":"WebPage","@id":"https:\/\/fr.elds.org\/lesmormons-net\/famille\/sainte-cene-bataille-avec-vos-enfants\/","url":"https:\/\/fr.elds.org\/lesmormons-net\/famille\/sainte-cene-bataille-avec-vos-enfants\/","name":"LA SAINTE-C\u00c8NE : UNE BATAILLE AVEC VOS ENFANTS ?","isPartOf":{"@id":"https:\/\/fr.elds.org\/lesmormons-net\/#website"},"primaryImageOfPage":{"@id":"https:\/\/fr.elds.org\/lesmormons-net\/famille\/sainte-cene-bataille-avec-vos-enfants\/#primaryimage"},"image":{"@id":"https:\/\/fr.elds.org\/lesmormons-net\/famille\/sainte-cene-bataille-avec-vos-enfants\/#primaryimage"},"thumbnailUrl":"https:\/\/fr.elds.org\/lesmormons-net\/files\/2016\/07\/un-enfant-heureux.jpg","datePublished":"2016-07-30T16:55:36+00:00","dateModified":"2018-06-04T07:46:28+00:00","author":{"@id":""},"description":"J\u2019ai des jeunes enfants, et m\u00e9diter sur le Sauveur et ce que je dois faire pour m\u2019am\u00e9liorer pendant la semaine est souvent difficile pendant la Sainte C\u00e8ne","breadcrumb":{"@id":"https:\/\/fr.elds.org\/lesmormons-net\/famille\/sainte-cene-bataille-avec-vos-enfants\/#breadcrumb"},"inLanguage":"fr-FR","potentialAction":[{"@type":"ReadAction","target":["https:\/\/fr.elds.org\/lesmormons-net\/famille\/sainte-cene-bataille-avec-vos-enfants\/"]}]},{"@type":"ImageObject","inLanguage":"fr-FR","@id":"https:\/\/fr.elds.org\/lesmormons-net\/famille\/sainte-cene-bataille-avec-vos-enfants\/#primaryimage","url":"https:\/\/fr.elds.org\/lesmormons-net\/files\/2016\/07\/un-enfant-heureux.jpg","contentUrl":"https:\/\/fr.elds.org\/lesmormons-net\/files\/2016\/07\/un-enfant-heureux.jpg","width":948,"height":542,"caption":"un petite gar\u00e7on bien heureux d'aller \u00e0 l'\u00e9glise le dimanche"},{"@type":"BreadcrumbList","@id":"https:\/\/fr.elds.org\/lesmormons-net\/famille\/sainte-cene-bataille-avec-vos-enfants\/#breadcrumb","itemListElement":[{"@type":"ListItem","position":1,"name":"Home","item":"https:\/\/fr.elds.org\/lesmormons-net\/"},{"@type":"ListItem","position":2,"name":"LA SAINTE-C\u00c8NE : UNE BATAILLE AVEC VOS ENFANTS ?"}]},{"@type":"WebSite","@id":"https:\/\/fr.elds.org\/lesmormons-net\/#website","url":"https:\/\/fr.elds.org\/lesmormons-net\/","name":"Les Mormons","description":"Les mormons au quotidien","potentialAction":[{"@type":"SearchAction","target":{"@type":"EntryPoint","urlTemplate":"https:\/\/fr.elds.org\/lesmormons-net\/?s={search_term_string}"},"query-input":{"@type":"PropertyValueSpecification","valueRequired":true,"valueName":"search_term_string"}}],"inLanguage":"fr-FR"},{"@type":"Person","@id":"","url":"https:\/\/fr.elds.org\/lesmormons-net\/author\/"}]}},"_links":{"self":[{"href":"https:\/\/fr.elds.org\/lesmormons-net\/wp-json\/wp\/v2\/posts\/3890","targetHints":{"allow":["GET"]}}],"collection":[{"href":"https:\/\/fr.elds.org\/lesmormons-net\/wp-json\/wp\/v2\/posts"}],"about":[{"href":"https:\/\/fr.elds.org\/lesmormons-net\/wp-json\/wp\/v2\/types\/post"}],"author":[{"embeddable":true,"href":"https:\/\/fr.elds.org\/lesmormons-net\/wp-json\/wp\/v2\/users\/41"}],"replies":[{"embeddable":true,"href":"https:\/\/fr.elds.org\/lesmormons-net\/wp-json\/wp\/v2\/comments?post=3890"}],"version-history":[{"count":7,"href":"https:\/\/fr.elds.org\/lesmormons-net\/wp-json\/wp\/v2\/posts\/3890\/revisions"}],"predecessor-version":[{"id":6205,"href":"https:\/\/fr.elds.org\/lesmormons-net\/wp-json\/wp\/v2\/posts\/3890\/revisions\/6205"}],"wp:featuredmedia":[{"embeddable":true,"href":"https:\/\/fr.elds.org\/lesmormons-net\/wp-json\/wp\/v2\/media\/3894"}],"wp:attachment":[{"href":"https:\/\/fr.elds.org\/lesmormons-net\/wp-json\/wp\/v2\/media?parent=3890"}],"wp:term":[{"taxonomy":"category","embeddable":true,"href":"https:\/\/fr.elds.org\/lesmormons-net\/wp-json\/wp\/v2\/categories?post=3890"},{"taxonomy":"post_tag","embeddable":true,"href":"https:\/\/fr.elds.org\/lesmormons-net\/wp-json\/wp\/v2\/tags?post=3890"}],"curies":[{"name":"wp","href":"https:\/\/api.w.org\/{rel}","templated":true}]}}