{"id":3657,"date":"2016-07-09T11:28:46","date_gmt":"2016-07-09T09:28:46","guid":{"rendered":"http:\/\/fr.elds.org\/lesmormons-net\/?p=3657"},"modified":"2018-07-27T16:10:51","modified_gmt":"2018-07-27T14:10:51","slug":"le-jour-du-sabbat-et-mon-coeur-a-coeur-avec-dieu","status":"publish","type":"post","link":"https:\/\/fr.elds.org\/lesmormons-net\/temoignages\/le-jour-du-sabbat-et-mon-coeur-a-coeur-avec-dieu\/","title":{"rendered":"LE JOUR DU SABBAT ET MON COEUR \u00c0 COEUR AVEC DIEU"},"content":{"rendered":"<h2>MA CONVERSATION AVEC DIEU<\/h2>\n<p dir=\"ltr\">Je ne sais pas comment Dieu parle avec les autres mais, gr\u00e2ce \u00e0 mes efforts continuels, j&rsquo;arrive plus facilement \u00e0 reconna\u00eetre la fa\u00e7on dont Il me parle et le moment o\u00f9 Il me parle. Je suis toujours \u00e9merveill\u00e9e par la clart\u00e9 et la simplicit\u00e9 de sa fa\u00e7on de communiquer. Il dit toujours beaucoup de choses avec tr\u00e8s peu de mots, des coups de coudes d\u00e9licats, des approbations silencieuses, un silence complet. Voici toutes les formes de communication avec lesquelles Il m&rsquo;aide <strong>mais qui me laissent toujours beaucoup d&rsquo;espace pour que je trace ma propre route<\/strong>.<\/p>\n<p dir=\"ltr\">J&rsquo;ai eu une discussion \u00e0 coeur ouvert avec Lui r\u00e9cemment au sujet de ma fa\u00e7on habituelle de respecter le jour de sabbat.<\/p>\n<p dir=\"ltr\"><a href=\"http:\/\/fr.elds.org\/lesmormons-net\/files\/2016\/07\/Capture-d\u2019e\u0301cran-2016-07-09-a\u0300-11.52.25.png\"><img fetchpriority=\"high\" fetchpriority=\"high\" decoding=\"async\" class=\"alignnone size-full wp-image-3669\" src=\"http:\/\/fr.elds.org\/lesmormons-net\/files\/2016\/07\/Capture-d\u2019e\u0301cran-2016-07-09-a\u0300-11.52.25.png\" alt=\"Capture d\u2019e\u0301cran 2016-07-09 a\u0300 11.52.25\" width=\"775\" height=\"430\" srcset=\"https:\/\/fr.elds.org\/lesmormons-net\/files\/2016\/07\/Capture-d\u2019e\u0301cran-2016-07-09-a\u0300-11.52.25.png 775w, https:\/\/fr.elds.org\/lesmormons-net\/files\/2016\/07\/Capture-d\u2019e\u0301cran-2016-07-09-a\u0300-11.52.25-300x166.png 300w, https:\/\/fr.elds.org\/lesmormons-net\/files\/2016\/07\/Capture-d\u2019e\u0301cran-2016-07-09-a\u0300-11.52.25-768x426.png 768w\" sizes=\"(max-width: 775px) 100vw, 775px\" \/><\/a><\/p>\n<h2>MON ORGUEIL<\/h2>\n<p dir=\"ltr\">Notre conversation a donn\u00e9 quelque chose comme cela .\u00a0.\u00a0.<\/p>\n<p dir=\"ltr\">Je l&rsquo;ai senti m&rsquo;encourager \u00e0 prendre le jour du sabbat plus au s\u00e9rieux.\u00a0Dans un premier temps, j&rsquo;avais envie de me retourner pour v\u00e9rifier s&rsquo;il s&rsquo;adressait \u00e0 la bonne personne.\u00a0Je suis rest\u00e9e perplexe face \u00e0 cette inspiration pendant quelques instants puis j&rsquo;ai pens\u00e9:<\/p>\n<blockquote>\n<p dir=\"ltr\">\u00ab\u00a0S\u00e9rieusement ? M&rsquo;as-tu vu le dimanche ?\u00a0Je sais que c&rsquo;est la ru\u00e9e pour que toute ma famille soit pr\u00eate, mais, comme tu l&rsquo;as remarqu\u00e9, j&rsquo;en suis s\u00fbre, nous arrivons tous chez toi \u00e0 11:00 ou presque, chaque semaine, et nous y passons trois bonnes heures.\u00a0Je crois que c&rsquo;est bon\u00a0\u00bb, ai-je rationalis\u00e9.\u00a0Oui, mes dimanches sont tr\u00e8s bien, \u00a0\u00bb ai-je dit pour en rajouter une couche.<\/p>\n<\/blockquote>\n<p dir=\"ltr\"><strong>J&rsquo;ai ressenti Son esprit commencer \u00e0 se retirer et j&rsquo;ai paniqu\u00e9 un petit peu<\/strong>.\u00a0J&rsquo;ai appris par exp\u00e9rience que je n&rsquo;aime pas me rendre compte des choses par moi-m\u00eame et que je n&rsquo;aime vraiment pas qu&rsquo;il parte.<\/p>\n<p dir=\"ltr\">\u00ab\u00a0<strong>Attends, ne pars pas<\/strong>,\u00a0\u00bb ai-je dit. \u00ab\u00a0<strong>J&rsquo;\u00e9coute<\/strong>.\u00a0\u00bb<\/p>\n<p dir=\"ltr\" style=\"text-align: center\">Silence&#8230;<\/p>\n<p dir=\"ltr\"><strong>J&rsquo;ai compris qu&rsquo;il voulait que\u00a0je r\u00e9fl\u00e9chisse \u00e0 ce sujet par moi-m\u00eame<\/strong>.\u00a0Entre tous mes moments de travail, de\u00a0lessive et de conversations avec mon mari et mes\u00a0filles, j&rsquo;ai continu\u00e9 \u00e0 m&rsquo;interroger sur les\u00a0<strong>d\u00e9fauts potentiels<\/strong> dans mes journ\u00e9es de sabbat.\u00a0Je fais tout ce que\u00a0je suis cens\u00e9 faire,\u00a0ai-je pens\u00e9.<\/p>\n<p dir=\"ltr\">Plus tard, j&rsquo;ai lu dans Esa\u00efe 58 \u00e0 propos du jour de\u00a0Sabbat :<\/p>\n<blockquote>\n<p dir=\"ltr\">\u00a0\u00ab\u00a0Si tu retiens ton pied pendant le sabbat, Pour ne pas faire ta volont\u00e9 en mon saint jour, Si tu fais du sabbat tes d\u00e9lices, Pour sanctifier l&rsquo;\u00c9ternel en le glorifiant, Et si tu l&rsquo;honores en ne suivant point tes voies, En ne te livrant pas \u00e0 tes penchants et \u00e0 de vains discours, alors tu mettras ton plaisir en l&rsquo;\u00c9ternel, Et je te ferai monter sur les hauteurs du pays, Je te ferai jouir de l&rsquo;h\u00e9ritage de Jacob, ton p\u00e8re; Car la bouche de l&rsquo;\u00c9ternel a parl\u00e9.\u00a0\u00bb<\/p>\n<\/blockquote>\n<p dir=\"ltr\"><a href=\"http:\/\/fr.elds.org\/lesmormons-net\/files\/2016\/07\/le-jour-du-sabbat-8.jpg\"><img decoding=\"async\" class=\"alignnone size-full wp-image-3665\" src=\"http:\/\/fr.elds.org\/lesmormons-net\/files\/2016\/07\/le-jour-du-sabbat-8.jpg\" alt=\"Capture d\u2019e\u0301cran 2016-07-09 a\u0300 11.50.37\" width=\"770\" height=\"424\" \/><\/a><\/p>\n<h2>MA PRI\u00c8RE<\/h2>\n<p dir=\"ltr\">Je n&rsquo;ai pas attendu jusqu&rsquo;au soir pour partager mes pens\u00e9es avec Dieu.\u00a0Je les lui ai envoy\u00e9es toute la\u00a0journ\u00e9e.\u00a0<strong>Que veux-tu de moi\u00a0<\/strong>?\u00a0\u00a0Je n&rsquo;ai m\u00eame pas le\u00a0temps, le dimanche, d&rsquo;envisager de me livrer \u00e0 \u00ab\u00a0mes penchants,\u00a0\u00bb me suis-je plainte.\u00a0\u00a0Je ne pense pas que\u00a0cela s&rsquo;applique vraiment \u00e0 moi.\u00a0\u00a0<strong>Pourtant, soupirant int\u00e9rieurement, je me suis\u00a0finalement humili\u00e9 suffisamment pour Lui demander o\u00f9 Il voulait en\u00a0venir.<\/strong><\/p>\n<blockquote>\n<p dir=\"ltr\">\u00ab\u00a0Si je passe vraiment \u00e0 c\u00f4t\u00e9 de quelque chose le dimanche, sil te pla\u00eet, montre-moi ce que c&rsquo;est,\u00a0\u00bb ai-je pri\u00e9.\u00a0Je promets que je vais \u00e9couter et ob\u00e9ir \u00ab\u00a0.<\/p>\n<\/blockquote>\n<p dir=\"ltr\"><a href=\"http:\/\/fr.elds.org\/lesmormons-net\/files\/2016\/07\/le-jour-du-sabbat-7.jpg\"><img decoding=\"async\" class=\"alignnone size-full wp-image-3667\" src=\"http:\/\/fr.elds.org\/lesmormons-net\/files\/2016\/07\/le-jour-du-sabbat-7.jpg\" alt=\"Capture d\u2019e\u0301cran 2016-07-09 a\u0300 11.50.53\" width=\"773\" height=\"430\" \/><\/a><\/p>\n<h2>SA R\u00c9PONSE<\/h2>\n<p dir=\"ltr\">Ma derni\u00e8re question a d\u00fb \u00eatre pr\u00e9sent\u00e9e avec l&rsquo;humilit\u00e9 qu&rsquo;il fallait parce que quatre pens\u00e9es me sont venues \u00e0 l&rsquo;esprit l&rsquo;une apr\u00e8s l&rsquo;autre.\u00a0<strong>Je savais ce qu&rsquo;il voulait que je fasse<\/strong>.<\/p>\n<p dir=\"ltr\">Tout d&rsquo;abord, Il voulait que je pr\u00e9pare ma le\u00e7on pour la primaire avant le samedi soir ou le dimanche matin.\u00a0Il voulait que je connaisse mieux les enfants de ma classe, et Il m&rsquo;a aid\u00e9 \u00e0 comprendre que je pouvais avoir un impact sur leur \u00e9ternit\u00e9.<\/p>\n<p dir=\"ltr\">Deuxi\u00e8mement, il m&rsquo;a demand\u00e9 de penser au dimanche le samedi et de me pr\u00e9parer en cons\u00e9quence.<\/p>\n<p dir=\"ltr\">Puis, Il m&rsquo;a encourag\u00e9 \u00e0 me pr\u00e9parer pour aller \u00e0 l&rsquo;\u00e9glise en avance et d&rsquo;aider ma famille \u00e0 en faire autant.<\/p>\n<p dir=\"ltr\">Pour finir, Il voulait que j&rsquo;envisage d&rsquo;arriver t\u00f4t \u00e0 la r\u00e9union de Sainte-C\u00e8ne.\u00a0J&rsquo;ai ressenti une douce promesse que si je le voulais, je pourrais ressentir Son Esprit.<\/p>\n<p dir=\"ltr\"><a href=\"http:\/\/fr.elds.org\/lesmormons-net\/files\/2016\/07\/le-jour-du-sabbat-5.jpg\"><img loading=\"lazy\" loading=\"lazy\" decoding=\"async\" class=\"alignnone size-full wp-image-3670\" src=\"http:\/\/fr.elds.org\/lesmormons-net\/files\/2016\/07\/le-jour-du-sabbat-5.jpg\" alt=\"Capture d\u2019e\u0301cran 2016-07-09 a\u0300 13.09.01\" width=\"764\" height=\"425\" \/><\/a><\/p>\n<h2>C&rsquo;ETAIT SI SIMPLE<\/h2>\n<p dir=\"ltr\">Lorsque ces r\u00e9ponses me sont\u00a0venues je me suis aper\u00e7u qu&rsquo;elles \u00e9taient les signes personnels du sabbat qu&rsquo;il pr\u00e9f\u00e9rait de\u00a0moi. Ils \u00e9taient tous si simples, mais chacun d&rsquo;entre eux, tout au long du chemin serait difficile pour moi.\u00a0Cela demanderait un peu plus d&rsquo;effort et de\u00a0sacrifice de ma part, pourtant, ce n&rsquo;\u00e9tait pas insurmontable.\u00a0Je savais que c&rsquo;\u00e9tait faisable.\u00a0<strong>Il ne me demandait pas de courir plus vite que je n&rsquo;avais de\u00a0force.<\/strong><\/p>\n<p dir=\"ltr\">Aujourd&rsquo;hui je comprends ce que N\u00e9phi a voulu dire .\u00a0.\u00a0. \u00ab\u00a0Le Seigneur fournit un moyen, il veut que j&rsquo;ob\u00e9isse\u00a0\u00bb. Et j&rsquo;ai renvoy\u00e9 cette pens\u00e9e vers Dieu.\u00a0\u00ab\u00a0Ok, si tu me demandes de faire ces choses, tu vas m&rsquo;aider, n&rsquo;est-ce pas?\u00a0\u00bb Il n&rsquo;a pas eu besoin de r\u00e9pondre.\u00a0Je suis habitu\u00e9e \u00e0 la fa\u00e7on dont fonctionne cette relation.\u00a0J&rsquo;\u00e9tais d\u00e9termin\u00e9e \u00e0 tenir bon avec ma promesse et \u00e0 agir en accord avec les r\u00e9ponses que j&rsquo;avais re\u00e7ues.<\/p>\n<p dir=\"ltr\"><a href=\"http:\/\/fr.elds.org\/lesmormons-net\/files\/2016\/07\/le-jour-du-sabbat-6.jpg\"><img loading=\"lazy\" loading=\"lazy\" decoding=\"async\" class=\"alignnone size-full wp-image-3668\" src=\"http:\/\/fr.elds.org\/lesmormons-net\/files\/2016\/07\/le-jour-du-sabbat-6.jpg\" alt=\"Capture d\u2019e\u0301cran 2016-07-09 a\u0300 12.41.43\" width=\"768\" height=\"427\" \/><\/a><\/p>\n<h2>CE QUE J&rsquo;AI FAIT<\/h2>\n<p dir=\"ltr\"><strong>J&rsquo;ai commenc\u00e9 par ouvrir mon manuel de le\u00e7ons de la primaire le lundi matin<\/strong>.\u00a0J&rsquo;ai juste eu le temps de lire le titre, mais au moins <strong>j&rsquo;ai pu m\u00e9diter<\/strong> sur le sujet tout au long de la semaine.\u00a0Je suis quand m\u00eame tomb\u00e9e de haut lorsque\u00a0 j&rsquo;ai lu le titre : \u00ab\u00a0Se souvenir de J\u00e9sus-Christ lorsque nous prenons la Sainte-C\u00e8ne\u00a0\u00bb \u00ab\u00a0Ha ha,\u00a0\u00bb ai-je pens\u00e9 \u00e0 haute voix.\u00a0Ce message n&rsquo;est pas tomb\u00e9 dans l&rsquo;oreille d&rsquo;une sourde.\u00a0Dieu allait vraiment m&rsquo;aider \u00e0 me concentrer sur ce qui compte le plus le jour du sabbat.<\/p>\n<p dir=\"ltr\">J&rsquo;ai m\u00e9dit\u00e9 sur le sujet tout au long de la semaine et cela a am\u00e9lior\u00e9 la pr\u00e9paration de ma le\u00e7on.\u00a0J&rsquo;ai quand m\u00eame termin\u00e9 mes derniers pr\u00e9paratifs le samedi, mais j&rsquo;ai r\u00e9ussi \u00e0 finir dans l&rsquo;apr\u00e8s-midi au lieu de ma pr\u00e9paration habituelle de fin de soir\u00e9e.<\/p>\n<p dir=\"ltr\"><a href=\"http:\/\/fr.elds.org\/lesmormons-net\/files\/2016\/07\/Le-jour-du-sabbat-4.jpg\"><img loading=\"lazy\" loading=\"lazy\" decoding=\"async\" class=\"alignnone size-full wp-image-3671\" src=\"http:\/\/fr.elds.org\/lesmormons-net\/files\/2016\/07\/Le-jour-du-sabbat-4.jpg\" alt=\"Capture d\u2019e\u0301cran 2016-07-09 a\u0300 11.53.07\" width=\"772\" height=\"425\" \/><\/a><\/p>\n<h2>LE SAMEDI EST UN JOUR SP\u00c9CIAL<\/h2>\n<p dir=\"ltr\">Le point suivant sur ma liste \u00e9tait de <strong>penser au dimanche le samedi<\/strong>. Cela signifiait plus de pr\u00e9paration.\u00a0Je me suis retrouv\u00e9e\u00a0 \u00e0 chanter dans ma t\u00eate la vieille chanson de la primaire que je chantais quand j&rsquo;\u00e9tais petite fille \u00ab\u00a0samedi est un jour sp\u00e9cial, il faut tout pr\u00e9parer pour le dimanche.\u00a0\u00bb<\/p>\n<p dir=\"ltr\"><strong><a href=\"https:\/\/www.lds.org\/music\/text\/childrens-songbook\/saturday?lang=fra\">J&rsquo;ai pass\u00e9 en revue la liste des choses \u00e0 faire qui se trouve dans cette chanson<\/a>.<\/strong><\/p>\n<p dir=\"ltr\">\u00a0Nettoyez la maison, c&rsquo;est bon.<\/p>\n<p dir=\"ltr\">Faire les courses (j&rsquo;ai\u00a0 d\u00e9l\u00e9gu\u00e9 \u00e7a \u00e0 mon mari), c&rsquo;est bon.<\/p>\n<p dir=\"ltr\">Je commen\u00e7ais \u00e0 me sentir de mieux en mieux gr\u00e2ce \u00e0 ce signe volontaire que je montrais \u00e0 Dieu.\u00a0Je ne m&rsquo;\u00e9tais jamais rendu compte que les signes du sabbat peuvent aller au-del\u00e0 de la journ\u00e9e elle-m\u00eame.\u00a0Quelques fois, j&rsquo;avais l&rsquo;impression de faire ce qui me faisait plaisir au lieu de ressentir que c&rsquo;\u00e9tait des corv\u00e9es du samedi, mais j&rsquo;ai ressenti l&rsquo;Esprit me pousser \u00e0 finir de me pr\u00e9parer.<\/p>\n<p dir=\"ltr\"><a href=\"http:\/\/fr.elds.org\/lesmormons-net\/files\/2016\/07\/Le-jour-du-sabbat-3-1.jpg\"><img loading=\"lazy\" loading=\"lazy\" decoding=\"async\" class=\"alignnone size-full wp-image-3672\" src=\"http:\/\/fr.elds.org\/lesmormons-net\/files\/2016\/07\/Le-jour-du-sabbat-3-1.jpg\" alt=\"Capture d\u2019e\u0301cran 2016-07-09 a\u0300 11.50.11\" width=\"773\" height=\"431\" \/><\/a><\/p>\n<h2>LE R\u00c9SULTAT<\/h2>\n<p dir=\"ltr\">Le lendemain matin, je me suis r\u00e9veill\u00e9e avec une paix que je n&rsquo;avais jamais \u00e9prouv\u00e9e auparavant. Mes v\u00eatements \u00e9taient pr\u00eats, ma maison \u00e9tait propre, ma le\u00e7on \u00e9tait pr\u00eate et mon esprit \u00e9tait clair.<\/p>\n<p dir=\"ltr\"><strong>Mes pr\u00e9paratifs du samedi avaient en quelque sorte lib\u00e9r\u00e9 de l&rsquo;espace dans ma t\u00eate et dans mon esprit<\/strong>.\u00a0J&rsquo;avais encore un autre signe dont je devais faire preuve, donc au lieu de tra\u00eener en pyjama comme je le faisais d&rsquo;habitude, je me suis lev\u00e9e et me suis pr\u00e9par\u00e9e pour aller \u00e0 l&rsquo;\u00e9glise et j&rsquo;ai aussi aid\u00e9 ma famille \u00e0 se pr\u00e9parer. Nous avons pr\u00e9vu d&rsquo;arriver \u00e0 10:30 au lieu de 11:00 et nous nous sommes retrouv\u00e9s sur les bancs \u00e0 10:45.<strong>\u00a0J&rsquo;\u00e9tais tout sourire<\/strong><\/p>\n<p dir=\"ltr\"><a href=\"http:\/\/fr.elds.org\/lesmormons-net\/files\/2016\/07\/Le-jour-du-sabbat-2.jpg\"><img loading=\"lazy\" loading=\"lazy\" decoding=\"async\" class=\"alignnone size-full wp-image-3674\" src=\"http:\/\/fr.elds.org\/lesmormons-net\/files\/2016\/07\/Le-jour-du-sabbat-2.jpg\" alt=\"Capture d\u2019e\u0301cran 2016-07-09 a\u0300 13.15.52\" width=\"766\" height=\"423\" \/><\/a><\/p>\n<h2>AVEC UN COEUR DE GRATITUDE<\/h2>\n<p dir=\"ltr\">Les br\u00e8ves 15 minutes avant le d\u00e9but de la r\u00e9union \u00e9taient calmes et propices \u00e0 la r\u00e9flexion tandis que je regardais ma famille que j&rsquo;aime, famille qui comprend aussi les membres de ma paroisse.\u00a0J&rsquo;ai fini par comprendre que <strong>ces quatre demandes de Dieu n&rsquo;\u00e9taient pas r\u00e9ellement pour Lui, elles \u00e9taient pour moi.\u00a0<\/strong>Gr\u00e2ce \u00e0 cette prise de conscience, j&rsquo;ai ressenti Son amour me purifier et j&rsquo;ai fait l&rsquo;exp\u00e9rience de la r\u00e9union de Sainte-C\u00e8ne <strong>avec un c\u0153ur rempli de gratitude.<\/strong><\/p>\n<p dir=\"ltr\">Gr\u00e2ce \u00e0 cette exp\u00e9rience, j&rsquo;ai appris que l&rsquo;objectif de Dieu est v\u00e9ritablement de r\u00e9aliser mon immortalit\u00e9 et ma\u00a0vie \u00e9ternelle.\u00a0Tout ce\u00a0qu&rsquo;il fait, y compris ce qu&rsquo;il me demande de faire, est pour moi.<\/p>\n<p dir=\"ltr\"><em>La version originale de cet article a \u00e9t\u00e9 \u00e9crite par Linda Clyde, publi\u00e9e sur <a href=\"http:\/\/lds.org\/blog\" target=\"_blank\" rel=\"nofollow\">lds.org\/blog<\/a>\u00a0et traduite par Nathalie.<\/em><\/p>\n","protected":false},"excerpt":{"rendered":"<p>MA CONVERSATION AVEC DIEU Je ne sais pas comment Dieu parle avec les autres mais, gr\u00e2ce \u00e0 mes efforts continuels, j&rsquo;arrive plus facilement \u00e0 reconna\u00eetre la fa\u00e7on dont Il me parle et le moment o\u00f9 Il me parle. Je suis toujours \u00e9merveill\u00e9e par la clart\u00e9 et la simplicit\u00e9 de sa fa\u00e7on de communiquer. Il dit [&hellip;]<\/p>\n","protected":false},"author":18,"featured_media":3672,"comment_status":"open","ping_status":"open","sticky":false,"template":"","format":"standard","meta":{"_et_pb_use_builder":"","_et_pb_old_content":"","_et_gb_content_width":"","footnotes":""},"categories":[172],"tags":[441,443,155],"class_list":["post-3657","post","type-post","status-publish","format-standard","has-post-thumbnail","hentry","category-temoignages","tag-membre-eglise-christ","tag-foi-en-dieu","tag-temoignage","et-has-post-format-content","et_post_format-et-post-format-standard"],"yoast_head":"<!-- This site is optimized with the Yoast SEO plugin v27.4 - https:\/\/yoast.com\/product\/yoast-seo-wordpress\/ -->\n<title>LE JOUR DU SABBAT ET MON COEUR \u00c0 COEUR AVEC DIEU<\/title>\n<meta name=\"description\" content=\"Si je passe vraiment \u00e0 c\u00f4t\u00e9 de quelque chose le dimanche, sil te pla\u00eet, montre-moi ce que c&#039;est,&quot; ai-je pri\u00e9. Je promets que je vais \u00e9couter et ob\u00e9ir\" \/>\n<meta name=\"robots\" content=\"index, follow, max-snippet:-1, max-image-preview:large, max-video-preview:-1\" \/>\n<link rel=\"canonical\" href=\"https:\/\/fr.elds.org\/lesmormons-net\/temoignages\/le-jour-du-sabbat-et-mon-coeur-a-coeur-avec-dieu\/\" \/>\n<meta property=\"og:locale\" content=\"fr_FR\" \/>\n<meta property=\"og:type\" content=\"article\" \/>\n<meta property=\"og:title\" content=\"LE JOUR DU SABBAT ET MON COEUR \u00c0 COEUR AVEC DIEU\" \/>\n<meta property=\"og:description\" content=\"Si je passe vraiment \u00e0 c\u00f4t\u00e9 de quelque chose le dimanche, sil te pla\u00eet, montre-moi ce que c&#039;est,&quot; ai-je pri\u00e9. Je promets que je vais \u00e9couter et ob\u00e9ir\" \/>\n<meta property=\"og:url\" content=\"https:\/\/fr.elds.org\/lesmormons-net\/temoignages\/le-jour-du-sabbat-et-mon-coeur-a-coeur-avec-dieu\/\" \/>\n<meta property=\"og:site_name\" content=\"Les Mormons\" \/>\n<meta property=\"article:published_time\" content=\"2016-07-09T09:28:46+00:00\" \/>\n<meta property=\"article:modified_time\" content=\"2018-07-27T14:10:51+00:00\" \/>\n<meta property=\"og:image\" content=\"https:\/\/fr.elds.org\/lesmormons-net\/files\/2016\/07\/Le-jour-du-sabbat-3-1.jpg\" \/>\n\t<meta property=\"og:image:width\" content=\"948\" \/>\n\t<meta property=\"og:image:height\" content=\"542\" \/>\n\t<meta property=\"og:image:type\" content=\"image\/jpeg\" \/>\n<meta name=\"author\" content=\"nathalie\" \/>\n<meta name=\"twitter:card\" content=\"summary_large_image\" \/>\n<meta name=\"twitter:label1\" content=\"\u00c9crit par\" \/>\n\t<meta name=\"twitter:data1\" content=\"nathalie\" \/>\n\t<meta name=\"twitter:label2\" content=\"Dur\u00e9e de lecture estim\u00e9e\" \/>\n\t<meta name=\"twitter:data2\" content=\"7 minutes\" \/>\n<script type=\"application\/ld+json\" class=\"yoast-schema-graph\">{\"@context\":\"https:\\\/\\\/schema.org\",\"@graph\":[{\"@type\":\"Article\",\"@id\":\"https:\\\/\\\/fr.elds.org\\\/lesmormons-net\\\/temoignages\\\/le-jour-du-sabbat-et-mon-coeur-a-coeur-avec-dieu\\\/#article\",\"isPartOf\":{\"@id\":\"https:\\\/\\\/fr.elds.org\\\/lesmormons-net\\\/temoignages\\\/le-jour-du-sabbat-et-mon-coeur-a-coeur-avec-dieu\\\/\"},\"author\":{\"name\":\"nathalie\",\"@id\":\"https:\\\/\\\/fr.elds.org\\\/lesmormons-net\\\/#\\\/schema\\\/person\\\/f78baeba7da65c8b2f7070edfcd0960a\"},\"headline\":\"LE JOUR DU SABBAT ET MON COEUR \u00c0 COEUR AVEC DIEU\",\"datePublished\":\"2016-07-09T09:28:46+00:00\",\"dateModified\":\"2018-07-27T14:10:51+00:00\",\"mainEntityOfPage\":{\"@id\":\"https:\\\/\\\/fr.elds.org\\\/lesmormons-net\\\/temoignages\\\/le-jour-du-sabbat-et-mon-coeur-a-coeur-avec-dieu\\\/\"},\"wordCount\":1597,\"commentCount\":0,\"image\":{\"@id\":\"https:\\\/\\\/fr.elds.org\\\/lesmormons-net\\\/temoignages\\\/le-jour-du-sabbat-et-mon-coeur-a-coeur-avec-dieu\\\/#primaryimage\"},\"thumbnailUrl\":\"https:\\\/\\\/fr.elds.org\\\/lesmormons-net\\\/files\\\/2016\\\/07\\\/Le-jour-du-sabbat-3-1.jpg\",\"keywords\":[\"\u00eatre membre de l'Eglise du Christ\",\"foi en Dieu\",\"t\u00e9moignage\"],\"articleSection\":[\"T\u00e9moignages\"],\"inLanguage\":\"fr-FR\",\"potentialAction\":[{\"@type\":\"CommentAction\",\"name\":\"Comment\",\"target\":[\"https:\\\/\\\/fr.elds.org\\\/lesmormons-net\\\/temoignages\\\/le-jour-du-sabbat-et-mon-coeur-a-coeur-avec-dieu\\\/#respond\"]}]},{\"@type\":\"WebPage\",\"@id\":\"https:\\\/\\\/fr.elds.org\\\/lesmormons-net\\\/temoignages\\\/le-jour-du-sabbat-et-mon-coeur-a-coeur-avec-dieu\\\/\",\"url\":\"https:\\\/\\\/fr.elds.org\\\/lesmormons-net\\\/temoignages\\\/le-jour-du-sabbat-et-mon-coeur-a-coeur-avec-dieu\\\/\",\"name\":\"LE JOUR DU SABBAT ET MON COEUR \u00c0 COEUR AVEC DIEU\",\"isPartOf\":{\"@id\":\"https:\\\/\\\/fr.elds.org\\\/lesmormons-net\\\/#website\"},\"primaryImageOfPage\":{\"@id\":\"https:\\\/\\\/fr.elds.org\\\/lesmormons-net\\\/temoignages\\\/le-jour-du-sabbat-et-mon-coeur-a-coeur-avec-dieu\\\/#primaryimage\"},\"image\":{\"@id\":\"https:\\\/\\\/fr.elds.org\\\/lesmormons-net\\\/temoignages\\\/le-jour-du-sabbat-et-mon-coeur-a-coeur-avec-dieu\\\/#primaryimage\"},\"thumbnailUrl\":\"https:\\\/\\\/fr.elds.org\\\/lesmormons-net\\\/files\\\/2016\\\/07\\\/Le-jour-du-sabbat-3-1.jpg\",\"datePublished\":\"2016-07-09T09:28:46+00:00\",\"dateModified\":\"2018-07-27T14:10:51+00:00\",\"author\":{\"@id\":\"https:\\\/\\\/fr.elds.org\\\/lesmormons-net\\\/#\\\/schema\\\/person\\\/f78baeba7da65c8b2f7070edfcd0960a\"},\"description\":\"Si je passe vraiment \u00e0 c\u00f4t\u00e9 de quelque chose le dimanche, sil te pla\u00eet, montre-moi ce que c'est,\\\" ai-je pri\u00e9. Je promets que je vais \u00e9couter et ob\u00e9ir\",\"breadcrumb\":{\"@id\":\"https:\\\/\\\/fr.elds.org\\\/lesmormons-net\\\/temoignages\\\/le-jour-du-sabbat-et-mon-coeur-a-coeur-avec-dieu\\\/#breadcrumb\"},\"inLanguage\":\"fr-FR\",\"potentialAction\":[{\"@type\":\"ReadAction\",\"target\":[\"https:\\\/\\\/fr.elds.org\\\/lesmormons-net\\\/temoignages\\\/le-jour-du-sabbat-et-mon-coeur-a-coeur-avec-dieu\\\/\"]}]},{\"@type\":\"ImageObject\",\"inLanguage\":\"fr-FR\",\"@id\":\"https:\\\/\\\/fr.elds.org\\\/lesmormons-net\\\/temoignages\\\/le-jour-du-sabbat-et-mon-coeur-a-coeur-avec-dieu\\\/#primaryimage\",\"url\":\"https:\\\/\\\/fr.elds.org\\\/lesmormons-net\\\/files\\\/2016\\\/07\\\/Le-jour-du-sabbat-3-1.jpg\",\"contentUrl\":\"https:\\\/\\\/fr.elds.org\\\/lesmormons-net\\\/files\\\/2016\\\/07\\\/Le-jour-du-sabbat-3-1.jpg\",\"width\":948,\"height\":542,\"caption\":\"Le jour du sabbat est un d\u00e9lice\"},{\"@type\":\"BreadcrumbList\",\"@id\":\"https:\\\/\\\/fr.elds.org\\\/lesmormons-net\\\/temoignages\\\/le-jour-du-sabbat-et-mon-coeur-a-coeur-avec-dieu\\\/#breadcrumb\",\"itemListElement\":[{\"@type\":\"ListItem\",\"position\":1,\"name\":\"Home\",\"item\":\"https:\\\/\\\/fr.elds.org\\\/lesmormons-net\\\/\"},{\"@type\":\"ListItem\",\"position\":2,\"name\":\"LE JOUR DU SABBAT ET MON COEUR \u00c0 COEUR AVEC DIEU\"}]},{\"@type\":\"WebSite\",\"@id\":\"https:\\\/\\\/fr.elds.org\\\/lesmormons-net\\\/#website\",\"url\":\"https:\\\/\\\/fr.elds.org\\\/lesmormons-net\\\/\",\"name\":\"Les Mormons\",\"description\":\"Les mormons au quotidien\",\"potentialAction\":[{\"@type\":\"SearchAction\",\"target\":{\"@type\":\"EntryPoint\",\"urlTemplate\":\"https:\\\/\\\/fr.elds.org\\\/lesmormons-net\\\/?s={search_term_string}\"},\"query-input\":{\"@type\":\"PropertyValueSpecification\",\"valueRequired\":true,\"valueName\":\"search_term_string\"}}],\"inLanguage\":\"fr-FR\"},{\"@type\":\"Person\",\"@id\":\"https:\\\/\\\/fr.elds.org\\\/lesmormons-net\\\/#\\\/schema\\\/person\\\/f78baeba7da65c8b2f7070edfcd0960a\",\"name\":\"nathalie\",\"image\":{\"@type\":\"ImageObject\",\"inLanguage\":\"fr-FR\",\"@id\":\"https:\\\/\\\/secure.gravatar.com\\\/avatar\\\/57cdec6650078f1df8e39c1e1330381cf464b3923b67f7aac2ab4db171e1b4fe?s=96&d=blank&r=g\",\"url\":\"https:\\\/\\\/secure.gravatar.com\\\/avatar\\\/57cdec6650078f1df8e39c1e1330381cf464b3923b67f7aac2ab4db171e1b4fe?s=96&d=blank&r=g\",\"contentUrl\":\"https:\\\/\\\/secure.gravatar.com\\\/avatar\\\/57cdec6650078f1df8e39c1e1330381cf464b3923b67f7aac2ab4db171e1b4fe?s=96&d=blank&r=g\",\"caption\":\"nathalie\"},\"url\":\"https:\\\/\\\/fr.elds.org\\\/lesmormons-net\\\/author\\\/nathalie\\\/\"}]}<\/script>\n<!-- \/ Yoast SEO plugin. -->","yoast_head_json":{"title":"LE JOUR DU SABBAT ET MON COEUR \u00c0 COEUR AVEC DIEU","description":"Si je passe vraiment \u00e0 c\u00f4t\u00e9 de quelque chose le dimanche, sil te pla\u00eet, montre-moi ce que c'est,\" ai-je pri\u00e9. Je promets que je vais \u00e9couter et ob\u00e9ir","robots":{"index":"index","follow":"follow","max-snippet":"max-snippet:-1","max-image-preview":"max-image-preview:large","max-video-preview":"max-video-preview:-1"},"canonical":"https:\/\/fr.elds.org\/lesmormons-net\/temoignages\/le-jour-du-sabbat-et-mon-coeur-a-coeur-avec-dieu\/","og_locale":"fr_FR","og_type":"article","og_title":"LE JOUR DU SABBAT ET MON COEUR \u00c0 COEUR AVEC DIEU","og_description":"Si je passe vraiment \u00e0 c\u00f4t\u00e9 de quelque chose le dimanche, sil te pla\u00eet, montre-moi ce que c'est,\" ai-je pri\u00e9. Je promets que je vais \u00e9couter et ob\u00e9ir","og_url":"https:\/\/fr.elds.org\/lesmormons-net\/temoignages\/le-jour-du-sabbat-et-mon-coeur-a-coeur-avec-dieu\/","og_site_name":"Les Mormons","article_published_time":"2016-07-09T09:28:46+00:00","article_modified_time":"2018-07-27T14:10:51+00:00","og_image":[{"width":948,"height":542,"url":"https:\/\/fr.elds.org\/lesmormons-net\/files\/2016\/07\/Le-jour-du-sabbat-3-1.jpg","type":"image\/jpeg"}],"author":"nathalie","twitter_card":"summary_large_image","twitter_misc":{"\u00c9crit par":"nathalie","Dur\u00e9e de lecture estim\u00e9e":"7 minutes"},"schema":{"@context":"https:\/\/schema.org","@graph":[{"@type":"Article","@id":"https:\/\/fr.elds.org\/lesmormons-net\/temoignages\/le-jour-du-sabbat-et-mon-coeur-a-coeur-avec-dieu\/#article","isPartOf":{"@id":"https:\/\/fr.elds.org\/lesmormons-net\/temoignages\/le-jour-du-sabbat-et-mon-coeur-a-coeur-avec-dieu\/"},"author":{"name":"nathalie","@id":"https:\/\/fr.elds.org\/lesmormons-net\/#\/schema\/person\/f78baeba7da65c8b2f7070edfcd0960a"},"headline":"LE JOUR DU SABBAT ET MON COEUR \u00c0 COEUR AVEC DIEU","datePublished":"2016-07-09T09:28:46+00:00","dateModified":"2018-07-27T14:10:51+00:00","mainEntityOfPage":{"@id":"https:\/\/fr.elds.org\/lesmormons-net\/temoignages\/le-jour-du-sabbat-et-mon-coeur-a-coeur-avec-dieu\/"},"wordCount":1597,"commentCount":0,"image":{"@id":"https:\/\/fr.elds.org\/lesmormons-net\/temoignages\/le-jour-du-sabbat-et-mon-coeur-a-coeur-avec-dieu\/#primaryimage"},"thumbnailUrl":"https:\/\/fr.elds.org\/lesmormons-net\/files\/2016\/07\/Le-jour-du-sabbat-3-1.jpg","keywords":["\u00eatre membre de l'Eglise du Christ","foi en Dieu","t\u00e9moignage"],"articleSection":["T\u00e9moignages"],"inLanguage":"fr-FR","potentialAction":[{"@type":"CommentAction","name":"Comment","target":["https:\/\/fr.elds.org\/lesmormons-net\/temoignages\/le-jour-du-sabbat-et-mon-coeur-a-coeur-avec-dieu\/#respond"]}]},{"@type":"WebPage","@id":"https:\/\/fr.elds.org\/lesmormons-net\/temoignages\/le-jour-du-sabbat-et-mon-coeur-a-coeur-avec-dieu\/","url":"https:\/\/fr.elds.org\/lesmormons-net\/temoignages\/le-jour-du-sabbat-et-mon-coeur-a-coeur-avec-dieu\/","name":"LE JOUR DU SABBAT ET MON COEUR \u00c0 COEUR AVEC DIEU","isPartOf":{"@id":"https:\/\/fr.elds.org\/lesmormons-net\/#website"},"primaryImageOfPage":{"@id":"https:\/\/fr.elds.org\/lesmormons-net\/temoignages\/le-jour-du-sabbat-et-mon-coeur-a-coeur-avec-dieu\/#primaryimage"},"image":{"@id":"https:\/\/fr.elds.org\/lesmormons-net\/temoignages\/le-jour-du-sabbat-et-mon-coeur-a-coeur-avec-dieu\/#primaryimage"},"thumbnailUrl":"https:\/\/fr.elds.org\/lesmormons-net\/files\/2016\/07\/Le-jour-du-sabbat-3-1.jpg","datePublished":"2016-07-09T09:28:46+00:00","dateModified":"2018-07-27T14:10:51+00:00","author":{"@id":"https:\/\/fr.elds.org\/lesmormons-net\/#\/schema\/person\/f78baeba7da65c8b2f7070edfcd0960a"},"description":"Si je passe vraiment \u00e0 c\u00f4t\u00e9 de quelque chose le dimanche, sil te pla\u00eet, montre-moi ce que c'est,\" ai-je pri\u00e9. Je promets que je vais \u00e9couter et ob\u00e9ir","breadcrumb":{"@id":"https:\/\/fr.elds.org\/lesmormons-net\/temoignages\/le-jour-du-sabbat-et-mon-coeur-a-coeur-avec-dieu\/#breadcrumb"},"inLanguage":"fr-FR","potentialAction":[{"@type":"ReadAction","target":["https:\/\/fr.elds.org\/lesmormons-net\/temoignages\/le-jour-du-sabbat-et-mon-coeur-a-coeur-avec-dieu\/"]}]},{"@type":"ImageObject","inLanguage":"fr-FR","@id":"https:\/\/fr.elds.org\/lesmormons-net\/temoignages\/le-jour-du-sabbat-et-mon-coeur-a-coeur-avec-dieu\/#primaryimage","url":"https:\/\/fr.elds.org\/lesmormons-net\/files\/2016\/07\/Le-jour-du-sabbat-3-1.jpg","contentUrl":"https:\/\/fr.elds.org\/lesmormons-net\/files\/2016\/07\/Le-jour-du-sabbat-3-1.jpg","width":948,"height":542,"caption":"Le jour du sabbat est un d\u00e9lice"},{"@type":"BreadcrumbList","@id":"https:\/\/fr.elds.org\/lesmormons-net\/temoignages\/le-jour-du-sabbat-et-mon-coeur-a-coeur-avec-dieu\/#breadcrumb","itemListElement":[{"@type":"ListItem","position":1,"name":"Home","item":"https:\/\/fr.elds.org\/lesmormons-net\/"},{"@type":"ListItem","position":2,"name":"LE JOUR DU SABBAT ET MON COEUR \u00c0 COEUR AVEC DIEU"}]},{"@type":"WebSite","@id":"https:\/\/fr.elds.org\/lesmormons-net\/#website","url":"https:\/\/fr.elds.org\/lesmormons-net\/","name":"Les Mormons","description":"Les mormons au quotidien","potentialAction":[{"@type":"SearchAction","target":{"@type":"EntryPoint","urlTemplate":"https:\/\/fr.elds.org\/lesmormons-net\/?s={search_term_string}"},"query-input":{"@type":"PropertyValueSpecification","valueRequired":true,"valueName":"search_term_string"}}],"inLanguage":"fr-FR"},{"@type":"Person","@id":"https:\/\/fr.elds.org\/lesmormons-net\/#\/schema\/person\/f78baeba7da65c8b2f7070edfcd0960a","name":"nathalie","image":{"@type":"ImageObject","inLanguage":"fr-FR","@id":"https:\/\/secure.gravatar.com\/avatar\/57cdec6650078f1df8e39c1e1330381cf464b3923b67f7aac2ab4db171e1b4fe?s=96&d=blank&r=g","url":"https:\/\/secure.gravatar.com\/avatar\/57cdec6650078f1df8e39c1e1330381cf464b3923b67f7aac2ab4db171e1b4fe?s=96&d=blank&r=g","contentUrl":"https:\/\/secure.gravatar.com\/avatar\/57cdec6650078f1df8e39c1e1330381cf464b3923b67f7aac2ab4db171e1b4fe?s=96&d=blank&r=g","caption":"nathalie"},"url":"https:\/\/fr.elds.org\/lesmormons-net\/author\/nathalie\/"}]}},"_links":{"self":[{"href":"https:\/\/fr.elds.org\/lesmormons-net\/wp-json\/wp\/v2\/posts\/3657","targetHints":{"allow":["GET"]}}],"collection":[{"href":"https:\/\/fr.elds.org\/lesmormons-net\/wp-json\/wp\/v2\/posts"}],"about":[{"href":"https:\/\/fr.elds.org\/lesmormons-net\/wp-json\/wp\/v2\/types\/post"}],"author":[{"embeddable":true,"href":"https:\/\/fr.elds.org\/lesmormons-net\/wp-json\/wp\/v2\/users\/18"}],"replies":[{"embeddable":true,"href":"https:\/\/fr.elds.org\/lesmormons-net\/wp-json\/wp\/v2\/comments?post=3657"}],"version-history":[{"count":8,"href":"https:\/\/fr.elds.org\/lesmormons-net\/wp-json\/wp\/v2\/posts\/3657\/revisions"}],"predecessor-version":[{"id":8764,"href":"https:\/\/fr.elds.org\/lesmormons-net\/wp-json\/wp\/v2\/posts\/3657\/revisions\/8764"}],"wp:featuredmedia":[{"embeddable":true,"href":"https:\/\/fr.elds.org\/lesmormons-net\/wp-json\/wp\/v2\/media\/3672"}],"wp:attachment":[{"href":"https:\/\/fr.elds.org\/lesmormons-net\/wp-json\/wp\/v2\/media?parent=3657"}],"wp:term":[{"taxonomy":"category","embeddable":true,"href":"https:\/\/fr.elds.org\/lesmormons-net\/wp-json\/wp\/v2\/categories?post=3657"},{"taxonomy":"post_tag","embeddable":true,"href":"https:\/\/fr.elds.org\/lesmormons-net\/wp-json\/wp\/v2\/tags?post=3657"}],"curies":[{"name":"wp","href":"https:\/\/api.w.org\/{rel}","templated":true}]}}