{"id":3322,"date":"2016-06-02T12:41:50","date_gmt":"2016-06-02T10:41:50","guid":{"rendered":"http:\/\/fr.elds.org\/lesmormons-net\/?p=3322"},"modified":"2018-07-27T18:12:30","modified_gmt":"2018-07-27T16:12:30","slug":"pourquoi-jai-evite-la-fete-des-meres-comme-la-peste","status":"publish","type":"post","link":"https:\/\/fr.elds.org\/lesmormons-net\/famille\/pourquoi-jai-evite-la-fete-des-meres-comme-la-peste\/","title":{"rendered":"Pourquoi j&rsquo;ai \u00e9vit\u00e9 la f\u00eate des M\u00e8res comme la peste et comment j&rsquo;ai (presque enti\u00e8rement) chang\u00e9"},"content":{"rendered":"<p><em>Voil\u00e0 un tr\u00e8s beau t\u00e9moignage sur la f\u00eate des m\u00e8res que nous venons de c\u00e9l\u00e9brer. Quel exemple de foi et quelle belle le\u00e7on de courage! -Johanna<\/em><\/p>\n<p>Durant les moments critiques, nous avons tous un choix \u00e0 faire. Nous pouvons nous d\u00e9tourner de Dieu, ou nous tourner vers Lui. Nous pouvons choisir d\u2019\u00eatre abattu et refuser de r\u00e9fl\u00e9chir aux options, ou nous pouvons faire face de mani\u00e8re cr\u00e9ative \u00e0 nos d\u00e9fis. Nous avons toujours le choix.<\/p>\n<p>L\u2019un de ces moments critiques pour moi est arriv\u00e9 peu de temps apr\u00e8s avoir planifi\u00e9 notre arriv\u00e9e \u00e0 l\u2019\u00e9glise de mani\u00e8re \u00e0 ne pas avoir \u00e0 parler \u00e0 qui que ce soit. Nous sommes entr\u00e9s dans la salle de culte juste au moment o\u00f9 nous avons entendu les mots de bienvenue venant du pupitre. C\u2019\u00e9tait un beau dimanche ensoleill\u00e9. Je suis s\u00fbre que les oiseaux chantaient et que les fleurs embaumaient, mais j\u2019\u00e9tais en train de me noyer dans un oc\u00e9an de tristesse. Apr\u00e8s trois ann\u00e9es de mariage, je venais de faire une fausse couche avec ma premi\u00e8re grossesse. Bien que cela se soit pass\u00e9 plusieurs jours avant, j\u2019\u00e9tais consum\u00e9e par l\u2019engourdissement caus\u00e9 par le choc. D\u2019autant plus que c\u2019\u00e9tait le jour de la F\u00eate des m\u00e8res.<\/p>\n<p>A vrai dire, j\u2019ai pens\u00e9 ne pas aller \u00e0 l\u2019\u00e9glise ce jour-l\u00e0. \u00ab\u00a0\u00c7a serait plus facile\u00a0\u00bb je me suis dit. \u00ab\u00a0Je suis s\u00fbre que Dieu comprendrait, n\u2019est-ce pas\u00a0?\u00a0\u00bb Seulement, j\u2019avais besoin de l\u2019\u00e9glise ce jour-l\u00e0, plus que jamais. J\u2019avais besoin de ressentir Son amour. Mais par-dessus tout, j\u2019avais besoin de prendre la Sainte C\u00e8ne.<\/p>\n<p>Alors que j\u2019\u00e9tais assise au milieu de la salle de culte avec le bras d\u2019Antony autour de moi, je me demandais pour la premi\u00e8re fois si ma m\u00e8re avait d\u00e9j\u00e0 \u00e9t\u00e9 \u00e0 l\u2019\u00e9glise avec le c\u0153ur aussi gros que le mien ce jour-l\u00e0. Elle semblait toujours avoir tout \u00ab\u00a0sous contr\u00f4le\u00a0\u00bb \u00e0 mes yeux. Mais, m\u00eame en mettant au monde huit enfants particuli\u00e8rement merveilleux, elle a eu sa part de pertes tragiques sur le chemin.<\/p>\n<p>La r\u00e9union de Saint C\u00e8ne \u00e0 eu un effet particuli\u00e8rement apaisant pour moi. Je n\u2019ai pas vraiment \u00e9cout\u00e9 les discours car j\u2019\u00e9tais la plupart du temps plong\u00e9e dans mes propres pens\u00e9es. Je savais que la r\u00e9union se terminait et je me pr\u00e9parais pour l\u2019invitation tant redout\u00e9e\u00a0: \u00ab\u00a0que toutes les m\u00e8res se l\u00e8vent\u00a0\u00bb, avec d\u2019adorables jeunes et enfants donnant \u00e0 chaque m\u00e8re une fleur, une friandise ou un cadeau en signe d\u2019appr\u00e9ciation de la congr\u00e9gation envers des femmes merveilleuses sous tous points de vue. Bien que ce moment me g\u00eanait un peu lors de la F\u00eate des m\u00e8res, il ne m\u2019avait jamais vraiment d\u00e9rang\u00e9 auparavant. Mais cette fois je me suis sentie nerveusement r\u00e9sign\u00e9e. Je me suis rapidement perdue \u00e0 nouveau dans mes pens\u00e9es quand soudain j\u2019ai r\u00e9alis\u00e9 que mon nom \u00e9tait appel\u00e9 au pupitre\u00a0!<\/p>\n<p><strong>\u00ab\u00a0Delisa Hargrove, l\u00e8ve-toi aussi\u00a0!!\u00a0\u00bb<\/strong><\/p>\n<p>Horrifi\u00e9e, je savais que je ne pourrais pas. Je ne voulais pas. Je ne le ferais pas.<\/p>\n<p>Je ne pensais pas pouvoir me lever de toute fa\u00e7on, et puis j\u2019avais pleur\u00e9 pendant une heure et ne voulais vraiment pas que tout le monde me voit. Alors, en prenant ma voix la plus calme et la plus persuasive, depuis le milieu de la salle de culte, j\u2019ai murmur\u00e9\u00a0: \u00ab\u00a0Je n\u2019ai pas envie\u00a0\u00bb. Anthony a ri nerveusement. Toutes les m\u00e8res debout attendaient et tout le monde me regardait.<\/p>\n<p>Mon ami au pupitre insistait\u00a0: \u00ab\u00a0Tu es la m\u00e8re de la paroisse et tu devrais \u00eatre honor\u00e9e \u00e9galement.\u00a0\u00bb (C\u2019est vrai que j\u2019\u00e9tais la pr\u00e9sidente de la Soci\u00e9t\u00e9 de Secours, mais soyons honn\u00eates, je ne savais m\u00eame pas comment faire du pain\u00a0!)<\/p>\n<p>Je n\u2019ai pas pour habitude d\u2019\u00eatre mal polie pendant la r\u00e9union de Sainte C\u00e8ne. J\u2019ai calcul\u00e9 le pour et le contre et les possibles cons\u00e9quences en un instant. Le Saint Esprit m\u2019a r\u00e9v\u00e9l\u00e9 que les intentions de mon ami \u00e9taient pures et pas volontairement cataclysmiques.<\/p>\n<p>Je me suis lev\u00e9e pour mettre fin \u00e0 la sc\u00e8ne.<\/p>\n<p>J\u2019ai eu l\u2019impression que chaque femme dans la salle est venue vers moi pour me consoler ce jour-l\u00e0. C\u2019\u00e9tait la premi\u00e8re fois que je faisais l\u2019objet de peine et de compassion de la part de femmes ayant des enfants le jour de la F\u00eate des m\u00e8res. Seule une amie \u00e9tait au courant de ma fausse couche avant la r\u00e9union. Apr\u00e8s l\u2019incident de fin de r\u00e9union, j\u2019ai fait part de ma trag\u00e9die \u00e0 deux femmes. Toutes les autres m\u2019ont fait part de leurs propres histoires et de leur compassion par pure empathie.<\/p>\n<p>Beaucoup de femmes, y compris ma m\u00e8re, adorent la F\u00eate des m\u00e8res. J\u2019en suis ravie\u00a0! Les m\u00e8res m\u00e9ritent vraiment d\u2019\u00eatre honor\u00e9es 365 jours chaque ann\u00e9e. J\u2019esp\u00e8re que toutes les m\u00e8res se sentent aim\u00e9es et appr\u00e9ci\u00e9es.<\/p>\n<p>Mais apr\u00e8s avoir entendu certaines histoires ce jour fatidique, j\u2019ai r\u00e9alis\u00e9 que beaucoup de femmes \u00e9prouvaient des sentiments de culpabilit\u00e9, de d\u00e9couragement, de deuil, d\u2019an\u00e9antissement, de fatigue et de solitude. Elles sont venues \u00e0 l\u2019\u00e9glise ce jour-l\u00e0 pour les m\u00eames raisons que moi\u00a0: pour \u00eatre gu\u00e9ries par la Gr\u00e2ce.<\/p>\n<p>Comble d\u2019ironie, parce que je me suis lev\u00e9e, d\u2019autres ont ressenti ma d\u00e9tresse et m\u2019ont r\u00e9confort\u00e9.<\/p>\n<p>Malheureusement, certaines \u00ab\u00a0paroles r\u00e9confortantes\u00a0\u00bb n\u2019\u00e9taient pas r\u00e9confortantes du tout. Dire des choses comme\u00a0:\u00a0\u00ab\u00a0\u00eatre une m\u00e8re ne s\u2019arr\u00eate pas au fait d\u2019avoir des enfants\u00a0\u00bb ou \u00ab\u00a0tu peux venir prendre mes enfants quand tu veux\u00a0\u00bb ou \u00ab\u00a0as-tu essay\u00e9 tel ou tel rem\u00e8de\u00a0\u00bb ou \u00ab\u00a0as-tu d\u00e9j\u00e0 pens\u00e9 \u00e0 l\u2019adoption\u00a0\u00bb ou \u00ab\u00a0tu pourras \u00e9lever des tas d\u2019enfants durant le mill\u00e9nium\u00a0\u00bb \u00e0 quelqu\u2019un sans enfant le jour de la F\u00eate des m\u00e8res (ou n\u2019importe quel autre jour d\u2019ailleurs) n\u2019aide pas. Je suis quelqu\u2019un de tr\u00e8s logique et je connais la doctrine, mais le jour de la F\u00eate des m\u00e8res n\u2019est pas un jour pragmatique, c\u2019est un jour rempli d\u2019\u00e9motion. J\u2019ai appris que lorsque vous ne savez pas quoi dire, de sinc\u00e8res condol\u00e9ances suffisent.<\/p>\n<h3>Ce jour m\u2019a chang\u00e9<\/h3>\n<p><a href=\"http:\/\/fr.elds.org\/lesmormons-net\/files\/2016\/06\/marie.jpg\"><img fetchpriority=\"high\" fetchpriority=\"high\" decoding=\"async\" class=\"aligncenter size-full wp-image-3324\" src=\"http:\/\/fr.elds.org\/lesmormons-net\/files\/2016\/06\/marie.jpg\" alt=\"m\u00e8res et le Christ\" width=\"490\" height=\"388\" srcset=\"https:\/\/fr.elds.org\/lesmormons-net\/files\/2016\/06\/marie.jpg 490w, https:\/\/fr.elds.org\/lesmormons-net\/files\/2016\/06\/marie-300x238.jpg 300w\" sizes=\"(max-width: 490px) 100vw, 490px\" \/><\/a><\/p>\n<p>La F\u00eate des m\u00e8res suivante, je paniquais en pensant \u00e0 l\u2019exp\u00e9rience douloureuse de l\u2019ann\u00e9e pr\u00e9c\u00e9dente. Manquer l\u2019\u00e9glise n\u2019\u00e9tait pas une option pour moi, alors Anthony et moi avons pris des vacances la semaine de la F\u00eate des m\u00e8res. Vous pourriez penser que c\u2019est un peu extr\u00eame, mais des hormones frapp\u00e9es de panique n\u00e9cessitent des mesures d\u00e9sesp\u00e9r\u00e9ment cr\u00e9atives. Prendre des vacances au moment de la F\u00eate des m\u00e8res est devenu une habitude pour nous.<\/p>\n<p>Et vous savez ce qui s\u2019est pass\u00e9\u00a0? J\u2019ai commenc\u00e9 \u00e0 adorer la F\u00eate des m\u00e8res\u00a0! J\u2019adorais partir pour des endroits divers dans le pays et autour du monde (o\u00f9 ce n\u2019\u00e9tait pas la F\u00eate des m\u00e8res, ce que je pr\u00e9f\u00e9rais), venant pour c\u00e9l\u00e9brer la Femme, et repartant sans jamais avoir \u00e0 me faire rappeler ma trag\u00e9die personnelle. Lorsqu\u2019on me demandait de me pr\u00e9senter, je pouvais \u00eatre br\u00e8ve et authentique. Je n\u2019avais pas \u00e0 expliquer \u00e0 quiconque comment je me sentais, parce que personne ne me connaissait, moi et ma situation.<\/p>\n<p>J\u2019ai \u00e9galement pu voir les \u00ab\u00a0traditions\u00a0\u00bb d\u2019autres congr\u00e9gations. Beaucoup de m\u00e8res dans ma paroisse ont dit qu\u2019elles avaient horreur de se lever \u00e9galement, parce qu\u2019elles ne se sentaient pas comme des \u00ab\u00a0m\u00e8res id\u00e9ales\u00a0\u00bb, ou se sentaient simplement g\u00ean\u00e9es. Certaines paroisses que j\u2019ai visit\u00e9es demandaient aux jeunes d\u2019apporter un cadeau aux femmes sur les bancs alors qu\u2019elles \u00e9taient assises. D\u2019autres faisaient porter les cadeaux \u00e0 la Soci\u00e9t\u00e9 de Secours. D\u2019autres paroisses demandaient aux jeunes de se tenir aux portes de la salle de culte et de donner un cadeau \u00e0 chaque femme alors qu\u2019elles sortaient (c\u2019\u00e9tait ce que je pr\u00e9f\u00e9rais car je pouvais remercier la personne et continuer \u00e0 marcher). J\u2019ai donn\u00e9 quelques recommandations \u00e0 ma paroisse lorsque j\u2019\u00e9tais toujours en charge.<\/p>\n<p>Apr\u00e8s avoir \u00e9vit\u00e9 la F\u00eate des m\u00e8res dans ma paroisse pendant plusieurs ann\u00e9es, je me suis dit qu\u2019il \u00e9tait temps d\u2019arr\u00eater de fuir. Je n\u2019avais pas vu qu\u2019on demandait aux femmes de se lever pendant plusieurs ann\u00e9es, et j\u2019ai d\u00e9cid\u00e9 d\u2019\u00eatre courageuse. Avec une certaine appr\u00e9hension, j\u2019ai commenc\u00e9 \u00e0 assister \u00e0 la F\u00eate des m\u00e8res dans ma propre paroisse.<\/p>\n<h3>Je ne suis toujours pas une m\u00e8re et la F\u00eate des m\u00e8res accentue une souffrance interne que je ne ressens pas les autres jours.<\/h3>\n<p>Je sais maintenant que le Sauveur me connait vraiment et sait ce dont j\u2019ai besoin. Il a dit\u00a0: \u00ab\u00a0Car je connais les projets que j&rsquo;ai form\u00e9s sur vous, dit l&rsquo;Eternel, projets de paix et non de malheur, afin de vous donner un avenir et de l&rsquo;esp\u00e9rance\u2026 Je vous exaucerai. Vous me chercherez, et vous me trouverez.\u00a0\u00bb (<a href=\"http:\/\/saintebible.com\/jeremiah\/29-11.htm\">J\u00e9r\u00e9mie 29\u00a0: 11-13<\/a>)<\/p>\n<p>J\u00e9sus Christ connait mon c\u0153ur et mes chagrins et il promet\u00a0: \u00ab\u00a0ma gr\u00e2ce vous suffit\u00a0\u00bb (<a href=\"https:\/\/www.lds.org\/scriptures\/dc-testament\/dc\/17?lang=fra\" target=\"_blank\" rel=\"nofollow noopener\">Doctrine et Alliances 17\u00a0:8<\/a>). Sa Gr\u00e2ce a gu\u00e9ri mon \u00e2me autant que je l\u2019ai laiss\u00e9 le faire.<\/p>\n<p>Les serviteurs inspir\u00e9s du Seigneur offrent des paroles puissantes de r\u00e9confort et de paix. Le discours de Pr\u00e9sident Boyd K. Packer pendant la <a href=\"https:\/\/www.lds.org\/general-conference\/2015\/04\/the-plan-of-happiness?lang=fra\" target=\"_blank\" rel=\"nofollow noopener\">Conf\u00e9rence G\u00e9n\u00e9rale d\u2019avril<\/a> a apais\u00e9 ma d\u00e9ception apr\u00e8s une tentative d\u2019adoption rat\u00e9e.<em>\u00a0<\/em><\/p>\n<p><em>\u00ab\u00a0Ceux qui ne se marient pas ou qui ne peuvent pas avoir d\u2019enfants ne sont pas exclus des b\u00e9n\u00e9dictions \u00e9ternelles qu\u2019ils recherchent mais qui, pour le moment, restent hors de port\u00e9e. Nous ne savons pas toujours comment ou quand les b\u00e9n\u00e9dictions se pr\u00e9senteront \u00e0 nous, mais la promesse de progression \u00e9ternelle ne sera pas refus\u00e9e aux personnes fid\u00e8les qui contractent et gardent des alliances sacr\u00e9es.<\/em><\/p>\n<p><em>Vos d\u00e9sirs les plus profonds et vos supplications toucheront le c\u0153ur du P\u00e8re et du Fils. Ils vous donneront une assurance personnelle que votre vie sera pleine et qu\u2019aucune b\u00e9n\u00e9diction essentielle ne sera perdue pour vous.<\/em><\/p>\n<p><em>En tant que serviteur du Seigneur \u00e0 l\u2019office auquel j\u2019ai \u00e9t\u00e9 ordonn\u00e9, je fais une promesse \u00e0 ceux qui se trouvent dans ces situations, qu\u2019il n\u2019y aura rien d\u2019essentiel \u00e0 votre salut et votre exaltation qui ne vous sera pas conf\u00e9r\u00e9 le moment voulu. Les bras aujourd\u2019hui vides seront remplis, et les c\u0153urs aujourd\u2019hui meurtris en raison de r\u00eaves et de d\u00e9sirs bris\u00e9s, seront gu\u00e9ris.\u00a0\u00bb<\/em><\/p>\n<p>Mais tout de m\u00eame, malgr\u00e9 ma foi fervente en J\u00e9sus-Christ, alors que le jour de la F\u00eate des m\u00e8res dans une nouvelle paroisse approche, et avec le c\u0153ur lourd de ma perte r\u00e9cente, j\u2019ai pens\u00e9 au fait de partir en vacances loin d\u2019ici.<\/p>\n<p>Heureusement (ou malheureusement), j\u2019ai d\u00e9l\u00e9gu\u00e9 les responsabilit\u00e9s \u00e0 l\u2019\u00e9glise pour cette F\u00eate des m\u00e8res. Je me sens un peu bloqu\u00e9e et stress\u00e9e, mais je sais que \u00ab\u00a0je puis tout par celui qui me fortifie\u00a0\u00bb (Philippiens 4\u00a0: 13)<\/p>\n<p>Si comme moi vous n\u2019\u00eates pas \u00e0 l\u2019aise avec la F\u00eate des m\u00e8res, je sais qu\u2019Il peut vous rendre plus fortes \u00e9galement.<\/p>\n<p>Et \u00e0 ma tendre m\u00e8re, joyeuse F\u00eate des m\u00e8res\u00a0! Merci d\u2019avoir ancr\u00e9 la foi, l\u2019espoir et l\u2019amour dans mon jeune et maintenant moins jeune c\u0153ur, de m\u2019avoir appris les attributs de J\u00e9sus Christ \u00e0 travers ton exemple, et de continuer \u00e0 faire tes pri\u00e8res \u00ab\u00a0Dieu nous aidera \u00e0 retrouver n\u2019importe quoi\u00a0\u00bb au t\u00e9l\u00e9phone pour m\u2019aider \u00e0 retrouver des choses perdues. Je t\u2019aime pour toujours\u00a0!<\/p>\n<hr \/>\n<p><em>Article \u00e9crit par Delisa Hargrove et publi\u00e9 sur\u00a0<\/em><a href=\"http:\/\/lds.net\/blog\/life\/parenting\/women-wont-go-church-mothers-day\/\" target=\"_blank\" rel=\"nofollow noopener\"><em>LDS.net<\/em><\/a><em>, traduit par Samuel Babin<\/em><\/p>\n<p>&nbsp;<\/p>\n","protected":false},"excerpt":{"rendered":"<p>Il y a des personnes qui ont une relation tr\u00e8s tendue avec la f\u00eate des m\u00e8res. Certaines d&rsquo;entre elles arrivent \u00e0 surmonter leurs sentiments et appr\u00e9cier enfin ce jour.<\/p>\n","protected":false},"author":41,"featured_media":3323,"comment_status":"open","ping_status":"open","sticky":false,"template":"","format":"standard","meta":{"_et_pb_use_builder":"","_et_pb_old_content":"","_et_gb_content_width":"","footnotes":""},"categories":[166],"tags":[309,126,442],"class_list":["post-3322","post","type-post","status-publish","format-standard","has-post-thumbnail","hentry","category-famille","tag-enfant-de-dieu","tag-estime-de-soi","tag-femmes-dans-mormonisme","et-has-post-format-content","et_post_format-et-post-format-standard"],"yoast_head":"<!-- This site is optimized with the Yoast SEO plugin v27.4 - https:\/\/yoast.com\/product\/yoast-seo-wordpress\/ -->\n<title>Pourquoi j&#039;ai \u00e9vit\u00e9 la f\u00eate des M\u00e8res comme la peste...<\/title>\n<meta name=\"description\" content=\"Il y a des personnes qui ont une relation tr\u00e8s tendue avec la f\u00eate des m\u00e8res. Certaines d&#039;entre elles arrivent \u00e0 surmonter leurs sentiments et appr\u00e9cier enfin ce jour.\" \/>\n<meta name=\"robots\" content=\"index, follow, max-snippet:-1, max-image-preview:large, max-video-preview:-1\" \/>\n<link rel=\"canonical\" href=\"https:\/\/fr.elds.org\/lesmormons-net\/famille\/pourquoi-jai-evite-la-fete-des-meres-comme-la-peste\/\" \/>\n<meta property=\"og:locale\" content=\"fr_FR\" \/>\n<meta property=\"og:type\" content=\"article\" \/>\n<meta property=\"og:title\" content=\"Pourquoi j&#039;ai \u00e9vit\u00e9 la f\u00eate des M\u00e8res comme la peste...\" \/>\n<meta property=\"og:description\" content=\"Il y a des personnes qui ont une relation tr\u00e8s tendue avec la f\u00eate des m\u00e8res. Certaines d&#039;entre elles arrivent \u00e0 surmonter leurs sentiments et appr\u00e9cier enfin ce jour.\" \/>\n<meta property=\"og:url\" content=\"https:\/\/fr.elds.org\/lesmormons-net\/famille\/pourquoi-jai-evite-la-fete-des-meres-comme-la-peste\/\" \/>\n<meta property=\"og:site_name\" content=\"Les Mormons\" \/>\n<meta property=\"article:published_time\" content=\"2016-06-02T10:41:50+00:00\" \/>\n<meta property=\"article:modified_time\" content=\"2018-07-27T16:12:30+00:00\" \/>\n<meta property=\"og:image\" content=\"https:\/\/fr.elds.org\/lesmormons-net\/files\/2016\/06\/nid-vide.png\" \/>\n\t<meta property=\"og:image:width\" content=\"696\" \/>\n\t<meta property=\"og:image:height\" content=\"385\" \/>\n\t<meta property=\"og:image:type\" content=\"image\/png\" \/>\n<meta name=\"twitter:card\" content=\"summary_large_image\" \/>\n<meta name=\"twitter:label1\" content=\"\u00c9crit par\" \/>\n\t<meta name=\"twitter:data1\" content=\"\" \/>\n\t<meta name=\"twitter:label2\" content=\"Dur\u00e9e de lecture estim\u00e9e\" \/>\n\t<meta name=\"twitter:data2\" content=\"11 minutes\" \/>\n<script type=\"application\/ld+json\" class=\"yoast-schema-graph\">{\"@context\":\"https:\\\/\\\/schema.org\",\"@graph\":[{\"@type\":\"Article\",\"@id\":\"https:\\\/\\\/fr.elds.org\\\/lesmormons-net\\\/famille\\\/pourquoi-jai-evite-la-fete-des-meres-comme-la-peste\\\/#article\",\"isPartOf\":{\"@id\":\"https:\\\/\\\/fr.elds.org\\\/lesmormons-net\\\/famille\\\/pourquoi-jai-evite-la-fete-des-meres-comme-la-peste\\\/\"},\"author\":{\"name\":\"\",\"@id\":\"\"},\"headline\":\"Pourquoi j&rsquo;ai \u00e9vit\u00e9 la f\u00eate des M\u00e8res comme la peste et comment j&rsquo;ai (presque enti\u00e8rement) chang\u00e9\",\"datePublished\":\"2016-06-02T10:41:50+00:00\",\"dateModified\":\"2018-07-27T16:12:30+00:00\",\"mainEntityOfPage\":{\"@id\":\"https:\\\/\\\/fr.elds.org\\\/lesmormons-net\\\/famille\\\/pourquoi-jai-evite-la-fete-des-meres-comme-la-peste\\\/\"},\"wordCount\":2136,\"commentCount\":0,\"image\":{\"@id\":\"https:\\\/\\\/fr.elds.org\\\/lesmormons-net\\\/famille\\\/pourquoi-jai-evite-la-fete-des-meres-comme-la-peste\\\/#primaryimage\"},\"thumbnailUrl\":\"https:\\\/\\\/fr.elds.org\\\/lesmormons-net\\\/files\\\/2016\\\/06\\\/nid-vide.png\",\"keywords\":[\"enfant de Dieu\",\"estime de soi\",\"place des femmes dans le mormonisme\"],\"articleSection\":[\"Famille\"],\"inLanguage\":\"fr-FR\",\"potentialAction\":[{\"@type\":\"CommentAction\",\"name\":\"Comment\",\"target\":[\"https:\\\/\\\/fr.elds.org\\\/lesmormons-net\\\/famille\\\/pourquoi-jai-evite-la-fete-des-meres-comme-la-peste\\\/#respond\"]}]},{\"@type\":\"WebPage\",\"@id\":\"https:\\\/\\\/fr.elds.org\\\/lesmormons-net\\\/famille\\\/pourquoi-jai-evite-la-fete-des-meres-comme-la-peste\\\/\",\"url\":\"https:\\\/\\\/fr.elds.org\\\/lesmormons-net\\\/famille\\\/pourquoi-jai-evite-la-fete-des-meres-comme-la-peste\\\/\",\"name\":\"Pourquoi j'ai \u00e9vit\u00e9 la f\u00eate des M\u00e8res comme la peste...\",\"isPartOf\":{\"@id\":\"https:\\\/\\\/fr.elds.org\\\/lesmormons-net\\\/#website\"},\"primaryImageOfPage\":{\"@id\":\"https:\\\/\\\/fr.elds.org\\\/lesmormons-net\\\/famille\\\/pourquoi-jai-evite-la-fete-des-meres-comme-la-peste\\\/#primaryimage\"},\"image\":{\"@id\":\"https:\\\/\\\/fr.elds.org\\\/lesmormons-net\\\/famille\\\/pourquoi-jai-evite-la-fete-des-meres-comme-la-peste\\\/#primaryimage\"},\"thumbnailUrl\":\"https:\\\/\\\/fr.elds.org\\\/lesmormons-net\\\/files\\\/2016\\\/06\\\/nid-vide.png\",\"datePublished\":\"2016-06-02T10:41:50+00:00\",\"dateModified\":\"2018-07-27T16:12:30+00:00\",\"author\":{\"@id\":\"\"},\"description\":\"Il y a des personnes qui ont une relation tr\u00e8s tendue avec la f\u00eate des m\u00e8res. Certaines d'entre elles arrivent \u00e0 surmonter leurs sentiments et appr\u00e9cier enfin ce jour.\",\"breadcrumb\":{\"@id\":\"https:\\\/\\\/fr.elds.org\\\/lesmormons-net\\\/famille\\\/pourquoi-jai-evite-la-fete-des-meres-comme-la-peste\\\/#breadcrumb\"},\"inLanguage\":\"fr-FR\",\"potentialAction\":[{\"@type\":\"ReadAction\",\"target\":[\"https:\\\/\\\/fr.elds.org\\\/lesmormons-net\\\/famille\\\/pourquoi-jai-evite-la-fete-des-meres-comme-la-peste\\\/\"]}]},{\"@type\":\"ImageObject\",\"inLanguage\":\"fr-FR\",\"@id\":\"https:\\\/\\\/fr.elds.org\\\/lesmormons-net\\\/famille\\\/pourquoi-jai-evite-la-fete-des-meres-comme-la-peste\\\/#primaryimage\",\"url\":\"https:\\\/\\\/fr.elds.org\\\/lesmormons-net\\\/files\\\/2016\\\/06\\\/nid-vide.png\",\"contentUrl\":\"https:\\\/\\\/fr.elds.org\\\/lesmormons-net\\\/files\\\/2016\\\/06\\\/nid-vide.png\",\"width\":696,\"height\":385,\"caption\":\"m\u00e8res sans enfant\"},{\"@type\":\"BreadcrumbList\",\"@id\":\"https:\\\/\\\/fr.elds.org\\\/lesmormons-net\\\/famille\\\/pourquoi-jai-evite-la-fete-des-meres-comme-la-peste\\\/#breadcrumb\",\"itemListElement\":[{\"@type\":\"ListItem\",\"position\":1,\"name\":\"Home\",\"item\":\"https:\\\/\\\/fr.elds.org\\\/lesmormons-net\\\/\"},{\"@type\":\"ListItem\",\"position\":2,\"name\":\"Pourquoi j&#8217;ai \u00e9vit\u00e9 la f\u00eate des M\u00e8res comme la peste et comment j&#8217;ai (presque enti\u00e8rement) chang\u00e9\"}]},{\"@type\":\"WebSite\",\"@id\":\"https:\\\/\\\/fr.elds.org\\\/lesmormons-net\\\/#website\",\"url\":\"https:\\\/\\\/fr.elds.org\\\/lesmormons-net\\\/\",\"name\":\"Les Mormons\",\"description\":\"Les mormons au quotidien\",\"potentialAction\":[{\"@type\":\"SearchAction\",\"target\":{\"@type\":\"EntryPoint\",\"urlTemplate\":\"https:\\\/\\\/fr.elds.org\\\/lesmormons-net\\\/?s={search_term_string}\"},\"query-input\":{\"@type\":\"PropertyValueSpecification\",\"valueRequired\":true,\"valueName\":\"search_term_string\"}}],\"inLanguage\":\"fr-FR\"},{\"@type\":\"Person\",\"@id\":\"\",\"url\":\"https:\\\/\\\/fr.elds.org\\\/lesmormons-net\\\/author\\\/\"}]}<\/script>\n<!-- \/ Yoast SEO plugin. -->","yoast_head_json":{"title":"Pourquoi j'ai \u00e9vit\u00e9 la f\u00eate des M\u00e8res comme la peste...","description":"Il y a des personnes qui ont une relation tr\u00e8s tendue avec la f\u00eate des m\u00e8res. Certaines d'entre elles arrivent \u00e0 surmonter leurs sentiments et appr\u00e9cier enfin ce jour.","robots":{"index":"index","follow":"follow","max-snippet":"max-snippet:-1","max-image-preview":"max-image-preview:large","max-video-preview":"max-video-preview:-1"},"canonical":"https:\/\/fr.elds.org\/lesmormons-net\/famille\/pourquoi-jai-evite-la-fete-des-meres-comme-la-peste\/","og_locale":"fr_FR","og_type":"article","og_title":"Pourquoi j'ai \u00e9vit\u00e9 la f\u00eate des M\u00e8res comme la peste...","og_description":"Il y a des personnes qui ont une relation tr\u00e8s tendue avec la f\u00eate des m\u00e8res. Certaines d'entre elles arrivent \u00e0 surmonter leurs sentiments et appr\u00e9cier enfin ce jour.","og_url":"https:\/\/fr.elds.org\/lesmormons-net\/famille\/pourquoi-jai-evite-la-fete-des-meres-comme-la-peste\/","og_site_name":"Les Mormons","article_published_time":"2016-06-02T10:41:50+00:00","article_modified_time":"2018-07-27T16:12:30+00:00","og_image":[{"width":696,"height":385,"url":"https:\/\/fr.elds.org\/lesmormons-net\/files\/2016\/06\/nid-vide.png","type":"image\/png"}],"twitter_card":"summary_large_image","twitter_misc":{"\u00c9crit par":"","Dur\u00e9e de lecture estim\u00e9e":"11 minutes"},"schema":{"@context":"https:\/\/schema.org","@graph":[{"@type":"Article","@id":"https:\/\/fr.elds.org\/lesmormons-net\/famille\/pourquoi-jai-evite-la-fete-des-meres-comme-la-peste\/#article","isPartOf":{"@id":"https:\/\/fr.elds.org\/lesmormons-net\/famille\/pourquoi-jai-evite-la-fete-des-meres-comme-la-peste\/"},"author":{"name":"","@id":""},"headline":"Pourquoi j&rsquo;ai \u00e9vit\u00e9 la f\u00eate des M\u00e8res comme la peste et comment j&rsquo;ai (presque enti\u00e8rement) chang\u00e9","datePublished":"2016-06-02T10:41:50+00:00","dateModified":"2018-07-27T16:12:30+00:00","mainEntityOfPage":{"@id":"https:\/\/fr.elds.org\/lesmormons-net\/famille\/pourquoi-jai-evite-la-fete-des-meres-comme-la-peste\/"},"wordCount":2136,"commentCount":0,"image":{"@id":"https:\/\/fr.elds.org\/lesmormons-net\/famille\/pourquoi-jai-evite-la-fete-des-meres-comme-la-peste\/#primaryimage"},"thumbnailUrl":"https:\/\/fr.elds.org\/lesmormons-net\/files\/2016\/06\/nid-vide.png","keywords":["enfant de Dieu","estime de soi","place des femmes dans le mormonisme"],"articleSection":["Famille"],"inLanguage":"fr-FR","potentialAction":[{"@type":"CommentAction","name":"Comment","target":["https:\/\/fr.elds.org\/lesmormons-net\/famille\/pourquoi-jai-evite-la-fete-des-meres-comme-la-peste\/#respond"]}]},{"@type":"WebPage","@id":"https:\/\/fr.elds.org\/lesmormons-net\/famille\/pourquoi-jai-evite-la-fete-des-meres-comme-la-peste\/","url":"https:\/\/fr.elds.org\/lesmormons-net\/famille\/pourquoi-jai-evite-la-fete-des-meres-comme-la-peste\/","name":"Pourquoi j'ai \u00e9vit\u00e9 la f\u00eate des M\u00e8res comme la peste...","isPartOf":{"@id":"https:\/\/fr.elds.org\/lesmormons-net\/#website"},"primaryImageOfPage":{"@id":"https:\/\/fr.elds.org\/lesmormons-net\/famille\/pourquoi-jai-evite-la-fete-des-meres-comme-la-peste\/#primaryimage"},"image":{"@id":"https:\/\/fr.elds.org\/lesmormons-net\/famille\/pourquoi-jai-evite-la-fete-des-meres-comme-la-peste\/#primaryimage"},"thumbnailUrl":"https:\/\/fr.elds.org\/lesmormons-net\/files\/2016\/06\/nid-vide.png","datePublished":"2016-06-02T10:41:50+00:00","dateModified":"2018-07-27T16:12:30+00:00","author":{"@id":""},"description":"Il y a des personnes qui ont une relation tr\u00e8s tendue avec la f\u00eate des m\u00e8res. Certaines d'entre elles arrivent \u00e0 surmonter leurs sentiments et appr\u00e9cier enfin ce jour.","breadcrumb":{"@id":"https:\/\/fr.elds.org\/lesmormons-net\/famille\/pourquoi-jai-evite-la-fete-des-meres-comme-la-peste\/#breadcrumb"},"inLanguage":"fr-FR","potentialAction":[{"@type":"ReadAction","target":["https:\/\/fr.elds.org\/lesmormons-net\/famille\/pourquoi-jai-evite-la-fete-des-meres-comme-la-peste\/"]}]},{"@type":"ImageObject","inLanguage":"fr-FR","@id":"https:\/\/fr.elds.org\/lesmormons-net\/famille\/pourquoi-jai-evite-la-fete-des-meres-comme-la-peste\/#primaryimage","url":"https:\/\/fr.elds.org\/lesmormons-net\/files\/2016\/06\/nid-vide.png","contentUrl":"https:\/\/fr.elds.org\/lesmormons-net\/files\/2016\/06\/nid-vide.png","width":696,"height":385,"caption":"m\u00e8res sans enfant"},{"@type":"BreadcrumbList","@id":"https:\/\/fr.elds.org\/lesmormons-net\/famille\/pourquoi-jai-evite-la-fete-des-meres-comme-la-peste\/#breadcrumb","itemListElement":[{"@type":"ListItem","position":1,"name":"Home","item":"https:\/\/fr.elds.org\/lesmormons-net\/"},{"@type":"ListItem","position":2,"name":"Pourquoi j&#8217;ai \u00e9vit\u00e9 la f\u00eate des M\u00e8res comme la peste et comment j&#8217;ai (presque enti\u00e8rement) chang\u00e9"}]},{"@type":"WebSite","@id":"https:\/\/fr.elds.org\/lesmormons-net\/#website","url":"https:\/\/fr.elds.org\/lesmormons-net\/","name":"Les Mormons","description":"Les mormons au quotidien","potentialAction":[{"@type":"SearchAction","target":{"@type":"EntryPoint","urlTemplate":"https:\/\/fr.elds.org\/lesmormons-net\/?s={search_term_string}"},"query-input":{"@type":"PropertyValueSpecification","valueRequired":true,"valueName":"search_term_string"}}],"inLanguage":"fr-FR"},{"@type":"Person","@id":"","url":"https:\/\/fr.elds.org\/lesmormons-net\/author\/"}]}},"_links":{"self":[{"href":"https:\/\/fr.elds.org\/lesmormons-net\/wp-json\/wp\/v2\/posts\/3322","targetHints":{"allow":["GET"]}}],"collection":[{"href":"https:\/\/fr.elds.org\/lesmormons-net\/wp-json\/wp\/v2\/posts"}],"about":[{"href":"https:\/\/fr.elds.org\/lesmormons-net\/wp-json\/wp\/v2\/types\/post"}],"author":[{"embeddable":true,"href":"https:\/\/fr.elds.org\/lesmormons-net\/wp-json\/wp\/v2\/users\/41"}],"replies":[{"embeddable":true,"href":"https:\/\/fr.elds.org\/lesmormons-net\/wp-json\/wp\/v2\/comments?post=3322"}],"version-history":[{"count":8,"href":"https:\/\/fr.elds.org\/lesmormons-net\/wp-json\/wp\/v2\/posts\/3322\/revisions"}],"predecessor-version":[{"id":8165,"href":"https:\/\/fr.elds.org\/lesmormons-net\/wp-json\/wp\/v2\/posts\/3322\/revisions\/8165"}],"wp:featuredmedia":[{"embeddable":true,"href":"https:\/\/fr.elds.org\/lesmormons-net\/wp-json\/wp\/v2\/media\/3323"}],"wp:attachment":[{"href":"https:\/\/fr.elds.org\/lesmormons-net\/wp-json\/wp\/v2\/media?parent=3322"}],"wp:term":[{"taxonomy":"category","embeddable":true,"href":"https:\/\/fr.elds.org\/lesmormons-net\/wp-json\/wp\/v2\/categories?post=3322"},{"taxonomy":"post_tag","embeddable":true,"href":"https:\/\/fr.elds.org\/lesmormons-net\/wp-json\/wp\/v2\/tags?post=3322"}],"curies":[{"name":"wp","href":"https:\/\/api.w.org\/{rel}","templated":true}]}}