{"id":2938,"date":"2016-04-20T18:15:43","date_gmt":"2016-04-20T16:15:43","guid":{"rendered":"http:\/\/fr.elds.org\/lesmormons-net\/?p=2938"},"modified":"2018-07-07T09:13:14","modified_gmt":"2018-07-07T07:13:14","slug":"10-membres-decedes-lors-du-tremblement-de-terre-en-equateur","status":"publish","type":"post","link":"https:\/\/fr.elds.org\/lesmormons-net\/actualites-mondiales\/10-membres-decedes-lors-du-tremblement-de-terre-en-equateur\/","title":{"rendered":"10 MEMBRES D\u00c9C\u00c9D\u00c9S LORS DU TREMBLEMENT DE TERRE EN EQUATEUR"},"content":{"rendered":"<p style=\"line-height: 21.0pt; background: white;\"><span style=\"font-size: 13.5pt; font-family: 'Droid Serif'; color: black;\">Dix Saints des Derniers Jours sont compt\u00e9s parmi les centaines de morts tu\u00e9s lors du tremblement de terre qui a secou\u00e9 la c\u00f4te \u00c9quatorienne Samedi 16 avril. Des milliers ont \u00e9t\u00e9 bless\u00e9s ou se retrouvent sans abris suite au s\u00e9isme le plus important que l\u2019Equateur ait vu depuis des d\u00e9cennies. <\/span><\/p>\n<p style=\"line-height: 21.0pt; background: white; text-align: start;\"><span style=\"font-size: 13.5pt; font-family: 'Droid Serif'; color: black;\">Le Pieu de Portoviejo Equateur a \u00e9t\u00e9 s\u00e9rieusement touch\u00e9 par la catastrophe. Cinq membres du Pieu sont d\u00e9c\u00e9d\u00e9s, y compris un pr\u00e9sident de branche, son \u00e9pouse et leur fille. Leurs noms n\u2019ont pas \u00e9t\u00e9 communiqu\u00e9s. <\/span><\/p>\n<p style=\"line-height: 21.0pt; background: white; text-align: start;\"><span style=\"font-size: 13.5pt; font-family: 'Droid Serif'; color: black;\">Une douzaine de lieux de culte Mormons ont \u00e9t\u00e9 endommag\u00e9s pendant le s\u00e9isme d\u2019une magnitude de 7.8. Mardi l\u2019\u00e9tendue des d\u00e9g\u00e2ts des b\u00e2timents \u00e9tait encore incertaine, tout comme la possibilit\u00e9 de faire des travaux de r\u00e9paration. <\/span><\/p>\n<p style=\"line-height: 21.0pt; background: white; text-align: start;\"><span style=\"font-size: 13.5pt; font-family: 'Droid Serif'; color: black;\">L\u2019Eglise a issu un communiqu\u00e9 rapidement apr\u00e8s la catastrophe. <\/span><\/p>\n<p style=\"line-height: 21.0pt; background: white;\"><span style=\"font-size: 13.5pt; font-family: 'Droid Serif'; color: black;\">Image LDS Church News<\/span><\/p>\n<p style=\"line-height: 21.0pt; background: white;\"><span style=\"font-size: 13.5pt; font-family: 'Droid Serif'; color: black;\">Publi\u00e9 sur <a href=\"https:\/\/www.ldsliving.com\/Church-Reports-10-Members-Died-in-Ecuador-Earthquake-Thousands-More-Left-Homeless\/s\/81908?utm_source=ldsliving&amp;utm_medium=email\" target=\"_blank\" rel=\"noopener\" rel=\"nofollow\">LDS Living<\/a>, traduit par Johanna<\/span><\/p>\n","protected":false},"excerpt":{"rendered":"<p>Dix Saints des Derniers Jours sont compt\u00e9s parmi les centaines de morts tu\u00e9s lors du tremblement de terre qui a secou\u00e9 la c\u00f4te \u00c9quatorienne Samedi 16 avril. Des milliers ont \u00e9t\u00e9 bless\u00e9s ou se retrouvent sans abris suite au s\u00e9isme le plus important que l\u2019Equateur ait vu depuis des d\u00e9cennies. Le Pieu de Portoviejo Equateur [&hellip;]<\/p>\n","protected":false},"author":39,"featured_media":2939,"comment_status":"open","ping_status":"open","sticky":false,"template":"","format":"standard","meta":{"_et_pb_use_builder":"","_et_pb_old_content":"","_et_gb_content_width":"","footnotes":""},"categories":[174],"tags":[71,438],"class_list":["post-2938","post","type-post","status-publish","format-standard","has-post-thumbnail","hentry","category-actualites-mondiales","tag-news","tag-surmonter-les-epreuves","et-has-post-format-content","et_post_format-et-post-format-standard"],"yoast_head":"<!-- This site is optimized with the Yoast SEO plugin v27.4 - https:\/\/yoast.com\/product\/yoast-seo-wordpress\/ -->\n<title>10 MEMBRES D\u00c9C\u00c9D\u00c9S LORS DU TREMBLEMENT DE TERRE EN EQUATEUR<\/title>\n<meta name=\"robots\" content=\"index, follow, max-snippet:-1, max-image-preview:large, max-video-preview:-1\" \/>\n<link rel=\"canonical\" href=\"https:\/\/fr.elds.org\/lesmormons-net\/actualites-mondiales\/10-membres-decedes-lors-du-tremblement-de-terre-en-equateur\/\" \/>\n<meta property=\"og:locale\" content=\"fr_FR\" \/>\n<meta property=\"og:type\" content=\"article\" \/>\n<meta property=\"og:title\" content=\"10 MEMBRES D\u00c9C\u00c9D\u00c9S LORS DU TREMBLEMENT DE TERRE EN EQUATEUR\" \/>\n<meta property=\"og:description\" content=\"Dix Saints des Derniers Jours sont compt\u00e9s parmi les centaines de morts tu\u00e9s lors du tremblement de terre qui a secou\u00e9 la c\u00f4te \u00c9quatorienne Samedi 16 avril. Des milliers ont \u00e9t\u00e9 bless\u00e9s ou se retrouvent sans abris suite au s\u00e9isme le plus important que l\u2019Equateur ait vu depuis des d\u00e9cennies. Le Pieu de Portoviejo Equateur [&hellip;]\" \/>\n<meta property=\"og:url\" content=\"https:\/\/fr.elds.org\/lesmormons-net\/actualites-mondiales\/10-membres-decedes-lors-du-tremblement-de-terre-en-equateur\/\" \/>\n<meta property=\"og:site_name\" content=\"Les Mormons\" \/>\n<meta property=\"article:published_time\" content=\"2016-04-20T16:15:43+00:00\" \/>\n<meta property=\"article:modified_time\" content=\"2018-07-07T07:13:14+00:00\" \/>\n<meta property=\"og:image\" content=\"https:\/\/fr.elds.org\/lesmormons-net\/files\/2016\/04\/mains-serviables.jpg\" \/>\n\t<meta property=\"og:image:width\" content=\"948\" \/>\n\t<meta property=\"og:image:height\" content=\"542\" \/>\n\t<meta property=\"og:image:type\" content=\"image\/jpeg\" \/>\n<meta name=\"twitter:card\" content=\"summary_large_image\" \/>\n<meta name=\"twitter:label1\" content=\"\u00c9crit par\" \/>\n\t<meta name=\"twitter:data1\" content=\"\" \/>\n\t<meta name=\"twitter:label2\" content=\"Dur\u00e9e de lecture estim\u00e9e\" \/>\n\t<meta name=\"twitter:data2\" content=\"1 minute\" \/>\n<script type=\"application\/ld+json\" class=\"yoast-schema-graph\">{\"@context\":\"https:\\\/\\\/schema.org\",\"@graph\":[{\"@type\":\"Article\",\"@id\":\"https:\\\/\\\/fr.elds.org\\\/lesmormons-net\\\/actualites-mondiales\\\/10-membres-decedes-lors-du-tremblement-de-terre-en-equateur\\\/#article\",\"isPartOf\":{\"@id\":\"https:\\\/\\\/fr.elds.org\\\/lesmormons-net\\\/actualites-mondiales\\\/10-membres-decedes-lors-du-tremblement-de-terre-en-equateur\\\/\"},\"author\":{\"name\":\"\",\"@id\":\"\"},\"headline\":\"10 MEMBRES D\u00c9C\u00c9D\u00c9S LORS DU TREMBLEMENT DE TERRE EN EQUATEUR\",\"datePublished\":\"2016-04-20T16:15:43+00:00\",\"dateModified\":\"2018-07-07T07:13:14+00:00\",\"mainEntityOfPage\":{\"@id\":\"https:\\\/\\\/fr.elds.org\\\/lesmormons-net\\\/actualites-mondiales\\\/10-membres-decedes-lors-du-tremblement-de-terre-en-equateur\\\/\"},\"wordCount\":175,\"commentCount\":0,\"image\":{\"@id\":\"https:\\\/\\\/fr.elds.org\\\/lesmormons-net\\\/actualites-mondiales\\\/10-membres-decedes-lors-du-tremblement-de-terre-en-equateur\\\/#primaryimage\"},\"thumbnailUrl\":\"https:\\\/\\\/fr.elds.org\\\/lesmormons-net\\\/files\\\/2016\\\/04\\\/mains-serviables.jpg\",\"keywords\":[\"nouvelles\",\"surmonter les \u00e9preuves\"],\"articleSection\":[\"Actualit\u00e9s mondiales\"],\"inLanguage\":\"fr-FR\",\"potentialAction\":[{\"@type\":\"CommentAction\",\"name\":\"Comment\",\"target\":[\"https:\\\/\\\/fr.elds.org\\\/lesmormons-net\\\/actualites-mondiales\\\/10-membres-decedes-lors-du-tremblement-de-terre-en-equateur\\\/#respond\"]}]},{\"@type\":\"WebPage\",\"@id\":\"https:\\\/\\\/fr.elds.org\\\/lesmormons-net\\\/actualites-mondiales\\\/10-membres-decedes-lors-du-tremblement-de-terre-en-equateur\\\/\",\"url\":\"https:\\\/\\\/fr.elds.org\\\/lesmormons-net\\\/actualites-mondiales\\\/10-membres-decedes-lors-du-tremblement-de-terre-en-equateur\\\/\",\"name\":\"10 MEMBRES D\u00c9C\u00c9D\u00c9S LORS DU TREMBLEMENT DE TERRE EN EQUATEUR\",\"isPartOf\":{\"@id\":\"https:\\\/\\\/fr.elds.org\\\/lesmormons-net\\\/#website\"},\"primaryImageOfPage\":{\"@id\":\"https:\\\/\\\/fr.elds.org\\\/lesmormons-net\\\/actualites-mondiales\\\/10-membres-decedes-lors-du-tremblement-de-terre-en-equateur\\\/#primaryimage\"},\"image\":{\"@id\":\"https:\\\/\\\/fr.elds.org\\\/lesmormons-net\\\/actualites-mondiales\\\/10-membres-decedes-lors-du-tremblement-de-terre-en-equateur\\\/#primaryimage\"},\"thumbnailUrl\":\"https:\\\/\\\/fr.elds.org\\\/lesmormons-net\\\/files\\\/2016\\\/04\\\/mains-serviables.jpg\",\"datePublished\":\"2016-04-20T16:15:43+00:00\",\"dateModified\":\"2018-07-07T07:13:14+00:00\",\"author\":{\"@id\":\"\"},\"breadcrumb\":{\"@id\":\"https:\\\/\\\/fr.elds.org\\\/lesmormons-net\\\/actualites-mondiales\\\/10-membres-decedes-lors-du-tremblement-de-terre-en-equateur\\\/#breadcrumb\"},\"inLanguage\":\"fr-FR\",\"potentialAction\":[{\"@type\":\"ReadAction\",\"target\":[\"https:\\\/\\\/fr.elds.org\\\/lesmormons-net\\\/actualites-mondiales\\\/10-membres-decedes-lors-du-tremblement-de-terre-en-equateur\\\/\"]}]},{\"@type\":\"ImageObject\",\"inLanguage\":\"fr-FR\",\"@id\":\"https:\\\/\\\/fr.elds.org\\\/lesmormons-net\\\/actualites-mondiales\\\/10-membres-decedes-lors-du-tremblement-de-terre-en-equateur\\\/#primaryimage\",\"url\":\"https:\\\/\\\/fr.elds.org\\\/lesmormons-net\\\/files\\\/2016\\\/04\\\/mains-serviables.jpg\",\"contentUrl\":\"https:\\\/\\\/fr.elds.org\\\/lesmormons-net\\\/files\\\/2016\\\/04\\\/mains-serviables.jpg\",\"width\":948,\"height\":542,\"caption\":\"catastrophe en \u00e9quateur\"},{\"@type\":\"BreadcrumbList\",\"@id\":\"https:\\\/\\\/fr.elds.org\\\/lesmormons-net\\\/actualites-mondiales\\\/10-membres-decedes-lors-du-tremblement-de-terre-en-equateur\\\/#breadcrumb\",\"itemListElement\":[{\"@type\":\"ListItem\",\"position\":1,\"name\":\"Home\",\"item\":\"https:\\\/\\\/fr.elds.org\\\/lesmormons-net\\\/\"},{\"@type\":\"ListItem\",\"position\":2,\"name\":\"10 MEMBRES D\u00c9C\u00c9D\u00c9S LORS DU TREMBLEMENT DE TERRE EN EQUATEUR\"}]},{\"@type\":\"WebSite\",\"@id\":\"https:\\\/\\\/fr.elds.org\\\/lesmormons-net\\\/#website\",\"url\":\"https:\\\/\\\/fr.elds.org\\\/lesmormons-net\\\/\",\"name\":\"Les Mormons\",\"description\":\"Les mormons au quotidien\",\"potentialAction\":[{\"@type\":\"SearchAction\",\"target\":{\"@type\":\"EntryPoint\",\"urlTemplate\":\"https:\\\/\\\/fr.elds.org\\\/lesmormons-net\\\/?s={search_term_string}\"},\"query-input\":{\"@type\":\"PropertyValueSpecification\",\"valueRequired\":true,\"valueName\":\"search_term_string\"}}],\"inLanguage\":\"fr-FR\"},{\"@type\":\"Person\",\"@id\":\"\",\"url\":\"https:\\\/\\\/fr.elds.org\\\/lesmormons-net\\\/author\\\/\"}]}<\/script>\n<!-- \/ Yoast SEO plugin. -->","yoast_head_json":{"title":"10 MEMBRES D\u00c9C\u00c9D\u00c9S LORS DU TREMBLEMENT DE TERRE EN EQUATEUR","robots":{"index":"index","follow":"follow","max-snippet":"max-snippet:-1","max-image-preview":"max-image-preview:large","max-video-preview":"max-video-preview:-1"},"canonical":"https:\/\/fr.elds.org\/lesmormons-net\/actualites-mondiales\/10-membres-decedes-lors-du-tremblement-de-terre-en-equateur\/","og_locale":"fr_FR","og_type":"article","og_title":"10 MEMBRES D\u00c9C\u00c9D\u00c9S LORS DU TREMBLEMENT DE TERRE EN EQUATEUR","og_description":"Dix Saints des Derniers Jours sont compt\u00e9s parmi les centaines de morts tu\u00e9s lors du tremblement de terre qui a secou\u00e9 la c\u00f4te \u00c9quatorienne Samedi 16 avril. Des milliers ont \u00e9t\u00e9 bless\u00e9s ou se retrouvent sans abris suite au s\u00e9isme le plus important que l\u2019Equateur ait vu depuis des d\u00e9cennies. Le Pieu de Portoviejo Equateur [&hellip;]","og_url":"https:\/\/fr.elds.org\/lesmormons-net\/actualites-mondiales\/10-membres-decedes-lors-du-tremblement-de-terre-en-equateur\/","og_site_name":"Les Mormons","article_published_time":"2016-04-20T16:15:43+00:00","article_modified_time":"2018-07-07T07:13:14+00:00","og_image":[{"width":948,"height":542,"url":"https:\/\/fr.elds.org\/lesmormons-net\/files\/2016\/04\/mains-serviables.jpg","type":"image\/jpeg"}],"twitter_card":"summary_large_image","twitter_misc":{"\u00c9crit par":"","Dur\u00e9e de lecture estim\u00e9e":"1 minute"},"schema":{"@context":"https:\/\/schema.org","@graph":[{"@type":"Article","@id":"https:\/\/fr.elds.org\/lesmormons-net\/actualites-mondiales\/10-membres-decedes-lors-du-tremblement-de-terre-en-equateur\/#article","isPartOf":{"@id":"https:\/\/fr.elds.org\/lesmormons-net\/actualites-mondiales\/10-membres-decedes-lors-du-tremblement-de-terre-en-equateur\/"},"author":{"name":"","@id":""},"headline":"10 MEMBRES D\u00c9C\u00c9D\u00c9S LORS DU TREMBLEMENT DE TERRE EN EQUATEUR","datePublished":"2016-04-20T16:15:43+00:00","dateModified":"2018-07-07T07:13:14+00:00","mainEntityOfPage":{"@id":"https:\/\/fr.elds.org\/lesmormons-net\/actualites-mondiales\/10-membres-decedes-lors-du-tremblement-de-terre-en-equateur\/"},"wordCount":175,"commentCount":0,"image":{"@id":"https:\/\/fr.elds.org\/lesmormons-net\/actualites-mondiales\/10-membres-decedes-lors-du-tremblement-de-terre-en-equateur\/#primaryimage"},"thumbnailUrl":"https:\/\/fr.elds.org\/lesmormons-net\/files\/2016\/04\/mains-serviables.jpg","keywords":["nouvelles","surmonter les \u00e9preuves"],"articleSection":["Actualit\u00e9s mondiales"],"inLanguage":"fr-FR","potentialAction":[{"@type":"CommentAction","name":"Comment","target":["https:\/\/fr.elds.org\/lesmormons-net\/actualites-mondiales\/10-membres-decedes-lors-du-tremblement-de-terre-en-equateur\/#respond"]}]},{"@type":"WebPage","@id":"https:\/\/fr.elds.org\/lesmormons-net\/actualites-mondiales\/10-membres-decedes-lors-du-tremblement-de-terre-en-equateur\/","url":"https:\/\/fr.elds.org\/lesmormons-net\/actualites-mondiales\/10-membres-decedes-lors-du-tremblement-de-terre-en-equateur\/","name":"10 MEMBRES D\u00c9C\u00c9D\u00c9S LORS DU TREMBLEMENT DE TERRE EN EQUATEUR","isPartOf":{"@id":"https:\/\/fr.elds.org\/lesmormons-net\/#website"},"primaryImageOfPage":{"@id":"https:\/\/fr.elds.org\/lesmormons-net\/actualites-mondiales\/10-membres-decedes-lors-du-tremblement-de-terre-en-equateur\/#primaryimage"},"image":{"@id":"https:\/\/fr.elds.org\/lesmormons-net\/actualites-mondiales\/10-membres-decedes-lors-du-tremblement-de-terre-en-equateur\/#primaryimage"},"thumbnailUrl":"https:\/\/fr.elds.org\/lesmormons-net\/files\/2016\/04\/mains-serviables.jpg","datePublished":"2016-04-20T16:15:43+00:00","dateModified":"2018-07-07T07:13:14+00:00","author":{"@id":""},"breadcrumb":{"@id":"https:\/\/fr.elds.org\/lesmormons-net\/actualites-mondiales\/10-membres-decedes-lors-du-tremblement-de-terre-en-equateur\/#breadcrumb"},"inLanguage":"fr-FR","potentialAction":[{"@type":"ReadAction","target":["https:\/\/fr.elds.org\/lesmormons-net\/actualites-mondiales\/10-membres-decedes-lors-du-tremblement-de-terre-en-equateur\/"]}]},{"@type":"ImageObject","inLanguage":"fr-FR","@id":"https:\/\/fr.elds.org\/lesmormons-net\/actualites-mondiales\/10-membres-decedes-lors-du-tremblement-de-terre-en-equateur\/#primaryimage","url":"https:\/\/fr.elds.org\/lesmormons-net\/files\/2016\/04\/mains-serviables.jpg","contentUrl":"https:\/\/fr.elds.org\/lesmormons-net\/files\/2016\/04\/mains-serviables.jpg","width":948,"height":542,"caption":"catastrophe en \u00e9quateur"},{"@type":"BreadcrumbList","@id":"https:\/\/fr.elds.org\/lesmormons-net\/actualites-mondiales\/10-membres-decedes-lors-du-tremblement-de-terre-en-equateur\/#breadcrumb","itemListElement":[{"@type":"ListItem","position":1,"name":"Home","item":"https:\/\/fr.elds.org\/lesmormons-net\/"},{"@type":"ListItem","position":2,"name":"10 MEMBRES D\u00c9C\u00c9D\u00c9S LORS DU TREMBLEMENT DE TERRE EN EQUATEUR"}]},{"@type":"WebSite","@id":"https:\/\/fr.elds.org\/lesmormons-net\/#website","url":"https:\/\/fr.elds.org\/lesmormons-net\/","name":"Les Mormons","description":"Les mormons au quotidien","potentialAction":[{"@type":"SearchAction","target":{"@type":"EntryPoint","urlTemplate":"https:\/\/fr.elds.org\/lesmormons-net\/?s={search_term_string}"},"query-input":{"@type":"PropertyValueSpecification","valueRequired":true,"valueName":"search_term_string"}}],"inLanguage":"fr-FR"},{"@type":"Person","@id":"","url":"https:\/\/fr.elds.org\/lesmormons-net\/author\/"}]}},"_links":{"self":[{"href":"https:\/\/fr.elds.org\/lesmormons-net\/wp-json\/wp\/v2\/posts\/2938","targetHints":{"allow":["GET"]}}],"collection":[{"href":"https:\/\/fr.elds.org\/lesmormons-net\/wp-json\/wp\/v2\/posts"}],"about":[{"href":"https:\/\/fr.elds.org\/lesmormons-net\/wp-json\/wp\/v2\/types\/post"}],"author":[{"embeddable":true,"href":"https:\/\/fr.elds.org\/lesmormons-net\/wp-json\/wp\/v2\/users\/39"}],"replies":[{"embeddable":true,"href":"https:\/\/fr.elds.org\/lesmormons-net\/wp-json\/wp\/v2\/comments?post=2938"}],"version-history":[{"count":4,"href":"https:\/\/fr.elds.org\/lesmormons-net\/wp-json\/wp\/v2\/posts\/2938\/revisions"}],"predecessor-version":[{"id":6276,"href":"https:\/\/fr.elds.org\/lesmormons-net\/wp-json\/wp\/v2\/posts\/2938\/revisions\/6276"}],"wp:featuredmedia":[{"embeddable":true,"href":"https:\/\/fr.elds.org\/lesmormons-net\/wp-json\/wp\/v2\/media\/2939"}],"wp:attachment":[{"href":"https:\/\/fr.elds.org\/lesmormons-net\/wp-json\/wp\/v2\/media?parent=2938"}],"wp:term":[{"taxonomy":"category","embeddable":true,"href":"https:\/\/fr.elds.org\/lesmormons-net\/wp-json\/wp\/v2\/categories?post=2938"},{"taxonomy":"post_tag","embeddable":true,"href":"https:\/\/fr.elds.org\/lesmormons-net\/wp-json\/wp\/v2\/tags?post=2938"}],"curies":[{"name":"wp","href":"https:\/\/api.w.org\/{rel}","templated":true}]}}