{"id":2357,"date":"2016-01-14T09:21:28","date_gmt":"2016-01-14T08:21:28","guid":{"rendered":"http:\/\/fr.elds.org\/lesmormons-net\/?p=2357"},"modified":"2018-07-03T22:10:47","modified_gmt":"2018-07-03T20:10:47","slug":"de-la-beaute-dans-les-cendres","status":"publish","type":"post","link":"https:\/\/fr.elds.org\/lesmormons-net\/temple\/de-la-beaute-dans-les-cendres\/","title":{"rendered":"Temple de Provo, la beaut\u00e9 peut na\u00eetre des cendres"},"content":{"rendered":"<p style=\"text-align: justify;\">Le ph\u00e9nix est un magnifique oiseau qui se r\u00e9g\u00e9n\u00e8re ou rena\u00eet, souvent associ\u00e9 au soleil et qui obtient la vie en renaissant des cendres de ses pr\u00e9d\u00e9cesseurs. L\u2019oiseau l\u00e9gendaire meurt en entrant en combustion dans de terribles flammes et se d\u00e9compose simplement avant de rena\u00eetre.<\/p>\n<p style=\"text-align: justify;\">Le ph\u00e9nix symbolise le renouveau en g\u00e9n\u00e9ral, aussi bien que le soleil, le temps, la cons\u00e9cration, la r\u00e9surrection, la vie dans les cieux et le Christ.\u00a0A cette liste de symboles j\u2019aimerais ajouter le courage et \u00eatre un battant.<\/p>\n<p style=\"text-align: justify;\">Comme par co\u00efncidence, je me suis retrouv\u00e9e dans le comas dans un lit d\u2019un centre pour\u00a0grands br\u00fbl\u00e9s dans l\u2019\u00e9touffante ville de Phoenix en Arizona, o\u00f9 j\u2019ai \u00e9t\u00e9 soign\u00e9e pour de graves br\u00fblures sur 80% de mon corps.<\/p>\n<p style=\"text-align: justify;\">Le ph\u00e9nix a une forte symbolique pour moi et mon histoire de fa\u00e7ons tellement diff\u00e9rentes.<\/p>\n<p style=\"text-align: justify;\">Il y a 5 ans \u00e0 peu pr\u00e8s quand le feu a d\u00e9vast\u00e9 le tabernacle historique de Provo, tout le monde en a \u00e9t\u00e9 attrist\u00e9 et j\u2019ai ressenti comme un sentiment personnel de perte.<\/p>\n<p style=\"text-align: justify;\"><a href=\"http:\/\/fr.elds.org\/lesmormons-net\/files\/2016\/01\/Tabernacle-Provo-en-flammes.jpg\"><img fetchpriority=\"high\" fetchpriority=\"high\" decoding=\"async\" class=\"aligncenter size-large wp-image-4551\" src=\"http:\/\/fr.elds.org\/lesmormons-net\/files\/2016\/01\/Tabernacle-Provo-en-flammes-1024x576.jpg\" alt=\"Le Tabernacle de Provo en flammes devient un Temple \" width=\"1024\" height=\"576\" srcset=\"https:\/\/fr.elds.org\/lesmormons-net\/files\/2016\/01\/Tabernacle-Provo-en-flammes-1024x576.jpg 1024w, https:\/\/fr.elds.org\/lesmormons-net\/files\/2016\/01\/Tabernacle-Provo-en-flammes-300x169.jpg 300w, https:\/\/fr.elds.org\/lesmormons-net\/files\/2016\/01\/Tabernacle-Provo-en-flammes-768x432.jpg 768w, https:\/\/fr.elds.org\/lesmormons-net\/files\/2016\/01\/Tabernacle-Provo-en-flammes-1080x608.jpg 1080w, https:\/\/fr.elds.org\/lesmormons-net\/files\/2016\/01\/Tabernacle-Provo-en-flammes.jpg 1280w\" sizes=\"(max-width: 1024px) 100vw, 1024px\" \/><\/a><\/p>\n<p style=\"text-align: justify;\">Depuis que je suis n\u00e9e et d\u2019aussi loin que je me souvienne, mes parents ont toujours assist\u00e9 aux conf\u00e9rences de Pieu (Eglise), aux pr\u00e9sentations de No\u00ebl et de P\u00e2ques, aux symphonies et c\u00e9r\u00e9monies de remise de dipl\u00f4mes dans ce glorieux b\u00e2timent historique.<\/p>\n<p style=\"text-align: justify;\">Quand l\u2019annonce a \u00e9t\u00e9 faite en 2011 \u00a0que ce b\u00e2timent vaincu par le feu serait transform\u00e9 en un temple, mon c\u0153ur a \u00e9t\u00e9 profond\u00e9ment touch\u00e9. J\u2019ai pu voir depuis le d\u00e9but le plan du Seigneur &#8211;\u00a0 c\u2019\u00e9tait le m\u00eame plan qu\u2019Il avait pour moi\u00a0!\u00a0Renouveau, renaissance, rajeunissement, restauration et nouveau d\u00e9part.<\/p>\n<p style=\"text-align: justify;\">Donc vous voyez, cette l\u00e9gende du magnifique ph\u00e9nix n\u2019est pas juste un mythe pour moi.\u00a0C\u2019est mon histoire et c\u2019est l\u2019histoire de ce temple.<\/p>\n<p style=\"text-align: justify;\">Nous avons tous les deux \u00e9t\u00e9 litt\u00e9ralement r\u00e9duits en cendres et nous sommes n\u00e9s de nouveau forts, braves et courageux, gagnant en\u00a0sagesse avec un diff\u00e9rent type de beaut\u00e9.<\/p>\n<p style=\"text-align: justify;\">C\u2019est pour cette raison que ce temple a tellement d\u2019importance pour moi.<\/p>\n<p style=\"text-align: justify;\">L\u2019\u00e9t\u00e9 dernier Mr. Nielson et moi avons rencontr\u00e9 Nish par le biais de nos sessions de<a href=\"https:\/\/chat.mormon.org\/chat\/#\/\" target=\"_blank\" rel=\"noopener\"> chat du mercredi avec Mormon.org<\/a>. Nish vit ici en Utah et est devenue une amie ch\u00e8re.\u00a0Nish nous a rejoint pour un tour de ce nouveau temple.<\/p>\n<p style=\"text-align: justify;\">Nish n\u2019est pas un membre de l\u2019Eglise de J\u00e9sus-Christ des Saints des Derniers Jours, et c\u2019\u00e9tait un v\u00e9ritable honneur de lui expliquer pourquoi nous construisons des temples, ce qui se passe \u00e0 l\u2019int\u00e9rieur et pourquoi ils sont si chers au Mormons-\u00a0 particuli\u00e8rement ce temple\u00a0!<\/p>\n<p style=\"text-align: justify;\">Quelques jours plus tard Mr. Nielson et moi avons eu le privil\u00e8ge de faire le tour du temple encore une fois et cette fois-ci juste tous les deux.<\/p>\n<p style=\"text-align: justify;\">J\u2019ai \u00e9t\u00e9 submerg\u00e9e par l\u2019\u00e9motion cette fois et tout me donnait envie de pleurer.<br \/>\nPeut-\u00eatre parce que je crois et sais que Dieu ne nous laisse jamais dans les cendres\u00a0;\u00a0Il est impatient de nous recevoir dans ses bras avec notre douleur, nos c\u0153urs bris\u00e9s, nos d\u00e9ceptions, nos tristesses, notre solitude et d\u00e9sespoir, pour nous fortifier et nous restaurer encore.<\/p>\n<p style=\"text-align: justify;\">Nous nous \u00ab\u00a0relevons tous des cendres\u00a0\u00bb de quelque chose. Votre histoire ne concerne peut \u00eatre pas un incendie ni la douleur physique, mais je crois que quoi que ce soit, vous pouvez le surmonter et rena\u00eetre pour quelque chose de glorieux et magnifique, tout comme ce magnifique ph\u00e9nix et ce glorieux temple.<\/p>\n<p style=\"text-align: justify;\">Tandis que je faisais le tour de ce temple miraculeux et sa magnifique transformation, j\u2019ai \u00e9t\u00e9 amen\u00e9e \u00e0 voir combien l\u2019int\u00e9rieur et l\u2019ext\u00e9rieur sont stup\u00e9fiants, ce qui m\u2019a rappel\u00e9 mon propre miracle et ma restauration et cela me donne une occasion de me r\u00e9jouir\u00a0!<\/p>\n<blockquote>\n<p style=\"text-align: center;\">Esa\u00efe 61\u00a0:3<\/p>\n<p style=\"text-align: left;\">Pour accorder aux afflig\u00e9s de Sion, Pour leur donner un diad\u00e8me au lieu de la cendre, Une huile de joie au lieu du deuil, Un v\u00eatement de louange au lieu d&rsquo;un esprit abattu, Afin qu&rsquo;on les appelle des t\u00e9r\u00e9binthes de la justice, Une plantation de l&rsquo;Eternel, pour servir \u00e0 sa gloire<\/p>\n<\/blockquote>\n<hr \/>\n<p style=\"text-align: justify;\"><em>D&rsquo;apr\u00e8s un article de Stephanie Nielson, publi\u00e9 sur <a href=\"http:\/\/nieniedialogues.blogspot.fr\/2016\/01\/beauty-for-ashes.html\" target=\"_blank\" rel=\"nofollow noopener\">nieniedialogues.blogspot.fr<\/a><\/em><\/p>\n<p style=\"text-align: justify;\">Pour plus d\u2019information sur la visite du nouveau Temple de Provo City Center, cliquer <a href=\"http:\/\/www.mormonnewsroom.org\/article\/reservations-provo-city-center-temple-open-house\" target=\"_blank\" rel=\"nofollow noopener\">ICI<\/a><\/p>\n","protected":false},"excerpt":{"rendered":"<p>Quand le feu a d\u00e9vast\u00e9 le tabernacle historique de Provo, tout le monde en a \u00e9t\u00e9 attrist\u00e9 et j\u2019ai ressenti comme un sentiment personnel de perte.<\/p>\n","protected":false},"author":39,"featured_media":4554,"comment_status":"open","ping_status":"open","sticky":false,"template":"","format":"standard","meta":{"_et_pb_use_builder":"","_et_pb_old_content":"","_et_gb_content_width":"","footnotes":""},"categories":[402],"tags":[69,348,337],"class_list":["post-2357","post","type-post","status-publish","format-standard","has-post-thumbnail","hentry","category-temple","tag-temple","tag-culture-mormone","tag-histoire-de-leglise","et-has-post-format-content","et_post_format-et-post-format-standard"],"yoast_head":"<!-- This site is optimized with the Yoast SEO plugin v27.4 - https:\/\/yoast.com\/product\/yoast-seo-wordpress\/ -->\n<title>TEMPLE DE PROVO, LA BEAUT\u00c9 PEUT NA\u00ceTRE DES CENDRES<\/title>\n<meta name=\"description\" content=\"Quand le feu a d\u00e9vast\u00e9 le tabernacle historique de Provo, tout le monde en a \u00e9t\u00e9 attrist\u00e9 et j\u2019ai ressenti comme un sentiment personnel de perte.\" \/>\n<meta name=\"robots\" content=\"index, follow, max-snippet:-1, max-image-preview:large, max-video-preview:-1\" \/>\n<link rel=\"canonical\" href=\"https:\/\/fr.elds.org\/lesmormons-net\/temple\/de-la-beaute-dans-les-cendres\/\" \/>\n<meta property=\"og:locale\" content=\"fr_FR\" \/>\n<meta property=\"og:type\" content=\"article\" \/>\n<meta property=\"og:title\" content=\"TEMPLE DE PROVO, LA BEAUT\u00c9 PEUT NA\u00ceTRE DES CENDRES\" \/>\n<meta property=\"og:description\" content=\"Quand le feu a d\u00e9vast\u00e9 le tabernacle historique de Provo, tout le monde en a \u00e9t\u00e9 attrist\u00e9 et j\u2019ai ressenti comme un sentiment personnel de perte.\" \/>\n<meta property=\"og:url\" content=\"https:\/\/fr.elds.org\/lesmormons-net\/temple\/de-la-beaute-dans-les-cendres\/\" \/>\n<meta property=\"og:site_name\" content=\"Les Mormons\" \/>\n<meta property=\"article:published_time\" content=\"2016-01-14T08:21:28+00:00\" \/>\n<meta property=\"article:modified_time\" content=\"2018-07-03T20:10:47+00:00\" \/>\n<meta property=\"og:image\" content=\"https:\/\/fr.elds.org\/lesmormons-net\/files\/2016\/01\/Stephanie-Nielson-Tabernacle-de-Provo.jpg\" \/>\n\t<meta property=\"og:image:width\" content=\"948\" \/>\n\t<meta property=\"og:image:height\" content=\"542\" \/>\n\t<meta property=\"og:image:type\" content=\"image\/jpeg\" \/>\n<meta name=\"twitter:card\" content=\"summary_large_image\" \/>\n<meta name=\"twitter:label1\" content=\"\u00c9crit par\" \/>\n\t<meta name=\"twitter:data1\" content=\"\" \/>\n\t<meta name=\"twitter:label2\" content=\"Dur\u00e9e de lecture estim\u00e9e\" \/>\n\t<meta name=\"twitter:data2\" content=\"4 minutes\" \/>\n<script type=\"application\/ld+json\" class=\"yoast-schema-graph\">{\"@context\":\"https:\\\/\\\/schema.org\",\"@graph\":[{\"@type\":\"Article\",\"@id\":\"https:\\\/\\\/fr.elds.org\\\/lesmormons-net\\\/temple\\\/de-la-beaute-dans-les-cendres\\\/#article\",\"isPartOf\":{\"@id\":\"https:\\\/\\\/fr.elds.org\\\/lesmormons-net\\\/temple\\\/de-la-beaute-dans-les-cendres\\\/\"},\"author\":{\"name\":\"\",\"@id\":\"\"},\"headline\":\"Temple de Provo, la beaut\u00e9 peut na\u00eetre des cendres\",\"datePublished\":\"2016-01-14T08:21:28+00:00\",\"dateModified\":\"2018-07-03T20:10:47+00:00\",\"mainEntityOfPage\":{\"@id\":\"https:\\\/\\\/fr.elds.org\\\/lesmormons-net\\\/temple\\\/de-la-beaute-dans-les-cendres\\\/\"},\"wordCount\":788,\"commentCount\":0,\"image\":{\"@id\":\"https:\\\/\\\/fr.elds.org\\\/lesmormons-net\\\/temple\\\/de-la-beaute-dans-les-cendres\\\/#primaryimage\"},\"thumbnailUrl\":\"https:\\\/\\\/fr.elds.org\\\/lesmormons-net\\\/files\\\/2016\\\/01\\\/Stephanie-Nielson-Tabernacle-de-Provo.jpg\",\"keywords\":[\"ce qu'il faut savoir sur le temple\",\"culture mormone\",\"histoire de l'Eglise\"],\"articleSection\":[\"Temple\"],\"inLanguage\":\"fr-FR\",\"potentialAction\":[{\"@type\":\"CommentAction\",\"name\":\"Comment\",\"target\":[\"https:\\\/\\\/fr.elds.org\\\/lesmormons-net\\\/temple\\\/de-la-beaute-dans-les-cendres\\\/#respond\"]}]},{\"@type\":\"WebPage\",\"@id\":\"https:\\\/\\\/fr.elds.org\\\/lesmormons-net\\\/temple\\\/de-la-beaute-dans-les-cendres\\\/\",\"url\":\"https:\\\/\\\/fr.elds.org\\\/lesmormons-net\\\/temple\\\/de-la-beaute-dans-les-cendres\\\/\",\"name\":\"TEMPLE DE PROVO, LA BEAUT\u00c9 PEUT NA\u00ceTRE DES CENDRES\",\"isPartOf\":{\"@id\":\"https:\\\/\\\/fr.elds.org\\\/lesmormons-net\\\/#website\"},\"primaryImageOfPage\":{\"@id\":\"https:\\\/\\\/fr.elds.org\\\/lesmormons-net\\\/temple\\\/de-la-beaute-dans-les-cendres\\\/#primaryimage\"},\"image\":{\"@id\":\"https:\\\/\\\/fr.elds.org\\\/lesmormons-net\\\/temple\\\/de-la-beaute-dans-les-cendres\\\/#primaryimage\"},\"thumbnailUrl\":\"https:\\\/\\\/fr.elds.org\\\/lesmormons-net\\\/files\\\/2016\\\/01\\\/Stephanie-Nielson-Tabernacle-de-Provo.jpg\",\"datePublished\":\"2016-01-14T08:21:28+00:00\",\"dateModified\":\"2018-07-03T20:10:47+00:00\",\"author\":{\"@id\":\"\"},\"description\":\"Quand le feu a d\u00e9vast\u00e9 le tabernacle historique de Provo, tout le monde en a \u00e9t\u00e9 attrist\u00e9 et j\u2019ai ressenti comme un sentiment personnel de perte.\",\"breadcrumb\":{\"@id\":\"https:\\\/\\\/fr.elds.org\\\/lesmormons-net\\\/temple\\\/de-la-beaute-dans-les-cendres\\\/#breadcrumb\"},\"inLanguage\":\"fr-FR\",\"potentialAction\":[{\"@type\":\"ReadAction\",\"target\":[\"https:\\\/\\\/fr.elds.org\\\/lesmormons-net\\\/temple\\\/de-la-beaute-dans-les-cendres\\\/\"]}]},{\"@type\":\"ImageObject\",\"inLanguage\":\"fr-FR\",\"@id\":\"https:\\\/\\\/fr.elds.org\\\/lesmormons-net\\\/temple\\\/de-la-beaute-dans-les-cendres\\\/#primaryimage\",\"url\":\"https:\\\/\\\/fr.elds.org\\\/lesmormons-net\\\/files\\\/2016\\\/01\\\/Stephanie-Nielson-Tabernacle-de-Provo.jpg\",\"contentUrl\":\"https:\\\/\\\/fr.elds.org\\\/lesmormons-net\\\/files\\\/2016\\\/01\\\/Stephanie-Nielson-Tabernacle-de-Provo.jpg\",\"width\":948,\"height\":542,\"caption\":\"Le Temple de Provo rena\u00eet de ses cendres apr\u00e8s un incendie\"},{\"@type\":\"BreadcrumbList\",\"@id\":\"https:\\\/\\\/fr.elds.org\\\/lesmormons-net\\\/temple\\\/de-la-beaute-dans-les-cendres\\\/#breadcrumb\",\"itemListElement\":[{\"@type\":\"ListItem\",\"position\":1,\"name\":\"Home\",\"item\":\"https:\\\/\\\/fr.elds.org\\\/lesmormons-net\\\/\"},{\"@type\":\"ListItem\",\"position\":2,\"name\":\"Temple de Provo, la beaut\u00e9 peut na\u00eetre des cendres\"}]},{\"@type\":\"WebSite\",\"@id\":\"https:\\\/\\\/fr.elds.org\\\/lesmormons-net\\\/#website\",\"url\":\"https:\\\/\\\/fr.elds.org\\\/lesmormons-net\\\/\",\"name\":\"Les Mormons\",\"description\":\"Les mormons au quotidien\",\"potentialAction\":[{\"@type\":\"SearchAction\",\"target\":{\"@type\":\"EntryPoint\",\"urlTemplate\":\"https:\\\/\\\/fr.elds.org\\\/lesmormons-net\\\/?s={search_term_string}\"},\"query-input\":{\"@type\":\"PropertyValueSpecification\",\"valueRequired\":true,\"valueName\":\"search_term_string\"}}],\"inLanguage\":\"fr-FR\"},{\"@type\":\"Person\",\"@id\":\"\",\"url\":\"https:\\\/\\\/fr.elds.org\\\/lesmormons-net\\\/author\\\/\"}]}<\/script>\n<!-- \/ Yoast SEO plugin. -->","yoast_head_json":{"title":"TEMPLE DE PROVO, LA BEAUT\u00c9 PEUT NA\u00ceTRE DES CENDRES","description":"Quand le feu a d\u00e9vast\u00e9 le tabernacle historique de Provo, tout le monde en a \u00e9t\u00e9 attrist\u00e9 et j\u2019ai ressenti comme un sentiment personnel de perte.","robots":{"index":"index","follow":"follow","max-snippet":"max-snippet:-1","max-image-preview":"max-image-preview:large","max-video-preview":"max-video-preview:-1"},"canonical":"https:\/\/fr.elds.org\/lesmormons-net\/temple\/de-la-beaute-dans-les-cendres\/","og_locale":"fr_FR","og_type":"article","og_title":"TEMPLE DE PROVO, LA BEAUT\u00c9 PEUT NA\u00ceTRE DES CENDRES","og_description":"Quand le feu a d\u00e9vast\u00e9 le tabernacle historique de Provo, tout le monde en a \u00e9t\u00e9 attrist\u00e9 et j\u2019ai ressenti comme un sentiment personnel de perte.","og_url":"https:\/\/fr.elds.org\/lesmormons-net\/temple\/de-la-beaute-dans-les-cendres\/","og_site_name":"Les Mormons","article_published_time":"2016-01-14T08:21:28+00:00","article_modified_time":"2018-07-03T20:10:47+00:00","og_image":[{"width":948,"height":542,"url":"https:\/\/fr.elds.org\/lesmormons-net\/files\/2016\/01\/Stephanie-Nielson-Tabernacle-de-Provo.jpg","type":"image\/jpeg"}],"twitter_card":"summary_large_image","twitter_misc":{"\u00c9crit par":"","Dur\u00e9e de lecture estim\u00e9e":"4 minutes"},"schema":{"@context":"https:\/\/schema.org","@graph":[{"@type":"Article","@id":"https:\/\/fr.elds.org\/lesmormons-net\/temple\/de-la-beaute-dans-les-cendres\/#article","isPartOf":{"@id":"https:\/\/fr.elds.org\/lesmormons-net\/temple\/de-la-beaute-dans-les-cendres\/"},"author":{"name":"","@id":""},"headline":"Temple de Provo, la beaut\u00e9 peut na\u00eetre des cendres","datePublished":"2016-01-14T08:21:28+00:00","dateModified":"2018-07-03T20:10:47+00:00","mainEntityOfPage":{"@id":"https:\/\/fr.elds.org\/lesmormons-net\/temple\/de-la-beaute-dans-les-cendres\/"},"wordCount":788,"commentCount":0,"image":{"@id":"https:\/\/fr.elds.org\/lesmormons-net\/temple\/de-la-beaute-dans-les-cendres\/#primaryimage"},"thumbnailUrl":"https:\/\/fr.elds.org\/lesmormons-net\/files\/2016\/01\/Stephanie-Nielson-Tabernacle-de-Provo.jpg","keywords":["ce qu'il faut savoir sur le temple","culture mormone","histoire de l'Eglise"],"articleSection":["Temple"],"inLanguage":"fr-FR","potentialAction":[{"@type":"CommentAction","name":"Comment","target":["https:\/\/fr.elds.org\/lesmormons-net\/temple\/de-la-beaute-dans-les-cendres\/#respond"]}]},{"@type":"WebPage","@id":"https:\/\/fr.elds.org\/lesmormons-net\/temple\/de-la-beaute-dans-les-cendres\/","url":"https:\/\/fr.elds.org\/lesmormons-net\/temple\/de-la-beaute-dans-les-cendres\/","name":"TEMPLE DE PROVO, LA BEAUT\u00c9 PEUT NA\u00ceTRE DES CENDRES","isPartOf":{"@id":"https:\/\/fr.elds.org\/lesmormons-net\/#website"},"primaryImageOfPage":{"@id":"https:\/\/fr.elds.org\/lesmormons-net\/temple\/de-la-beaute-dans-les-cendres\/#primaryimage"},"image":{"@id":"https:\/\/fr.elds.org\/lesmormons-net\/temple\/de-la-beaute-dans-les-cendres\/#primaryimage"},"thumbnailUrl":"https:\/\/fr.elds.org\/lesmormons-net\/files\/2016\/01\/Stephanie-Nielson-Tabernacle-de-Provo.jpg","datePublished":"2016-01-14T08:21:28+00:00","dateModified":"2018-07-03T20:10:47+00:00","author":{"@id":""},"description":"Quand le feu a d\u00e9vast\u00e9 le tabernacle historique de Provo, tout le monde en a \u00e9t\u00e9 attrist\u00e9 et j\u2019ai ressenti comme un sentiment personnel de perte.","breadcrumb":{"@id":"https:\/\/fr.elds.org\/lesmormons-net\/temple\/de-la-beaute-dans-les-cendres\/#breadcrumb"},"inLanguage":"fr-FR","potentialAction":[{"@type":"ReadAction","target":["https:\/\/fr.elds.org\/lesmormons-net\/temple\/de-la-beaute-dans-les-cendres\/"]}]},{"@type":"ImageObject","inLanguage":"fr-FR","@id":"https:\/\/fr.elds.org\/lesmormons-net\/temple\/de-la-beaute-dans-les-cendres\/#primaryimage","url":"https:\/\/fr.elds.org\/lesmormons-net\/files\/2016\/01\/Stephanie-Nielson-Tabernacle-de-Provo.jpg","contentUrl":"https:\/\/fr.elds.org\/lesmormons-net\/files\/2016\/01\/Stephanie-Nielson-Tabernacle-de-Provo.jpg","width":948,"height":542,"caption":"Le Temple de Provo rena\u00eet de ses cendres apr\u00e8s un incendie"},{"@type":"BreadcrumbList","@id":"https:\/\/fr.elds.org\/lesmormons-net\/temple\/de-la-beaute-dans-les-cendres\/#breadcrumb","itemListElement":[{"@type":"ListItem","position":1,"name":"Home","item":"https:\/\/fr.elds.org\/lesmormons-net\/"},{"@type":"ListItem","position":2,"name":"Temple de Provo, la beaut\u00e9 peut na\u00eetre des cendres"}]},{"@type":"WebSite","@id":"https:\/\/fr.elds.org\/lesmormons-net\/#website","url":"https:\/\/fr.elds.org\/lesmormons-net\/","name":"Les Mormons","description":"Les mormons au quotidien","potentialAction":[{"@type":"SearchAction","target":{"@type":"EntryPoint","urlTemplate":"https:\/\/fr.elds.org\/lesmormons-net\/?s={search_term_string}"},"query-input":{"@type":"PropertyValueSpecification","valueRequired":true,"valueName":"search_term_string"}}],"inLanguage":"fr-FR"},{"@type":"Person","@id":"","url":"https:\/\/fr.elds.org\/lesmormons-net\/author\/"}]}},"_links":{"self":[{"href":"https:\/\/fr.elds.org\/lesmormons-net\/wp-json\/wp\/v2\/posts\/2357","targetHints":{"allow":["GET"]}}],"collection":[{"href":"https:\/\/fr.elds.org\/lesmormons-net\/wp-json\/wp\/v2\/posts"}],"about":[{"href":"https:\/\/fr.elds.org\/lesmormons-net\/wp-json\/wp\/v2\/types\/post"}],"author":[{"embeddable":true,"href":"https:\/\/fr.elds.org\/lesmormons-net\/wp-json\/wp\/v2\/users\/39"}],"replies":[{"embeddable":true,"href":"https:\/\/fr.elds.org\/lesmormons-net\/wp-json\/wp\/v2\/comments?post=2357"}],"version-history":[{"count":9,"href":"https:\/\/fr.elds.org\/lesmormons-net\/wp-json\/wp\/v2\/posts\/2357\/revisions"}],"predecessor-version":[{"id":7813,"href":"https:\/\/fr.elds.org\/lesmormons-net\/wp-json\/wp\/v2\/posts\/2357\/revisions\/7813"}],"wp:featuredmedia":[{"embeddable":true,"href":"https:\/\/fr.elds.org\/lesmormons-net\/wp-json\/wp\/v2\/media\/4554"}],"wp:attachment":[{"href":"https:\/\/fr.elds.org\/lesmormons-net\/wp-json\/wp\/v2\/media?parent=2357"}],"wp:term":[{"taxonomy":"category","embeddable":true,"href":"https:\/\/fr.elds.org\/lesmormons-net\/wp-json\/wp\/v2\/categories?post=2357"},{"taxonomy":"post_tag","embeddable":true,"href":"https:\/\/fr.elds.org\/lesmormons-net\/wp-json\/wp\/v2\/tags?post=2357"}],"curies":[{"name":"wp","href":"https:\/\/api.w.org\/{rel}","templated":true}]}}