{"id":2354,"date":"2016-01-13T10:44:16","date_gmt":"2016-01-13T09:44:16","guid":{"rendered":"http:\/\/fr.elds.org\/lesmormons-net\/?p=2354"},"modified":"2018-06-28T09:47:07","modified_gmt":"2018-06-28T07:47:07","slug":"collecte-pour-les-refugies-de-calais","status":"publish","type":"post","link":"https:\/\/fr.elds.org\/lesmormons-net\/actualites-francophones\/collecte-pour-les-refugies-de-calais\/","title":{"rendered":"UNE COLLECTE POUR LES R\u00c9FUGI\u00c9S DE CALAIS"},"content":{"rendered":"<p>D&rsquo;apr\u00e8s un article publi\u00e9 sur Presse Mormons le 12 janvier 2016<\/p>\n<p><span id=\"article-location\" class=\"article-location\">KETTERING, NORTHAMPTONSHIRE \u00a0\u2014\u00a0<\/span><\/p>\n<article>Le samedi 12 d\u00e9cembre, des jeunes, des dirigeants, des parents et des amis de la collectivit\u00e9 se sont rassembl\u00e9s au lieu de culte de la congr\u00e9gation de l\u2019\u00c9glise de J\u00e9sus-Christ des Saints des Derniers Jours de Kettering pour trier des sacs de dons de v\u00eatements, d\u2019articles de literie et de nourriture pour les r\u00e9fugi\u00e9s europ\u00e9ens.\u00a0Le mardi d&rsquo;avant, les jeunes et les dirigeants avaient collect\u00e9 des sacs de dons de membres et d\u2019amis, puis ont aid\u00e9 \u00e0 trier les articles pour la collecte du samedi matin.\u00ab\u00a0Corby soutient les r\u00e9fugi\u00e9s\u00a0\u00bb et d\u2019autres associations caritatives locales de Northamptonshire ont contact\u00e9 l\u2019association \u00ab\u00a0Jungle Care\u00a0\u00bb pour envoyer ces articles tant n\u00e9cessaires \u00e0 Calais, \u00e0 Dunkerque et en Gr\u00e8ce.\u00a0 \u00c0 l\u2019heure du d\u00e9jeuner, les sacs ont \u00e9t\u00e9 collect\u00e9s par \u00ab\u00a0Jungle Care\u00a0\u00bb, avec au total deux camions remplis, pour \u00eatre distribu\u00e9s directement aux r\u00e9fugi\u00e9s qui vivent actuellement dans des conditions alarmantes dans la r\u00e9gion de Calais.Lire la suite sur le site<a href=\"http:\/\/www.presse-mormons.fr\/article\/collecte-humanitaire-pour-les-refugies-de-calais\" target=\"_blank\" rel=\"noopener\" rel=\"nofollow\"> Presse Mormons<\/a><\/article>\n","protected":false},"excerpt":{"rendered":"<p>Le samedi 12 d\u00e9cembre, des jeunes, des dirigeants, des parents et des amis de la collectivit\u00e9 se sont rassembl\u00e9s pour trier des sacs de dons de v\u00eatements<\/p>\n","protected":false},"author":39,"featured_media":4284,"comment_status":"open","ping_status":"open","sticky":false,"template":"","format":"standard","meta":{"_et_pb_use_builder":"","_et_pb_old_content":"","_et_gb_content_width":"","footnotes":""},"categories":[173],"tags":[439,358,449],"class_list":["post-2354","post","type-post","status-publish","format-standard","has-post-thumbnail","hentry","category-actualites-francophones","tag-appliquer-evangile","tag-france","tag-rendre-service","et-has-post-format-content","et_post_format-et-post-format-standard"],"yoast_head":"<!-- This site is optimized with the Yoast SEO plugin v27.4 - https:\/\/yoast.com\/product\/yoast-seo-wordpress\/ -->\n<title>UNE COLLECTE POUR LES R\u00c9FUGI\u00c9S DE CALAIS<\/title>\n<meta name=\"description\" content=\"Le samedi 12 d\u00e9cembre, des jeunes, des dirigeants, des parents et des amis de la collectivit\u00e9 se sont rassembl\u00e9s pour trier des sacs de dons de v\u00eatements\" \/>\n<meta name=\"robots\" content=\"index, follow, max-snippet:-1, max-image-preview:large, max-video-preview:-1\" \/>\n<link rel=\"canonical\" href=\"https:\/\/fr.elds.org\/lesmormons-net\/actualites-francophones\/collecte-pour-les-refugies-de-calais\/\" \/>\n<meta property=\"og:locale\" content=\"fr_FR\" \/>\n<meta property=\"og:type\" content=\"article\" \/>\n<meta property=\"og:title\" content=\"UNE COLLECTE POUR LES R\u00c9FUGI\u00c9S DE CALAIS\" \/>\n<meta property=\"og:description\" content=\"Le samedi 12 d\u00e9cembre, des jeunes, des dirigeants, des parents et des amis de la collectivit\u00e9 se sont rassembl\u00e9s pour trier des sacs de dons de v\u00eatements\" \/>\n<meta property=\"og:url\" content=\"https:\/\/fr.elds.org\/lesmormons-net\/actualites-francophones\/collecte-pour-les-refugies-de-calais\/\" \/>\n<meta property=\"og:site_name\" content=\"Les Mormons\" \/>\n<meta property=\"article:published_time\" content=\"2016-01-13T09:44:16+00:00\" \/>\n<meta property=\"article:modified_time\" content=\"2018-06-28T07:47:07+00:00\" \/>\n<meta property=\"og:image\" content=\"https:\/\/fr.elds.org\/lesmormons-net\/files\/2016\/01\/des-collectes-pour-les-re\u0301fugie\u0301s-de-Calais.jpg\" \/>\n\t<meta property=\"og:image:width\" content=\"948\" \/>\n\t<meta property=\"og:image:height\" content=\"542\" \/>\n\t<meta property=\"og:image:type\" content=\"image\/jpeg\" \/>\n<meta name=\"twitter:card\" content=\"summary_large_image\" \/>\n<meta name=\"twitter:label1\" content=\"\u00c9crit par\" \/>\n\t<meta name=\"twitter:data1\" content=\"\" \/>\n\t<meta name=\"twitter:label2\" content=\"Dur\u00e9e de lecture estim\u00e9e\" \/>\n\t<meta name=\"twitter:data2\" content=\"1 minute\" \/>\n<script type=\"application\/ld+json\" class=\"yoast-schema-graph\">{\"@context\":\"https:\\\/\\\/schema.org\",\"@graph\":[{\"@type\":\"Article\",\"@id\":\"https:\\\/\\\/fr.elds.org\\\/lesmormons-net\\\/actualites-francophones\\\/collecte-pour-les-refugies-de-calais\\\/#article\",\"isPartOf\":{\"@id\":\"https:\\\/\\\/fr.elds.org\\\/lesmormons-net\\\/actualites-francophones\\\/collecte-pour-les-refugies-de-calais\\\/\"},\"author\":{\"name\":\"\",\"@id\":\"\"},\"headline\":\"UNE COLLECTE POUR LES R\u00c9FUGI\u00c9S DE CALAIS\",\"datePublished\":\"2016-01-13T09:44:16+00:00\",\"dateModified\":\"2018-06-28T07:47:07+00:00\",\"mainEntityOfPage\":{\"@id\":\"https:\\\/\\\/fr.elds.org\\\/lesmormons-net\\\/actualites-francophones\\\/collecte-pour-les-refugies-de-calais\\\/\"},\"wordCount\":201,\"commentCount\":0,\"image\":{\"@id\":\"https:\\\/\\\/fr.elds.org\\\/lesmormons-net\\\/actualites-francophones\\\/collecte-pour-les-refugies-de-calais\\\/#primaryimage\"},\"thumbnailUrl\":\"https:\\\/\\\/fr.elds.org\\\/lesmormons-net\\\/files\\\/2016\\\/01\\\/des-collectes-pour-les-re\u0301fugie\u0301s-de-Calais.jpg\",\"keywords\":[\"appliquer l'Evangile\",\"France\",\"rendre service\"],\"articleSection\":[\"Actualit\u00e9s francophones\"],\"inLanguage\":\"fr-FR\",\"potentialAction\":[{\"@type\":\"CommentAction\",\"name\":\"Comment\",\"target\":[\"https:\\\/\\\/fr.elds.org\\\/lesmormons-net\\\/actualites-francophones\\\/collecte-pour-les-refugies-de-calais\\\/#respond\"]}]},{\"@type\":\"WebPage\",\"@id\":\"https:\\\/\\\/fr.elds.org\\\/lesmormons-net\\\/actualites-francophones\\\/collecte-pour-les-refugies-de-calais\\\/\",\"url\":\"https:\\\/\\\/fr.elds.org\\\/lesmormons-net\\\/actualites-francophones\\\/collecte-pour-les-refugies-de-calais\\\/\",\"name\":\"UNE COLLECTE POUR LES R\u00c9FUGI\u00c9S DE CALAIS\",\"isPartOf\":{\"@id\":\"https:\\\/\\\/fr.elds.org\\\/lesmormons-net\\\/#website\"},\"primaryImageOfPage\":{\"@id\":\"https:\\\/\\\/fr.elds.org\\\/lesmormons-net\\\/actualites-francophones\\\/collecte-pour-les-refugies-de-calais\\\/#primaryimage\"},\"image\":{\"@id\":\"https:\\\/\\\/fr.elds.org\\\/lesmormons-net\\\/actualites-francophones\\\/collecte-pour-les-refugies-de-calais\\\/#primaryimage\"},\"thumbnailUrl\":\"https:\\\/\\\/fr.elds.org\\\/lesmormons-net\\\/files\\\/2016\\\/01\\\/des-collectes-pour-les-re\u0301fugie\u0301s-de-Calais.jpg\",\"datePublished\":\"2016-01-13T09:44:16+00:00\",\"dateModified\":\"2018-06-28T07:47:07+00:00\",\"author\":{\"@id\":\"\"},\"description\":\"Le samedi 12 d\u00e9cembre, des jeunes, des dirigeants, des parents et des amis de la collectivit\u00e9 se sont rassembl\u00e9s pour trier des sacs de dons de v\u00eatements\",\"breadcrumb\":{\"@id\":\"https:\\\/\\\/fr.elds.org\\\/lesmormons-net\\\/actualites-francophones\\\/collecte-pour-les-refugies-de-calais\\\/#breadcrumb\"},\"inLanguage\":\"fr-FR\",\"potentialAction\":[{\"@type\":\"ReadAction\",\"target\":[\"https:\\\/\\\/fr.elds.org\\\/lesmormons-net\\\/actualites-francophones\\\/collecte-pour-les-refugies-de-calais\\\/\"]}]},{\"@type\":\"ImageObject\",\"inLanguage\":\"fr-FR\",\"@id\":\"https:\\\/\\\/fr.elds.org\\\/lesmormons-net\\\/actualites-francophones\\\/collecte-pour-les-refugies-de-calais\\\/#primaryimage\",\"url\":\"https:\\\/\\\/fr.elds.org\\\/lesmormons-net\\\/files\\\/2016\\\/01\\\/des-collectes-pour-les-re\u0301fugie\u0301s-de-Calais.jpg\",\"contentUrl\":\"https:\\\/\\\/fr.elds.org\\\/lesmormons-net\\\/files\\\/2016\\\/01\\\/des-collectes-pour-les-re\u0301fugie\u0301s-de-Calais.jpg\",\"width\":948,\"height\":542,\"caption\":\"les membres de Kettering en Angleterre collectent le n\u00e9cessaire pour les r\u00e9fugi\u00e9s de Calais\"},{\"@type\":\"BreadcrumbList\",\"@id\":\"https:\\\/\\\/fr.elds.org\\\/lesmormons-net\\\/actualites-francophones\\\/collecte-pour-les-refugies-de-calais\\\/#breadcrumb\",\"itemListElement\":[{\"@type\":\"ListItem\",\"position\":1,\"name\":\"Home\",\"item\":\"https:\\\/\\\/fr.elds.org\\\/lesmormons-net\\\/\"},{\"@type\":\"ListItem\",\"position\":2,\"name\":\"UNE COLLECTE POUR LES R\u00c9FUGI\u00c9S DE CALAIS\"}]},{\"@type\":\"WebSite\",\"@id\":\"https:\\\/\\\/fr.elds.org\\\/lesmormons-net\\\/#website\",\"url\":\"https:\\\/\\\/fr.elds.org\\\/lesmormons-net\\\/\",\"name\":\"Les Mormons\",\"description\":\"Les mormons au quotidien\",\"potentialAction\":[{\"@type\":\"SearchAction\",\"target\":{\"@type\":\"EntryPoint\",\"urlTemplate\":\"https:\\\/\\\/fr.elds.org\\\/lesmormons-net\\\/?s={search_term_string}\"},\"query-input\":{\"@type\":\"PropertyValueSpecification\",\"valueRequired\":true,\"valueName\":\"search_term_string\"}}],\"inLanguage\":\"fr-FR\"},{\"@type\":\"Person\",\"@id\":\"\",\"url\":\"https:\\\/\\\/fr.elds.org\\\/lesmormons-net\\\/author\\\/\"}]}<\/script>\n<!-- \/ Yoast SEO plugin. -->","yoast_head_json":{"title":"UNE COLLECTE POUR LES R\u00c9FUGI\u00c9S DE CALAIS","description":"Le samedi 12 d\u00e9cembre, des jeunes, des dirigeants, des parents et des amis de la collectivit\u00e9 se sont rassembl\u00e9s pour trier des sacs de dons de v\u00eatements","robots":{"index":"index","follow":"follow","max-snippet":"max-snippet:-1","max-image-preview":"max-image-preview:large","max-video-preview":"max-video-preview:-1"},"canonical":"https:\/\/fr.elds.org\/lesmormons-net\/actualites-francophones\/collecte-pour-les-refugies-de-calais\/","og_locale":"fr_FR","og_type":"article","og_title":"UNE COLLECTE POUR LES R\u00c9FUGI\u00c9S DE CALAIS","og_description":"Le samedi 12 d\u00e9cembre, des jeunes, des dirigeants, des parents et des amis de la collectivit\u00e9 se sont rassembl\u00e9s pour trier des sacs de dons de v\u00eatements","og_url":"https:\/\/fr.elds.org\/lesmormons-net\/actualites-francophones\/collecte-pour-les-refugies-de-calais\/","og_site_name":"Les Mormons","article_published_time":"2016-01-13T09:44:16+00:00","article_modified_time":"2018-06-28T07:47:07+00:00","og_image":[{"width":948,"height":542,"url":"https:\/\/fr.elds.org\/lesmormons-net\/files\/2016\/01\/des-collectes-pour-les-re\u0301fugie\u0301s-de-Calais.jpg","type":"image\/jpeg"}],"twitter_card":"summary_large_image","twitter_misc":{"\u00c9crit par":"","Dur\u00e9e de lecture estim\u00e9e":"1 minute"},"schema":{"@context":"https:\/\/schema.org","@graph":[{"@type":"Article","@id":"https:\/\/fr.elds.org\/lesmormons-net\/actualites-francophones\/collecte-pour-les-refugies-de-calais\/#article","isPartOf":{"@id":"https:\/\/fr.elds.org\/lesmormons-net\/actualites-francophones\/collecte-pour-les-refugies-de-calais\/"},"author":{"name":"","@id":""},"headline":"UNE COLLECTE POUR LES R\u00c9FUGI\u00c9S DE CALAIS","datePublished":"2016-01-13T09:44:16+00:00","dateModified":"2018-06-28T07:47:07+00:00","mainEntityOfPage":{"@id":"https:\/\/fr.elds.org\/lesmormons-net\/actualites-francophones\/collecte-pour-les-refugies-de-calais\/"},"wordCount":201,"commentCount":0,"image":{"@id":"https:\/\/fr.elds.org\/lesmormons-net\/actualites-francophones\/collecte-pour-les-refugies-de-calais\/#primaryimage"},"thumbnailUrl":"https:\/\/fr.elds.org\/lesmormons-net\/files\/2016\/01\/des-collectes-pour-les-re\u0301fugie\u0301s-de-Calais.jpg","keywords":["appliquer l'Evangile","France","rendre service"],"articleSection":["Actualit\u00e9s francophones"],"inLanguage":"fr-FR","potentialAction":[{"@type":"CommentAction","name":"Comment","target":["https:\/\/fr.elds.org\/lesmormons-net\/actualites-francophones\/collecte-pour-les-refugies-de-calais\/#respond"]}]},{"@type":"WebPage","@id":"https:\/\/fr.elds.org\/lesmormons-net\/actualites-francophones\/collecte-pour-les-refugies-de-calais\/","url":"https:\/\/fr.elds.org\/lesmormons-net\/actualites-francophones\/collecte-pour-les-refugies-de-calais\/","name":"UNE COLLECTE POUR LES R\u00c9FUGI\u00c9S DE CALAIS","isPartOf":{"@id":"https:\/\/fr.elds.org\/lesmormons-net\/#website"},"primaryImageOfPage":{"@id":"https:\/\/fr.elds.org\/lesmormons-net\/actualites-francophones\/collecte-pour-les-refugies-de-calais\/#primaryimage"},"image":{"@id":"https:\/\/fr.elds.org\/lesmormons-net\/actualites-francophones\/collecte-pour-les-refugies-de-calais\/#primaryimage"},"thumbnailUrl":"https:\/\/fr.elds.org\/lesmormons-net\/files\/2016\/01\/des-collectes-pour-les-re\u0301fugie\u0301s-de-Calais.jpg","datePublished":"2016-01-13T09:44:16+00:00","dateModified":"2018-06-28T07:47:07+00:00","author":{"@id":""},"description":"Le samedi 12 d\u00e9cembre, des jeunes, des dirigeants, des parents et des amis de la collectivit\u00e9 se sont rassembl\u00e9s pour trier des sacs de dons de v\u00eatements","breadcrumb":{"@id":"https:\/\/fr.elds.org\/lesmormons-net\/actualites-francophones\/collecte-pour-les-refugies-de-calais\/#breadcrumb"},"inLanguage":"fr-FR","potentialAction":[{"@type":"ReadAction","target":["https:\/\/fr.elds.org\/lesmormons-net\/actualites-francophones\/collecte-pour-les-refugies-de-calais\/"]}]},{"@type":"ImageObject","inLanguage":"fr-FR","@id":"https:\/\/fr.elds.org\/lesmormons-net\/actualites-francophones\/collecte-pour-les-refugies-de-calais\/#primaryimage","url":"https:\/\/fr.elds.org\/lesmormons-net\/files\/2016\/01\/des-collectes-pour-les-re\u0301fugie\u0301s-de-Calais.jpg","contentUrl":"https:\/\/fr.elds.org\/lesmormons-net\/files\/2016\/01\/des-collectes-pour-les-re\u0301fugie\u0301s-de-Calais.jpg","width":948,"height":542,"caption":"les membres de Kettering en Angleterre collectent le n\u00e9cessaire pour les r\u00e9fugi\u00e9s de Calais"},{"@type":"BreadcrumbList","@id":"https:\/\/fr.elds.org\/lesmormons-net\/actualites-francophones\/collecte-pour-les-refugies-de-calais\/#breadcrumb","itemListElement":[{"@type":"ListItem","position":1,"name":"Home","item":"https:\/\/fr.elds.org\/lesmormons-net\/"},{"@type":"ListItem","position":2,"name":"UNE COLLECTE POUR LES R\u00c9FUGI\u00c9S DE CALAIS"}]},{"@type":"WebSite","@id":"https:\/\/fr.elds.org\/lesmormons-net\/#website","url":"https:\/\/fr.elds.org\/lesmormons-net\/","name":"Les Mormons","description":"Les mormons au quotidien","potentialAction":[{"@type":"SearchAction","target":{"@type":"EntryPoint","urlTemplate":"https:\/\/fr.elds.org\/lesmormons-net\/?s={search_term_string}"},"query-input":{"@type":"PropertyValueSpecification","valueRequired":true,"valueName":"search_term_string"}}],"inLanguage":"fr-FR"},{"@type":"Person","@id":"","url":"https:\/\/fr.elds.org\/lesmormons-net\/author\/"}]}},"_links":{"self":[{"href":"https:\/\/fr.elds.org\/lesmormons-net\/wp-json\/wp\/v2\/posts\/2354","targetHints":{"allow":["GET"]}}],"collection":[{"href":"https:\/\/fr.elds.org\/lesmormons-net\/wp-json\/wp\/v2\/posts"}],"about":[{"href":"https:\/\/fr.elds.org\/lesmormons-net\/wp-json\/wp\/v2\/types\/post"}],"author":[{"embeddable":true,"href":"https:\/\/fr.elds.org\/lesmormons-net\/wp-json\/wp\/v2\/users\/39"}],"replies":[{"embeddable":true,"href":"https:\/\/fr.elds.org\/lesmormons-net\/wp-json\/wp\/v2\/comments?post=2354"}],"version-history":[{"count":6,"href":"https:\/\/fr.elds.org\/lesmormons-net\/wp-json\/wp\/v2\/posts\/2354\/revisions"}],"predecessor-version":[{"id":6339,"href":"https:\/\/fr.elds.org\/lesmormons-net\/wp-json\/wp\/v2\/posts\/2354\/revisions\/6339"}],"wp:featuredmedia":[{"embeddable":true,"href":"https:\/\/fr.elds.org\/lesmormons-net\/wp-json\/wp\/v2\/media\/4284"}],"wp:attachment":[{"href":"https:\/\/fr.elds.org\/lesmormons-net\/wp-json\/wp\/v2\/media?parent=2354"}],"wp:term":[{"taxonomy":"category","embeddable":true,"href":"https:\/\/fr.elds.org\/lesmormons-net\/wp-json\/wp\/v2\/categories?post=2354"},{"taxonomy":"post_tag","embeddable":true,"href":"https:\/\/fr.elds.org\/lesmormons-net\/wp-json\/wp\/v2\/tags?post=2354"}],"curies":[{"name":"wp","href":"https:\/\/api.w.org\/{rel}","templated":true}]}}