{"id":2235,"date":"2015-12-28T10:05:37","date_gmt":"2015-12-28T09:05:37","guid":{"rendered":"http:\/\/fr.elds.org\/lesmormons-net\/?p=2235"},"modified":"2018-03-10T10:16:21","modified_gmt":"2018-03-10T09:16:21","slug":"le-nouveau-temple-de-provo","status":"publish","type":"post","link":"https:\/\/fr.elds.org\/lesmormons-net\/temple\/le-nouveau-temple-de-provo\/","title":{"rendered":"Le Nouveau Temple de Provo"},"content":{"rendered":"<p>Il y a 5 ans, le Tabernacle de la ville de Provo \u00e9tait ravag\u00e9 par un terrible incendie. Seuls les murs ext\u00e9rieurs ont surv\u00e9cu au drame.<\/p>\n<div id=\"attachment_2236\" style=\"width: 630px\" class=\"wp-caption aligncenter\"><a href=\"http:\/\/fr.elds.org\/lesmormons-net\/files\/2015\/12\/fire1.jpg\" rel=\"attachment wp-att-2236\"><img fetchpriority=\"high\" fetchpriority=\"high\" decoding=\"async\" aria-describedby=\"caption-attachment-2236\" class=\"size-full wp-image-2236\" src=\"http:\/\/fr.elds.org\/lesmormons-net\/files\/2015\/12\/fire1.jpg\" alt=\"Source: Heralextra\" width=\"620\" height=\"413\" srcset=\"https:\/\/fr.elds.org\/lesmormons-net\/files\/2015\/12\/fire1.jpg 620w, https:\/\/fr.elds.org\/lesmormons-net\/files\/2015\/12\/fire1-300x200.jpg 300w\" sizes=\"(max-width: 620px) 100vw, 620px\" \/><\/a><p id=\"caption-attachment-2236\" class=\"wp-caption-text\">Source: Heralextra<\/p><\/div>\n<p>&nbsp;<\/p>\n<div id=\"attachment_2237\" style=\"width: 610px\" class=\"wp-caption aligncenter\"><a href=\"http:\/\/fr.elds.org\/lesmormons-net\/files\/2015\/12\/338405.jpg\" rel=\"attachment wp-att-2237\"><img decoding=\"async\" aria-describedby=\"caption-attachment-2237\" class=\"size-full wp-image-2237\" src=\"http:\/\/fr.elds.org\/lesmormons-net\/files\/2015\/12\/338405.jpg\" alt=\"Source: Deseret News\" width=\"600\" height=\"400\" srcset=\"https:\/\/fr.elds.org\/lesmormons-net\/files\/2015\/12\/338405.jpg 600w, https:\/\/fr.elds.org\/lesmormons-net\/files\/2015\/12\/338405-300x200.jpg 300w\" sizes=\"(max-width: 600px) 100vw, 600px\" \/><\/a><p id=\"caption-attachment-2237\" class=\"wp-caption-text\">Source: Deseret News<\/p><\/div>\n<p>Apr\u00e8s r\u00e9flexion, les Autorit\u00e9s G\u00e9n\u00e9rales ont d\u00e9cid\u00e9 non seulement de conserver le Tabernacle, mais de le transformer en un temple magnifique! Et apr\u00e8s presque 3 ans et demi de dur labeur, le temple de Provo City Center est bient\u00f4t\u00a0pr\u00eat pour ses portes ouvertes.<\/p>\n<p>L&rsquo;Ev\u00eaque Causs\u00e9, Ev\u00eaque Pr\u00e9sident de l&rsquo;Eglise de J\u00e9sus-Christ des Saints des Derniers Jours a dit: \u00a0\u00bb<\/p>\n<p style=\"padding-left: 30px;\">\u00ab\u00a0<em>C&rsquo;est un m\u00e9lange unique entre la conservation historique et la construction moderne<\/em>\u00ab\u00a0<\/p>\n<p style=\"padding-left: 30px;\">\u00ab\u00a0<em>Les gens verront lors des portes ouvertes que\u00a0le style et la culture\u00a0des premiers pionniers de cette vall\u00e9e ont \u00e9t\u00e9 conserv\u00e9s. Ca a \u00e9t\u00e9 un travail fabuleux et tr\u00e8s complexe,\u00a0des centaines de milliers de personnes ont utilis\u00e9 leurs talents de la meilleure fa\u00e7on qui soit pour pr\u00e9server [le tabernacle]<\/em>.\u00a0\u00bb<\/p>\n<p>Les portes ouvertes se tiendront du 15 Janvier 2016 au 16 Mars 2016. La c\u00e9r\u00e9monie de cons\u00e9cration aura lieue le 20 Mars 2016.<\/p>\n<p><img decoding=\"async\" class=\"aligncenter\" src=\"http:\/\/1.bp.blogspot.com\/-y7GFJ4T0TCw\/Vn6UhbzJhMI\/AAAAAAAAy0U\/dDdxzEU4LLA\/s640\/1a%2BPavillion.jpg\" alt=\"\" \/><\/p>\n<p>&nbsp;<\/p>\n<p><img decoding=\"async\" class=\"aligncenter\" src=\"http:\/\/3.bp.blogspot.com\/-JdIwx10_ffI\/Vn6UiIz46-I\/AAAAAAAAy0o\/lpX3zC9QCSQ\/s1600\/25%2BTemple%2BEast.jpg\" alt=\"\" \/><\/p>\n<p><img decoding=\"async\" class=\"aligncenter\" src=\"http:\/\/4.bp.blogspot.com\/-l4vxSBMejio\/Vn6UhGXxakI\/AAAAAAAAy0I\/eAVCe5xk_bo\/s1600\/12%2BTemple.jpg\" alt=\"\" \/><\/p>\n<p><img decoding=\"async\" class=\"aligncenter\" src=\"http:\/\/4.bp.blogspot.com\/-siqJ4wllrdE\/Vn6Uhyny6AI\/AAAAAAAAy0k\/Fqb5lSEU4Jk\/s1600\/20%2BFountain.jpg\" alt=\"\" \/><\/p>\n<p><img decoding=\"async\" class=\"aligncenter\" src=\"http:\/\/2.bp.blogspot.com\/-GljLDCft3m4\/Vn6UhzqNi8I\/AAAAAAAAy0s\/LGFexIW-PMA\/s1600\/22%2BFamily%2BStatue.jpg\" alt=\"\" \/><\/p>\n<p><img decoding=\"async\" class=\"aligncenter\" src=\"http:\/\/3.bp.blogspot.com\/-T1KVF_BlA3w\/Vn6Uib9YX1I\/AAAAAAAAy04\/cpI72iAEwM4\/s1600\/30%2BHoliness.jpg\" alt=\"\" \/><\/p>\n<p>&nbsp;<\/p>\n<p><img decoding=\"async\" class=\"aligncenter\" src=\"http:\/\/2.bp.blogspot.com\/-8xiaFOZ3WAc\/VnMg1EmmCMI\/AAAAAAAAybc\/xvj0Z1AiGlI\/s1600\/North%2B2.jpg\" alt=\"\" \/><\/p>\n<p><img decoding=\"async\" class=\"aligncenter\" src=\"http:\/\/4.bp.blogspot.com\/-pngf-vaThdc\/VnMg0aLFBdI\/AAAAAAAAybY\/0pvK6_N6Nfc\/s1600\/NW%2B2.jpg\" alt=\"\" \/><\/p>\n<p><img decoding=\"async\" class=\"aligncenter\" src=\"http:\/\/2.bp.blogspot.com\/-59qhSXLdupI\/VnMg0otJTaI\/AAAAAAAAybU\/HvA20VXXXz4\/s1600\/NW%2B3.jpg\" alt=\"\" \/><\/p>\n<p><img decoding=\"async\" class=\"aligncenter\" src=\"http:\/\/2.bp.blogspot.com\/-X3inn0f7vz4\/VnMgz1b5B-I\/AAAAAAAAya0\/YS_Bv-qP44c\/s1600\/Moroni%2B1.jpg\" alt=\"\" \/><\/p>\n<p>D&rsquo;apr\u00e8s des photos de <a href=\"http:\/\/newtempleinprovo.blogspot.fr\/\" target=\"_blank\" rel=\"nofollow noopener\">New Temple In Provo<\/a>.<\/p>\n<hr \/>\n<p>Pour d&rsquo;autres articles sur ce nouveau temple:<\/p>\n<p><a href=\"https:\/\/lesmormons.net\/vivre-levangile\/temple\/les-vitraux-du-nouveau-temple-de-provo\/\" target=\"_blank\" rel=\"nofollow noopener\">Les vitraux du nouveau temple de Provo<\/a><\/p>\n<p><a href=\"https:\/\/lesmormons.net\/vivre-levangile\/temple\/linterieur-spectaculaire-du-nouveau-temple-de-provo\/\" target=\"_blank\" rel=\"nofollow noopener\">L&rsquo;int\u00e9rieur sp\u00e9ctaculaire du nouveau temple de Provo<\/a><\/p>\n<p><a href=\"https:\/\/lesmormons.net\/vivre-levangile\/temple\/de-la-beaute-dans-les-cendres\/\" target=\"_blank\" rel=\"nofollow noopener\">Temple de Provo: la beaut\u00e9 peut na\u00eetre des cendres<\/a><\/p>\n","protected":false},"excerpt":{"rendered":"<p>D\u00e9couvrez les premi\u00e8res photos du temple de Provo City Center qui \u00e9tait avant son incendie le Tabernacle de la ville de Provo.<\/p>\n","protected":false},"author":39,"featured_media":2238,"comment_status":"open","ping_status":"open","sticky":false,"template":"","format":"standard","meta":{"_et_pb_use_builder":"","_et_pb_old_content":"","_et_gb_content_width":"","footnotes":""},"categories":[402],"tags":[69,71],"class_list":["post-2235","post","type-post","status-publish","format-standard","has-post-thumbnail","hentry","category-temple","tag-temple","tag-news","et-has-post-format-content","et_post_format-et-post-format-standard"],"yoast_head":"<!-- This site is optimized with the Yoast SEO plugin v27.4 - https:\/\/yoast.com\/product\/yoast-seo-wordpress\/ -->\n<title>Le nouveau temple de Provo City, Utah, en photos.<\/title>\n<meta name=\"description\" content=\"D\u00e9couvrez les premi\u00e8res photos du temple de Provo City Center qui \u00e9tait avant son incendie le Tabernacle de la ville de Provo.\" \/>\n<meta name=\"robots\" content=\"index, follow, max-snippet:-1, max-image-preview:large, max-video-preview:-1\" \/>\n<link rel=\"canonical\" href=\"https:\/\/fr.elds.org\/lesmormons-net\/temple\/le-nouveau-temple-de-provo\/\" \/>\n<meta property=\"og:locale\" content=\"fr_FR\" \/>\n<meta property=\"og:type\" content=\"article\" \/>\n<meta property=\"og:title\" content=\"Le nouveau temple de Provo City, Utah, en photos.\" \/>\n<meta property=\"og:description\" content=\"D\u00e9couvrez les premi\u00e8res photos du temple de Provo City Center qui \u00e9tait avant son incendie le Tabernacle de la ville de Provo.\" \/>\n<meta property=\"og:url\" content=\"https:\/\/fr.elds.org\/lesmormons-net\/temple\/le-nouveau-temple-de-provo\/\" \/>\n<meta property=\"og:site_name\" content=\"Les Mormons\" \/>\n<meta property=\"article:published_time\" content=\"2015-12-28T09:05:37+00:00\" \/>\n<meta property=\"article:modified_time\" content=\"2018-03-10T09:16:21+00:00\" \/>\n<meta property=\"og:image\" content=\"https:\/\/fr.elds.org\/lesmormons-net\/files\/2015\/12\/29-Temple-North.jpg\" \/>\n\t<meta property=\"og:image:width\" content=\"640\" \/>\n\t<meta property=\"og:image:height\" content=\"426\" \/>\n\t<meta property=\"og:image:type\" content=\"image\/jpeg\" \/>\n<meta name=\"twitter:card\" content=\"summary_large_image\" \/>\n<meta name=\"twitter:label1\" content=\"\u00c9crit par\" \/>\n\t<meta name=\"twitter:data1\" content=\"\" \/>\n\t<meta name=\"twitter:label2\" content=\"Dur\u00e9e de lecture estim\u00e9e\" \/>\n\t<meta name=\"twitter:data2\" content=\"1 minute\" \/>\n<script type=\"application\/ld+json\" class=\"yoast-schema-graph\">{\"@context\":\"https:\\\/\\\/schema.org\",\"@graph\":[{\"@type\":\"Article\",\"@id\":\"https:\\\/\\\/fr.elds.org\\\/lesmormons-net\\\/temple\\\/le-nouveau-temple-de-provo\\\/#article\",\"isPartOf\":{\"@id\":\"https:\\\/\\\/fr.elds.org\\\/lesmormons-net\\\/temple\\\/le-nouveau-temple-de-provo\\\/\"},\"author\":{\"name\":\"\",\"@id\":\"\"},\"headline\":\"Le Nouveau Temple de Provo\",\"datePublished\":\"2015-12-28T09:05:37+00:00\",\"dateModified\":\"2018-03-10T09:16:21+00:00\",\"mainEntityOfPage\":{\"@id\":\"https:\\\/\\\/fr.elds.org\\\/lesmormons-net\\\/temple\\\/le-nouveau-temple-de-provo\\\/\"},\"wordCount\":262,\"commentCount\":1,\"image\":{\"@id\":\"https:\\\/\\\/fr.elds.org\\\/lesmormons-net\\\/temple\\\/le-nouveau-temple-de-provo\\\/#primaryimage\"},\"thumbnailUrl\":\"https:\\\/\\\/fr.elds.org\\\/lesmormons-net\\\/files\\\/2015\\\/12\\\/29-Temple-North.jpg\",\"keywords\":[\"ce qu'il faut savoir sur le temple\",\"nouvelles\"],\"articleSection\":[\"Temple\"],\"inLanguage\":\"fr-FR\",\"potentialAction\":[{\"@type\":\"CommentAction\",\"name\":\"Comment\",\"target\":[\"https:\\\/\\\/fr.elds.org\\\/lesmormons-net\\\/temple\\\/le-nouveau-temple-de-provo\\\/#respond\"]}]},{\"@type\":\"WebPage\",\"@id\":\"https:\\\/\\\/fr.elds.org\\\/lesmormons-net\\\/temple\\\/le-nouveau-temple-de-provo\\\/\",\"url\":\"https:\\\/\\\/fr.elds.org\\\/lesmormons-net\\\/temple\\\/le-nouveau-temple-de-provo\\\/\",\"name\":\"Le nouveau temple de Provo City, Utah, en photos.\",\"isPartOf\":{\"@id\":\"https:\\\/\\\/fr.elds.org\\\/lesmormons-net\\\/#website\"},\"primaryImageOfPage\":{\"@id\":\"https:\\\/\\\/fr.elds.org\\\/lesmormons-net\\\/temple\\\/le-nouveau-temple-de-provo\\\/#primaryimage\"},\"image\":{\"@id\":\"https:\\\/\\\/fr.elds.org\\\/lesmormons-net\\\/temple\\\/le-nouveau-temple-de-provo\\\/#primaryimage\"},\"thumbnailUrl\":\"https:\\\/\\\/fr.elds.org\\\/lesmormons-net\\\/files\\\/2015\\\/12\\\/29-Temple-North.jpg\",\"datePublished\":\"2015-12-28T09:05:37+00:00\",\"dateModified\":\"2018-03-10T09:16:21+00:00\",\"author\":{\"@id\":\"\"},\"description\":\"D\u00e9couvrez les premi\u00e8res photos du temple de Provo City Center qui \u00e9tait avant son incendie le Tabernacle de la ville de Provo.\",\"breadcrumb\":{\"@id\":\"https:\\\/\\\/fr.elds.org\\\/lesmormons-net\\\/temple\\\/le-nouveau-temple-de-provo\\\/#breadcrumb\"},\"inLanguage\":\"fr-FR\",\"potentialAction\":[{\"@type\":\"ReadAction\",\"target\":[\"https:\\\/\\\/fr.elds.org\\\/lesmormons-net\\\/temple\\\/le-nouveau-temple-de-provo\\\/\"]}]},{\"@type\":\"ImageObject\",\"inLanguage\":\"fr-FR\",\"@id\":\"https:\\\/\\\/fr.elds.org\\\/lesmormons-net\\\/temple\\\/le-nouveau-temple-de-provo\\\/#primaryimage\",\"url\":\"https:\\\/\\\/fr.elds.org\\\/lesmormons-net\\\/files\\\/2015\\\/12\\\/29-Temple-North.jpg\",\"contentUrl\":\"https:\\\/\\\/fr.elds.org\\\/lesmormons-net\\\/files\\\/2015\\\/12\\\/29-Temple-North.jpg\",\"width\":640,\"height\":426},{\"@type\":\"BreadcrumbList\",\"@id\":\"https:\\\/\\\/fr.elds.org\\\/lesmormons-net\\\/temple\\\/le-nouveau-temple-de-provo\\\/#breadcrumb\",\"itemListElement\":[{\"@type\":\"ListItem\",\"position\":1,\"name\":\"Home\",\"item\":\"https:\\\/\\\/fr.elds.org\\\/lesmormons-net\\\/\"},{\"@type\":\"ListItem\",\"position\":2,\"name\":\"Le Nouveau Temple de Provo\"}]},{\"@type\":\"WebSite\",\"@id\":\"https:\\\/\\\/fr.elds.org\\\/lesmormons-net\\\/#website\",\"url\":\"https:\\\/\\\/fr.elds.org\\\/lesmormons-net\\\/\",\"name\":\"Les Mormons\",\"description\":\"Les mormons au quotidien\",\"potentialAction\":[{\"@type\":\"SearchAction\",\"target\":{\"@type\":\"EntryPoint\",\"urlTemplate\":\"https:\\\/\\\/fr.elds.org\\\/lesmormons-net\\\/?s={search_term_string}\"},\"query-input\":{\"@type\":\"PropertyValueSpecification\",\"valueRequired\":true,\"valueName\":\"search_term_string\"}}],\"inLanguage\":\"fr-FR\"},{\"@type\":\"Person\",\"@id\":\"\",\"url\":\"https:\\\/\\\/fr.elds.org\\\/lesmormons-net\\\/author\\\/\"}]}<\/script>\n<!-- \/ Yoast SEO plugin. -->","yoast_head_json":{"title":"Le nouveau temple de Provo City, Utah, en photos.","description":"D\u00e9couvrez les premi\u00e8res photos du temple de Provo City Center qui \u00e9tait avant son incendie le Tabernacle de la ville de Provo.","robots":{"index":"index","follow":"follow","max-snippet":"max-snippet:-1","max-image-preview":"max-image-preview:large","max-video-preview":"max-video-preview:-1"},"canonical":"https:\/\/fr.elds.org\/lesmormons-net\/temple\/le-nouveau-temple-de-provo\/","og_locale":"fr_FR","og_type":"article","og_title":"Le nouveau temple de Provo City, Utah, en photos.","og_description":"D\u00e9couvrez les premi\u00e8res photos du temple de Provo City Center qui \u00e9tait avant son incendie le Tabernacle de la ville de Provo.","og_url":"https:\/\/fr.elds.org\/lesmormons-net\/temple\/le-nouveau-temple-de-provo\/","og_site_name":"Les Mormons","article_published_time":"2015-12-28T09:05:37+00:00","article_modified_time":"2018-03-10T09:16:21+00:00","og_image":[{"width":640,"height":426,"url":"https:\/\/fr.elds.org\/lesmormons-net\/files\/2015\/12\/29-Temple-North.jpg","type":"image\/jpeg"}],"twitter_card":"summary_large_image","twitter_misc":{"\u00c9crit par":"","Dur\u00e9e de lecture estim\u00e9e":"1 minute"},"schema":{"@context":"https:\/\/schema.org","@graph":[{"@type":"Article","@id":"https:\/\/fr.elds.org\/lesmormons-net\/temple\/le-nouveau-temple-de-provo\/#article","isPartOf":{"@id":"https:\/\/fr.elds.org\/lesmormons-net\/temple\/le-nouveau-temple-de-provo\/"},"author":{"name":"","@id":""},"headline":"Le Nouveau Temple de Provo","datePublished":"2015-12-28T09:05:37+00:00","dateModified":"2018-03-10T09:16:21+00:00","mainEntityOfPage":{"@id":"https:\/\/fr.elds.org\/lesmormons-net\/temple\/le-nouveau-temple-de-provo\/"},"wordCount":262,"commentCount":1,"image":{"@id":"https:\/\/fr.elds.org\/lesmormons-net\/temple\/le-nouveau-temple-de-provo\/#primaryimage"},"thumbnailUrl":"https:\/\/fr.elds.org\/lesmormons-net\/files\/2015\/12\/29-Temple-North.jpg","keywords":["ce qu'il faut savoir sur le temple","nouvelles"],"articleSection":["Temple"],"inLanguage":"fr-FR","potentialAction":[{"@type":"CommentAction","name":"Comment","target":["https:\/\/fr.elds.org\/lesmormons-net\/temple\/le-nouveau-temple-de-provo\/#respond"]}]},{"@type":"WebPage","@id":"https:\/\/fr.elds.org\/lesmormons-net\/temple\/le-nouveau-temple-de-provo\/","url":"https:\/\/fr.elds.org\/lesmormons-net\/temple\/le-nouveau-temple-de-provo\/","name":"Le nouveau temple de Provo City, Utah, en photos.","isPartOf":{"@id":"https:\/\/fr.elds.org\/lesmormons-net\/#website"},"primaryImageOfPage":{"@id":"https:\/\/fr.elds.org\/lesmormons-net\/temple\/le-nouveau-temple-de-provo\/#primaryimage"},"image":{"@id":"https:\/\/fr.elds.org\/lesmormons-net\/temple\/le-nouveau-temple-de-provo\/#primaryimage"},"thumbnailUrl":"https:\/\/fr.elds.org\/lesmormons-net\/files\/2015\/12\/29-Temple-North.jpg","datePublished":"2015-12-28T09:05:37+00:00","dateModified":"2018-03-10T09:16:21+00:00","author":{"@id":""},"description":"D\u00e9couvrez les premi\u00e8res photos du temple de Provo City Center qui \u00e9tait avant son incendie le Tabernacle de la ville de Provo.","breadcrumb":{"@id":"https:\/\/fr.elds.org\/lesmormons-net\/temple\/le-nouveau-temple-de-provo\/#breadcrumb"},"inLanguage":"fr-FR","potentialAction":[{"@type":"ReadAction","target":["https:\/\/fr.elds.org\/lesmormons-net\/temple\/le-nouveau-temple-de-provo\/"]}]},{"@type":"ImageObject","inLanguage":"fr-FR","@id":"https:\/\/fr.elds.org\/lesmormons-net\/temple\/le-nouveau-temple-de-provo\/#primaryimage","url":"https:\/\/fr.elds.org\/lesmormons-net\/files\/2015\/12\/29-Temple-North.jpg","contentUrl":"https:\/\/fr.elds.org\/lesmormons-net\/files\/2015\/12\/29-Temple-North.jpg","width":640,"height":426},{"@type":"BreadcrumbList","@id":"https:\/\/fr.elds.org\/lesmormons-net\/temple\/le-nouveau-temple-de-provo\/#breadcrumb","itemListElement":[{"@type":"ListItem","position":1,"name":"Home","item":"https:\/\/fr.elds.org\/lesmormons-net\/"},{"@type":"ListItem","position":2,"name":"Le Nouveau Temple de Provo"}]},{"@type":"WebSite","@id":"https:\/\/fr.elds.org\/lesmormons-net\/#website","url":"https:\/\/fr.elds.org\/lesmormons-net\/","name":"Les Mormons","description":"Les mormons au quotidien","potentialAction":[{"@type":"SearchAction","target":{"@type":"EntryPoint","urlTemplate":"https:\/\/fr.elds.org\/lesmormons-net\/?s={search_term_string}"},"query-input":{"@type":"PropertyValueSpecification","valueRequired":true,"valueName":"search_term_string"}}],"inLanguage":"fr-FR"},{"@type":"Person","@id":"","url":"https:\/\/fr.elds.org\/lesmormons-net\/author\/"}]}},"_links":{"self":[{"href":"https:\/\/fr.elds.org\/lesmormons-net\/wp-json\/wp\/v2\/posts\/2235","targetHints":{"allow":["GET"]}}],"collection":[{"href":"https:\/\/fr.elds.org\/lesmormons-net\/wp-json\/wp\/v2\/posts"}],"about":[{"href":"https:\/\/fr.elds.org\/lesmormons-net\/wp-json\/wp\/v2\/types\/post"}],"author":[{"embeddable":true,"href":"https:\/\/fr.elds.org\/lesmormons-net\/wp-json\/wp\/v2\/users\/39"}],"replies":[{"embeddable":true,"href":"https:\/\/fr.elds.org\/lesmormons-net\/wp-json\/wp\/v2\/comments?post=2235"}],"version-history":[{"count":6,"href":"https:\/\/fr.elds.org\/lesmormons-net\/wp-json\/wp\/v2\/posts\/2235\/revisions"}],"predecessor-version":[{"id":7816,"href":"https:\/\/fr.elds.org\/lesmormons-net\/wp-json\/wp\/v2\/posts\/2235\/revisions\/7816"}],"wp:featuredmedia":[{"embeddable":true,"href":"https:\/\/fr.elds.org\/lesmormons-net\/wp-json\/wp\/v2\/media\/2238"}],"wp:attachment":[{"href":"https:\/\/fr.elds.org\/lesmormons-net\/wp-json\/wp\/v2\/media?parent=2235"}],"wp:term":[{"taxonomy":"category","embeddable":true,"href":"https:\/\/fr.elds.org\/lesmormons-net\/wp-json\/wp\/v2\/categories?post=2235"},{"taxonomy":"post_tag","embeddable":true,"href":"https:\/\/fr.elds.org\/lesmormons-net\/wp-json\/wp\/v2\/tags?post=2235"}],"curies":[{"name":"wp","href":"https:\/\/api.w.org\/{rel}","templated":true}]}}