{"id":2178,"date":"2015-12-14T14:15:37","date_gmt":"2015-12-14T13:15:37","guid":{"rendered":"http:\/\/fr.elds.org\/lesmormons-net\/?p=2178"},"modified":"2018-07-28T10:42:55","modified_gmt":"2018-07-28T08:42:55","slug":"consecration-temple-de-tijuana","status":"publish","type":"post","link":"https:\/\/fr.elds.org\/lesmormons-net\/actualites-mondiales\/consecration-temple-de-tijuana\/","title":{"rendered":"CONS\u00c9CRATION DU TEMPLE DE TIJUANA AU MEXIQUE"},"content":{"rendered":"<p>13\u00e8me temple Mormon au Mexique<\/p>\n<p><em>Salt Lake City-<\/em><\/p>\n<p>Pr\u00e9sident <a href=\"https:\/\/www.lds.org\/church\/leader\/dieter-f-uchtdorf?lang=fra\" target=\"_blank\" rel=\"noopener\">Dieter F. Uchtorf<\/a>, deuxi\u00e8me conseiller dans la <a href=\"http:\/\/www.mormonnewsroom.org\/topic\/first-presidency\" target=\"_blank\" rel=\"noopener\">Premi\u00e8re Pr\u00e9sidence<\/a> de l\u2019Eglise de J\u00e9sus-Christ des Sains des Derniers Jours, a consacr\u00e9 le Temple de Tijuana Mexique, dimanche 13 d\u00e9cembre 2015<\/p>\n<p>&nbsp;<\/p>\n<p><img decoding=\"async\" class=\"aligncenter\" src=\"http:\/\/www.mormonnewsroom.org\/media\/640x360\/Tijuana-Temple-cornerstone6-2015-resized.jpg\" alt=\"Tijuana Temple Cornerstone\" \/><\/p>\n<p><img decoding=\"async\" class=\"aligncenter\" src=\"http:\/\/www.mormonnewsroom.org\/media\/640x360\/Tijuana-Temple-cornerstone7-2015-resized.jpg\" alt=\"Tijuana Temple Cornerstone\" \/><\/p>\n<p><img decoding=\"async\" class=\"aligncenter\" src=\"http:\/\/www.mormonnewsroom.org\/media\/640x360\/Tijuana-Temple-cornerstone3-2015-resized.jpg\" alt=\"Tijuana Temple Cornerstone\" \/><\/p>\n<p>Durant la c\u00e9r\u00e9monie traditionnelle de la pierre angulaire signifiant que la construction du temple est achev\u00e9e, Pr\u00e9sident Uchtdorf a demand\u00e9 \u00e0 l\u2019assistance, compos\u00e9e de dirigeants de l\u2019Eglise et de membres de l\u2019Eglise locaux, de l\u2019aider \u00e0 mettre en place le mortier autour de la pierre angulaire.<\/p>\n<blockquote><p>\u00ab\u00a0Nous vous aimons\u00a0\u00bb<\/p><\/blockquote>\n<p>a dit Pr\u00e9sident Uchtdorf.<\/p>\n<blockquote><p>\u00ab\u00a0Nous vous apportons l\u2019amour et les salutations de Pr\u00e9sident Monson. Son c\u0153ur est ici. Il participera par Internet et par t\u00e9l\u00e9vision. Il vous verra. Il vous entendra. Il ressentira votre esprit. Soyez donc b\u00e9nis par lui. Soyez tous b\u00e9nis par nous.\u00a0\u00bb<\/p><\/blockquote>\n<p>Elder Dallin H.Oaks du Coll\u00e8ge des Douze Ap\u00f4tres, Elder Larry Y. Wilson des Soixante Dix\u00a0et directeur ex\u00e9cutif du D\u00e9partement du Temple et des membres de la Pr\u00e9sidence d\u2019Interr\u00e9gion du M\u00e9xique, Elders Benjamin De Hoyos, Paul B. Pieper et Amulfo Valenzuela, des Soixante Dix l\u2019ont assist\u00e9 durant les r\u00e9unions de cons\u00e9cration.<\/p>\n<p>Pr\u00e9sident Uchtdorf a dit aux Saints des Derniers Jours que c\u2019est leur temple.<\/p>\n<blockquote><p>\u00ab\u00a0C\u2019est la maison du Seigneur et c\u2019est un lien entre les cieux et la terre. Alors souvenez-vous en quand vous viendrez ici et ressentirez que les chemins entre les cieux et la terre se croisent, une intersection entre le spirituel et notre vie ici sur terre.\u00a0\u00bb<\/p><\/blockquote>\n<p>Le temple desservira 45\u00a0000 Saints des Derniers Jours vivants sur les territoires de Tijuana, Rosarito, Tecate, Mexicali, Ensenada, San Luis Rio Colorado, San Quint\u00edn, San Felipe et Guerrero Negro.<\/p>\n<p>La veille de la cons\u00e9cration, des centaines de jeunes ont particip\u00e9 \u00e0 une c\u00e9l\u00e9bration culturelle mettant en avant l\u2019histoire de l\u2019Eglise au Mexique, \u00e0 travers la danse et la musique.<\/p>\n<p>L\u2019Eglise a 12 autres temples au Mexique, localis\u00e9s \u00e0 Ciudad Ju\u00e1rez,\u00a0Colonia Ju\u00e1rez Chihuahua,\u00a0Guadalajara,\u00a0Hermosillo Sonora,\u00a0M\u00e9rida,\u00a0Mexico City,\u00a0Monterrey,\u00a0Oaxaca,\u00a0Tampico,Tuxtla Guti\u00e9rrez,\u00a0Veracruz\u00a0et\u00a0Villahermosa.<\/p>\n<p>Les temples des Saints des Derniers Jours sont diff\u00e9rents des lieux de cultes ou des chapelles, o\u00f9 les membres s\u2019assemblent le Dimanche lors de r\u00e9unions de culte. Les temples sont consid\u00e9r\u00e9s comme \u00e9tant des \u00ab\u00a0maisons de l\u2019Eternel\u00a0\u00bb o\u00f9 les enseignements du Christ sont r\u00e9affirm\u00e9s \u00e0 travers le mariage, le bapt\u00eame et d\u2019autres ordonnances qui unissent les familles pour l\u2019Eternit\u00e9. A l\u2019int\u00e9rieur, les membres en apprennent plus sur le but de la vie et font alliance de servir J\u00e9sus-Christ et leurs semblables.<\/p>\n<p><em>D&rsquo;apr\u00e8s un article publi\u00e9 sur <a href=\"http:\/\/www.mormonnewsroom.org\/article\/149th-temple-in-the-world-is-dedicated-in-tijuana-mexico\" target=\"_blank\" rel=\"noopener\">Mormon Newsroom<\/a><\/em><\/p>\n","protected":false},"excerpt":{"rendered":"<p>Les saints de cette r\u00e9gion mexicaine sont heureux: le temple de Tijuana a \u00e9t\u00e9 consacr\u00e9 par Pr\u00e9sident Uchdorf le 13 d\u00e9cembre 2015.<\/p>\n","protected":false},"author":39,"featured_media":4409,"comment_status":"open","ping_status":"open","sticky":false,"template":"","format":"standard","meta":{"_et_pb_use_builder":"","_et_pb_old_content":"","_et_gb_content_width":"","footnotes":""},"categories":[174],"tags":[69,71],"class_list":["post-2178","post","type-post","status-publish","format-standard","has-post-thumbnail","hentry","category-actualites-mondiales","tag-temple","tag-news","et-has-post-format-content","et_post_format-et-post-format-standard"],"yoast_head":"<!-- This site is optimized with the Yoast SEO plugin v27.4 - https:\/\/yoast.com\/product\/yoast-seo-wordpress\/ -->\n<title>CONS\u00c9CRATION DE TEMPLE DE TIJUANA AU MEXIQUE<\/title>\n<meta name=\"description\" content=\"Les saints de cette r\u00e9gion mexicaine sont heureux: le temple de Tijuana a \u00e9t\u00e9 consacr\u00e9 par Pr\u00e9sident Uchdorf le 13 d\u00e9cembre 2015.\" \/>\n<meta name=\"robots\" content=\"index, follow, max-snippet:-1, max-image-preview:large, max-video-preview:-1\" \/>\n<link rel=\"canonical\" href=\"https:\/\/fr.elds.org\/lesmormons-net\/actualites-mondiales\/consecration-temple-de-tijuana\/\" \/>\n<meta property=\"og:locale\" content=\"fr_FR\" \/>\n<meta property=\"og:type\" content=\"article\" \/>\n<meta property=\"og:title\" content=\"CONS\u00c9CRATION DE TEMPLE DE TIJUANA AU MEXIQUE\" \/>\n<meta property=\"og:description\" content=\"Les saints de cette r\u00e9gion mexicaine sont heureux: le temple de Tijuana a \u00e9t\u00e9 consacr\u00e9 par Pr\u00e9sident Uchdorf le 13 d\u00e9cembre 2015.\" \/>\n<meta property=\"og:url\" content=\"https:\/\/fr.elds.org\/lesmormons-net\/actualites-mondiales\/consecration-temple-de-tijuana\/\" \/>\n<meta property=\"og:site_name\" content=\"Les Mormons\" \/>\n<meta property=\"article:published_time\" content=\"2015-12-14T13:15:37+00:00\" \/>\n<meta property=\"article:modified_time\" content=\"2018-07-28T08:42:55+00:00\" \/>\n<meta property=\"og:image\" content=\"https:\/\/fr.elds.org\/lesmormons-net\/files\/2015\/12\/Tijuana_Temple1_2015.jpg\" \/>\n\t<meta property=\"og:image:width\" content=\"640\" \/>\n\t<meta property=\"og:image:height\" content=\"480\" \/>\n\t<meta property=\"og:image:type\" content=\"image\/jpeg\" \/>\n<meta name=\"twitter:card\" content=\"summary_large_image\" \/>\n<meta name=\"twitter:label1\" content=\"\u00c9crit par\" \/>\n\t<meta name=\"twitter:data1\" content=\"\" \/>\n\t<meta name=\"twitter:label2\" content=\"Dur\u00e9e de lecture estim\u00e9e\" \/>\n\t<meta name=\"twitter:data2\" content=\"2 minutes\" \/>\n<script type=\"application\/ld+json\" class=\"yoast-schema-graph\">{\"@context\":\"https:\\\/\\\/schema.org\",\"@graph\":[{\"@type\":\"Article\",\"@id\":\"https:\\\/\\\/fr.elds.org\\\/lesmormons-net\\\/actualites-mondiales\\\/consecration-temple-de-tijuana\\\/#article\",\"isPartOf\":{\"@id\":\"https:\\\/\\\/fr.elds.org\\\/lesmormons-net\\\/actualites-mondiales\\\/consecration-temple-de-tijuana\\\/\"},\"author\":{\"name\":\"\",\"@id\":\"\"},\"headline\":\"CONS\u00c9CRATION DU TEMPLE DE TIJUANA AU MEXIQUE\",\"datePublished\":\"2015-12-14T13:15:37+00:00\",\"dateModified\":\"2018-07-28T08:42:55+00:00\",\"mainEntityOfPage\":{\"@id\":\"https:\\\/\\\/fr.elds.org\\\/lesmormons-net\\\/actualites-mondiales\\\/consecration-temple-de-tijuana\\\/\"},\"wordCount\":484,\"commentCount\":1,\"image\":{\"@id\":\"https:\\\/\\\/fr.elds.org\\\/lesmormons-net\\\/actualites-mondiales\\\/consecration-temple-de-tijuana\\\/#primaryimage\"},\"thumbnailUrl\":\"https:\\\/\\\/fr.elds.org\\\/lesmormons-net\\\/files\\\/2015\\\/12\\\/Tijuana_Temple1_2015.jpg\",\"keywords\":[\"ce qu'il faut savoir sur le temple\",\"nouvelles\"],\"articleSection\":[\"Actualit\u00e9s mondiales\"],\"inLanguage\":\"fr-FR\",\"potentialAction\":[{\"@type\":\"CommentAction\",\"name\":\"Comment\",\"target\":[\"https:\\\/\\\/fr.elds.org\\\/lesmormons-net\\\/actualites-mondiales\\\/consecration-temple-de-tijuana\\\/#respond\"]}]},{\"@type\":\"WebPage\",\"@id\":\"https:\\\/\\\/fr.elds.org\\\/lesmormons-net\\\/actualites-mondiales\\\/consecration-temple-de-tijuana\\\/\",\"url\":\"https:\\\/\\\/fr.elds.org\\\/lesmormons-net\\\/actualites-mondiales\\\/consecration-temple-de-tijuana\\\/\",\"name\":\"CONS\u00c9CRATION DE TEMPLE DE TIJUANA AU MEXIQUE\",\"isPartOf\":{\"@id\":\"https:\\\/\\\/fr.elds.org\\\/lesmormons-net\\\/#website\"},\"primaryImageOfPage\":{\"@id\":\"https:\\\/\\\/fr.elds.org\\\/lesmormons-net\\\/actualites-mondiales\\\/consecration-temple-de-tijuana\\\/#primaryimage\"},\"image\":{\"@id\":\"https:\\\/\\\/fr.elds.org\\\/lesmormons-net\\\/actualites-mondiales\\\/consecration-temple-de-tijuana\\\/#primaryimage\"},\"thumbnailUrl\":\"https:\\\/\\\/fr.elds.org\\\/lesmormons-net\\\/files\\\/2015\\\/12\\\/Tijuana_Temple1_2015.jpg\",\"datePublished\":\"2015-12-14T13:15:37+00:00\",\"dateModified\":\"2018-07-28T08:42:55+00:00\",\"author\":{\"@id\":\"\"},\"description\":\"Les saints de cette r\u00e9gion mexicaine sont heureux: le temple de Tijuana a \u00e9t\u00e9 consacr\u00e9 par Pr\u00e9sident Uchdorf le 13 d\u00e9cembre 2015.\",\"breadcrumb\":{\"@id\":\"https:\\\/\\\/fr.elds.org\\\/lesmormons-net\\\/actualites-mondiales\\\/consecration-temple-de-tijuana\\\/#breadcrumb\"},\"inLanguage\":\"fr-FR\",\"potentialAction\":[{\"@type\":\"ReadAction\",\"target\":[\"https:\\\/\\\/fr.elds.org\\\/lesmormons-net\\\/actualites-mondiales\\\/consecration-temple-de-tijuana\\\/\"]}]},{\"@type\":\"ImageObject\",\"inLanguage\":\"fr-FR\",\"@id\":\"https:\\\/\\\/fr.elds.org\\\/lesmormons-net\\\/actualites-mondiales\\\/consecration-temple-de-tijuana\\\/#primaryimage\",\"url\":\"https:\\\/\\\/fr.elds.org\\\/lesmormons-net\\\/files\\\/2015\\\/12\\\/Tijuana_Temple1_2015.jpg\",\"contentUrl\":\"https:\\\/\\\/fr.elds.org\\\/lesmormons-net\\\/files\\\/2015\\\/12\\\/Tijuana_Temple1_2015.jpg\",\"width\":640,\"height\":480,\"caption\":\"Temple de Tijuana consacr\u00e9 en 2015\"},{\"@type\":\"BreadcrumbList\",\"@id\":\"https:\\\/\\\/fr.elds.org\\\/lesmormons-net\\\/actualites-mondiales\\\/consecration-temple-de-tijuana\\\/#breadcrumb\",\"itemListElement\":[{\"@type\":\"ListItem\",\"position\":1,\"name\":\"Home\",\"item\":\"https:\\\/\\\/fr.elds.org\\\/lesmormons-net\\\/\"},{\"@type\":\"ListItem\",\"position\":2,\"name\":\"CONS\u00c9CRATION DU TEMPLE DE TIJUANA AU MEXIQUE\"}]},{\"@type\":\"WebSite\",\"@id\":\"https:\\\/\\\/fr.elds.org\\\/lesmormons-net\\\/#website\",\"url\":\"https:\\\/\\\/fr.elds.org\\\/lesmormons-net\\\/\",\"name\":\"Les Mormons\",\"description\":\"Les mormons au quotidien\",\"potentialAction\":[{\"@type\":\"SearchAction\",\"target\":{\"@type\":\"EntryPoint\",\"urlTemplate\":\"https:\\\/\\\/fr.elds.org\\\/lesmormons-net\\\/?s={search_term_string}\"},\"query-input\":{\"@type\":\"PropertyValueSpecification\",\"valueRequired\":true,\"valueName\":\"search_term_string\"}}],\"inLanguage\":\"fr-FR\"},{\"@type\":\"Person\",\"@id\":\"\",\"url\":\"https:\\\/\\\/fr.elds.org\\\/lesmormons-net\\\/author\\\/\"}]}<\/script>\n<!-- \/ Yoast SEO plugin. -->","yoast_head_json":{"title":"CONS\u00c9CRATION DE TEMPLE DE TIJUANA AU MEXIQUE","description":"Les saints de cette r\u00e9gion mexicaine sont heureux: le temple de Tijuana a \u00e9t\u00e9 consacr\u00e9 par Pr\u00e9sident Uchdorf le 13 d\u00e9cembre 2015.","robots":{"index":"index","follow":"follow","max-snippet":"max-snippet:-1","max-image-preview":"max-image-preview:large","max-video-preview":"max-video-preview:-1"},"canonical":"https:\/\/fr.elds.org\/lesmormons-net\/actualites-mondiales\/consecration-temple-de-tijuana\/","og_locale":"fr_FR","og_type":"article","og_title":"CONS\u00c9CRATION DE TEMPLE DE TIJUANA AU MEXIQUE","og_description":"Les saints de cette r\u00e9gion mexicaine sont heureux: le temple de Tijuana a \u00e9t\u00e9 consacr\u00e9 par Pr\u00e9sident Uchdorf le 13 d\u00e9cembre 2015.","og_url":"https:\/\/fr.elds.org\/lesmormons-net\/actualites-mondiales\/consecration-temple-de-tijuana\/","og_site_name":"Les Mormons","article_published_time":"2015-12-14T13:15:37+00:00","article_modified_time":"2018-07-28T08:42:55+00:00","og_image":[{"width":640,"height":480,"url":"https:\/\/fr.elds.org\/lesmormons-net\/files\/2015\/12\/Tijuana_Temple1_2015.jpg","type":"image\/jpeg"}],"twitter_card":"summary_large_image","twitter_misc":{"\u00c9crit par":"","Dur\u00e9e de lecture estim\u00e9e":"2 minutes"},"schema":{"@context":"https:\/\/schema.org","@graph":[{"@type":"Article","@id":"https:\/\/fr.elds.org\/lesmormons-net\/actualites-mondiales\/consecration-temple-de-tijuana\/#article","isPartOf":{"@id":"https:\/\/fr.elds.org\/lesmormons-net\/actualites-mondiales\/consecration-temple-de-tijuana\/"},"author":{"name":"","@id":""},"headline":"CONS\u00c9CRATION DU TEMPLE DE TIJUANA AU MEXIQUE","datePublished":"2015-12-14T13:15:37+00:00","dateModified":"2018-07-28T08:42:55+00:00","mainEntityOfPage":{"@id":"https:\/\/fr.elds.org\/lesmormons-net\/actualites-mondiales\/consecration-temple-de-tijuana\/"},"wordCount":484,"commentCount":1,"image":{"@id":"https:\/\/fr.elds.org\/lesmormons-net\/actualites-mondiales\/consecration-temple-de-tijuana\/#primaryimage"},"thumbnailUrl":"https:\/\/fr.elds.org\/lesmormons-net\/files\/2015\/12\/Tijuana_Temple1_2015.jpg","keywords":["ce qu'il faut savoir sur le temple","nouvelles"],"articleSection":["Actualit\u00e9s mondiales"],"inLanguage":"fr-FR","potentialAction":[{"@type":"CommentAction","name":"Comment","target":["https:\/\/fr.elds.org\/lesmormons-net\/actualites-mondiales\/consecration-temple-de-tijuana\/#respond"]}]},{"@type":"WebPage","@id":"https:\/\/fr.elds.org\/lesmormons-net\/actualites-mondiales\/consecration-temple-de-tijuana\/","url":"https:\/\/fr.elds.org\/lesmormons-net\/actualites-mondiales\/consecration-temple-de-tijuana\/","name":"CONS\u00c9CRATION DE TEMPLE DE TIJUANA AU MEXIQUE","isPartOf":{"@id":"https:\/\/fr.elds.org\/lesmormons-net\/#website"},"primaryImageOfPage":{"@id":"https:\/\/fr.elds.org\/lesmormons-net\/actualites-mondiales\/consecration-temple-de-tijuana\/#primaryimage"},"image":{"@id":"https:\/\/fr.elds.org\/lesmormons-net\/actualites-mondiales\/consecration-temple-de-tijuana\/#primaryimage"},"thumbnailUrl":"https:\/\/fr.elds.org\/lesmormons-net\/files\/2015\/12\/Tijuana_Temple1_2015.jpg","datePublished":"2015-12-14T13:15:37+00:00","dateModified":"2018-07-28T08:42:55+00:00","author":{"@id":""},"description":"Les saints de cette r\u00e9gion mexicaine sont heureux: le temple de Tijuana a \u00e9t\u00e9 consacr\u00e9 par Pr\u00e9sident Uchdorf le 13 d\u00e9cembre 2015.","breadcrumb":{"@id":"https:\/\/fr.elds.org\/lesmormons-net\/actualites-mondiales\/consecration-temple-de-tijuana\/#breadcrumb"},"inLanguage":"fr-FR","potentialAction":[{"@type":"ReadAction","target":["https:\/\/fr.elds.org\/lesmormons-net\/actualites-mondiales\/consecration-temple-de-tijuana\/"]}]},{"@type":"ImageObject","inLanguage":"fr-FR","@id":"https:\/\/fr.elds.org\/lesmormons-net\/actualites-mondiales\/consecration-temple-de-tijuana\/#primaryimage","url":"https:\/\/fr.elds.org\/lesmormons-net\/files\/2015\/12\/Tijuana_Temple1_2015.jpg","contentUrl":"https:\/\/fr.elds.org\/lesmormons-net\/files\/2015\/12\/Tijuana_Temple1_2015.jpg","width":640,"height":480,"caption":"Temple de Tijuana consacr\u00e9 en 2015"},{"@type":"BreadcrumbList","@id":"https:\/\/fr.elds.org\/lesmormons-net\/actualites-mondiales\/consecration-temple-de-tijuana\/#breadcrumb","itemListElement":[{"@type":"ListItem","position":1,"name":"Home","item":"https:\/\/fr.elds.org\/lesmormons-net\/"},{"@type":"ListItem","position":2,"name":"CONS\u00c9CRATION DU TEMPLE DE TIJUANA AU MEXIQUE"}]},{"@type":"WebSite","@id":"https:\/\/fr.elds.org\/lesmormons-net\/#website","url":"https:\/\/fr.elds.org\/lesmormons-net\/","name":"Les Mormons","description":"Les mormons au quotidien","potentialAction":[{"@type":"SearchAction","target":{"@type":"EntryPoint","urlTemplate":"https:\/\/fr.elds.org\/lesmormons-net\/?s={search_term_string}"},"query-input":{"@type":"PropertyValueSpecification","valueRequired":true,"valueName":"search_term_string"}}],"inLanguage":"fr-FR"},{"@type":"Person","@id":"","url":"https:\/\/fr.elds.org\/lesmormons-net\/author\/"}]}},"_links":{"self":[{"href":"https:\/\/fr.elds.org\/lesmormons-net\/wp-json\/wp\/v2\/posts\/2178","targetHints":{"allow":["GET"]}}],"collection":[{"href":"https:\/\/fr.elds.org\/lesmormons-net\/wp-json\/wp\/v2\/posts"}],"about":[{"href":"https:\/\/fr.elds.org\/lesmormons-net\/wp-json\/wp\/v2\/types\/post"}],"author":[{"embeddable":true,"href":"https:\/\/fr.elds.org\/lesmormons-net\/wp-json\/wp\/v2\/users\/39"}],"replies":[{"embeddable":true,"href":"https:\/\/fr.elds.org\/lesmormons-net\/wp-json\/wp\/v2\/comments?post=2178"}],"version-history":[{"count":9,"href":"https:\/\/fr.elds.org\/lesmormons-net\/wp-json\/wp\/v2\/posts\/2178\/revisions"}],"predecessor-version":[{"id":6651,"href":"https:\/\/fr.elds.org\/lesmormons-net\/wp-json\/wp\/v2\/posts\/2178\/revisions\/6651"}],"wp:featuredmedia":[{"embeddable":true,"href":"https:\/\/fr.elds.org\/lesmormons-net\/wp-json\/wp\/v2\/media\/4409"}],"wp:attachment":[{"href":"https:\/\/fr.elds.org\/lesmormons-net\/wp-json\/wp\/v2\/media?parent=2178"}],"wp:term":[{"taxonomy":"category","embeddable":true,"href":"https:\/\/fr.elds.org\/lesmormons-net\/wp-json\/wp\/v2\/categories?post=2178"},{"taxonomy":"post_tag","embeddable":true,"href":"https:\/\/fr.elds.org\/lesmormons-net\/wp-json\/wp\/v2\/tags?post=2178"}],"curies":[{"name":"wp","href":"https:\/\/api.w.org\/{rel}","templated":true}]}}