{"id":2168,"date":"2015-12-12T09:09:45","date_gmt":"2015-12-12T08:09:45","guid":{"rendered":"http:\/\/fr.elds.org\/lesmormons-net\/?p=2168"},"modified":"2018-07-25T11:37:59","modified_gmt":"2018-07-25T09:37:59","slug":"veillee-de-noel-de-la-premiere-presidence","status":"publish","type":"post","link":"https:\/\/fr.elds.org\/lesmormons-net\/actualites-mondiales\/veillee-de-noel-de-la-premiere-presidence\/","title":{"rendered":"VEILL\u00c9E DE NO\u00cbL DE LA PREMI\u00c8RE PR\u00c9SIDENCE"},"content":{"rendered":"<p><em>La veill\u00e9e annuelle de la Premi\u00e8re Pr\u00e9sidence de l&rsquo;Eglise de J\u00e9sus-Christ des Saints des Derniers Jours est maintenant disponible en Fran\u00e7ais!<\/em><\/p>\n<p>\u00ab\u00a0No\u00ebl est la plus rare des saisons &#8211; quand nous voyons les autres avec de nouveaux yeux, quand nous ouvrons nos c\u0153urs un peu plus \u00e0 la beaut\u00e9 autour de nous, et quand nous tendons la main \u00e0 d&rsquo;autres avec un peu plus de bont\u00e9 et de compassion\u00a0\u00bb, a d\u00e9clar\u00e9 Dieter F. Uchtdorf, membre de la Premi\u00e8re Pr\u00e9sidence de l&rsquo;\u00c9glise de J\u00e9sus-Christ des Saints des Derniers Jours, \u00e0 la veill\u00e9e de No\u00ebl de la Premi\u00e8re Pr\u00e9sidence. Des milliers de personnes se sont rassembl\u00e9es pour l&rsquo;\u00e9v\u00e9nement annuel dans le centre de conf\u00e9rence de Temple Square \u00e0 Salt Lake City, le dimanche 6 d\u00e9cembre 2015. Beaucoup d&rsquo;autres ont regard\u00e9 la diffusion en direct sur le site LDS.org, sur la chaine mormone BYUTV et dans les lieux de r\u00e9unions locales.<\/p>\n<div class=\"article-title\">\n<article>\u00ab\u00a0Mais nous savons tous que trop souvent l&rsquo;esprit sublime de No\u00ebl peut s\u2019\u00e9clipser et m\u00eame se perdre dans le rythme et les pressions des achats, des factures, et des horaires des emplois de temps charg\u00e9s,\u00a0\u00bb a d\u00e9clar\u00e9 le pr\u00e9sident Uchtdorf. \u00ab\u00a0J\u2019invite chacun de nous \u00e0 trouver en cette saison de No\u00ebl, un moment dans le calme de nos \u00e2mes pour reconna\u00eetre et offrir une profonde gratitude \u00e0 &lsquo;Celui qui fut le plus G\u00e9n\u00e9reux.<\/article>\n<article>\u00ab\u00a0Alors que nous achetons des cadeaux &#8211; que nous les donnons et les recevons- nous pourrions aussi prendre le temps de contempler tranquillement les abondants cadeaux que Dieu\u00a0 d\u00e9verse sur nous, ses enfants,\u00a0\u00bb a t-il conseill\u00e9.\u00a0\u00bbNous nous r\u00e9unissons ce soir pour partager notre amour pour No\u00ebl, la saison de No\u00ebl,\u00a0\u00bb a dit Elder L. Whitney Clayton, de la pr\u00e9sidence des soixante-dix. \u00ab\u00a0No\u00ebl a une capacit\u00e9 divine de nous rassembler en tant que familles, amis et communaut\u00e9s\u00a0\u00bb, a t-il ajout\u00e9. \u00ab\u00a0L&rsquo;esprit transformateur de la saison de No\u00ebl est enracin\u00e9e dans le pouvoir r\u00e9dempteur de J\u00e9sus-Christ afin de changer nos vies pour le mieux.\u00a0\u00bbHenry B. Eyring, de la Premi\u00e8re Pr\u00e9sidence, a dirig\u00e9 la r\u00e9union. La musique a \u00e9t\u00e9 \u00a0offerte par le ch\u0153ur du\u00a0 Tabernacle \u00a0et l\u2019orchestre de Temple Square. Ils ont \u00a0interpr\u00e9t\u00e9 \u00abCar un enfant nous est n\u00e9,\u00a0\u00bb \u00ab\u00a0No\u00ebl! No\u00ebl !,\u00a0\u00bb \u00ab\u00a0In the Bleak Midwinter\u00a0\u00bb, \u00ab\u00a0Carol of the Bells\u00a0\u00bb. La congr\u00e9gation a rejoint la chorale pour chanter le dernier verset de \u00ab\u00a0Douce Nuit\u00a0\u00bb comme chant de cl\u00f4ture.S\u0153ur Linda K. Burton, pr\u00e9sidente g\u00e9n\u00e9rale de la Soci\u00e9t\u00e9 de Secours, a partag\u00e9 des souvenirs de No\u00ebl concernant sa famille, y compris des histoires \u00a0quand elle \u00e9tait adolescente en Nouvelle-Z\u00e9lande \u00a0et \u00a0que son grand-p\u00e8re est d\u00e9c\u00e9d\u00e9 en Utah. \u00ab\u00a0Bien que j\u2019ai pleur\u00e9 sa perte, j\u2019\u00e9tais b\u00e9nie et r\u00e9confort\u00e9e parce que je connaissais le glorieux plan du bonheur\u00bb, a d\u00e9clar\u00e9 S\u0153ur Burton.La deuxi\u00e8me histoire qu\u2019elle a racont\u00e9e \u00e9tait quand elle \u00e9tait une jeune m\u00e8re mari\u00e9e avec quatre enfants et a appris qu&rsquo;elle avait un cancer. \u00abNo\u00ebl fut diff\u00e9rent cette ann\u00e9e-l\u00e0. M\u00eame si j\u2019appr\u00e9ciais tout de No\u00ebl, les seules choses qui semblaient retenir mon attention alors \u00e9taient mon mariage \u00e9ternel, ma famille, ma foi, le t\u00e9moignage de mon P\u00e8re c\u00e9leste et de J\u00e9sus-Christ, et son plan \u00ab\u00a0.David A. Bednar, du Coll\u00e8ge des douze ap\u00f4tres, a dit: \u00abDans toutes les saisons de nos vies, dans toutes les circonstances que nous pouvons rencontrer, et dans chaque d\u00e9fi que nous avons \u00e0 affronter, \u00a0J\u00e9sus-Christ est la lumi\u00e8re qui dissipe la peur, fournit l&rsquo;assurance et la direction, et engendre une paix durable et de la joie \u00ab\u00a0.<\/p>\n<p>Fr\u00e8re Bednar a continu\u00e9 : \u00abBeaucoup de nos traditions de No\u00ebl m\u00e9morables et durables comprennent diff\u00e9rents types de feux &#8211; lumi\u00e8res sur les arbres, les lumi\u00e8res sur et dans nos maisons, nos bougies sur les tables\u00a0\u00bb. \u00abQue les belles lumi\u00e8res de chaque saison de vacances nous rappelle qui est la source de toute lumi\u00e8re.\u00a0\u00bb<\/p>\n<p>Bien que l\u2019histoire la plus famili\u00e8re de la naissance du Sauveur\u00a0 se trouve dans le deuxi\u00e8me chapitre de Luc, dans le Nouveau Testament, fr\u00e8re Bednar a lu\u00a0 dans le livre de Mormon la proph\u00e9tie de la venue du Christ par Samuel \u00a0le Lamanite.<\/p>\n<\/article>\n<p>&nbsp;<\/p>\n<\/div>\n<p><iframe src=\"https:\/\/www.youtube.com\/embed\/7cvehPAYvds\" width=\"640\" height=\"360\" frameborder=\"0\" allowfullscreen=\"allowfullscreen\"><\/iframe><\/p>\n","protected":false},"excerpt":{"rendered":"<p>La veill\u00e9e annuelle de la Premi\u00e8re Pr\u00e9sidence de l&rsquo;Eglise de J\u00e9sus-Christ des Saints des Derniers Jours est maintenant disponible en Fran\u00e7ais! \u00ab\u00a0No\u00ebl est la plus rare des saisons &#8211; quand nous voyons les autres avec de nouveaux yeux, quand nous ouvrons nos c\u0153urs un peu plus \u00e0 la beaut\u00e9 autour de nous, et quand nous [&hellip;]<\/p>\n","protected":false},"author":39,"featured_media":4450,"comment_status":"open","ping_status":"open","sticky":false,"template":"","format":"standard","meta":{"_et_pb_use_builder":"","_et_pb_old_content":"","_et_gb_content_width":"","footnotes":""},"categories":[174],"tags":[348,337,245],"class_list":["post-2168","post","type-post","status-publish","format-standard","has-post-thumbnail","hentry","category-actualites-mondiales","tag-culture-mormone","tag-histoire-de-leglise","tag-noel","et-has-post-format-content","et_post_format-et-post-format-standard"],"yoast_head":"<!-- This site is optimized with the Yoast SEO plugin v27.4 - https:\/\/yoast.com\/product\/yoast-seo-wordpress\/ -->\n<title>VEILL\u00c9E DE NO\u00cbL DE LA PREMI\u00c8RE PR\u00c9SIDENCE<\/title>\n<meta name=\"description\" content=\"La veill\u00e9e annuelle de la Premi\u00e8re Pr\u00e9sidence de l&#039;Eglise de J\u00e9sus-Christ des Saints des Derniers Jours est maintenant disponible en Fran\u00e7ais\" \/>\n<meta name=\"robots\" content=\"index, follow, max-snippet:-1, max-image-preview:large, max-video-preview:-1\" \/>\n<link rel=\"canonical\" href=\"https:\/\/fr.elds.org\/lesmormons-net\/actualites-mondiales\/veillee-de-noel-de-la-premiere-presidence\/\" \/>\n<meta property=\"og:locale\" content=\"fr_FR\" \/>\n<meta property=\"og:type\" content=\"article\" \/>\n<meta property=\"og:title\" content=\"VEILL\u00c9E DE NO\u00cbL DE LA PREMI\u00c8RE PR\u00c9SIDENCE\" \/>\n<meta property=\"og:description\" content=\"La veill\u00e9e annuelle de la Premi\u00e8re Pr\u00e9sidence de l&#039;Eglise de J\u00e9sus-Christ des Saints des Derniers Jours est maintenant disponible en Fran\u00e7ais\" \/>\n<meta property=\"og:url\" content=\"https:\/\/fr.elds.org\/lesmormons-net\/actualites-mondiales\/veillee-de-noel-de-la-premiere-presidence\/\" \/>\n<meta property=\"og:site_name\" content=\"Les Mormons\" \/>\n<meta property=\"article:published_time\" content=\"2015-12-12T08:09:45+00:00\" \/>\n<meta property=\"article:modified_time\" content=\"2018-07-25T09:37:59+00:00\" \/>\n<meta property=\"og:image\" content=\"https:\/\/fr.elds.org\/lesmormons-net\/files\/2015\/12\/veille\u0301e-de-Noe\u0308l-SDJ.jpg\" \/>\n\t<meta property=\"og:image:width\" content=\"948\" \/>\n\t<meta property=\"og:image:height\" content=\"542\" \/>\n\t<meta property=\"og:image:type\" content=\"image\/jpeg\" \/>\n<meta name=\"twitter:card\" content=\"summary_large_image\" \/>\n<meta name=\"twitter:label1\" content=\"\u00c9crit par\" \/>\n\t<meta name=\"twitter:data1\" content=\"\" \/>\n\t<meta name=\"twitter:label2\" content=\"Dur\u00e9e de lecture estim\u00e9e\" \/>\n\t<meta name=\"twitter:data2\" content=\"4 minutes\" \/>\n<script type=\"application\/ld+json\" class=\"yoast-schema-graph\">{\"@context\":\"https:\\\/\\\/schema.org\",\"@graph\":[{\"@type\":\"Article\",\"@id\":\"https:\\\/\\\/fr.elds.org\\\/lesmormons-net\\\/actualites-mondiales\\\/veillee-de-noel-de-la-premiere-presidence\\\/#article\",\"isPartOf\":{\"@id\":\"https:\\\/\\\/fr.elds.org\\\/lesmormons-net\\\/actualites-mondiales\\\/veillee-de-noel-de-la-premiere-presidence\\\/\"},\"author\":{\"name\":\"\",\"@id\":\"\"},\"headline\":\"VEILL\u00c9E DE NO\u00cbL DE LA PREMI\u00c8RE PR\u00c9SIDENCE\",\"datePublished\":\"2015-12-12T08:09:45+00:00\",\"dateModified\":\"2018-07-25T09:37:59+00:00\",\"mainEntityOfPage\":{\"@id\":\"https:\\\/\\\/fr.elds.org\\\/lesmormons-net\\\/actualites-mondiales\\\/veillee-de-noel-de-la-premiere-presidence\\\/\"},\"wordCount\":780,\"commentCount\":0,\"image\":{\"@id\":\"https:\\\/\\\/fr.elds.org\\\/lesmormons-net\\\/actualites-mondiales\\\/veillee-de-noel-de-la-premiere-presidence\\\/#primaryimage\"},\"thumbnailUrl\":\"https:\\\/\\\/fr.elds.org\\\/lesmormons-net\\\/files\\\/2015\\\/12\\\/veille\u0301e-de-Noe\u0308l-SDJ.jpg\",\"keywords\":[\"culture mormone\",\"histoire de l'Eglise\",\"No\u00ebl\"],\"articleSection\":[\"Actualit\u00e9s mondiales\"],\"inLanguage\":\"fr-FR\",\"potentialAction\":[{\"@type\":\"CommentAction\",\"name\":\"Comment\",\"target\":[\"https:\\\/\\\/fr.elds.org\\\/lesmormons-net\\\/actualites-mondiales\\\/veillee-de-noel-de-la-premiere-presidence\\\/#respond\"]}]},{\"@type\":\"WebPage\",\"@id\":\"https:\\\/\\\/fr.elds.org\\\/lesmormons-net\\\/actualites-mondiales\\\/veillee-de-noel-de-la-premiere-presidence\\\/\",\"url\":\"https:\\\/\\\/fr.elds.org\\\/lesmormons-net\\\/actualites-mondiales\\\/veillee-de-noel-de-la-premiere-presidence\\\/\",\"name\":\"VEILL\u00c9E DE NO\u00cbL DE LA PREMI\u00c8RE PR\u00c9SIDENCE\",\"isPartOf\":{\"@id\":\"https:\\\/\\\/fr.elds.org\\\/lesmormons-net\\\/#website\"},\"primaryImageOfPage\":{\"@id\":\"https:\\\/\\\/fr.elds.org\\\/lesmormons-net\\\/actualites-mondiales\\\/veillee-de-noel-de-la-premiere-presidence\\\/#primaryimage\"},\"image\":{\"@id\":\"https:\\\/\\\/fr.elds.org\\\/lesmormons-net\\\/actualites-mondiales\\\/veillee-de-noel-de-la-premiere-presidence\\\/#primaryimage\"},\"thumbnailUrl\":\"https:\\\/\\\/fr.elds.org\\\/lesmormons-net\\\/files\\\/2015\\\/12\\\/veille\u0301e-de-Noe\u0308l-SDJ.jpg\",\"datePublished\":\"2015-12-12T08:09:45+00:00\",\"dateModified\":\"2018-07-25T09:37:59+00:00\",\"author\":{\"@id\":\"\"},\"description\":\"La veill\u00e9e annuelle de la Premi\u00e8re Pr\u00e9sidence de l'Eglise de J\u00e9sus-Christ des Saints des Derniers Jours est maintenant disponible en Fran\u00e7ais\",\"breadcrumb\":{\"@id\":\"https:\\\/\\\/fr.elds.org\\\/lesmormons-net\\\/actualites-mondiales\\\/veillee-de-noel-de-la-premiere-presidence\\\/#breadcrumb\"},\"inLanguage\":\"fr-FR\",\"potentialAction\":[{\"@type\":\"ReadAction\",\"target\":[\"https:\\\/\\\/fr.elds.org\\\/lesmormons-net\\\/actualites-mondiales\\\/veillee-de-noel-de-la-premiere-presidence\\\/\"]}]},{\"@type\":\"ImageObject\",\"inLanguage\":\"fr-FR\",\"@id\":\"https:\\\/\\\/fr.elds.org\\\/lesmormons-net\\\/actualites-mondiales\\\/veillee-de-noel-de-la-premiere-presidence\\\/#primaryimage\",\"url\":\"https:\\\/\\\/fr.elds.org\\\/lesmormons-net\\\/files\\\/2015\\\/12\\\/veille\u0301e-de-Noe\u0308l-SDJ.jpg\",\"contentUrl\":\"https:\\\/\\\/fr.elds.org\\\/lesmormons-net\\\/files\\\/2015\\\/12\\\/veille\u0301e-de-Noe\u0308l-SDJ.jpg\",\"width\":948,\"height\":542,\"caption\":\"Pr\u00e9sident Uchtdorf veill\u00e9e de No\u00ebl\"},{\"@type\":\"BreadcrumbList\",\"@id\":\"https:\\\/\\\/fr.elds.org\\\/lesmormons-net\\\/actualites-mondiales\\\/veillee-de-noel-de-la-premiere-presidence\\\/#breadcrumb\",\"itemListElement\":[{\"@type\":\"ListItem\",\"position\":1,\"name\":\"Home\",\"item\":\"https:\\\/\\\/fr.elds.org\\\/lesmormons-net\\\/\"},{\"@type\":\"ListItem\",\"position\":2,\"name\":\"VEILL\u00c9E DE NO\u00cbL DE LA PREMI\u00c8RE PR\u00c9SIDENCE\"}]},{\"@type\":\"WebSite\",\"@id\":\"https:\\\/\\\/fr.elds.org\\\/lesmormons-net\\\/#website\",\"url\":\"https:\\\/\\\/fr.elds.org\\\/lesmormons-net\\\/\",\"name\":\"Les Mormons\",\"description\":\"Les mormons au quotidien\",\"potentialAction\":[{\"@type\":\"SearchAction\",\"target\":{\"@type\":\"EntryPoint\",\"urlTemplate\":\"https:\\\/\\\/fr.elds.org\\\/lesmormons-net\\\/?s={search_term_string}\"},\"query-input\":{\"@type\":\"PropertyValueSpecification\",\"valueRequired\":true,\"valueName\":\"search_term_string\"}}],\"inLanguage\":\"fr-FR\"},{\"@type\":\"Person\",\"@id\":\"\",\"url\":\"https:\\\/\\\/fr.elds.org\\\/lesmormons-net\\\/author\\\/\"}]}<\/script>\n<!-- \/ Yoast SEO plugin. -->","yoast_head_json":{"title":"VEILL\u00c9E DE NO\u00cbL DE LA PREMI\u00c8RE PR\u00c9SIDENCE","description":"La veill\u00e9e annuelle de la Premi\u00e8re Pr\u00e9sidence de l'Eglise de J\u00e9sus-Christ des Saints des Derniers Jours est maintenant disponible en Fran\u00e7ais","robots":{"index":"index","follow":"follow","max-snippet":"max-snippet:-1","max-image-preview":"max-image-preview:large","max-video-preview":"max-video-preview:-1"},"canonical":"https:\/\/fr.elds.org\/lesmormons-net\/actualites-mondiales\/veillee-de-noel-de-la-premiere-presidence\/","og_locale":"fr_FR","og_type":"article","og_title":"VEILL\u00c9E DE NO\u00cbL DE LA PREMI\u00c8RE PR\u00c9SIDENCE","og_description":"La veill\u00e9e annuelle de la Premi\u00e8re Pr\u00e9sidence de l'Eglise de J\u00e9sus-Christ des Saints des Derniers Jours est maintenant disponible en Fran\u00e7ais","og_url":"https:\/\/fr.elds.org\/lesmormons-net\/actualites-mondiales\/veillee-de-noel-de-la-premiere-presidence\/","og_site_name":"Les Mormons","article_published_time":"2015-12-12T08:09:45+00:00","article_modified_time":"2018-07-25T09:37:59+00:00","og_image":[{"width":948,"height":542,"url":"https:\/\/fr.elds.org\/lesmormons-net\/files\/2015\/12\/veille\u0301e-de-Noe\u0308l-SDJ.jpg","type":"image\/jpeg"}],"twitter_card":"summary_large_image","twitter_misc":{"\u00c9crit par":"","Dur\u00e9e de lecture estim\u00e9e":"4 minutes"},"schema":{"@context":"https:\/\/schema.org","@graph":[{"@type":"Article","@id":"https:\/\/fr.elds.org\/lesmormons-net\/actualites-mondiales\/veillee-de-noel-de-la-premiere-presidence\/#article","isPartOf":{"@id":"https:\/\/fr.elds.org\/lesmormons-net\/actualites-mondiales\/veillee-de-noel-de-la-premiere-presidence\/"},"author":{"name":"","@id":""},"headline":"VEILL\u00c9E DE NO\u00cbL DE LA PREMI\u00c8RE PR\u00c9SIDENCE","datePublished":"2015-12-12T08:09:45+00:00","dateModified":"2018-07-25T09:37:59+00:00","mainEntityOfPage":{"@id":"https:\/\/fr.elds.org\/lesmormons-net\/actualites-mondiales\/veillee-de-noel-de-la-premiere-presidence\/"},"wordCount":780,"commentCount":0,"image":{"@id":"https:\/\/fr.elds.org\/lesmormons-net\/actualites-mondiales\/veillee-de-noel-de-la-premiere-presidence\/#primaryimage"},"thumbnailUrl":"https:\/\/fr.elds.org\/lesmormons-net\/files\/2015\/12\/veille\u0301e-de-Noe\u0308l-SDJ.jpg","keywords":["culture mormone","histoire de l'Eglise","No\u00ebl"],"articleSection":["Actualit\u00e9s mondiales"],"inLanguage":"fr-FR","potentialAction":[{"@type":"CommentAction","name":"Comment","target":["https:\/\/fr.elds.org\/lesmormons-net\/actualites-mondiales\/veillee-de-noel-de-la-premiere-presidence\/#respond"]}]},{"@type":"WebPage","@id":"https:\/\/fr.elds.org\/lesmormons-net\/actualites-mondiales\/veillee-de-noel-de-la-premiere-presidence\/","url":"https:\/\/fr.elds.org\/lesmormons-net\/actualites-mondiales\/veillee-de-noel-de-la-premiere-presidence\/","name":"VEILL\u00c9E DE NO\u00cbL DE LA PREMI\u00c8RE PR\u00c9SIDENCE","isPartOf":{"@id":"https:\/\/fr.elds.org\/lesmormons-net\/#website"},"primaryImageOfPage":{"@id":"https:\/\/fr.elds.org\/lesmormons-net\/actualites-mondiales\/veillee-de-noel-de-la-premiere-presidence\/#primaryimage"},"image":{"@id":"https:\/\/fr.elds.org\/lesmormons-net\/actualites-mondiales\/veillee-de-noel-de-la-premiere-presidence\/#primaryimage"},"thumbnailUrl":"https:\/\/fr.elds.org\/lesmormons-net\/files\/2015\/12\/veille\u0301e-de-Noe\u0308l-SDJ.jpg","datePublished":"2015-12-12T08:09:45+00:00","dateModified":"2018-07-25T09:37:59+00:00","author":{"@id":""},"description":"La veill\u00e9e annuelle de la Premi\u00e8re Pr\u00e9sidence de l'Eglise de J\u00e9sus-Christ des Saints des Derniers Jours est maintenant disponible en Fran\u00e7ais","breadcrumb":{"@id":"https:\/\/fr.elds.org\/lesmormons-net\/actualites-mondiales\/veillee-de-noel-de-la-premiere-presidence\/#breadcrumb"},"inLanguage":"fr-FR","potentialAction":[{"@type":"ReadAction","target":["https:\/\/fr.elds.org\/lesmormons-net\/actualites-mondiales\/veillee-de-noel-de-la-premiere-presidence\/"]}]},{"@type":"ImageObject","inLanguage":"fr-FR","@id":"https:\/\/fr.elds.org\/lesmormons-net\/actualites-mondiales\/veillee-de-noel-de-la-premiere-presidence\/#primaryimage","url":"https:\/\/fr.elds.org\/lesmormons-net\/files\/2015\/12\/veille\u0301e-de-Noe\u0308l-SDJ.jpg","contentUrl":"https:\/\/fr.elds.org\/lesmormons-net\/files\/2015\/12\/veille\u0301e-de-Noe\u0308l-SDJ.jpg","width":948,"height":542,"caption":"Pr\u00e9sident Uchtdorf veill\u00e9e de No\u00ebl"},{"@type":"BreadcrumbList","@id":"https:\/\/fr.elds.org\/lesmormons-net\/actualites-mondiales\/veillee-de-noel-de-la-premiere-presidence\/#breadcrumb","itemListElement":[{"@type":"ListItem","position":1,"name":"Home","item":"https:\/\/fr.elds.org\/lesmormons-net\/"},{"@type":"ListItem","position":2,"name":"VEILL\u00c9E DE NO\u00cbL DE LA PREMI\u00c8RE PR\u00c9SIDENCE"}]},{"@type":"WebSite","@id":"https:\/\/fr.elds.org\/lesmormons-net\/#website","url":"https:\/\/fr.elds.org\/lesmormons-net\/","name":"Les Mormons","description":"Les mormons au quotidien","potentialAction":[{"@type":"SearchAction","target":{"@type":"EntryPoint","urlTemplate":"https:\/\/fr.elds.org\/lesmormons-net\/?s={search_term_string}"},"query-input":{"@type":"PropertyValueSpecification","valueRequired":true,"valueName":"search_term_string"}}],"inLanguage":"fr-FR"},{"@type":"Person","@id":"","url":"https:\/\/fr.elds.org\/lesmormons-net\/author\/"}]}},"_links":{"self":[{"href":"https:\/\/fr.elds.org\/lesmormons-net\/wp-json\/wp\/v2\/posts\/2168","targetHints":{"allow":["GET"]}}],"collection":[{"href":"https:\/\/fr.elds.org\/lesmormons-net\/wp-json\/wp\/v2\/posts"}],"about":[{"href":"https:\/\/fr.elds.org\/lesmormons-net\/wp-json\/wp\/v2\/types\/post"}],"author":[{"embeddable":true,"href":"https:\/\/fr.elds.org\/lesmormons-net\/wp-json\/wp\/v2\/users\/39"}],"replies":[{"embeddable":true,"href":"https:\/\/fr.elds.org\/lesmormons-net\/wp-json\/wp\/v2\/comments?post=2168"}],"version-history":[{"count":7,"href":"https:\/\/fr.elds.org\/lesmormons-net\/wp-json\/wp\/v2\/posts\/2168\/revisions"}],"predecessor-version":[{"id":6753,"href":"https:\/\/fr.elds.org\/lesmormons-net\/wp-json\/wp\/v2\/posts\/2168\/revisions\/6753"}],"wp:featuredmedia":[{"embeddable":true,"href":"https:\/\/fr.elds.org\/lesmormons-net\/wp-json\/wp\/v2\/media\/4450"}],"wp:attachment":[{"href":"https:\/\/fr.elds.org\/lesmormons-net\/wp-json\/wp\/v2\/media?parent=2168"}],"wp:term":[{"taxonomy":"category","embeddable":true,"href":"https:\/\/fr.elds.org\/lesmormons-net\/wp-json\/wp\/v2\/categories?post=2168"},{"taxonomy":"post_tag","embeddable":true,"href":"https:\/\/fr.elds.org\/lesmormons-net\/wp-json\/wp\/v2\/tags?post=2168"}],"curies":[{"name":"wp","href":"https:\/\/api.w.org\/{rel}","templated":true}]}}