{"id":2120,"date":"2015-12-08T20:19:37","date_gmt":"2015-12-08T19:19:37","guid":{"rendered":"http:\/\/fr.elds.org\/lesmormons-net\/?p=2120"},"modified":"2018-07-25T11:39:11","modified_gmt":"2018-07-25T09:39:11","slug":"premier-coup-de-pelle-pour-le-temple-de-lisbonne-portugal","status":"publish","type":"post","link":"https:\/\/fr.elds.org\/lesmormons-net\/actualites-mondiales\/premier-coup-de-pelle-pour-le-temple-de-lisbonne-portugal\/","title":{"rendered":"Premier coup de pelle pour le temple de Lisbonne"},"content":{"rendered":"<p>LISBONNE, PORTUGAL<\/p>\n<p>Plus de cinq apr\u00e8s que Pr\u00e9sident Thomas S. Monson ait annonc\u00e9 les plans d\u2019un temple \u00e0 Lisbone, Portugal, des membres de l\u2019Eglise enthousiastes se sont joints le 5 d\u00e9cembre dernier aux dirigeants de l\u2019Eglise et du pays pour la c\u00e9r\u00e9monie du coup de pelle du premier temple dans le pays.<\/p>\n<p>D\u00e9crit comme \u00ab\u00a0une grande b\u00e9n\u00e9diction pour les Saints Portugais\u00a0\u00bb par le Pr\u00e9sident d\u2019Interr\u00e9gion Elder Patrick Kearon, le temple, une fois termin\u00e9, sera l&rsquo;un des 14 temples en activit\u00e9 en Europe.<\/p>\n<p>\u00ab\u00a0Le coup de pelle du Temple de Lisbonne est l\u2019aboutissement d\u2019ann\u00e9es d\u2019espoir et de pri\u00e8res et de foi,\u00a0\u00bb a dit Elder Kearon dans une vid\u00e9o post\u00e9e sur mormonnewsroom.org.uk. \u00ab\u00a0C\u2019est tout simplement un moment glorieux pour les 42\u00a0000 Saints des Derniers Jours qui vivent au Portugal.\u00a0\u00bb<\/p>\n<p>Les membres du Portugal ont \u00e9t\u00e9 en mesure de suivre le\u00a0d\u00e9roulement\u00a0en direct depuis les chapelles SDJ ainsi qu\u2019Elder Kearon qui pr\u00e9sidait l\u2019\u00e9v\u00e8nement. Elder Kearon a parl\u00e9 du r\u00f4le sacr\u00e9 du temple dans la vie des membres et de cet \u00e9difice saint comme \u00e9tant un endroit d\u2019instruction, de r\u00e9v\u00e9lation et d\u2019alliances.<\/p>\n<p>Le Temple de Lisbonne Portugal, annonc\u00e9 par Pr\u00e9sident Monson lors de la conf\u00e9rence g\u00e9n\u00e9rale du 2 octobre 2010, sera localis\u00e9 au nord-est de la capitale du pays et desservira plus de 42\u00a0000 membres vivant dans le pays. Le territoire du temple inclus les membres de l\u2019Eglise vivants dans la partie continentale du Portugal, ainsi que les \u00eeles des A\u00e7ores et de Mad\u00e8re.<\/p>\n<p>\u00ab\u00a0Dans le temple, nous accomplissons des c\u00e9r\u00e9monies pour cette vie et au-del\u00e0,\u00a0\u00bb dit Elder Joaquim J. Moreira, un Soixante-Dix d\u2019Interr\u00e9gion. \u00ab\u00a0Nous pouvons avoir des familles \u00e9ternelles, et c\u2019est une b\u00e9n\u00e9diction que nos membres attendent depuis longtemps.\u00a0\u00bb<\/p>\n<blockquote>\n<p style=\"text-align: center;\">\u00ab\u00a0Avoir un temple au Portugal est un symbole de notre croissance, un symbole de notre confiance dans le Portugal, en notre Eglise et en ses membres ici\u00a0\u00bb -Elder Patrick Kearon, Pr\u00e9sident de l&rsquo;Interr\u00e9gion d&rsquo;Europe<\/p>\n<\/blockquote>\n<p>Le temple aura un ext\u00e9rieur de pierre calcaire, suivant le mod\u00e8le de la plupart des temples modernes, l\u2019int\u00e9rieur se distinguera par des \u0153uvres d\u2019art s\u2019inspirant des paysages locaux. Il sera construit sur un terrain de 1.6 hectares et fera approximativement 2200 m2.<\/p>\n<p>Les dates des portes ouvertes seront annonc\u00e9es lorsque la construction sera presque achev\u00e9e. L\u2019Eglise a actuellement 148 temples en activit\u00e9 sur le globe.<\/p>\n<p>\u00ab\u00a0Avoir un temple au Portugal est un symbole de notre croissance, un symbole de notre confiance dans le Portugal, en notre Eglise et en ses membres\u00a0ici. Ce sera un grand symbole de notre foi, et une partie magnifique de ce paysage pour de nombreuses d\u00e9cennies \u00e0 venir.\u00a0\u00bb dit Elder Kearon dans une vid\u00e9o sur mormonnewsroom.org.uk<\/p>\n<p>L\u2019adresse du temple est Avenida Dom Jooo II, Parque das Nacoes, Lotes 4.72.1 e 4.73.1 Lisbonne, Portugal.<\/p>\n<div style=\"width: 630px\" class=\"wp-caption aligncenter\"><img fetchpriority=\"high\" fetchpriority=\"high\" decoding=\"async\" src=\"https:\/\/www.lds.org\/bc\/content\/ldsorg\/church\/news\/2015\/12\/06\/620-groundbreaking-for-lisbon-portugal-temple_8.jpg\" alt=\"\" width=\"620\" height=\"345\" \/><p class=\"wp-caption-text\">Elder Patrick Kearon des Soixante-Dix et Pr\u00e9sident de l\u2019Interr\u00e9gion d\u2019Europe de l\u2019Eglise, s\u2019adresse aux membres et visiteurs lors du premier coup de pelle du temple de Lisbonne Portugal<\/p><\/div>\n<p>&nbsp;<\/p>\n<div style=\"width: 630px\" class=\"wp-caption aligncenter\"><img decoding=\"async\" src=\"https:\/\/www.lds.org\/bc\/content\/ldsorg\/church\/news\/2015\/12\/06\/620-groundbreaking-for-lisbon-portugal-temple_9.jpg\" alt=\"\" width=\"620\" height=\"346\" \/><p class=\"wp-caption-text\">Des dignitaires ont assist\u00e9 au premier coup de pelle du Temple de Lisbonne Portugal, qui s\u2019est tenu le 5 D\u00e9cembre 2015 au matin, dans la capitale du Portugal.<\/p><\/div>\n<p>&nbsp;<\/p>\n<div style=\"width: 630px\" class=\"wp-caption aligncenter\"><img decoding=\"async\" src=\"https:\/\/www.lds.org\/bc\/content\/ldsorg\/church\/news\/2015\/12\/06\/620-groundbreaking-for-lisbon-portugal-temple_7.jpg\" alt=\"\" width=\"620\" height=\"380\" \/><p class=\"wp-caption-text\">Un ch\u0153ur, compos\u00e9 d\u2019adultes seuls de la r\u00e9gion, s\u2019est produit lors de la c\u00e9r\u00e9monie du premier coup de pelle sur le site du temple le 5 D\u00e9cembre.<\/p><\/div>\n<p>&nbsp;<\/p>\n<div style=\"width: 630px\" class=\"wp-caption aligncenter\"><img loading=\"lazy\" loading=\"lazy\" decoding=\"async\" src=\"https:\/\/www.lds.org\/bc\/content\/ldsorg\/church\/news\/2015\/12\/06\/620-groundbreaking-for-lisbon-portugal-temple_3.jpg\" alt=\"\" width=\"620\" height=\"413\" \/><p class=\"wp-caption-text\">Elder Patrick et S\u0153ur Jennifer Kearon rencontrent des membres lors du coup de pelle du temple de Lisbonne le matin du 5 D\u00e9cembre 2015.<\/p><\/div>\n<p>&nbsp;<\/p>\n<div style=\"width: 630px\" class=\"wp-caption aligncenter\"><img loading=\"lazy\" loading=\"lazy\" decoding=\"async\" src=\"https:\/\/www.lds.org\/bc\/content\/ldsorg\/church\/news\/2015\/12\/06\/620-groundbreaking-for-lisbon-portugal-temple_2.jpg\" alt=\"\" width=\"620\" height=\"413\" \/><p class=\"wp-caption-text\">Le Pr\u00e9sident d\u2019Interr\u00e9gion Elder Patrick Kearon et son \u00e9pouse, S\u0153ur Jennifer Kearon, donnent le premier coup de pelle du temple de Lisbonne Portugal avec des dirigeants municipaux locaux.<\/p><\/div>\n<p>&nbsp;<\/p>\n<div style=\"width: 630px\" class=\"wp-caption aligncenter\"><img loading=\"lazy\" loading=\"lazy\" decoding=\"async\" src=\"https:\/\/www.lds.org\/bc\/content\/ldsorg\/church\/news\/2015\/12\/06\/620-groundbreaking-for-lisbon-portugal-temple_12.jpg\" alt=\"\" width=\"620\" height=\"401\" \/><p class=\"wp-caption-text\">Repr\u00e9sentation du temple de Lisbonne Portugal &#8211; vue de devant<\/p><\/div>\n<p>&nbsp;<\/p>\n<div style=\"width: 630px\" class=\"wp-caption aligncenter\"><img loading=\"lazy\" loading=\"lazy\" decoding=\"async\" src=\"https:\/\/www.lds.org\/bc\/content\/ldsorg\/church\/news\/2015\/12\/06\/620-groundbreaking-for-lisbon-portugal-temple_13.jpg\" alt=\"\" width=\"620\" height=\"401\" \/><p class=\"wp-caption-text\">Repr\u00e9sentation du complexe du temple de Lisbonne Portugal<\/p><\/div>\n<p>&nbsp;<\/p>\n<div style=\"width: 630px\" class=\"wp-caption aligncenter\"><img loading=\"lazy\" loading=\"lazy\" decoding=\"async\" src=\"https:\/\/www.lds.org\/bc\/content\/ldsorg\/church\/news\/2015\/12\/06\/620-groundbreaking-for-lisbon-portugal-temple_11.jpg\" alt=\"\" width=\"620\" height=\"491\" \/><p class=\"wp-caption-text\">Repr\u00e9sentation de la chapelle et du temple sur le site du Temple de Lisbonne Portugal<\/p><\/div>\n<p>D&rsquo;apr\u00e8s un article publi\u00e9 sur <a href=\"https:\/\/www.lds.org\/church\/news\/ground-broken-for-lisbon-portugal-temple?lang=eng#2691722122\" target=\"_blank\" rel=\"nofollow noopener\">lds.org<\/a><\/p>\n","protected":false},"excerpt":{"rendered":"<p>LISBONNE, PORTUGAL Plus de cinq apr\u00e8s que Pr\u00e9sident Thomas S. Monson ait annonc\u00e9 les plans d\u2019un temple \u00e0 Lisbone, Portugal, des membres de l\u2019Eglise enthousiastes se sont joints le 5 d\u00e9cembre dernier aux dirigeants de l\u2019Eglise et du pays pour la c\u00e9r\u00e9monie du coup de pelle du premier temple dans le pays. D\u00e9crit comme \u00ab\u00a0une [&hellip;]<\/p>\n","protected":false},"author":39,"featured_media":4458,"comment_status":"open","ping_status":"open","sticky":false,"template":"","format":"standard","meta":{"_et_pb_use_builder":"","_et_pb_old_content":"","_et_gb_content_width":"","footnotes":""},"categories":[174],"tags":[69,419,337],"class_list":["post-2120","post","type-post","status-publish","format-standard","has-post-thumbnail","hentry","category-actualites-mondiales","tag-temple","tag-europe","tag-histoire-de-leglise","et-has-post-format-content","et_post_format-et-post-format-standard"],"yoast_head":"<!-- This site is optimized with the Yoast SEO plugin v27.4 - https:\/\/yoast.com\/product\/yoast-seo-wordpress\/ -->\n<title>Premier coup de pelle pour le temple de Lisbonne au Portugal<\/title>\n<meta name=\"description\" content=\"Les membres du Portugal ont \u00e9t\u00e9 en mesure de suivre le d\u00e9roulement en direct depuis les chapelles SDJ ainsi qu\u2019Elder Kearon qui pr\u00e9sidait l\u2019\u00e9v\u00e8nement\" \/>\n<meta name=\"robots\" content=\"index, follow, max-snippet:-1, max-image-preview:large, max-video-preview:-1\" \/>\n<link rel=\"canonical\" href=\"https:\/\/fr.elds.org\/lesmormons-net\/actualites-mondiales\/premier-coup-de-pelle-pour-le-temple-de-lisbonne-portugal\/\" \/>\n<meta property=\"og:locale\" content=\"fr_FR\" \/>\n<meta property=\"og:type\" content=\"article\" \/>\n<meta property=\"og:title\" content=\"Premier coup de pelle pour le temple de Lisbonne au Portugal\" \/>\n<meta property=\"og:description\" content=\"Les membres du Portugal ont \u00e9t\u00e9 en mesure de suivre le d\u00e9roulement en direct depuis les chapelles SDJ ainsi qu\u2019Elder Kearon qui pr\u00e9sidait l\u2019\u00e9v\u00e8nement\" \/>\n<meta property=\"og:url\" content=\"https:\/\/fr.elds.org\/lesmormons-net\/actualites-mondiales\/premier-coup-de-pelle-pour-le-temple-de-lisbonne-portugal\/\" \/>\n<meta property=\"og:site_name\" content=\"Les Mormons\" \/>\n<meta property=\"article:published_time\" content=\"2015-12-08T19:19:37+00:00\" \/>\n<meta property=\"article:modified_time\" content=\"2018-07-25T09:39:11+00:00\" \/>\n<meta property=\"og:image\" content=\"https:\/\/fr.elds.org\/lesmormons-net\/files\/2015\/12\/Temple-LDS-Lisbonne.jpg\" \/>\n\t<meta property=\"og:image:width\" content=\"948\" \/>\n\t<meta property=\"og:image:height\" content=\"542\" \/>\n\t<meta property=\"og:image:type\" content=\"image\/jpeg\" \/>\n<meta name=\"twitter:card\" content=\"summary_large_image\" \/>\n<meta name=\"twitter:label1\" content=\"\u00c9crit par\" \/>\n\t<meta name=\"twitter:data1\" content=\"\" \/>\n\t<meta name=\"twitter:label2\" content=\"Dur\u00e9e de lecture estim\u00e9e\" \/>\n\t<meta name=\"twitter:data2\" content=\"4 minutes\" \/>\n<script type=\"application\/ld+json\" class=\"yoast-schema-graph\">{\"@context\":\"https:\\\/\\\/schema.org\",\"@graph\":[{\"@type\":\"Article\",\"@id\":\"https:\\\/\\\/fr.elds.org\\\/lesmormons-net\\\/actualites-mondiales\\\/premier-coup-de-pelle-pour-le-temple-de-lisbonne-portugal\\\/#article\",\"isPartOf\":{\"@id\":\"https:\\\/\\\/fr.elds.org\\\/lesmormons-net\\\/actualites-mondiales\\\/premier-coup-de-pelle-pour-le-temple-de-lisbonne-portugal\\\/\"},\"author\":{\"name\":\"\",\"@id\":\"\"},\"headline\":\"Premier coup de pelle pour le temple de Lisbonne\",\"datePublished\":\"2015-12-08T19:19:37+00:00\",\"dateModified\":\"2018-07-25T09:39:11+00:00\",\"mainEntityOfPage\":{\"@id\":\"https:\\\/\\\/fr.elds.org\\\/lesmormons-net\\\/actualites-mondiales\\\/premier-coup-de-pelle-pour-le-temple-de-lisbonne-portugal\\\/\"},\"wordCount\":763,\"commentCount\":0,\"image\":{\"@id\":\"https:\\\/\\\/fr.elds.org\\\/lesmormons-net\\\/actualites-mondiales\\\/premier-coup-de-pelle-pour-le-temple-de-lisbonne-portugal\\\/#primaryimage\"},\"thumbnailUrl\":\"https:\\\/\\\/fr.elds.org\\\/lesmormons-net\\\/files\\\/2015\\\/12\\\/Temple-LDS-Lisbonne.jpg\",\"keywords\":[\"ce qu'il faut savoir sur le temple\",\"Europe\",\"histoire de l'Eglise\"],\"articleSection\":[\"Actualit\u00e9s mondiales\"],\"inLanguage\":\"fr-FR\",\"potentialAction\":[{\"@type\":\"CommentAction\",\"name\":\"Comment\",\"target\":[\"https:\\\/\\\/fr.elds.org\\\/lesmormons-net\\\/actualites-mondiales\\\/premier-coup-de-pelle-pour-le-temple-de-lisbonne-portugal\\\/#respond\"]}]},{\"@type\":\"WebPage\",\"@id\":\"https:\\\/\\\/fr.elds.org\\\/lesmormons-net\\\/actualites-mondiales\\\/premier-coup-de-pelle-pour-le-temple-de-lisbonne-portugal\\\/\",\"url\":\"https:\\\/\\\/fr.elds.org\\\/lesmormons-net\\\/actualites-mondiales\\\/premier-coup-de-pelle-pour-le-temple-de-lisbonne-portugal\\\/\",\"name\":\"Premier coup de pelle pour le temple de Lisbonne au Portugal\",\"isPartOf\":{\"@id\":\"https:\\\/\\\/fr.elds.org\\\/lesmormons-net\\\/#website\"},\"primaryImageOfPage\":{\"@id\":\"https:\\\/\\\/fr.elds.org\\\/lesmormons-net\\\/actualites-mondiales\\\/premier-coup-de-pelle-pour-le-temple-de-lisbonne-portugal\\\/#primaryimage\"},\"image\":{\"@id\":\"https:\\\/\\\/fr.elds.org\\\/lesmormons-net\\\/actualites-mondiales\\\/premier-coup-de-pelle-pour-le-temple-de-lisbonne-portugal\\\/#primaryimage\"},\"thumbnailUrl\":\"https:\\\/\\\/fr.elds.org\\\/lesmormons-net\\\/files\\\/2015\\\/12\\\/Temple-LDS-Lisbonne.jpg\",\"datePublished\":\"2015-12-08T19:19:37+00:00\",\"dateModified\":\"2018-07-25T09:39:11+00:00\",\"author\":{\"@id\":\"\"},\"description\":\"Les membres du Portugal ont \u00e9t\u00e9 en mesure de suivre le d\u00e9roulement en direct depuis les chapelles SDJ ainsi qu\u2019Elder Kearon qui pr\u00e9sidait l\u2019\u00e9v\u00e8nement\",\"breadcrumb\":{\"@id\":\"https:\\\/\\\/fr.elds.org\\\/lesmormons-net\\\/actualites-mondiales\\\/premier-coup-de-pelle-pour-le-temple-de-lisbonne-portugal\\\/#breadcrumb\"},\"inLanguage\":\"fr-FR\",\"potentialAction\":[{\"@type\":\"ReadAction\",\"target\":[\"https:\\\/\\\/fr.elds.org\\\/lesmormons-net\\\/actualites-mondiales\\\/premier-coup-de-pelle-pour-le-temple-de-lisbonne-portugal\\\/\"]}]},{\"@type\":\"ImageObject\",\"inLanguage\":\"fr-FR\",\"@id\":\"https:\\\/\\\/fr.elds.org\\\/lesmormons-net\\\/actualites-mondiales\\\/premier-coup-de-pelle-pour-le-temple-de-lisbonne-portugal\\\/#primaryimage\",\"url\":\"https:\\\/\\\/fr.elds.org\\\/lesmormons-net\\\/files\\\/2015\\\/12\\\/Temple-LDS-Lisbonne.jpg\",\"contentUrl\":\"https:\\\/\\\/fr.elds.org\\\/lesmormons-net\\\/files\\\/2015\\\/12\\\/Temple-LDS-Lisbonne.jpg\",\"width\":948,\"height\":542,\"caption\":\"Temple lds Lisbonne\"},{\"@type\":\"BreadcrumbList\",\"@id\":\"https:\\\/\\\/fr.elds.org\\\/lesmormons-net\\\/actualites-mondiales\\\/premier-coup-de-pelle-pour-le-temple-de-lisbonne-portugal\\\/#breadcrumb\",\"itemListElement\":[{\"@type\":\"ListItem\",\"position\":1,\"name\":\"Home\",\"item\":\"https:\\\/\\\/fr.elds.org\\\/lesmormons-net\\\/\"},{\"@type\":\"ListItem\",\"position\":2,\"name\":\"Premier coup de pelle pour le temple de Lisbonne\"}]},{\"@type\":\"WebSite\",\"@id\":\"https:\\\/\\\/fr.elds.org\\\/lesmormons-net\\\/#website\",\"url\":\"https:\\\/\\\/fr.elds.org\\\/lesmormons-net\\\/\",\"name\":\"Les Mormons\",\"description\":\"Les mormons au quotidien\",\"potentialAction\":[{\"@type\":\"SearchAction\",\"target\":{\"@type\":\"EntryPoint\",\"urlTemplate\":\"https:\\\/\\\/fr.elds.org\\\/lesmormons-net\\\/?s={search_term_string}\"},\"query-input\":{\"@type\":\"PropertyValueSpecification\",\"valueRequired\":true,\"valueName\":\"search_term_string\"}}],\"inLanguage\":\"fr-FR\"},{\"@type\":\"Person\",\"@id\":\"\",\"url\":\"https:\\\/\\\/fr.elds.org\\\/lesmormons-net\\\/author\\\/\"}]}<\/script>\n<!-- \/ Yoast SEO plugin. -->","yoast_head_json":{"title":"Premier coup de pelle pour le temple de Lisbonne au Portugal","description":"Les membres du Portugal ont \u00e9t\u00e9 en mesure de suivre le d\u00e9roulement en direct depuis les chapelles SDJ ainsi qu\u2019Elder Kearon qui pr\u00e9sidait l\u2019\u00e9v\u00e8nement","robots":{"index":"index","follow":"follow","max-snippet":"max-snippet:-1","max-image-preview":"max-image-preview:large","max-video-preview":"max-video-preview:-1"},"canonical":"https:\/\/fr.elds.org\/lesmormons-net\/actualites-mondiales\/premier-coup-de-pelle-pour-le-temple-de-lisbonne-portugal\/","og_locale":"fr_FR","og_type":"article","og_title":"Premier coup de pelle pour le temple de Lisbonne au Portugal","og_description":"Les membres du Portugal ont \u00e9t\u00e9 en mesure de suivre le d\u00e9roulement en direct depuis les chapelles SDJ ainsi qu\u2019Elder Kearon qui pr\u00e9sidait l\u2019\u00e9v\u00e8nement","og_url":"https:\/\/fr.elds.org\/lesmormons-net\/actualites-mondiales\/premier-coup-de-pelle-pour-le-temple-de-lisbonne-portugal\/","og_site_name":"Les Mormons","article_published_time":"2015-12-08T19:19:37+00:00","article_modified_time":"2018-07-25T09:39:11+00:00","og_image":[{"width":948,"height":542,"url":"https:\/\/fr.elds.org\/lesmormons-net\/files\/2015\/12\/Temple-LDS-Lisbonne.jpg","type":"image\/jpeg"}],"twitter_card":"summary_large_image","twitter_misc":{"\u00c9crit par":"","Dur\u00e9e de lecture estim\u00e9e":"4 minutes"},"schema":{"@context":"https:\/\/schema.org","@graph":[{"@type":"Article","@id":"https:\/\/fr.elds.org\/lesmormons-net\/actualites-mondiales\/premier-coup-de-pelle-pour-le-temple-de-lisbonne-portugal\/#article","isPartOf":{"@id":"https:\/\/fr.elds.org\/lesmormons-net\/actualites-mondiales\/premier-coup-de-pelle-pour-le-temple-de-lisbonne-portugal\/"},"author":{"name":"","@id":""},"headline":"Premier coup de pelle pour le temple de Lisbonne","datePublished":"2015-12-08T19:19:37+00:00","dateModified":"2018-07-25T09:39:11+00:00","mainEntityOfPage":{"@id":"https:\/\/fr.elds.org\/lesmormons-net\/actualites-mondiales\/premier-coup-de-pelle-pour-le-temple-de-lisbonne-portugal\/"},"wordCount":763,"commentCount":0,"image":{"@id":"https:\/\/fr.elds.org\/lesmormons-net\/actualites-mondiales\/premier-coup-de-pelle-pour-le-temple-de-lisbonne-portugal\/#primaryimage"},"thumbnailUrl":"https:\/\/fr.elds.org\/lesmormons-net\/files\/2015\/12\/Temple-LDS-Lisbonne.jpg","keywords":["ce qu'il faut savoir sur le temple","Europe","histoire de l'Eglise"],"articleSection":["Actualit\u00e9s mondiales"],"inLanguage":"fr-FR","potentialAction":[{"@type":"CommentAction","name":"Comment","target":["https:\/\/fr.elds.org\/lesmormons-net\/actualites-mondiales\/premier-coup-de-pelle-pour-le-temple-de-lisbonne-portugal\/#respond"]}]},{"@type":"WebPage","@id":"https:\/\/fr.elds.org\/lesmormons-net\/actualites-mondiales\/premier-coup-de-pelle-pour-le-temple-de-lisbonne-portugal\/","url":"https:\/\/fr.elds.org\/lesmormons-net\/actualites-mondiales\/premier-coup-de-pelle-pour-le-temple-de-lisbonne-portugal\/","name":"Premier coup de pelle pour le temple de Lisbonne au Portugal","isPartOf":{"@id":"https:\/\/fr.elds.org\/lesmormons-net\/#website"},"primaryImageOfPage":{"@id":"https:\/\/fr.elds.org\/lesmormons-net\/actualites-mondiales\/premier-coup-de-pelle-pour-le-temple-de-lisbonne-portugal\/#primaryimage"},"image":{"@id":"https:\/\/fr.elds.org\/lesmormons-net\/actualites-mondiales\/premier-coup-de-pelle-pour-le-temple-de-lisbonne-portugal\/#primaryimage"},"thumbnailUrl":"https:\/\/fr.elds.org\/lesmormons-net\/files\/2015\/12\/Temple-LDS-Lisbonne.jpg","datePublished":"2015-12-08T19:19:37+00:00","dateModified":"2018-07-25T09:39:11+00:00","author":{"@id":""},"description":"Les membres du Portugal ont \u00e9t\u00e9 en mesure de suivre le d\u00e9roulement en direct depuis les chapelles SDJ ainsi qu\u2019Elder Kearon qui pr\u00e9sidait l\u2019\u00e9v\u00e8nement","breadcrumb":{"@id":"https:\/\/fr.elds.org\/lesmormons-net\/actualites-mondiales\/premier-coup-de-pelle-pour-le-temple-de-lisbonne-portugal\/#breadcrumb"},"inLanguage":"fr-FR","potentialAction":[{"@type":"ReadAction","target":["https:\/\/fr.elds.org\/lesmormons-net\/actualites-mondiales\/premier-coup-de-pelle-pour-le-temple-de-lisbonne-portugal\/"]}]},{"@type":"ImageObject","inLanguage":"fr-FR","@id":"https:\/\/fr.elds.org\/lesmormons-net\/actualites-mondiales\/premier-coup-de-pelle-pour-le-temple-de-lisbonne-portugal\/#primaryimage","url":"https:\/\/fr.elds.org\/lesmormons-net\/files\/2015\/12\/Temple-LDS-Lisbonne.jpg","contentUrl":"https:\/\/fr.elds.org\/lesmormons-net\/files\/2015\/12\/Temple-LDS-Lisbonne.jpg","width":948,"height":542,"caption":"Temple lds Lisbonne"},{"@type":"BreadcrumbList","@id":"https:\/\/fr.elds.org\/lesmormons-net\/actualites-mondiales\/premier-coup-de-pelle-pour-le-temple-de-lisbonne-portugal\/#breadcrumb","itemListElement":[{"@type":"ListItem","position":1,"name":"Home","item":"https:\/\/fr.elds.org\/lesmormons-net\/"},{"@type":"ListItem","position":2,"name":"Premier coup de pelle pour le temple de Lisbonne"}]},{"@type":"WebSite","@id":"https:\/\/fr.elds.org\/lesmormons-net\/#website","url":"https:\/\/fr.elds.org\/lesmormons-net\/","name":"Les Mormons","description":"Les mormons au quotidien","potentialAction":[{"@type":"SearchAction","target":{"@type":"EntryPoint","urlTemplate":"https:\/\/fr.elds.org\/lesmormons-net\/?s={search_term_string}"},"query-input":{"@type":"PropertyValueSpecification","valueRequired":true,"valueName":"search_term_string"}}],"inLanguage":"fr-FR"},{"@type":"Person","@id":"","url":"https:\/\/fr.elds.org\/lesmormons-net\/author\/"}]}},"_links":{"self":[{"href":"https:\/\/fr.elds.org\/lesmormons-net\/wp-json\/wp\/v2\/posts\/2120","targetHints":{"allow":["GET"]}}],"collection":[{"href":"https:\/\/fr.elds.org\/lesmormons-net\/wp-json\/wp\/v2\/posts"}],"about":[{"href":"https:\/\/fr.elds.org\/lesmormons-net\/wp-json\/wp\/v2\/types\/post"}],"author":[{"embeddable":true,"href":"https:\/\/fr.elds.org\/lesmormons-net\/wp-json\/wp\/v2\/users\/39"}],"replies":[{"embeddable":true,"href":"https:\/\/fr.elds.org\/lesmormons-net\/wp-json\/wp\/v2\/comments?post=2120"}],"version-history":[{"count":9,"href":"https:\/\/fr.elds.org\/lesmormons-net\/wp-json\/wp\/v2\/posts\/2120\/revisions"}],"predecessor-version":[{"id":8064,"href":"https:\/\/fr.elds.org\/lesmormons-net\/wp-json\/wp\/v2\/posts\/2120\/revisions\/8064"}],"wp:featuredmedia":[{"embeddable":true,"href":"https:\/\/fr.elds.org\/lesmormons-net\/wp-json\/wp\/v2\/media\/4458"}],"wp:attachment":[{"href":"https:\/\/fr.elds.org\/lesmormons-net\/wp-json\/wp\/v2\/media?parent=2120"}],"wp:term":[{"taxonomy":"category","embeddable":true,"href":"https:\/\/fr.elds.org\/lesmormons-net\/wp-json\/wp\/v2\/categories?post=2120"},{"taxonomy":"post_tag","embeddable":true,"href":"https:\/\/fr.elds.org\/lesmormons-net\/wp-json\/wp\/v2\/tags?post=2120"}],"curies":[{"name":"wp","href":"https:\/\/api.w.org\/{rel}","templated":true}]}}