{"id":2116,"date":"2015-12-08T11:32:04","date_gmt":"2015-12-08T10:32:04","guid":{"rendered":"http:\/\/fr.elds.org\/lesmormons-net\/?p=2116"},"modified":"2018-07-28T10:50:17","modified_gmt":"2018-07-28T08:50:17","slug":"recapitulatif-du-coin-de-feu-de-noel-de-la-premiere-presidence","status":"publish","type":"post","link":"https:\/\/fr.elds.org\/lesmormons-net\/temoignages\/recapitulatif-du-coin-de-feu-de-noel-de-la-premiere-presidence\/","title":{"rendered":"J&rsquo;AI V\u00c9CU LA VEILL\u00c9E DE NO\u00cbL DE LA PR\u00c9SIDENCE DE L&rsquo;EGLISE"},"content":{"rendered":"<p>Hier soir se tenait le coin de feu de no\u00ebl de la Premi\u00e8re Pr\u00e9sidence. \u00a0J&rsquo;ai eu la b\u00e9n\u00e9diction de pouvoir participer \u00e0 cet \u00e9v\u00e9nement \u00e0 travers les chants. \u00c7a a \u00e9t\u00e9 une journ\u00e9e tr\u00e8s longue, pleine\u00a0de\u00a0musique, de messages d&rsquo;espoir. Chaque minute en valait la peine. Voil\u00e0 un r\u00e9capitulatif et quelques-unes de mes pens\u00e9es.<\/p>\n<p><img decoding=\"async\" class=\"aligncenter\" src=\"https:\/\/mormonsoprano.files.wordpress.com\/2015\/12\/2015-christmas-devo1.jpg?w=671&amp;h=379\" alt=\"2015-christmas-devo\" \/><\/p>\n<h2>Esa\u00efe 9:6<\/h2>\n<p>Le choeur a ouvert le coin de feu en chantant le chef d&rsquo;oeuvre classique de Haendel <strong><em>Car un Enfant nous est n\u00e9<\/em><\/strong>, tir\u00e9 du Messie.<\/p>\n<p>Je me suis imm\u00e9diatement rendue compte que ces paroles\u00a0puissantes d&rsquo;Esa\u00efe font parties du \u00ab\u00a0th\u00e8me\u00a0\u00bb utilis\u00e9 pour l&rsquo;initiative de No\u00ebl 2015 &#8211; comme vu dans cette magnifique vid\u00e9o<strong> Un Sauveur est n\u00e9<\/strong>.<\/p>\n<p><iframe width=\"1080\" height=\"608\" src=\"https:\/\/www.youtube.com\/embed\/cdX2UKDy4Cs?wmode=transparent&amp;rel=0&amp;feature=oembed\" frameborder=\"0\" allowfullscreen><\/iframe><\/p>\n<h2>S&rsquo;installer confortablement dans le Centre de Conf\u00e9rence<\/h2>\n<p>Tout l&rsquo;orchestre et le ch\u0153ur sont confin\u00e9s sur le niveau sup\u00e9rieur de l&rsquo;estrade, parce que le niveau inf\u00e9rieur est d\u00e9di\u00e9 aux orateurs pendant le\u00a0Coin de Feu de No\u00ebl.<\/p>\n<p><img decoding=\"async\" class=\"aligncenter\" src=\"https:\/\/mormonsoprano.files.wordpress.com\/2015\/12\/2015-christmas-devo-choir.jpg?w=551&amp;h=295\" alt=\"2015-christmas-devo-choir\" \/><\/p>\n<p>Le premier rang de chaises du ch\u0153ur est aussi retir\u00e9\u00a0de fa\u00e7on \u00e0 faire de la place \u00e0 l&rsquo;orchestre &#8211; ce qui veut dire que c&rsquo;est tr\u00e8s tr\u00e8s serr\u00e9 la-haut!<\/p>\n<p><img decoding=\"async\" class=\"aligncenter\" src=\"https:\/\/mormonsoprano.files.wordpress.com\/2015\/12\/2015-christmas-devo-orchestra.jpg?w=551&amp;h=306\" alt=\"2015-christmas-devo-orchestra\" \/><\/p>\n<p>Mais il y a de fortes chances que ceux qui ont regard\u00e9\u00a0le Coin de Feu\u00a0ne se soient rendu compte de rien.<\/p>\n<p><img decoding=\"async\" class=\"aligncenter\" src=\"https:\/\/mormonsoprano.files.wordpress.com\/2015\/12\/2015-christmas-devo-choir2.jpg?w=551&amp;h=310\" alt=\"2015-christmas-devo-choir2\" \/><\/p>\n<p>Juste pour info, j&rsquo;ai commenc\u00e9 \u00e0 avoir mal aux pieds \u00e0 la moiti\u00e9 du concert.<\/p>\n<p>Et je peux vous garantir que <strong><em>personne<\/em> <\/strong>n&rsquo;a rien vu.<\/p>\n<h2>Chaque Orateur a Partag\u00e9 un Cantique<\/h2>\n<p>C&rsquo;\u00e9tait magique! J&rsquo;aimerais tous les lister dans ce post mais je n&rsquo;ai pas pris de notes dans le coin du ch\u0153ur et les textes des discours n&rsquo;ont pas encore \u00e9t\u00e9 publi\u00e9s. Alors faites-moi juste confiance. Ils ont tous utilis\u00e9 au moins un cantique pour leur enseignement dans leur discours.<\/p>\n<h2>Soyez Calmes et ne Craignez Pas!<\/h2>\n<p>Elder L. Whitney Clayton a partag\u00e9 des souvenirs de No\u00ebl, des histoires et des citations tir\u00e9s du livre bien aim\u00e9 <em>Un Chant de No\u00ebl<\/em> de Charles Dickens et a parl\u00e9 de la joyeuse nouvelle d\u00e9livr\u00e9e par un ange aux Bergers.<\/p>\n<blockquote>\n<p style=\"text-align: center;\">No\u00ebl a la capacit\u00e9 divine de nous rapprocher de la famille, des amis et de notre communaut\u00e9.<\/p>\n<p><img decoding=\"async\" class=\"aligncenter\" src=\"https:\/\/mormonsoprano.files.wordpress.com\/2015\/12\/2015-christmas-devo-clayton.jpg?w=551&amp;h=280\" alt=\"2015-christmas-devo-clayton\" \/><\/p>\n<p style=\"text-align: center;\">Gr\u00e2ce au Sauveur, la peur ne vaincra <strong>jamais<\/strong>!<\/p>\n<\/blockquote>\n<h2>Coin de Feu \u00e0 New york<\/h2>\n<p>Pendant que le Ch\u0153ur chantait notre deuxi\u00e8me cantique, un groupe de missionnaires rassembl\u00e9s dans un petit appartement de New York nous regardaient \u00e0 la t\u00e9l\u00e9 et \u00e9taient en m\u00eame temps film\u00e9s. Ah la magie des r\u00e9seaux sociaux\u00a0! Mes amis du Ch\u0153ur et moi avons beaucoup aim\u00e9 voir \u00e7a.<\/p>\n<p><iframe width=\"1080\" height=\"608\" src=\"https:\/\/www.youtube.com\/embed\/9fluzTGFhk8?wmode=transparent&amp;rel=0&amp;feature=oembed\" frameborder=\"0\" allowfullscreen><\/iframe><\/p>\n<p>Ces missionnaires servent dans la 2<sup>\u00e8me<\/sup> Paroisse de Stamfort (Espagnol), dans le Pieu de New York Yorkshire. Pour plus de croustillant\u00a0: je viens juste d\u2019apprendre qu\u2019une de mes s\u0153urs du Ch\u0153ur a un fils servant dans la m\u00eame mission en ce moment, et un autre fr\u00e8re du Ch\u0153ur est all\u00e9 \u00e0 l\u2019Eglise dans cette paroisse l\u2019ann\u00e9e derni\u00e8re pendant les vacances. Sympas\u00a0!<\/p>\n<h2>Deux Cantiques Valent Mieux Q\u2019Un<\/h2>\n<p>S\u0153ur Burton \u00e9tait magnifique. J\u2019ai beaucoup aim\u00e9 les couleurs vibrantes qu\u2019elle portait au pupitre. Elle a partag\u00e9 deux souvenirs tragiques de No\u00ebl qui sont devenus les fondations de sa propre foi en J\u00e9sus-Christ; c\u2019\u00e9tait tr\u00e8s inspirant. J&rsquo;ai entendu pour la premi\u00e8re fois\u00a0qu\u2019elle avait surv\u00e9cu \u00e0 un cancer (mon admiration pour Sr Burton a quadrupl\u00e9)<\/p>\n<p>Elle a partag\u00e9 non pas un mais DEUX cantiques comme le\u00e7on musicale. Le cantique de No\u00ebl \u00ab<em>\u00a0Venez tous fid\u00e8les<\/em>\u00a0\u00bb et le chant pour les enfants \u00ab\u00a0<em>Il envoya son fils<\/em>\u00a0\u00bb, qui explique si simplement et parfaitement pourquoi on ne doit pas avoir peur de la mort et pourquoi nous pouvons tous vivre avec joie et espoir.<\/p>\n<p><img decoding=\"async\" class=\"aligncenter\" src=\"https:\/\/mormonsoprano.files.wordpress.com\/2015\/12\/2015-christmas-devo-sister-burton.jpg?w=551&amp;h=307\" alt=\"2015-christmas-devo-sister-burton\" \/><\/p>\n<blockquote>\n<p style=\"text-align: center;\">Quand les temps sont durs, \u00ab\u00a0nous pouvons choisir de nous \u00e9loigner de Lui et combattre nos afflictions seuls, ou nous pouvons choisir de nous tourner vers Lui et le plan du P\u00e8re.\u00a0\u00bb<\/p>\n<\/blockquote>\n<h2>Ca Ressemble \u00e0 \u00ab\u00a0Sissel\u00a0\u00bb<\/h2>\n<p>Juste apr\u00e8s le message de S\u0153ur Burton, le Ch\u0153ur a chant\u00e9 le magnifique cantique de No\u00ebl \u00ab<strong>\u00a0In The Bleak Midwinter<\/strong>\u00a0\u00bb. Pr\u00e8s d\u2019un million de personnes sont de nouveau tomb\u00e9es amoureuses de ce chant apr\u00e8s avoir entendu <a href=\"https:\/\/www.youtube.com\/watch?v=z6yevmluq2M\" target=\"_blank\">Sissel le chanter avec le Ch\u0153ur en 2006<\/a><\/p>\n<blockquote>\n<p style=\"text-align: center;\">Qu\u2019est ce que je peux Lui donner,<\/p>\n<p style=\"text-align: center;\">Pauvre comme je suis\u00a0?<\/p>\n<p style=\"text-align: center;\">Si j\u2019\u00e9tais un berger<\/p>\n<p style=\"text-align: center;\">J\u2019am\u00e8nerais un agneau\u00a0;<\/p>\n<p style=\"text-align: center;\">Si j\u2019\u00e9tais un roi mage<\/p>\n<p style=\"text-align: center;\">Je ferais ma part\u00a0;<\/p>\n<p style=\"text-align: center;\">N\u00e9anmoins ce que je peux, je le Lui donne-<\/p>\n<p style=\"text-align: center;\">Je Lui donne mon c\u0153ur.<\/p>\n<\/blockquote>\n<p>&nbsp;<\/p>\n<p>J\u2019ai toujours la gorge nou\u00e9e quand je chante ce dernier verset.<\/p>\n<p>C\u2019est une v\u00e9rit\u00e9 que j\u2019apprends et r\u00e9apprends depuis presque 5 d\u00e9cennies. Notre c\u0153ur est le seul cadeau que n\u2019importe qui d\u2019entre nous peut offrir \u00e0 notre Sauveur. C\u2019est une chose merveilleuse de d\u00e9couvrir que lorsque nous laissons le Sauveur porter notre c\u0153ur, nous sommes capables de tout traverser avec paix.<\/p>\n<h2>Voir la lumi\u00e8re<\/h2>\n<p>Elder David A. Bednar est le meilleur \u00e9crivain, \u00e9rudit et ma\u00eetre instructeur. Elder Bednar berce mon monde. Ses discours sont \u00e0 plusieurs niveaux. J\u2019ai toujours l\u2019impression que je pourrais les \u00e9tudier pendant des heures et trouver encore quelque chose de nouveau \u00e0 chaque fois que je les lis. C\u2019est notre Bruce R. McConkie ou Hugh Nibley moderne (pour ceux qui ont eu la chance d\u2019\u00eatre de leur g\u00e9n\u00e9ration). Ce discours est un tr\u00e9sor de sagesse\u00a0! J\u2019aime sa fa\u00e7on de nous faire voyager dans le temps en imaginant pas \u00e0 pas ce qu&rsquo;\u00e9tait la vie\u00a0sur le continent am\u00e9ricain durant la naissance et la mort du Christ, comme racont\u00e9 dans le Livre de Mormon, un autre t\u00e9moignage de J\u00e9sus-Christ. Ils ont entendu les proph\u00e9ties de la naissance de J\u00e9sus, vu les signes et les 3 jours de clart\u00e9 et la nouvelle \u00e9toile dans le ciel. Et puis pr\u00e8s de 30 ans plus tard ils ont \u00e9t\u00e9 t\u00e9moins des signes de la crucifixion et de la mort, en \u00e9tant plong\u00e9s dans l\u2019obscurit\u00e9 pendant 3 jours. Et finalement ils ont vu le Sauveur lui-m\u00eame percer les t\u00e9n\u00e8bres sans fin et descendre sur terre, amenant la lumi\u00e8re avec lui.<\/p>\n<p><img decoding=\"async\" class=\"aligncenter\" src=\"https:\/\/mormonsoprano.files.wordpress.com\/2015\/12\/2015-christmas-devo-bednar.jpg?w=551&amp;h=306\" alt=\"2015-christmas-devo-bednar\" \/><\/p>\n<blockquote>\n<p style=\"text-align: center;\">\u00ab\u00a0Puisse les magnifiques lumi\u00e8res de chaque temps des f\u00eates nous faire penser \u00e0 Lui, la source de toute lumi\u00e8re.\u00a0\u00bb<\/p>\n<p style=\"text-align: center;\">Le cantique d\u2019Elder Bednar\u00a0: \u00ab\u00a0Petite ville, Bethl\u00e9hem\u00a0\u00bb<\/p>\n<\/blockquote>\n<p>&nbsp;<\/p>\n<h2>Le V\u0153ux de Debby a \u00e9t\u00e9 Exhauss\u00e9<\/h2>\n<p>Quand elle \u00e9tait plus jeune, ma meilleure amie et coll\u00e8gue du Ch\u0153ur Debby avait une tradition de No\u00ebl qu\u2019elle pr\u00e9f\u00e9rait\u00a0: \u00e9couter un enregistrement du Ch\u0153ur du Tabernacle Mormon chanter \u00ab<em>\u00a0Carol of The Bells\u00a0<\/em>\u00bb. C\u2019\u00e9tait, et c\u2019est encore, son cantique pr\u00e9f\u00e9r\u00e9 du Ch\u0153ur du Tabernacle. Quand elle a rejoint le ch\u0153ur il y a 8 ans, elle r\u00eavait de pouvoir chanter \u00ab\u00a0son cantique\u00a0\u00bb \u00e0 No\u00ebl. Debby va prendre sa retraite du Ch\u0153ur au printemps 2016, c\u2019est donc sa derni\u00e8re ann\u00e9e \u00e0 chanter dans le Ch\u0153ur pour No\u00ebl et durant ces derni\u00e8res 8 ann\u00e9es, bien que le ch\u0153ur ait chant\u00e9 de tr\u00e8s beaux cantiques, \u00ab\u00a0son\u00a0\u00bb cantique n\u2019a jamais \u00e9t\u00e9 chant\u00e9. Jusqu\u2019\u00e0 maintenant. Ce soir.<\/p>\n<p><img decoding=\"async\" class=\"aligncenter\" src=\"https:\/\/mormonsoprano.files.wordpress.com\/2015\/12\/2015-christmas-devo-happy-debby.jpg?w=551&amp;h=310\" alt=\"2015-christmas-devo-happy-debby\" \/><\/p>\n<p>Un gigantesque merci \u00e0 Pr\u00e9sident Uchtdorf pour avoir demand\u00e9 \u00e0 ce que ce cantique soit chant\u00e9 lors du Coin de Feu de No\u00ebl et ainsi r\u00e9aliser le r\u00eave de Debby\u00a0!<\/p>\n<h2>Tout est Plus Cool Avec President Uchtdorf<\/h2>\n<p>Avouons-le, Pr\u00e9sident Uchtdorf est non seulement un formidable disciple du Christ et un conteur d\u2019histoires exceptionnel, mais il gagne indiscutablement la r\u00e9compense de \u00ab\u00a0l\u2019Ap\u00f4tre le plus mignon\u00a0\u00bb des 11 derni\u00e8res ann\u00e9es et plus d\u2019affil\u00e9e (si, les cieux me pardonnent, une telle r\u00e9compense existait). Ajoutez \u00e0 \u00e7a son adorable accent allemand et tout ce qu\u2019il dit est tout simplement plus cool. Son message de No\u00ebl n\u2019a pas d\u00e9\u00e7u, rempli de tout un tas de bont\u00e9 inspirante \u00e0 savourer et appr\u00e9cier tout au long de la saison tandis que nous pensons \u00e0 la v\u00e9ritable signification de No\u00ebl et \u00e0 la b\u00e9n\u00e9diction d\u2019avoir un Sauveur. Mais mon passage pr\u00e9f\u00e9r\u00e9 a \u00e9t\u00e9 de l\u2019entendre raconter l\u2019histoire d\u2019un vieux cantique ukrainien du nouvel an appel\u00e9 \u00ab\u00a0<em>The Generous One<\/em>\u00a0\u00bb, qui \u00e0 notre \u00e9poque est notre cantique de No\u00ebl \u00ab\u00a0<em>Carol of the Bells\u00a0<\/em>\u00bb (connu aussi comme \u00e9tant le cantique de Debby, voir plus haut)<\/p>\n<p><img decoding=\"async\" class=\"aligncenter\" src=\"https:\/\/mormonsoprano.files.wordpress.com\/2015\/12\/2015-christmas-devo-uchtdorf.jpg?w=551&amp;h=306\" alt=\"2015-christmas-devo-uchtdorf\" \/><\/p>\n<p>Et oui, cette histoire avec le fauteuil roulant m\u2019a fait remercier d\u2019avoir mis du mascara waterproof.<\/p>\n<h2>C\u2019est Officiel\u00a0!<\/h2>\n<p>Pour moi, ce n\u2019est pas vraiment No\u00ebl tant que l\u2019on n\u2019a pas chant\u00e9 \u00ab\u00a0<em>Douce Nuit, Sainte Nuit<\/em>\u00a0\u00bb. Le Coin de Feu de No\u00ebl de la Premi\u00e8re Pr\u00e9sidence s\u2019est termin\u00e9 avec le Ch\u0153ur du Tabernacle Mormon chantant ce grand classique de No\u00ebl, avec l\u2019assembl\u00e9e enti\u00e8re joignant sa voix pour louer le Roi des Rois et le Prince de la Paix.<\/p>\n<div style=\"width: 561px\" class=\"wp-caption aligncenter\"><img fetchpriority=\"high\" fetchpriority=\"high\" decoding=\"async\" src=\"https:\/\/mormonsoprano.files.wordpress.com\/2015\/12\/2015-christmas-devo-silent-night.jpg?w=551&amp;h=309\" alt=\"2015-christmas-devo-silent-night\" width=\"551\" height=\"309\" \/><p class=\"wp-caption-text\">Le directeur assistant Ryan Murphy dirigeant le monde avec \u00ab\u00a0Douce nuit, Sainte nuit\u00a0\u00bb<\/p><\/div>\n<p>Joyeux No\u00ebl \u00e0 tous, <em>&#x2665; MoSop<\/em><\/p>\n<p>D&rsquo;apr\u00e8s un article de <a href=\"http:\/\/mormonsoprano.com\/2015\/12\/07\/christmas-devo-2015-recap-powered-by-music\/?utm_source=feedburner&amp;utm_medium=twitter&amp;utm_campaign=Feed%3A+MormonSoprano+%28MORMON+SOPRANO%29\" target=\"_blank\" rel=\"nofollow\">Mormon Soprano<\/a><\/p>\n<p style=\"line-height: 13.9pt; background: white; vertical-align: baseline; margin: 0cm 0cm 13.85pt 0cm;\">\n","protected":false},"excerpt":{"rendered":"<p>Hier soir se tenait le coin de feu de no\u00ebl de la Premi\u00e8re Pr\u00e9sidence. \u00a0J&rsquo;ai eu la b\u00e9n\u00e9diction de pouvoir participer \u00e0 cet \u00e9v\u00e9nement \u00e0 travers les chants. \u00c7a a \u00e9t\u00e9 une journ\u00e9e tr\u00e8s longue, pleine\u00a0de\u00a0musique, de messages d&rsquo;espoir. Chaque minute en valait la peine. Voil\u00e0 un r\u00e9capitulatif et quelques-unes de mes pens\u00e9es. Esa\u00efe 9:6 [&hellip;]<\/p>\n","protected":false},"author":39,"featured_media":4461,"comment_status":"open","ping_status":"open","sticky":false,"template":"","format":"standard","meta":{"_et_pb_use_builder":"","_et_pb_old_content":"","_et_gb_content_width":"","footnotes":""},"categories":[172],"tags":[321,245],"class_list":["post-2116","post","type-post","status-publish","format-standard","has-post-thumbnail","hentry","category-temoignages","tag-etats-unis","tag-noel","et-has-post-format-content","et_post_format-et-post-format-standard"],"yoast_head":"<!-- This site is optimized with the Yoast SEO plugin v27.4 - https:\/\/yoast.com\/product\/yoast-seo-wordpress\/ -->\n<title>J&#039;AI V\u00c9CU LA VEILL\u00c9E DE NO\u00cbL DE LA PR\u00c9SIDENCE DE L&#039;EGLISE<\/title>\n<meta name=\"description\" content=\"Hier soir se tenait le coin de feu de no\u00ebl de la Premi\u00e8re Pr\u00e9sidence. J&#039;ai eu la b\u00e9n\u00e9diction de pouvoir participer \u00e0 cet \u00e9v\u00e9nement \u00e0 travers les chants\" \/>\n<meta name=\"robots\" content=\"index, follow, max-snippet:-1, max-image-preview:large, max-video-preview:-1\" \/>\n<link rel=\"canonical\" href=\"https:\/\/fr.elds.org\/lesmormons-net\/temoignages\/recapitulatif-du-coin-de-feu-de-noel-de-la-premiere-presidence\/\" \/>\n<meta property=\"og:locale\" content=\"fr_FR\" \/>\n<meta property=\"og:type\" content=\"article\" \/>\n<meta property=\"og:title\" content=\"J&#039;AI V\u00c9CU LA VEILL\u00c9E DE NO\u00cbL DE LA PR\u00c9SIDENCE DE L&#039;EGLISE\" \/>\n<meta property=\"og:description\" content=\"Hier soir se tenait le coin de feu de no\u00ebl de la Premi\u00e8re Pr\u00e9sidence. J&#039;ai eu la b\u00e9n\u00e9diction de pouvoir participer \u00e0 cet \u00e9v\u00e9nement \u00e0 travers les chants\" \/>\n<meta property=\"og:url\" content=\"https:\/\/fr.elds.org\/lesmormons-net\/temoignages\/recapitulatif-du-coin-de-feu-de-noel-de-la-premiere-presidence\/\" \/>\n<meta property=\"og:site_name\" content=\"Les Mormons\" \/>\n<meta property=\"article:published_time\" content=\"2015-12-08T10:32:04+00:00\" \/>\n<meta property=\"article:modified_time\" content=\"2018-07-28T08:50:17+00:00\" \/>\n<meta property=\"og:image\" content=\"https:\/\/fr.elds.org\/lesmormons-net\/files\/2015\/12\/christmas-devotional.jpg\" \/>\n\t<meta property=\"og:image:width\" content=\"948\" \/>\n\t<meta property=\"og:image:height\" content=\"542\" \/>\n\t<meta property=\"og:image:type\" content=\"image\/jpeg\" \/>\n<meta name=\"twitter:card\" content=\"summary_large_image\" \/>\n<meta name=\"twitter:label1\" content=\"\u00c9crit par\" \/>\n\t<meta name=\"twitter:data1\" content=\"\" \/>\n\t<meta name=\"twitter:label2\" content=\"Dur\u00e9e de lecture estim\u00e9e\" \/>\n\t<meta name=\"twitter:data2\" content=\"8 minutes\" \/>\n<script type=\"application\/ld+json\" class=\"yoast-schema-graph\">{\"@context\":\"https:\\\/\\\/schema.org\",\"@graph\":[{\"@type\":\"Article\",\"@id\":\"https:\\\/\\\/fr.elds.org\\\/lesmormons-net\\\/temoignages\\\/recapitulatif-du-coin-de-feu-de-noel-de-la-premiere-presidence\\\/#article\",\"isPartOf\":{\"@id\":\"https:\\\/\\\/fr.elds.org\\\/lesmormons-net\\\/temoignages\\\/recapitulatif-du-coin-de-feu-de-noel-de-la-premiere-presidence\\\/\"},\"author\":{\"name\":\"\",\"@id\":\"\"},\"headline\":\"J&rsquo;AI V\u00c9CU LA VEILL\u00c9E DE NO\u00cbL DE LA PR\u00c9SIDENCE DE L&rsquo;EGLISE\",\"datePublished\":\"2015-12-08T10:32:04+00:00\",\"dateModified\":\"2018-07-28T08:50:17+00:00\",\"mainEntityOfPage\":{\"@id\":\"https:\\\/\\\/fr.elds.org\\\/lesmormons-net\\\/temoignages\\\/recapitulatif-du-coin-de-feu-de-noel-de-la-premiere-presidence\\\/\"},\"wordCount\":1621,\"commentCount\":0,\"image\":{\"@id\":\"https:\\\/\\\/fr.elds.org\\\/lesmormons-net\\\/temoignages\\\/recapitulatif-du-coin-de-feu-de-noel-de-la-premiere-presidence\\\/#primaryimage\"},\"thumbnailUrl\":\"https:\\\/\\\/fr.elds.org\\\/lesmormons-net\\\/files\\\/2015\\\/12\\\/christmas-devotional.jpg\",\"keywords\":[\"Etats-Unis\",\"No\u00ebl\"],\"articleSection\":[\"T\u00e9moignages\"],\"inLanguage\":\"fr-FR\",\"potentialAction\":[{\"@type\":\"CommentAction\",\"name\":\"Comment\",\"target\":[\"https:\\\/\\\/fr.elds.org\\\/lesmormons-net\\\/temoignages\\\/recapitulatif-du-coin-de-feu-de-noel-de-la-premiere-presidence\\\/#respond\"]}]},{\"@type\":\"WebPage\",\"@id\":\"https:\\\/\\\/fr.elds.org\\\/lesmormons-net\\\/temoignages\\\/recapitulatif-du-coin-de-feu-de-noel-de-la-premiere-presidence\\\/\",\"url\":\"https:\\\/\\\/fr.elds.org\\\/lesmormons-net\\\/temoignages\\\/recapitulatif-du-coin-de-feu-de-noel-de-la-premiere-presidence\\\/\",\"name\":\"J'AI V\u00c9CU LA VEILL\u00c9E DE NO\u00cbL DE LA PR\u00c9SIDENCE DE L'EGLISE\",\"isPartOf\":{\"@id\":\"https:\\\/\\\/fr.elds.org\\\/lesmormons-net\\\/#website\"},\"primaryImageOfPage\":{\"@id\":\"https:\\\/\\\/fr.elds.org\\\/lesmormons-net\\\/temoignages\\\/recapitulatif-du-coin-de-feu-de-noel-de-la-premiere-presidence\\\/#primaryimage\"},\"image\":{\"@id\":\"https:\\\/\\\/fr.elds.org\\\/lesmormons-net\\\/temoignages\\\/recapitulatif-du-coin-de-feu-de-noel-de-la-premiere-presidence\\\/#primaryimage\"},\"thumbnailUrl\":\"https:\\\/\\\/fr.elds.org\\\/lesmormons-net\\\/files\\\/2015\\\/12\\\/christmas-devotional.jpg\",\"datePublished\":\"2015-12-08T10:32:04+00:00\",\"dateModified\":\"2018-07-28T08:50:17+00:00\",\"author\":{\"@id\":\"\"},\"description\":\"Hier soir se tenait le coin de feu de no\u00ebl de la Premi\u00e8re Pr\u00e9sidence. J'ai eu la b\u00e9n\u00e9diction de pouvoir participer \u00e0 cet \u00e9v\u00e9nement \u00e0 travers les chants\",\"breadcrumb\":{\"@id\":\"https:\\\/\\\/fr.elds.org\\\/lesmormons-net\\\/temoignages\\\/recapitulatif-du-coin-de-feu-de-noel-de-la-premiere-presidence\\\/#breadcrumb\"},\"inLanguage\":\"fr-FR\",\"potentialAction\":[{\"@type\":\"ReadAction\",\"target\":[\"https:\\\/\\\/fr.elds.org\\\/lesmormons-net\\\/temoignages\\\/recapitulatif-du-coin-de-feu-de-noel-de-la-premiere-presidence\\\/\"]}]},{\"@type\":\"ImageObject\",\"inLanguage\":\"fr-FR\",\"@id\":\"https:\\\/\\\/fr.elds.org\\\/lesmormons-net\\\/temoignages\\\/recapitulatif-du-coin-de-feu-de-noel-de-la-premiere-presidence\\\/#primaryimage\",\"url\":\"https:\\\/\\\/fr.elds.org\\\/lesmormons-net\\\/files\\\/2015\\\/12\\\/christmas-devotional.jpg\",\"contentUrl\":\"https:\\\/\\\/fr.elds.org\\\/lesmormons-net\\\/files\\\/2015\\\/12\\\/christmas-devotional.jpg\",\"width\":948,\"height\":542,\"caption\":\"La premi\u00e8re pr\u00e9sidence de l'Eglise de J\u00e9sus-christ des Saints des Derniers Jours\"},{\"@type\":\"BreadcrumbList\",\"@id\":\"https:\\\/\\\/fr.elds.org\\\/lesmormons-net\\\/temoignages\\\/recapitulatif-du-coin-de-feu-de-noel-de-la-premiere-presidence\\\/#breadcrumb\",\"itemListElement\":[{\"@type\":\"ListItem\",\"position\":1,\"name\":\"Home\",\"item\":\"https:\\\/\\\/fr.elds.org\\\/lesmormons-net\\\/\"},{\"@type\":\"ListItem\",\"position\":2,\"name\":\"J&#8217;AI V\u00c9CU LA VEILL\u00c9E DE NO\u00cbL DE LA PR\u00c9SIDENCE DE L&#8217;EGLISE\"}]},{\"@type\":\"WebSite\",\"@id\":\"https:\\\/\\\/fr.elds.org\\\/lesmormons-net\\\/#website\",\"url\":\"https:\\\/\\\/fr.elds.org\\\/lesmormons-net\\\/\",\"name\":\"Les Mormons\",\"description\":\"Les mormons au quotidien\",\"potentialAction\":[{\"@type\":\"SearchAction\",\"target\":{\"@type\":\"EntryPoint\",\"urlTemplate\":\"https:\\\/\\\/fr.elds.org\\\/lesmormons-net\\\/?s={search_term_string}\"},\"query-input\":{\"@type\":\"PropertyValueSpecification\",\"valueRequired\":true,\"valueName\":\"search_term_string\"}}],\"inLanguage\":\"fr-FR\"},{\"@type\":\"Person\",\"@id\":\"\",\"url\":\"https:\\\/\\\/fr.elds.org\\\/lesmormons-net\\\/author\\\/\"}]}<\/script>\n<!-- \/ Yoast SEO plugin. -->","yoast_head_json":{"title":"J'AI V\u00c9CU LA VEILL\u00c9E DE NO\u00cbL DE LA PR\u00c9SIDENCE DE L'EGLISE","description":"Hier soir se tenait le coin de feu de no\u00ebl de la Premi\u00e8re Pr\u00e9sidence. J'ai eu la b\u00e9n\u00e9diction de pouvoir participer \u00e0 cet \u00e9v\u00e9nement \u00e0 travers les chants","robots":{"index":"index","follow":"follow","max-snippet":"max-snippet:-1","max-image-preview":"max-image-preview:large","max-video-preview":"max-video-preview:-1"},"canonical":"https:\/\/fr.elds.org\/lesmormons-net\/temoignages\/recapitulatif-du-coin-de-feu-de-noel-de-la-premiere-presidence\/","og_locale":"fr_FR","og_type":"article","og_title":"J'AI V\u00c9CU LA VEILL\u00c9E DE NO\u00cbL DE LA PR\u00c9SIDENCE DE L'EGLISE","og_description":"Hier soir se tenait le coin de feu de no\u00ebl de la Premi\u00e8re Pr\u00e9sidence. J'ai eu la b\u00e9n\u00e9diction de pouvoir participer \u00e0 cet \u00e9v\u00e9nement \u00e0 travers les chants","og_url":"https:\/\/fr.elds.org\/lesmormons-net\/temoignages\/recapitulatif-du-coin-de-feu-de-noel-de-la-premiere-presidence\/","og_site_name":"Les Mormons","article_published_time":"2015-12-08T10:32:04+00:00","article_modified_time":"2018-07-28T08:50:17+00:00","og_image":[{"width":948,"height":542,"url":"https:\/\/fr.elds.org\/lesmormons-net\/files\/2015\/12\/christmas-devotional.jpg","type":"image\/jpeg"}],"twitter_card":"summary_large_image","twitter_misc":{"\u00c9crit par":"","Dur\u00e9e de lecture estim\u00e9e":"8 minutes"},"schema":{"@context":"https:\/\/schema.org","@graph":[{"@type":"Article","@id":"https:\/\/fr.elds.org\/lesmormons-net\/temoignages\/recapitulatif-du-coin-de-feu-de-noel-de-la-premiere-presidence\/#article","isPartOf":{"@id":"https:\/\/fr.elds.org\/lesmormons-net\/temoignages\/recapitulatif-du-coin-de-feu-de-noel-de-la-premiere-presidence\/"},"author":{"name":"","@id":""},"headline":"J&rsquo;AI V\u00c9CU LA VEILL\u00c9E DE NO\u00cbL DE LA PR\u00c9SIDENCE DE L&rsquo;EGLISE","datePublished":"2015-12-08T10:32:04+00:00","dateModified":"2018-07-28T08:50:17+00:00","mainEntityOfPage":{"@id":"https:\/\/fr.elds.org\/lesmormons-net\/temoignages\/recapitulatif-du-coin-de-feu-de-noel-de-la-premiere-presidence\/"},"wordCount":1621,"commentCount":0,"image":{"@id":"https:\/\/fr.elds.org\/lesmormons-net\/temoignages\/recapitulatif-du-coin-de-feu-de-noel-de-la-premiere-presidence\/#primaryimage"},"thumbnailUrl":"https:\/\/fr.elds.org\/lesmormons-net\/files\/2015\/12\/christmas-devotional.jpg","keywords":["Etats-Unis","No\u00ebl"],"articleSection":["T\u00e9moignages"],"inLanguage":"fr-FR","potentialAction":[{"@type":"CommentAction","name":"Comment","target":["https:\/\/fr.elds.org\/lesmormons-net\/temoignages\/recapitulatif-du-coin-de-feu-de-noel-de-la-premiere-presidence\/#respond"]}]},{"@type":"WebPage","@id":"https:\/\/fr.elds.org\/lesmormons-net\/temoignages\/recapitulatif-du-coin-de-feu-de-noel-de-la-premiere-presidence\/","url":"https:\/\/fr.elds.org\/lesmormons-net\/temoignages\/recapitulatif-du-coin-de-feu-de-noel-de-la-premiere-presidence\/","name":"J'AI V\u00c9CU LA VEILL\u00c9E DE NO\u00cbL DE LA PR\u00c9SIDENCE DE L'EGLISE","isPartOf":{"@id":"https:\/\/fr.elds.org\/lesmormons-net\/#website"},"primaryImageOfPage":{"@id":"https:\/\/fr.elds.org\/lesmormons-net\/temoignages\/recapitulatif-du-coin-de-feu-de-noel-de-la-premiere-presidence\/#primaryimage"},"image":{"@id":"https:\/\/fr.elds.org\/lesmormons-net\/temoignages\/recapitulatif-du-coin-de-feu-de-noel-de-la-premiere-presidence\/#primaryimage"},"thumbnailUrl":"https:\/\/fr.elds.org\/lesmormons-net\/files\/2015\/12\/christmas-devotional.jpg","datePublished":"2015-12-08T10:32:04+00:00","dateModified":"2018-07-28T08:50:17+00:00","author":{"@id":""},"description":"Hier soir se tenait le coin de feu de no\u00ebl de la Premi\u00e8re Pr\u00e9sidence. J'ai eu la b\u00e9n\u00e9diction de pouvoir participer \u00e0 cet \u00e9v\u00e9nement \u00e0 travers les chants","breadcrumb":{"@id":"https:\/\/fr.elds.org\/lesmormons-net\/temoignages\/recapitulatif-du-coin-de-feu-de-noel-de-la-premiere-presidence\/#breadcrumb"},"inLanguage":"fr-FR","potentialAction":[{"@type":"ReadAction","target":["https:\/\/fr.elds.org\/lesmormons-net\/temoignages\/recapitulatif-du-coin-de-feu-de-noel-de-la-premiere-presidence\/"]}]},{"@type":"ImageObject","inLanguage":"fr-FR","@id":"https:\/\/fr.elds.org\/lesmormons-net\/temoignages\/recapitulatif-du-coin-de-feu-de-noel-de-la-premiere-presidence\/#primaryimage","url":"https:\/\/fr.elds.org\/lesmormons-net\/files\/2015\/12\/christmas-devotional.jpg","contentUrl":"https:\/\/fr.elds.org\/lesmormons-net\/files\/2015\/12\/christmas-devotional.jpg","width":948,"height":542,"caption":"La premi\u00e8re pr\u00e9sidence de l'Eglise de J\u00e9sus-christ des Saints des Derniers Jours"},{"@type":"BreadcrumbList","@id":"https:\/\/fr.elds.org\/lesmormons-net\/temoignages\/recapitulatif-du-coin-de-feu-de-noel-de-la-premiere-presidence\/#breadcrumb","itemListElement":[{"@type":"ListItem","position":1,"name":"Home","item":"https:\/\/fr.elds.org\/lesmormons-net\/"},{"@type":"ListItem","position":2,"name":"J&#8217;AI V\u00c9CU LA VEILL\u00c9E DE NO\u00cbL DE LA PR\u00c9SIDENCE DE L&#8217;EGLISE"}]},{"@type":"WebSite","@id":"https:\/\/fr.elds.org\/lesmormons-net\/#website","url":"https:\/\/fr.elds.org\/lesmormons-net\/","name":"Les Mormons","description":"Les mormons au quotidien","potentialAction":[{"@type":"SearchAction","target":{"@type":"EntryPoint","urlTemplate":"https:\/\/fr.elds.org\/lesmormons-net\/?s={search_term_string}"},"query-input":{"@type":"PropertyValueSpecification","valueRequired":true,"valueName":"search_term_string"}}],"inLanguage":"fr-FR"},{"@type":"Person","@id":"","url":"https:\/\/fr.elds.org\/lesmormons-net\/author\/"}]}},"_links":{"self":[{"href":"https:\/\/fr.elds.org\/lesmormons-net\/wp-json\/wp\/v2\/posts\/2116","targetHints":{"allow":["GET"]}}],"collection":[{"href":"https:\/\/fr.elds.org\/lesmormons-net\/wp-json\/wp\/v2\/posts"}],"about":[{"href":"https:\/\/fr.elds.org\/lesmormons-net\/wp-json\/wp\/v2\/types\/post"}],"author":[{"embeddable":true,"href":"https:\/\/fr.elds.org\/lesmormons-net\/wp-json\/wp\/v2\/users\/39"}],"replies":[{"embeddable":true,"href":"https:\/\/fr.elds.org\/lesmormons-net\/wp-json\/wp\/v2\/comments?post=2116"}],"version-history":[{"count":7,"href":"https:\/\/fr.elds.org\/lesmormons-net\/wp-json\/wp\/v2\/posts\/2116\/revisions"}],"predecessor-version":[{"id":8414,"href":"https:\/\/fr.elds.org\/lesmormons-net\/wp-json\/wp\/v2\/posts\/2116\/revisions\/8414"}],"wp:featuredmedia":[{"embeddable":true,"href":"https:\/\/fr.elds.org\/lesmormons-net\/wp-json\/wp\/v2\/media\/4461"}],"wp:attachment":[{"href":"https:\/\/fr.elds.org\/lesmormons-net\/wp-json\/wp\/v2\/media?parent=2116"}],"wp:term":[{"taxonomy":"category","embeddable":true,"href":"https:\/\/fr.elds.org\/lesmormons-net\/wp-json\/wp\/v2\/categories?post=2116"},{"taxonomy":"post_tag","embeddable":true,"href":"https:\/\/fr.elds.org\/lesmormons-net\/wp-json\/wp\/v2\/tags?post=2116"}],"curies":[{"name":"wp","href":"https:\/\/api.w.org\/{rel}","templated":true}]}}