{"id":2092,"date":"2015-11-19T08:18:17","date_gmt":"2015-11-19T07:18:17","guid":{"rendered":"http:\/\/fr.elds.org\/lesmormons-net\/?p=2092"},"modified":"2018-07-27T15:22:38","modified_gmt":"2018-07-27T13:22:38","slug":"histoire-recueil-chants-de-la-primaire","status":"publish","type":"post","link":"https:\/\/fr.elds.org\/lesmormons-net\/histoire-de-leglise\/histoire-recueil-chants-de-la-primaire\/","title":{"rendered":"Comment le recueil des chants de la Primaire a-t&rsquo;il \u00e9t\u00e9 cr\u00e9\u00e9?"},"content":{"rendered":"<p>&nbsp;<\/p>\n<p>\u00catre appel\u00e9, \u00ab\u00a0pour un entretien\u00a0\u00bb, c&rsquo;est toujours un peu effrayant. Je servais en tant que conseill\u00e8re pour la musique au sein de la Pr\u00e9sidence G\u00e9n\u00e9rale de la Primaire lorsque ma responsable, la premi\u00e8re conseill\u00e8re Virginia Cannon, a demand\u00e9 \u00e0 me voir dans son bureau. Elle m&rsquo;a expos\u00e9 la merveilleuse et inimaginable occasion que nous allions avoir de pr\u00e9parer un nouveau livre de chants pour les enfants.<\/p>\n<p>Notre t\u00e2che \u00e9tait de consolider les quatre recueils de chants oranges et d&rsquo;autres ressources alors en vigueur en un seul livre et de simplifier les partitions pour des pianistes moins exp\u00e9riment\u00e9s. Je suis sortie du bureau dans un \u00e9tat second et je savais que ma vie \u00e9tait sur le point d&rsquo;\u00eatre enti\u00e8rement accapar\u00e9e par ce projet.<\/p>\n<p>Heureusement, mon mari et mes enfants m&rsquo;ont beaucoup soutenu dans ce projet et \u00e7a leur a donn\u00e9 une chance d&rsquo;apprendre \u00e0 faire leur propre lessive et cuire leurs propres cookies. Je leur ai rappel\u00e9 que nous \u00e9tions dans cette vie pour apprendre et grandir, et pendant qu&rsquo;ils faisaient leur propre \u00ab\u00a0apprentissage des t\u00e2ches m\u00e9nag\u00e8re\u00a0\u00bb, je faisais mes propres apprentissages les plus complexes.<\/p>\n<p>Les cinq ann\u00e9es suivantes ont \u00e9t\u00e9 remplies d&rsquo;exp\u00e9riences difficiles, \u00e9puisantes, exaltantes et spirituellement enrichissantes. J&rsquo;ai souvent fait allusion \u00e0 ce projet comme \u00e0 mon \u00ab\u00a0septi\u00e8me enfant\u00a0\u00bb &#8211; celui pour lequel le travail a \u00e9t\u00e9 le plus long et le plus difficile. Voici quelques faits peu connus sur la fa\u00e7on dont le recueil de chansons pour les enfants de 1989 est n\u00e9, et comment certaines des chansons ont \u00e9t\u00e9 cr\u00e9\u00e9es.<\/p>\n<h4>Il y a 255 chansons et 13 pr\u00e9ludes inclus dans le livre de <em>Chants pour les enfants<\/em>, de 1989.<\/h4>\n<p>Cela fait un total de 268 chansons \u00e9crites par 199 auteurs-compositeurs, dont 144 ont \u00e9t\u00e9 identifi\u00e9s comme \u00e9tant SDJ.<\/p>\n<h3>Le processus de s\u00e9lection de ces chansons a \u00e9t\u00e9 tr\u00e8s vaste et s&rsquo;est \u00e9tendu \u00e0 plusieurs directeurs de musique \u00e0 travers toute l&rsquo;\u00c9glise.<\/h3>\n<p>Les chansons ont \u00e9t\u00e9 choisies en partie gr\u00e2ce \u00e0 un sondage rempli par des directeurs de musique de la Primaire s\u00e9lectionn\u00e9s au hasard dans toute l&rsquo;Eglise. Ce sondage a port\u00e9 sur 420 chansons tir\u00e9es des manuels de le\u00e7ons, du magazine <em>L&rsquo;Ami<\/em>, sur les chansons publi\u00e9es dans les brochures de pr\u00e9sentation annuelle de la R\u00e9union de Sainte-C\u00e8ne par les enfants, et sur les chansons des quatre recueils de chants oranges pour les dirigeants:\u00a0<em>Chantons ensemble, Chansons d&rsquo;activit\u00e9s, Plus de chansons pour les enfants, Suppl\u00e9ment au Plus de Chansons pour les enfants<\/em>. Ces chansons ont \u00e9t\u00e9 examin\u00e9es minutieusement par le Comit\u00e9 g\u00e9n\u00e9ral pour la musique, le Comit\u00e9 de la musique pour la Primaire et un comit\u00e9 ad hoc de dirigeants de pieux et de paroisses pour la musique. La Pr\u00e9sidence G\u00e9n\u00e9rale de la Primaire a aussi pass\u00e9 en revue chaque chanson et a fait des suggestions. Cela signifie que chaque chanson du livre de chants pour la Primaire a re\u00e7u l&rsquo;approbation de dirigeants de la Primaire et de dirigeants de la musique, il ne manquait plus qu&rsquo;\u00e0 les mettre ensemble et \u00e0 les \u00e9diter (pour \u00eatre s\u00fbr qu&rsquo;elles refl\u00e9taient correctement la doctrine), puis elles ont \u00e9t\u00e9 soumises \u00e0 quatre comit\u00e9s qui les ont \u00e9valu\u00e9s. En bref, c&rsquo;\u00e9tait un honneur d&rsquo;avoir sa chanson inclue dans ce livre.<\/p>\n<h3>Seulement 17 de ces chansons \u00e9taient consid\u00e9r\u00e9es comme \u00ab\u00a0nouvelles\u00a0\u00bb et plusieurs d&rsquo;entre elles ont des histoires incroyables.<\/h3>\n<p>Ces chansons ont \u00e9t\u00e9 choisies ou \u00e9crites \u00e0 cause du besoin d&rsquo;un sujet particulier. Par exemple, l&rsquo;ancien livre de chants ne contenait pas de chansons sur la pr\u00e9existence. Je connaissais Janeen Brady gr\u00e2ce \u00e0 la Guilde des compositeurs d&rsquo;Utah et j&rsquo;aimais chanter ses chansons pour enfants avec ma famille. Je l&rsquo;ai appel\u00e9 et lui ai demand\u00e9 si elle avait d\u00e9j\u00e0 \u00e9crit quelque chose sur la vie pr\u00e9-mortelle. Elle m&rsquo;a r\u00e9pondu qu&rsquo;en r\u00e9alit\u00e9 elle avait compos\u00e9, mais jamais publi\u00e9, une chanson pour l\u2019aider \u00e0 expliquer le plan de salut \u00e0 sa fille handicap\u00e9e mentale. Elle nous a permis d&rsquo;utiliser sa jolie chanson : \u00ab\u00a0<em>J&rsquo;habitais dans les cieux<\/em>\u00ab\u00a0. C&rsquo;est la deuxi\u00e8me chanson qui se trouve dans la partie consacr\u00e9e \u00e0 Notre P\u00e8re c\u00e9leste dans le recueil de <em>Chants pour les enfants<\/em>. J&rsquo;\u00e9tais reconnaissante que gr\u00e2ce \u00e0 une amiti\u00e9 et une inspiration de l&rsquo;Esprit, les enfants de l&rsquo;Eglise aient une chanson qui parle de la pr\u00e9existence.<\/p>\n<p>De m\u00eame, Carmen Pingree a servi au Bureau g\u00e9n\u00e9ral de la Primaire pour les besoins sp\u00e9ciaux. Elle se demandait s&rsquo;il pouvait y avoir une chanson pour aider les enfants avec des besoins sp\u00e9ciaux \u00e0 se sentir plus inclus. Nous avons pens\u00e9 \u00e0 un message potentiel en sachant que lorsqu&rsquo;on demande \u00e0 quelqu&rsquo;un d\u2019\u00e9crire une chanson on ne tombe pas toujours juste. Nous avons envoy\u00e9 un brouillon de notre brainstorming \u00e0 Carol Lynn Pearson \u00e0 Walnut Creek, en Californie, et lui avons demand\u00e9 si elle pouvait s&rsquo;essayer \u00e0 cr\u00e9er un po\u00e8me avec cela.<\/p>\n<p>Elle a parfaitement retransmis le message dans : \u00ab\u00a0Je marche avec toi\u00a0\u00bb. Carmen a sugg\u00e9r\u00e9 que nous demandions \u00e0 Reid Nibley, un pianiste de musique classique, d&rsquo;\u00e9crire les partitions. Comme il avait un enfant handicap\u00e9, il aurait la sensibilit\u00e9 qu&rsquo;il faut pour un tel sujet. Fr\u00e8re Nibley a compos\u00e9 une m\u00e9lodie adorable avec un accompagnement plus complexe qui ressemblait \u00e0 une marche. C&rsquo;\u00e9tait un peu compliqu\u00e9 \u00e0 jouer alors nous avons simplifi\u00e9 l&rsquo;arrangement au piano pour la main gauche. Lorsque nous avons demand\u00e9 son approbation, il a dit que nos modifications \u00e9taient ce qu&rsquo;il aurait d\u00fb \u00e9crire. Cette chanson a tant apport\u00e9 \u00e0 notre Livre de chants pour la Primaire\u00a0! Elle nous enseigne \u00e0 \u00eatre un ami envers ceux qui sont diff\u00e9rents de nous et d&rsquo;aimer tout le monde comme J\u00e9sus le fait.<\/p>\n<p>Apr\u00e8s le succ\u00e8s que nous avons eu en rajoutant des couplets au chant \u00ab\u00a0<em>Dans le Livre de Mormon<\/em>\u00ab\u00a0, nous avons pens\u00e9 que cela vaudrait la peine d&rsquo;avoir une chanson sur les histoires de l&rsquo;Ancien Testament. Nous avons imagin\u00e9 une tonalit\u00e9 un peu juive &#8211; comme celle qu&rsquo;on trouve dans <em>Un violon sur le toit<\/em> &#8211; ainsi qu&rsquo;un refrain dont on peut facilement se rappeler et qui comporte le message principal (ce qui \u00ab\u00a0accrocherait\u00a0\u00bb dans cette chanson). Apr\u00e8s avoir choisi quels proph\u00e8tes inclure dans cette chanson, on a demand\u00e9 \u00e0 Duane Hiatt de cr\u00e9er la musique. Fr\u00e8re Hiatt a fait partie de nombreuses com\u00e9dies musicales professionnelles, avec les trois D. et il a fait des enregistrements pour Capitol Records. Il a chant\u00e9 et jou\u00e9 de la guitare sur 9 couplets avec un refrain entra\u00eenant et \u00e7a a donn\u00e9 : \u00ab\u00a0Suis le proph\u00e8te\u00a0\u00bb. Ce titre a \u00e9t\u00e9 inspir\u00e9 par l&rsquo;un de ses anc\u00eatres pionniers qui gardait l&rsquo;\u0153il fix\u00e9 sur le chariot du proph\u00e8te lorsqu&rsquo;il le suivait pendant la travers\u00e9e des plaines.<\/p>\n<p>C&rsquo;est, sans aucun doute, l&rsquo;un des chants pr\u00e9f\u00e9r\u00e9s des enfants aujourd&rsquo;hui!<\/p>\n<h3>Il y a 7 chansons qui se trouvent \u00e0 la fois dans le livre de <em>Cantiques<\/em> et le livre de <em>Chants pour les enfants<\/em> &#8211; elles ont toutes d\u00fb \u00eatre modifi\u00e9es.<\/h3>\n<p>Cela fait partie des r\u00e8gles de l&rsquo;Eglise qu&rsquo;un m\u00eame document ne soit pas publi\u00e9 dans plus d&rsquo;un livre. Ce qui signifie que les chansons de la Primaire se trouvant dans le livre de <em>Cantiques<\/em> ne pouvaient pas \u00eatre inclues dans le recueil de <em>Chants pour les enfants<\/em>. La solution \u00e0 ce probl\u00e8me \u00e9tait de modifier les cantiques d&rsquo;une fa\u00e7on ou d&rsquo;une autre pour le livre de chants. \u00ab\u00a0<em>Je suis enfant de Dieu<\/em>\u00a0\u00bb est maintenant en accord de do plut\u00f4t qu&rsquo;en accord de r\u00e9, un magnifique obbligato pour voix ou instrument a \u00e9t\u00e9 cr\u00e9\u00e9 et un quatri\u00e8me couplet a \u00e9t\u00e9 rajout\u00e9. Le bureau de la Primaire a re\u00e7u des appels sollicitant les paroles r\u00e9cemment \u00e9crites par l&rsquo;auteur : Naomi Randall. C&rsquo;\u00e9tait une bonne id\u00e9e d&rsquo;ajouter le mot \u00ab\u00a0c\u00e9leste\u00a0\u00bb au vocabulaire du livre en rajoutant ce nouveau couplet.<\/p>\n<p>Barbara McConochie a d\u00e9clar\u00e9 qu&rsquo;elle \u00e9tait heureuse de pouvoir ajouter un couplet \u00e0 \u00ab\u00a0<em>Pour trouver la paix<\/em>\u00ab\u00a0. Elle voulait y inclure l&rsquo;id\u00e9e que nous devons \u00eatre mis \u00e0 l&rsquo;\u00e9preuve bien que nous gardions les commandements. Le livre de <em>Chants pour les enfants<\/em> contient ce deuxi\u00e8me couplet ainsi qu&rsquo;un obbligato. Il est int\u00e9ressant de relever que lorsqu&rsquo;elle a soumis sa version, elle a aussi apport\u00e9 une m\u00e9lodie pour anniversaire qu&rsquo;on lui avait demand\u00e9 d&rsquo;\u00e9crire pour les enfants de son Pieu. Le titre \u00e9tait \u00ab\u00a0<em>Un an de plus<\/em>\u00a0\u00bb et c&rsquo;\u00e9tait charmant. Cependant toutes les chansons avaient d\u00e9j\u00e0 \u00e9t\u00e9 s\u00e9lectionn\u00e9es et nous \u00e9tions en train de travailler sur la mise en page du livre. Nous avions pr\u00e9vu d&rsquo;utiliser le traditionnel \u00ab\u00a0<em>Joyeux anniversaire<\/em>\u00a0\u00bb qui se trouvait dans le manuel de la garderie.<\/p>\n<h3>Probl\u00e8mes avec les droits d&rsquo;auteurs<\/h3>\n<p>Auparavant, il n&rsquo;y avait pas de droits d&rsquo;auteurs sur les chansons de la Primaire alors nous \u00e9tions en pleines n\u00e9gociations pour pouvoir utiliser chacune des chansons. Nous avons d\u00e9couvert que les propri\u00e9taires de \u00ab\u00a0Joyeux anniversaire\u00a0\u00bb demandaient des frais substantiels qui devraient \u00eatre pay\u00e9s \u00e0 chaque r\u00e9-\u00e9dition du livre. Nous avons d\u00e9cid\u00e9 que nous n&rsquo;avions pas vraiment besoin de cette chanson puisque d&rsquo;habitude elle \u00e9tait chant\u00e9e spontan\u00e9ment \u00e0 capella.<\/p>\n<p>Alors que faire d\u2019un espace vide de la taille d&rsquo;une chanson de deux lignes? La m\u00e9lodie d&rsquo;anniversaire de S\u0153ur McConochie tenait exactement sur deux lignes. Cela semblait plus qu&rsquo;une co\u00efncidence qu&rsquo;elle le partage avec nous exactement au moment o\u00f9 elle l&rsquo;a fait. Des exp\u00e9riences comme celle-ci se sont souvent produites et m&rsquo;ont confirm\u00e9 que notre P\u00e8re c\u00e9leste guidait la pr\u00e9paration de ce livre de chants.<\/p>\n<h3>Le bonheur qu&rsquo;il y a \u00e0 chanter les chants de la Primaire<\/h3>\n<p>Si seulement tous les enfants du monde pouvaient grandir en chantant des chansons de la Primaire! Pensez \u00e0 l&rsquo;influence positive qui vient du fait de chanter : \u00ab\u00a0<em>Je sais qui je suis<\/em>\u00ab\u00a0, \u00ab\u00a0<em>Je suis enfant de Dieu<\/em>\u00ab\u00a0, \u00ab\u00a0<em>Mon P\u00e8re c\u00e9leste m&rsquo;aime<\/em>\u00ab\u00a0, \u00ab\u00a0<em>Il veut que je sois heureux<\/em>\u00a0\u00bb et \u00ab\u00a0<em>Je veux faire de mon mieux et vivre \u00e0 nouveau avec Dieu<\/em>\u00ab\u00a0.<\/p>\n<blockquote><p>Michael Moody, le directeur g\u00e9n\u00e9ral de la musique de l&rsquo;Eglise a dit :\u00a0\u00ab\u00a0C&rsquo;est comme une th\u00e9rapie et la v\u00e9rit\u00e9 qui se baladent \u00e0 travers notre esprit et se fixent dans notre \u00e2me.\u00a0\u00bb<\/p><\/blockquote>\n<p>Nous avons fait un long chemin depuis \u00ab\u00a0Toothbug song\u00a0\u00bb et \u00ab\u00a0Jolly Old St.Nicholas\u00a0\u00bb qui \u00e9taient les chansons pr\u00e9f\u00e9r\u00e9es de tous dans le livre de chants du <em>Deseret Union<\/em> pour l&rsquo;Ecole du Dimanche, de 1904. Les chansons de la Primaire ont \u00e9volu\u00e9 de cantiques emprunt\u00e9s \u00e0 d\u2019autres ou des m\u00e9lodies folkloriques vers des m\u00e9lodies inoubliables enseignant la doctrine SDJ. J&rsquo;ai de nombreux moments de joie personnelle lorsque j&rsquo;entends ces chansons lors de bapt\u00eames, d&rsquo;enterrements ou lorsque j\u2019entends les arrangements faits par le Ch\u0153ur du Tabernacle. Je ressens que ce livre-\u00ab\u00a0enfant\u00a0\u00bb remplit enfin sa raison d&rsquo;\u00eatre. Les enfants d&rsquo;aujourd&rsquo;hui sont comme les guerriers d&rsquo;H\u00e9laman &#8211; ils ont \u00e9t\u00e9 bien pr\u00e9par\u00e9s et fortifi\u00e9s t\u00f4t, en chantant des chansons de la Primaire.<\/p>\n<hr \/>\n<p><em>Article \u00e9crit\u00a0par\u00a0<a href=\"http:\/\/ldsliving.com\/search\/author_search?q=Pat+Kelsey+Graham\" target=\"_blank\" rel=\"nofollow noopener\">Pat Graham Kelsey\u00a0<\/a>pour LDSLiving.<\/em><\/p>\n","protected":false},"excerpt":{"rendered":"<p>Savez-vous comment les chants de la Primaire ont \u00e9t\u00e9 s\u00e9lectionn\u00e9s pour \u00eatre pr\u00e9sents dans le recueil actuel? Qui a fait la s\u00e9lection?<\/p>\n","protected":false},"author":39,"featured_media":6615,"comment_status":"open","ping_status":"open","sticky":false,"template":"","format":"standard","meta":{"_et_pb_use_builder":"","_et_pb_old_content":"","_et_gb_content_width":"","footnotes":""},"categories":[390],"tags":[348,441,337],"class_list":["post-2092","post","type-post","status-publish","format-standard","has-post-thumbnail","hentry","category-histoire-de-leglise","tag-culture-mormone","tag-membre-eglise-christ","tag-histoire-de-leglise","et-has-post-format-content","et_post_format-et-post-format-standard"],"yoast_head":"<!-- This site is optimized with the Yoast SEO plugin v27.4 - https:\/\/yoast.com\/product\/yoast-seo-wordpress\/ -->\n<title>Comment le recueil des chants de la Primaire a \u00e9t\u00e9 cr\u00e9\u00e9?<\/title>\n<meta name=\"description\" content=\"Savez-vous comment les chants de la Primaire ont \u00e9t\u00e9 s\u00e9lectionn\u00e9s pour \u00eatre pr\u00e9sents dans le recueil actuel? Qui a fait la s\u00e9lection?\" \/>\n<meta name=\"robots\" content=\"index, follow, max-snippet:-1, max-image-preview:large, max-video-preview:-1\" \/>\n<link rel=\"canonical\" href=\"https:\/\/fr.elds.org\/lesmormons-net\/histoire-de-leglise\/histoire-recueil-chants-de-la-primaire\/\" \/>\n<meta property=\"og:locale\" content=\"fr_FR\" \/>\n<meta property=\"og:type\" content=\"article\" \/>\n<meta property=\"og:title\" content=\"Comment le recueil des chants de la Primaire a \u00e9t\u00e9 cr\u00e9\u00e9?\" \/>\n<meta property=\"og:description\" content=\"Savez-vous comment les chants de la Primaire ont \u00e9t\u00e9 s\u00e9lectionn\u00e9s pour \u00eatre pr\u00e9sents dans le recueil actuel? Qui a fait la s\u00e9lection?\" \/>\n<meta property=\"og:url\" content=\"https:\/\/fr.elds.org\/lesmormons-net\/histoire-de-leglise\/histoire-recueil-chants-de-la-primaire\/\" \/>\n<meta property=\"og:site_name\" content=\"Les Mormons\" \/>\n<meta property=\"article:published_time\" content=\"2015-11-19T07:18:17+00:00\" \/>\n<meta property=\"article:modified_time\" content=\"2018-07-27T13:22:38+00:00\" \/>\n<meta property=\"og:image\" content=\"https:\/\/fr.elds.org\/lesmormons-net\/files\/2015\/11\/enfants-chantants.jpg\" \/>\n\t<meta property=\"og:image:width\" content=\"948\" \/>\n\t<meta property=\"og:image:height\" content=\"542\" \/>\n\t<meta property=\"og:image:type\" content=\"image\/jpeg\" \/>\n<meta name=\"twitter:card\" content=\"summary_large_image\" \/>\n<meta name=\"twitter:label1\" content=\"\u00c9crit par\" \/>\n\t<meta name=\"twitter:data1\" content=\"\" \/>\n\t<meta name=\"twitter:label2\" content=\"Dur\u00e9e de lecture estim\u00e9e\" \/>\n\t<meta name=\"twitter:data2\" content=\"9 minutes\" \/>\n<script type=\"application\/ld+json\" class=\"yoast-schema-graph\">{\"@context\":\"https:\\\/\\\/schema.org\",\"@graph\":[{\"@type\":\"Article\",\"@id\":\"https:\\\/\\\/fr.elds.org\\\/lesmormons-net\\\/histoire-de-leglise\\\/histoire-recueil-chants-de-la-primaire\\\/#article\",\"isPartOf\":{\"@id\":\"https:\\\/\\\/fr.elds.org\\\/lesmormons-net\\\/histoire-de-leglise\\\/histoire-recueil-chants-de-la-primaire\\\/\"},\"author\":{\"name\":\"\",\"@id\":\"\"},\"headline\":\"Comment le recueil des chants de la Primaire a-t&rsquo;il \u00e9t\u00e9 cr\u00e9\u00e9?\",\"datePublished\":\"2015-11-19T07:18:17+00:00\",\"dateModified\":\"2018-07-27T13:22:38+00:00\",\"mainEntityOfPage\":{\"@id\":\"https:\\\/\\\/fr.elds.org\\\/lesmormons-net\\\/histoire-de-leglise\\\/histoire-recueil-chants-de-la-primaire\\\/\"},\"wordCount\":1969,\"commentCount\":0,\"image\":{\"@id\":\"https:\\\/\\\/fr.elds.org\\\/lesmormons-net\\\/histoire-de-leglise\\\/histoire-recueil-chants-de-la-primaire\\\/#primaryimage\"},\"thumbnailUrl\":\"https:\\\/\\\/fr.elds.org\\\/lesmormons-net\\\/files\\\/2015\\\/11\\\/enfants-chantants.jpg\",\"keywords\":[\"culture mormone\",\"\u00eatre membre de l'Eglise du Christ\",\"histoire de l'Eglise\"],\"articleSection\":[\"Histoire et organisation de l'Eglise\"],\"inLanguage\":\"fr-FR\",\"potentialAction\":[{\"@type\":\"CommentAction\",\"name\":\"Comment\",\"target\":[\"https:\\\/\\\/fr.elds.org\\\/lesmormons-net\\\/histoire-de-leglise\\\/histoire-recueil-chants-de-la-primaire\\\/#respond\"]}]},{\"@type\":\"WebPage\",\"@id\":\"https:\\\/\\\/fr.elds.org\\\/lesmormons-net\\\/histoire-de-leglise\\\/histoire-recueil-chants-de-la-primaire\\\/\",\"url\":\"https:\\\/\\\/fr.elds.org\\\/lesmormons-net\\\/histoire-de-leglise\\\/histoire-recueil-chants-de-la-primaire\\\/\",\"name\":\"Comment le recueil des chants de la Primaire a \u00e9t\u00e9 cr\u00e9\u00e9?\",\"isPartOf\":{\"@id\":\"https:\\\/\\\/fr.elds.org\\\/lesmormons-net\\\/#website\"},\"primaryImageOfPage\":{\"@id\":\"https:\\\/\\\/fr.elds.org\\\/lesmormons-net\\\/histoire-de-leglise\\\/histoire-recueil-chants-de-la-primaire\\\/#primaryimage\"},\"image\":{\"@id\":\"https:\\\/\\\/fr.elds.org\\\/lesmormons-net\\\/histoire-de-leglise\\\/histoire-recueil-chants-de-la-primaire\\\/#primaryimage\"},\"thumbnailUrl\":\"https:\\\/\\\/fr.elds.org\\\/lesmormons-net\\\/files\\\/2015\\\/11\\\/enfants-chantants.jpg\",\"datePublished\":\"2015-11-19T07:18:17+00:00\",\"dateModified\":\"2018-07-27T13:22:38+00:00\",\"author\":{\"@id\":\"\"},\"description\":\"Savez-vous comment les chants de la Primaire ont \u00e9t\u00e9 s\u00e9lectionn\u00e9s pour \u00eatre pr\u00e9sents dans le recueil actuel? Qui a fait la s\u00e9lection?\",\"breadcrumb\":{\"@id\":\"https:\\\/\\\/fr.elds.org\\\/lesmormons-net\\\/histoire-de-leglise\\\/histoire-recueil-chants-de-la-primaire\\\/#breadcrumb\"},\"inLanguage\":\"fr-FR\",\"potentialAction\":[{\"@type\":\"ReadAction\",\"target\":[\"https:\\\/\\\/fr.elds.org\\\/lesmormons-net\\\/histoire-de-leglise\\\/histoire-recueil-chants-de-la-primaire\\\/\"]}]},{\"@type\":\"ImageObject\",\"inLanguage\":\"fr-FR\",\"@id\":\"https:\\\/\\\/fr.elds.org\\\/lesmormons-net\\\/histoire-de-leglise\\\/histoire-recueil-chants-de-la-primaire\\\/#primaryimage\",\"url\":\"https:\\\/\\\/fr.elds.org\\\/lesmormons-net\\\/files\\\/2015\\\/11\\\/enfants-chantants.jpg\",\"contentUrl\":\"https:\\\/\\\/fr.elds.org\\\/lesmormons-net\\\/files\\\/2015\\\/11\\\/enfants-chantants.jpg\",\"width\":948,\"height\":542,\"caption\":\"enfants chantant des chants de la Primaire\"},{\"@type\":\"BreadcrumbList\",\"@id\":\"https:\\\/\\\/fr.elds.org\\\/lesmormons-net\\\/histoire-de-leglise\\\/histoire-recueil-chants-de-la-primaire\\\/#breadcrumb\",\"itemListElement\":[{\"@type\":\"ListItem\",\"position\":1,\"name\":\"Home\",\"item\":\"https:\\\/\\\/fr.elds.org\\\/lesmormons-net\\\/\"},{\"@type\":\"ListItem\",\"position\":2,\"name\":\"Comment le recueil des chants de la Primaire a-t&#8217;il \u00e9t\u00e9 cr\u00e9\u00e9?\"}]},{\"@type\":\"WebSite\",\"@id\":\"https:\\\/\\\/fr.elds.org\\\/lesmormons-net\\\/#website\",\"url\":\"https:\\\/\\\/fr.elds.org\\\/lesmormons-net\\\/\",\"name\":\"Les Mormons\",\"description\":\"Les mormons au quotidien\",\"potentialAction\":[{\"@type\":\"SearchAction\",\"target\":{\"@type\":\"EntryPoint\",\"urlTemplate\":\"https:\\\/\\\/fr.elds.org\\\/lesmormons-net\\\/?s={search_term_string}\"},\"query-input\":{\"@type\":\"PropertyValueSpecification\",\"valueRequired\":true,\"valueName\":\"search_term_string\"}}],\"inLanguage\":\"fr-FR\"},{\"@type\":\"Person\",\"@id\":\"\",\"url\":\"https:\\\/\\\/fr.elds.org\\\/lesmormons-net\\\/author\\\/\"}]}<\/script>\n<!-- \/ Yoast SEO plugin. -->","yoast_head_json":{"title":"Comment le recueil des chants de la Primaire a \u00e9t\u00e9 cr\u00e9\u00e9?","description":"Savez-vous comment les chants de la Primaire ont \u00e9t\u00e9 s\u00e9lectionn\u00e9s pour \u00eatre pr\u00e9sents dans le recueil actuel? Qui a fait la s\u00e9lection?","robots":{"index":"index","follow":"follow","max-snippet":"max-snippet:-1","max-image-preview":"max-image-preview:large","max-video-preview":"max-video-preview:-1"},"canonical":"https:\/\/fr.elds.org\/lesmormons-net\/histoire-de-leglise\/histoire-recueil-chants-de-la-primaire\/","og_locale":"fr_FR","og_type":"article","og_title":"Comment le recueil des chants de la Primaire a \u00e9t\u00e9 cr\u00e9\u00e9?","og_description":"Savez-vous comment les chants de la Primaire ont \u00e9t\u00e9 s\u00e9lectionn\u00e9s pour \u00eatre pr\u00e9sents dans le recueil actuel? Qui a fait la s\u00e9lection?","og_url":"https:\/\/fr.elds.org\/lesmormons-net\/histoire-de-leglise\/histoire-recueil-chants-de-la-primaire\/","og_site_name":"Les Mormons","article_published_time":"2015-11-19T07:18:17+00:00","article_modified_time":"2018-07-27T13:22:38+00:00","og_image":[{"width":948,"height":542,"url":"https:\/\/fr.elds.org\/lesmormons-net\/files\/2015\/11\/enfants-chantants.jpg","type":"image\/jpeg"}],"twitter_card":"summary_large_image","twitter_misc":{"\u00c9crit par":"","Dur\u00e9e de lecture estim\u00e9e":"9 minutes"},"schema":{"@context":"https:\/\/schema.org","@graph":[{"@type":"Article","@id":"https:\/\/fr.elds.org\/lesmormons-net\/histoire-de-leglise\/histoire-recueil-chants-de-la-primaire\/#article","isPartOf":{"@id":"https:\/\/fr.elds.org\/lesmormons-net\/histoire-de-leglise\/histoire-recueil-chants-de-la-primaire\/"},"author":{"name":"","@id":""},"headline":"Comment le recueil des chants de la Primaire a-t&rsquo;il \u00e9t\u00e9 cr\u00e9\u00e9?","datePublished":"2015-11-19T07:18:17+00:00","dateModified":"2018-07-27T13:22:38+00:00","mainEntityOfPage":{"@id":"https:\/\/fr.elds.org\/lesmormons-net\/histoire-de-leglise\/histoire-recueil-chants-de-la-primaire\/"},"wordCount":1969,"commentCount":0,"image":{"@id":"https:\/\/fr.elds.org\/lesmormons-net\/histoire-de-leglise\/histoire-recueil-chants-de-la-primaire\/#primaryimage"},"thumbnailUrl":"https:\/\/fr.elds.org\/lesmormons-net\/files\/2015\/11\/enfants-chantants.jpg","keywords":["culture mormone","\u00eatre membre de l'Eglise du Christ","histoire de l'Eglise"],"articleSection":["Histoire et organisation de l'Eglise"],"inLanguage":"fr-FR","potentialAction":[{"@type":"CommentAction","name":"Comment","target":["https:\/\/fr.elds.org\/lesmormons-net\/histoire-de-leglise\/histoire-recueil-chants-de-la-primaire\/#respond"]}]},{"@type":"WebPage","@id":"https:\/\/fr.elds.org\/lesmormons-net\/histoire-de-leglise\/histoire-recueil-chants-de-la-primaire\/","url":"https:\/\/fr.elds.org\/lesmormons-net\/histoire-de-leglise\/histoire-recueil-chants-de-la-primaire\/","name":"Comment le recueil des chants de la Primaire a \u00e9t\u00e9 cr\u00e9\u00e9?","isPartOf":{"@id":"https:\/\/fr.elds.org\/lesmormons-net\/#website"},"primaryImageOfPage":{"@id":"https:\/\/fr.elds.org\/lesmormons-net\/histoire-de-leglise\/histoire-recueil-chants-de-la-primaire\/#primaryimage"},"image":{"@id":"https:\/\/fr.elds.org\/lesmormons-net\/histoire-de-leglise\/histoire-recueil-chants-de-la-primaire\/#primaryimage"},"thumbnailUrl":"https:\/\/fr.elds.org\/lesmormons-net\/files\/2015\/11\/enfants-chantants.jpg","datePublished":"2015-11-19T07:18:17+00:00","dateModified":"2018-07-27T13:22:38+00:00","author":{"@id":""},"description":"Savez-vous comment les chants de la Primaire ont \u00e9t\u00e9 s\u00e9lectionn\u00e9s pour \u00eatre pr\u00e9sents dans le recueil actuel? Qui a fait la s\u00e9lection?","breadcrumb":{"@id":"https:\/\/fr.elds.org\/lesmormons-net\/histoire-de-leglise\/histoire-recueil-chants-de-la-primaire\/#breadcrumb"},"inLanguage":"fr-FR","potentialAction":[{"@type":"ReadAction","target":["https:\/\/fr.elds.org\/lesmormons-net\/histoire-de-leglise\/histoire-recueil-chants-de-la-primaire\/"]}]},{"@type":"ImageObject","inLanguage":"fr-FR","@id":"https:\/\/fr.elds.org\/lesmormons-net\/histoire-de-leglise\/histoire-recueil-chants-de-la-primaire\/#primaryimage","url":"https:\/\/fr.elds.org\/lesmormons-net\/files\/2015\/11\/enfants-chantants.jpg","contentUrl":"https:\/\/fr.elds.org\/lesmormons-net\/files\/2015\/11\/enfants-chantants.jpg","width":948,"height":542,"caption":"enfants chantant des chants de la Primaire"},{"@type":"BreadcrumbList","@id":"https:\/\/fr.elds.org\/lesmormons-net\/histoire-de-leglise\/histoire-recueil-chants-de-la-primaire\/#breadcrumb","itemListElement":[{"@type":"ListItem","position":1,"name":"Home","item":"https:\/\/fr.elds.org\/lesmormons-net\/"},{"@type":"ListItem","position":2,"name":"Comment le recueil des chants de la Primaire a-t&#8217;il \u00e9t\u00e9 cr\u00e9\u00e9?"}]},{"@type":"WebSite","@id":"https:\/\/fr.elds.org\/lesmormons-net\/#website","url":"https:\/\/fr.elds.org\/lesmormons-net\/","name":"Les Mormons","description":"Les mormons au quotidien","potentialAction":[{"@type":"SearchAction","target":{"@type":"EntryPoint","urlTemplate":"https:\/\/fr.elds.org\/lesmormons-net\/?s={search_term_string}"},"query-input":{"@type":"PropertyValueSpecification","valueRequired":true,"valueName":"search_term_string"}}],"inLanguage":"fr-FR"},{"@type":"Person","@id":"","url":"https:\/\/fr.elds.org\/lesmormons-net\/author\/"}]}},"_links":{"self":[{"href":"https:\/\/fr.elds.org\/lesmormons-net\/wp-json\/wp\/v2\/posts\/2092","targetHints":{"allow":["GET"]}}],"collection":[{"href":"https:\/\/fr.elds.org\/lesmormons-net\/wp-json\/wp\/v2\/posts"}],"about":[{"href":"https:\/\/fr.elds.org\/lesmormons-net\/wp-json\/wp\/v2\/types\/post"}],"author":[{"embeddable":true,"href":"https:\/\/fr.elds.org\/lesmormons-net\/wp-json\/wp\/v2\/users\/39"}],"replies":[{"embeddable":true,"href":"https:\/\/fr.elds.org\/lesmormons-net\/wp-json\/wp\/v2\/comments?post=2092"}],"version-history":[{"count":6,"href":"https:\/\/fr.elds.org\/lesmormons-net\/wp-json\/wp\/v2\/posts\/2092\/revisions"}],"predecessor-version":[{"id":7377,"href":"https:\/\/fr.elds.org\/lesmormons-net\/wp-json\/wp\/v2\/posts\/2092\/revisions\/7377"}],"wp:featuredmedia":[{"embeddable":true,"href":"https:\/\/fr.elds.org\/lesmormons-net\/wp-json\/wp\/v2\/media\/6615"}],"wp:attachment":[{"href":"https:\/\/fr.elds.org\/lesmormons-net\/wp-json\/wp\/v2\/media?parent=2092"}],"wp:term":[{"taxonomy":"category","embeddable":true,"href":"https:\/\/fr.elds.org\/lesmormons-net\/wp-json\/wp\/v2\/categories?post=2092"},{"taxonomy":"post_tag","embeddable":true,"href":"https:\/\/fr.elds.org\/lesmormons-net\/wp-json\/wp\/v2\/tags?post=2092"}],"curies":[{"name":"wp","href":"https:\/\/api.w.org\/{rel}","templated":true}]}}