{"id":2080,"date":"2015-11-14T20:21:02","date_gmt":"2015-11-14T19:21:02","guid":{"rendered":"http:\/\/fr.elds.org\/lesmormons-net\/?p=2080"},"modified":"2018-06-29T07:38:00","modified_gmt":"2018-06-29T05:38:00","slug":"la-premiere-presidence-exprime-son-amour-et-son-soutient-au-peuple-francais","status":"publish","type":"post","link":"https:\/\/fr.elds.org\/lesmormons-net\/actualites-francophones\/la-premiere-presidence-exprime-son-amour-et-son-soutient-au-peuple-francais\/","title":{"rendered":"La Premi\u00e8re Pr\u00e9sidence soutient le peuple fran\u00e7ais"},"content":{"rendered":"<p>Salt Lake City &#8211; Le samedi 14 Novembre, la Premi\u00e8re Pr\u00e9sidence de l&rsquo;Eglise de J\u00e9sus-Christ des Saints des Derniers Jours a fait la d\u00e9claration suivante en ce qui concerne les attentats \u00e0 Paris:<\/p>\n<p>\u00ab\u00a0Comme des gens du monde entier, nous sommes profond\u00e9ment afflig\u00e9s aujourd&rsquo;hui par les horribles trag\u00e9dies qui se sont produites \u00e0 Paris. Nous prions pour les victimes, pour leurs familles et leurs \u00eatres chers, pour les dirigeants des pays et, tout particuli\u00e8rement, pour le peuple de France, qui s&rsquo;efforce de se remettre de la violence et de la perte qui les touchent si profond\u00e9ment. Nous avons demand\u00e9 que les drapeaux de Temple Square (Salt Lake City, Utah) soient descendus \u00e0 mi-m\u00e2t et que le drapeau fran\u00e7ais soit hiss\u00e9 pour exprimer aux Fran\u00e7ais notre amour et notre soutien. Dans ces heures d&rsquo;incertitude et de d\u00e9sespoir, nous demandons aux membres de l&rsquo;\u00c9glise de partout de prier avec nous pour que la paix du Sauveur J\u00e9sus-Christ apporte la consolation, la gu\u00e9rison, la compr\u00e9hension et l&rsquo;esp\u00e9rance.\u00a0\u00bb<\/p>\n<p>&nbsp;<\/p>\n<p><a href=\"http:\/\/fr.elds.org\/lesmormons-net\/files\/2015\/11\/French-Flag-Temple-Square-122.jpg\"><img fetchpriority=\"high\" fetchpriority=\"high\" decoding=\"async\" class=\"aligncenter size-full wp-image-2084\" src=\"http:\/\/fr.elds.org\/lesmormons-net\/files\/2015\/11\/French-Flag-Temple-Square-122.jpg\" alt=\"French-Flag-Temple-Square (1)22\" width=\"480\" height=\"640\" srcset=\"https:\/\/fr.elds.org\/lesmormons-net\/files\/2015\/11\/French-Flag-Temple-Square-122.jpg 480w, https:\/\/fr.elds.org\/lesmormons-net\/files\/2015\/11\/French-Flag-Temple-Square-122-225x300.jpg 225w\" sizes=\"(max-width: 480px) 100vw, 480px\" \/><\/a><\/p>\n<p style=\"text-align: center;\"><em>Le drapeau fran\u00e7ais \u00e0 Temple Square \u00e0 Salt Lake City, Utah, le 14 novembre 2015<\/em><\/p>\n<p style=\"text-align: left;\">D&rsquo;apr\u00e8s un article de <a href=\"http:\/\/www.mormonnewsroom.org\/article\/french-flags-temple-square-love-and-support\" target=\"_blank\" rel=\"nofollow noopener\">mormonnewsroom<\/a><\/p>\n","protected":false},"excerpt":{"rendered":"<p>la Premi\u00e8re Pr\u00e9sidence de l&rsquo;Eglise de J\u00e9sus-Christ des Saints des Derniers Jours a fait la d\u00e9claration suivante apr\u00e8s les attentats de Paris<\/p>\n","protected":false},"author":39,"featured_media":7624,"comment_status":"open","ping_status":"open","sticky":false,"template":"","format":"standard","meta":{"_et_pb_use_builder":"","_et_pb_old_content":"","_et_gb_content_width":"","footnotes":""},"categories":[173],"tags":[17,358,438],"class_list":["post-2080","post","type-post","status-publish","format-standard","has-post-thumbnail","hentry","category-actualites-francophones","tag-eglise-de-jesus-christ-des-saints-des-derniers-jours","tag-france","tag-surmonter-les-epreuves","et-has-post-format-content","et_post_format-et-post-format-standard"],"yoast_head":"<!-- This site is optimized with the Yoast SEO plugin v27.4 - https:\/\/yoast.com\/product\/yoast-seo-wordpress\/ -->\n<title>La Premi\u00e8re Pr\u00e9sidence soutient le peuple fran\u00e7ais apr\u00e8s les attentats<\/title>\n<meta name=\"description\" content=\"la Premi\u00e8re Pr\u00e9sidence de l&#039;Eglise de J\u00e9sus-Christ des Saints des Derniers Jours a fait la d\u00e9claration suivante apr\u00e8s les attentats de Paris\" \/>\n<meta name=\"robots\" content=\"index, follow, max-snippet:-1, max-image-preview:large, max-video-preview:-1\" \/>\n<link rel=\"canonical\" href=\"https:\/\/fr.elds.org\/lesmormons-net\/actualites-francophones\/la-premiere-presidence-exprime-son-amour-et-son-soutient-au-peuple-francais\/\" \/>\n<meta property=\"og:locale\" content=\"fr_FR\" \/>\n<meta property=\"og:type\" content=\"article\" \/>\n<meta property=\"og:title\" content=\"La Premi\u00e8re Pr\u00e9sidence soutient le peuple fran\u00e7ais apr\u00e8s les attentats\" \/>\n<meta property=\"og:description\" content=\"la Premi\u00e8re Pr\u00e9sidence de l&#039;Eglise de J\u00e9sus-Christ des Saints des Derniers Jours a fait la d\u00e9claration suivante apr\u00e8s les attentats de Paris\" \/>\n<meta property=\"og:url\" content=\"https:\/\/fr.elds.org\/lesmormons-net\/actualites-francophones\/la-premiere-presidence-exprime-son-amour-et-son-soutient-au-peuple-francais\/\" \/>\n<meta property=\"og:site_name\" content=\"Les Mormons\" \/>\n<meta property=\"article:published_time\" content=\"2015-11-14T19:21:02+00:00\" \/>\n<meta property=\"article:modified_time\" content=\"2018-06-29T05:38:00+00:00\" \/>\n<meta property=\"og:image\" content=\"https:\/\/fr.elds.org\/lesmormons-net\/files\/2015\/11\/eiffel-tower-paris-france-tower-161853.jpg\" \/>\n\t<meta property=\"og:image:width\" content=\"948\" \/>\n\t<meta property=\"og:image:height\" content=\"542\" \/>\n\t<meta property=\"og:image:type\" content=\"image\/jpeg\" \/>\n<meta name=\"twitter:card\" content=\"summary_large_image\" \/>\n<meta name=\"twitter:label1\" content=\"\u00c9crit par\" \/>\n\t<meta name=\"twitter:data1\" content=\"\" \/>\n\t<meta name=\"twitter:label2\" content=\"Dur\u00e9e de lecture estim\u00e9e\" \/>\n\t<meta name=\"twitter:data2\" content=\"1 minute\" \/>\n<script type=\"application\/ld+json\" class=\"yoast-schema-graph\">{\"@context\":\"https:\\\/\\\/schema.org\",\"@graph\":[{\"@type\":\"Article\",\"@id\":\"https:\\\/\\\/fr.elds.org\\\/lesmormons-net\\\/actualites-francophones\\\/la-premiere-presidence-exprime-son-amour-et-son-soutient-au-peuple-francais\\\/#article\",\"isPartOf\":{\"@id\":\"https:\\\/\\\/fr.elds.org\\\/lesmormons-net\\\/actualites-francophones\\\/la-premiere-presidence-exprime-son-amour-et-son-soutient-au-peuple-francais\\\/\"},\"author\":{\"name\":\"\",\"@id\":\"\"},\"headline\":\"La Premi\u00e8re Pr\u00e9sidence soutient le peuple fran\u00e7ais\",\"datePublished\":\"2015-11-14T19:21:02+00:00\",\"dateModified\":\"2018-06-29T05:38:00+00:00\",\"mainEntityOfPage\":{\"@id\":\"https:\\\/\\\/fr.elds.org\\\/lesmormons-net\\\/actualites-francophones\\\/la-premiere-presidence-exprime-son-amour-et-son-soutient-au-peuple-francais\\\/\"},\"wordCount\":213,\"commentCount\":0,\"image\":{\"@id\":\"https:\\\/\\\/fr.elds.org\\\/lesmormons-net\\\/actualites-francophones\\\/la-premiere-presidence-exprime-son-amour-et-son-soutient-au-peuple-francais\\\/#primaryimage\"},\"thumbnailUrl\":\"https:\\\/\\\/fr.elds.org\\\/lesmormons-net\\\/files\\\/2015\\\/11\\\/eiffel-tower-paris-france-tower-161853.jpg\",\"keywords\":[\"Eglise de J\u00e9sus-Christ des Saints des Derniers Jours\",\"France\",\"surmonter les \u00e9preuves\"],\"articleSection\":[\"Actualit\u00e9s francophones\"],\"inLanguage\":\"fr-FR\",\"potentialAction\":[{\"@type\":\"CommentAction\",\"name\":\"Comment\",\"target\":[\"https:\\\/\\\/fr.elds.org\\\/lesmormons-net\\\/actualites-francophones\\\/la-premiere-presidence-exprime-son-amour-et-son-soutient-au-peuple-francais\\\/#respond\"]}]},{\"@type\":\"WebPage\",\"@id\":\"https:\\\/\\\/fr.elds.org\\\/lesmormons-net\\\/actualites-francophones\\\/la-premiere-presidence-exprime-son-amour-et-son-soutient-au-peuple-francais\\\/\",\"url\":\"https:\\\/\\\/fr.elds.org\\\/lesmormons-net\\\/actualites-francophones\\\/la-premiere-presidence-exprime-son-amour-et-son-soutient-au-peuple-francais\\\/\",\"name\":\"La Premi\u00e8re Pr\u00e9sidence soutient le peuple fran\u00e7ais apr\u00e8s les attentats\",\"isPartOf\":{\"@id\":\"https:\\\/\\\/fr.elds.org\\\/lesmormons-net\\\/#website\"},\"primaryImageOfPage\":{\"@id\":\"https:\\\/\\\/fr.elds.org\\\/lesmormons-net\\\/actualites-francophones\\\/la-premiere-presidence-exprime-son-amour-et-son-soutient-au-peuple-francais\\\/#primaryimage\"},\"image\":{\"@id\":\"https:\\\/\\\/fr.elds.org\\\/lesmormons-net\\\/actualites-francophones\\\/la-premiere-presidence-exprime-son-amour-et-son-soutient-au-peuple-francais\\\/#primaryimage\"},\"thumbnailUrl\":\"https:\\\/\\\/fr.elds.org\\\/lesmormons-net\\\/files\\\/2015\\\/11\\\/eiffel-tower-paris-france-tower-161853.jpg\",\"datePublished\":\"2015-11-14T19:21:02+00:00\",\"dateModified\":\"2018-06-29T05:38:00+00:00\",\"author\":{\"@id\":\"\"},\"description\":\"la Premi\u00e8re Pr\u00e9sidence de l'Eglise de J\u00e9sus-Christ des Saints des Derniers Jours a fait la d\u00e9claration suivante apr\u00e8s les attentats de Paris\",\"breadcrumb\":{\"@id\":\"https:\\\/\\\/fr.elds.org\\\/lesmormons-net\\\/actualites-francophones\\\/la-premiere-presidence-exprime-son-amour-et-son-soutient-au-peuple-francais\\\/#breadcrumb\"},\"inLanguage\":\"fr-FR\",\"potentialAction\":[{\"@type\":\"ReadAction\",\"target\":[\"https:\\\/\\\/fr.elds.org\\\/lesmormons-net\\\/actualites-francophones\\\/la-premiere-presidence-exprime-son-amour-et-son-soutient-au-peuple-francais\\\/\"]}]},{\"@type\":\"ImageObject\",\"inLanguage\":\"fr-FR\",\"@id\":\"https:\\\/\\\/fr.elds.org\\\/lesmormons-net\\\/actualites-francophones\\\/la-premiere-presidence-exprime-son-amour-et-son-soutient-au-peuple-francais\\\/#primaryimage\",\"url\":\"https:\\\/\\\/fr.elds.org\\\/lesmormons-net\\\/files\\\/2015\\\/11\\\/eiffel-tower-paris-france-tower-161853.jpg\",\"contentUrl\":\"https:\\\/\\\/fr.elds.org\\\/lesmormons-net\\\/files\\\/2015\\\/11\\\/eiffel-tower-paris-france-tower-161853.jpg\",\"width\":948,\"height\":542,\"caption\":\"d\u00e9claration des responsables mormons apr\u00e8s les attentats de Paris\"},{\"@type\":\"BreadcrumbList\",\"@id\":\"https:\\\/\\\/fr.elds.org\\\/lesmormons-net\\\/actualites-francophones\\\/la-premiere-presidence-exprime-son-amour-et-son-soutient-au-peuple-francais\\\/#breadcrumb\",\"itemListElement\":[{\"@type\":\"ListItem\",\"position\":1,\"name\":\"Home\",\"item\":\"https:\\\/\\\/fr.elds.org\\\/lesmormons-net\\\/\"},{\"@type\":\"ListItem\",\"position\":2,\"name\":\"La Premi\u00e8re Pr\u00e9sidence soutient le peuple fran\u00e7ais\"}]},{\"@type\":\"WebSite\",\"@id\":\"https:\\\/\\\/fr.elds.org\\\/lesmormons-net\\\/#website\",\"url\":\"https:\\\/\\\/fr.elds.org\\\/lesmormons-net\\\/\",\"name\":\"Les Mormons\",\"description\":\"Les mormons au quotidien\",\"potentialAction\":[{\"@type\":\"SearchAction\",\"target\":{\"@type\":\"EntryPoint\",\"urlTemplate\":\"https:\\\/\\\/fr.elds.org\\\/lesmormons-net\\\/?s={search_term_string}\"},\"query-input\":{\"@type\":\"PropertyValueSpecification\",\"valueRequired\":true,\"valueName\":\"search_term_string\"}}],\"inLanguage\":\"fr-FR\"},{\"@type\":\"Person\",\"@id\":\"\",\"url\":\"https:\\\/\\\/fr.elds.org\\\/lesmormons-net\\\/author\\\/\"}]}<\/script>\n<!-- \/ Yoast SEO plugin. -->","yoast_head_json":{"title":"La Premi\u00e8re Pr\u00e9sidence soutient le peuple fran\u00e7ais apr\u00e8s les attentats","description":"la Premi\u00e8re Pr\u00e9sidence de l'Eglise de J\u00e9sus-Christ des Saints des Derniers Jours a fait la d\u00e9claration suivante apr\u00e8s les attentats de Paris","robots":{"index":"index","follow":"follow","max-snippet":"max-snippet:-1","max-image-preview":"max-image-preview:large","max-video-preview":"max-video-preview:-1"},"canonical":"https:\/\/fr.elds.org\/lesmormons-net\/actualites-francophones\/la-premiere-presidence-exprime-son-amour-et-son-soutient-au-peuple-francais\/","og_locale":"fr_FR","og_type":"article","og_title":"La Premi\u00e8re Pr\u00e9sidence soutient le peuple fran\u00e7ais apr\u00e8s les attentats","og_description":"la Premi\u00e8re Pr\u00e9sidence de l'Eglise de J\u00e9sus-Christ des Saints des Derniers Jours a fait la d\u00e9claration suivante apr\u00e8s les attentats de Paris","og_url":"https:\/\/fr.elds.org\/lesmormons-net\/actualites-francophones\/la-premiere-presidence-exprime-son-amour-et-son-soutient-au-peuple-francais\/","og_site_name":"Les Mormons","article_published_time":"2015-11-14T19:21:02+00:00","article_modified_time":"2018-06-29T05:38:00+00:00","og_image":[{"width":948,"height":542,"url":"https:\/\/fr.elds.org\/lesmormons-net\/files\/2015\/11\/eiffel-tower-paris-france-tower-161853.jpg","type":"image\/jpeg"}],"twitter_card":"summary_large_image","twitter_misc":{"\u00c9crit par":"","Dur\u00e9e de lecture estim\u00e9e":"1 minute"},"schema":{"@context":"https:\/\/schema.org","@graph":[{"@type":"Article","@id":"https:\/\/fr.elds.org\/lesmormons-net\/actualites-francophones\/la-premiere-presidence-exprime-son-amour-et-son-soutient-au-peuple-francais\/#article","isPartOf":{"@id":"https:\/\/fr.elds.org\/lesmormons-net\/actualites-francophones\/la-premiere-presidence-exprime-son-amour-et-son-soutient-au-peuple-francais\/"},"author":{"name":"","@id":""},"headline":"La Premi\u00e8re Pr\u00e9sidence soutient le peuple fran\u00e7ais","datePublished":"2015-11-14T19:21:02+00:00","dateModified":"2018-06-29T05:38:00+00:00","mainEntityOfPage":{"@id":"https:\/\/fr.elds.org\/lesmormons-net\/actualites-francophones\/la-premiere-presidence-exprime-son-amour-et-son-soutient-au-peuple-francais\/"},"wordCount":213,"commentCount":0,"image":{"@id":"https:\/\/fr.elds.org\/lesmormons-net\/actualites-francophones\/la-premiere-presidence-exprime-son-amour-et-son-soutient-au-peuple-francais\/#primaryimage"},"thumbnailUrl":"https:\/\/fr.elds.org\/lesmormons-net\/files\/2015\/11\/eiffel-tower-paris-france-tower-161853.jpg","keywords":["Eglise de J\u00e9sus-Christ des Saints des Derniers Jours","France","surmonter les \u00e9preuves"],"articleSection":["Actualit\u00e9s francophones"],"inLanguage":"fr-FR","potentialAction":[{"@type":"CommentAction","name":"Comment","target":["https:\/\/fr.elds.org\/lesmormons-net\/actualites-francophones\/la-premiere-presidence-exprime-son-amour-et-son-soutient-au-peuple-francais\/#respond"]}]},{"@type":"WebPage","@id":"https:\/\/fr.elds.org\/lesmormons-net\/actualites-francophones\/la-premiere-presidence-exprime-son-amour-et-son-soutient-au-peuple-francais\/","url":"https:\/\/fr.elds.org\/lesmormons-net\/actualites-francophones\/la-premiere-presidence-exprime-son-amour-et-son-soutient-au-peuple-francais\/","name":"La Premi\u00e8re Pr\u00e9sidence soutient le peuple fran\u00e7ais apr\u00e8s les attentats","isPartOf":{"@id":"https:\/\/fr.elds.org\/lesmormons-net\/#website"},"primaryImageOfPage":{"@id":"https:\/\/fr.elds.org\/lesmormons-net\/actualites-francophones\/la-premiere-presidence-exprime-son-amour-et-son-soutient-au-peuple-francais\/#primaryimage"},"image":{"@id":"https:\/\/fr.elds.org\/lesmormons-net\/actualites-francophones\/la-premiere-presidence-exprime-son-amour-et-son-soutient-au-peuple-francais\/#primaryimage"},"thumbnailUrl":"https:\/\/fr.elds.org\/lesmormons-net\/files\/2015\/11\/eiffel-tower-paris-france-tower-161853.jpg","datePublished":"2015-11-14T19:21:02+00:00","dateModified":"2018-06-29T05:38:00+00:00","author":{"@id":""},"description":"la Premi\u00e8re Pr\u00e9sidence de l'Eglise de J\u00e9sus-Christ des Saints des Derniers Jours a fait la d\u00e9claration suivante apr\u00e8s les attentats de Paris","breadcrumb":{"@id":"https:\/\/fr.elds.org\/lesmormons-net\/actualites-francophones\/la-premiere-presidence-exprime-son-amour-et-son-soutient-au-peuple-francais\/#breadcrumb"},"inLanguage":"fr-FR","potentialAction":[{"@type":"ReadAction","target":["https:\/\/fr.elds.org\/lesmormons-net\/actualites-francophones\/la-premiere-presidence-exprime-son-amour-et-son-soutient-au-peuple-francais\/"]}]},{"@type":"ImageObject","inLanguage":"fr-FR","@id":"https:\/\/fr.elds.org\/lesmormons-net\/actualites-francophones\/la-premiere-presidence-exprime-son-amour-et-son-soutient-au-peuple-francais\/#primaryimage","url":"https:\/\/fr.elds.org\/lesmormons-net\/files\/2015\/11\/eiffel-tower-paris-france-tower-161853.jpg","contentUrl":"https:\/\/fr.elds.org\/lesmormons-net\/files\/2015\/11\/eiffel-tower-paris-france-tower-161853.jpg","width":948,"height":542,"caption":"d\u00e9claration des responsables mormons apr\u00e8s les attentats de Paris"},{"@type":"BreadcrumbList","@id":"https:\/\/fr.elds.org\/lesmormons-net\/actualites-francophones\/la-premiere-presidence-exprime-son-amour-et-son-soutient-au-peuple-francais\/#breadcrumb","itemListElement":[{"@type":"ListItem","position":1,"name":"Home","item":"https:\/\/fr.elds.org\/lesmormons-net\/"},{"@type":"ListItem","position":2,"name":"La Premi\u00e8re Pr\u00e9sidence soutient le peuple fran\u00e7ais"}]},{"@type":"WebSite","@id":"https:\/\/fr.elds.org\/lesmormons-net\/#website","url":"https:\/\/fr.elds.org\/lesmormons-net\/","name":"Les Mormons","description":"Les mormons au quotidien","potentialAction":[{"@type":"SearchAction","target":{"@type":"EntryPoint","urlTemplate":"https:\/\/fr.elds.org\/lesmormons-net\/?s={search_term_string}"},"query-input":{"@type":"PropertyValueSpecification","valueRequired":true,"valueName":"search_term_string"}}],"inLanguage":"fr-FR"},{"@type":"Person","@id":"","url":"https:\/\/fr.elds.org\/lesmormons-net\/author\/"}]}},"_links":{"self":[{"href":"https:\/\/fr.elds.org\/lesmormons-net\/wp-json\/wp\/v2\/posts\/2080","targetHints":{"allow":["GET"]}}],"collection":[{"href":"https:\/\/fr.elds.org\/lesmormons-net\/wp-json\/wp\/v2\/posts"}],"about":[{"href":"https:\/\/fr.elds.org\/lesmormons-net\/wp-json\/wp\/v2\/types\/post"}],"author":[{"embeddable":true,"href":"https:\/\/fr.elds.org\/lesmormons-net\/wp-json\/wp\/v2\/users\/39"}],"replies":[{"embeddable":true,"href":"https:\/\/fr.elds.org\/lesmormons-net\/wp-json\/wp\/v2\/comments?post=2080"}],"version-history":[{"count":10,"href":"https:\/\/fr.elds.org\/lesmormons-net\/wp-json\/wp\/v2\/posts\/2080\/revisions"}],"predecessor-version":[{"id":8330,"href":"https:\/\/fr.elds.org\/lesmormons-net\/wp-json\/wp\/v2\/posts\/2080\/revisions\/8330"}],"wp:featuredmedia":[{"embeddable":true,"href":"https:\/\/fr.elds.org\/lesmormons-net\/wp-json\/wp\/v2\/media\/7624"}],"wp:attachment":[{"href":"https:\/\/fr.elds.org\/lesmormons-net\/wp-json\/wp\/v2\/media?parent=2080"}],"wp:term":[{"taxonomy":"category","embeddable":true,"href":"https:\/\/fr.elds.org\/lesmormons-net\/wp-json\/wp\/v2\/categories?post=2080"},{"taxonomy":"post_tag","embeddable":true,"href":"https:\/\/fr.elds.org\/lesmormons-net\/wp-json\/wp\/v2\/tags?post=2080"}],"curies":[{"name":"wp","href":"https:\/\/api.w.org\/{rel}","templated":true}]}}