{"id":2029,"date":"2015-10-23T08:20:49","date_gmt":"2015-10-23T06:20:49","guid":{"rendered":"http:\/\/fr.elds.org\/lesmormons-net\/?p=2029"},"modified":"2018-07-25T11:39:31","modified_gmt":"2018-07-25T09:39:31","slug":"les-artistes-du-concert-de-noel-2015-du-choeur-du-tabernacle-annonces","status":"publish","type":"post","link":"https:\/\/fr.elds.org\/lesmormons-net\/actualites-mondiales\/les-artistes-du-concert-de-noel-2015-du-choeur-du-tabernacle-annonces\/","title":{"rendered":"Les Artistes Du Concert de No\u00ebl 2015 du Choeur Du Tabernacle Annonc\u00e9s"},"content":{"rendered":"<p>Ca y est le moment tant attendu est arriv\u00e9 ! Cette ann\u00e9e les artistes du concert de No\u00ebl am\u00e8neront pour s\u00fbr un sourire sur vos l\u00e8vres. Nous avons non pas deux, mais six artistes qui feront de ce concert de No\u00ebl un moment inoubliable.<\/p>\n<p>&nbsp;<\/p>\n<div id=\"attachment_2033\" style=\"width: 970px\" class=\"wp-caption aligncenter\"><a href=\"http:\/\/fr.elds.org\/lesmormons-net\/files\/2015\/10\/cq5dam.web_.1280.1280.jpeg\"><img fetchpriority=\"high\" fetchpriority=\"high\" decoding=\"async\" aria-describedby=\"caption-attachment-2033\" class=\"size-large wp-image-2033\" src=\"http:\/\/fr.elds.org\/lesmormons-net\/files\/2015\/10\/cq5dam.web_.1280.1280-1024x410.jpeg\" alt=\"Source photo: Mormon Tabernacle Choir\" width=\"960\" height=\"384\" srcset=\"https:\/\/fr.elds.org\/lesmormons-net\/files\/2015\/10\/cq5dam.web_.1280.1280-1024x410.jpeg 1024w, https:\/\/fr.elds.org\/lesmormons-net\/files\/2015\/10\/cq5dam.web_.1280.1280-300x120.jpeg 300w, https:\/\/fr.elds.org\/lesmormons-net\/files\/2015\/10\/cq5dam.web_.1280.1280.jpeg 1280w\" sizes=\"(max-width: 960px) 100vw, 960px\" \/><\/a><p id=\"caption-attachment-2033\" class=\"wp-caption-text\">Source photo: Mormon Tabernacle Choir<\/p><\/div>\n<p><a href=\"http:\/\/www.mormontabernaclechoir.org\/videos\/2015-pioneer-day-concert-laura-osnes-music-for-a-summer-evening.html\" target=\"_blank\" rel=\"noopener\">Laura Osnes<\/a> revient apr\u00e8s son extraordinaire performance durant le concert du Pioneer Day l\u2019\u00e9t\u00e9 dernier. Elle sera accompagn\u00e9e de l\u2019acteur britannique Martin Jarvis, qui sera notre narrateur. Quatre solistes du Metropolitan Opera se joindront au Ch\u0153ur du Tabernacle et \u00e0 l\u2019Orchestre de Temple Square, amenant une dimension un peu plus classique au r\u00e9pertoire.<\/p>\n<p>Laura Osnes a r\u00e9cemment remport\u00e9 le Drama Desk Award de la meilleure com\u00e9dienne pour sa performance dans le r\u00f4le principal de <em>Cendrillon<\/em>, une com\u00e9die musicale de Rodgers et Hammerstein. R\u00e9cemment, Laura Osnes a interpr\u00e9t\u00e9 le r\u00f4le de Julia dans<em> The Bandstand<\/em> au Paper Mill Playhouse. La com\u00e9die musical enthousiame les critiques. AM New York a dit : \u00ab La com\u00e9die The Bandstand est vivante, agr\u00e9able et captivante. En d\u2019autres termes, elle a d\u00e9finitivement le potentiel d\u2019aller \u00e0 Broadway\u2026(Laura Osnes) va \u00e0 merveille pour <em>The Bandstand<\/em> \u00bb<\/p>\n<p>Jarvis est l\u2019un des acteurs britanniques les plus polyvalents et aim\u00e9s. Il est r\u00e9cemment apparu dans <em>The Importance of Being Earnest<\/em> dans une production de London\u2019s West End et a remport\u00e9 une r\u00e9compense du Theatre World pour sa production dans le r\u00f4le de Jeeves \u00e0 Broadway. En plus du th\u00e9\u00e2tre, il a jou\u00e9 dans<em> Titanic<\/em> et <em>Wreck-It Ralph<\/em>. A la t\u00e9l\u00e9vision il est apparu dans<em> Stargate<\/em> : <em>Atlantis<\/em> ;<em> Numb3rs<\/em> ; <em>Space : Above and Beyond<\/em> ; <em>Murder<\/em> ; <em>She Wrote<\/em> ; <em>Walker, Texas Ranger<\/em>, et de nombreux autres. Il a donn\u00e9 sa voix dans <em>Star Wars : The Old Republic<\/em> ; <em>Spyro the Dragon<\/em> ; et <em>Batman : Arkham Origins<\/em>.<\/p>\n<p>Les solistes classiques pour le concert de No\u00ebl seront Erin Morley (soprano), Tamara Mumford (mezzo-soprano), Ben Bliss (tenor), Tyler Simpson (bass).<\/p>\n<p>Le Concert de No\u00ebl 2015 d\u00e9butera par une r\u00e9p\u00e9tition publique le Jeudi 17 D\u00e9cembre et les autres concerts auront lieu le Vendredi 18 D\u00e9cembre et le Samedi 19 D\u00e9cembre. Les tickets sont indispensables et peuvent \u00eatre demand\u00e9s en remplissant <a href=\"https:\/\/www.lds.org\/error.xqy?lang=fra&amp;r=nc\" target=\"_blank\" rel=\"noopener\">le formulaire en ligne<\/a>, \u00e0 partir du Samedi 24 Octobre 00h01 et jusqu\u2019au Lundi 2 Novembre 23h59 (heure de Salt Lake City)<\/p>\n<p><iframe width=\"1080\" height=\"608\" src=\"https:\/\/www.youtube.com\/embed\/s2-tIZwZdIg?wmode=transparent&amp;rel=0&amp;feature=oembed\" frameborder=\"0\" allowfullscreen><\/iframe><\/p>\n<p>D&rsquo;apr\u00e8s un article paru sur le site <a href=\"http:\/\/www.mormontabernaclechoir.org\/articles\/2015-christmas-concert-guest-artists.html?cid=social_20151022_54333016&amp;adbid=657234624179912704&amp;adbpl=tw&amp;adbpr=46682998\" target=\"_blank\" rel=\"nofollow noopener\">mormontabernaclechoir<\/a><\/p>\n","protected":false},"excerpt":{"rendered":"<p>Le Choeur du Tabernacle Mormon a annonc\u00e9 quels seront les artistes invit\u00e9s pour son Concert de No\u00ebl 2015 dans le Tabernacle de Salt Lake City.<\/p>\n","protected":false},"author":39,"featured_media":2035,"comment_status":"open","ping_status":"open","sticky":false,"template":"","format":"standard","meta":{"_et_pb_use_builder":"","_et_pb_old_content":"","_et_gb_content_width":"","footnotes":""},"categories":[174],"tags":[348,245],"class_list":["post-2029","post","type-post","status-publish","format-standard","has-post-thumbnail","hentry","category-actualites-mondiales","tag-culture-mormone","tag-noel","et-has-post-format-content","et_post_format-et-post-format-standard"],"yoast_head":"<!-- This site is optimized with the Yoast SEO plugin v27.4 - https:\/\/yoast.com\/product\/yoast-seo-wordpress\/ -->\n<title>Concert de No\u00ebl 2015: annonce des artistes qui y participeront<\/title>\n<meta name=\"description\" content=\"Le Choeur du Tabernacle Mormon a annonc\u00e9 quels seront les artistes invit\u00e9s pour son Concert de No\u00ebl 2015 dans le Tabernacle de Salt Lake City.\" \/>\n<meta name=\"robots\" content=\"index, follow, max-snippet:-1, max-image-preview:large, max-video-preview:-1\" \/>\n<link rel=\"canonical\" href=\"https:\/\/fr.elds.org\/lesmormons-net\/actualites-mondiales\/les-artistes-du-concert-de-noel-2015-du-choeur-du-tabernacle-annonces\/\" \/>\n<meta property=\"og:locale\" content=\"fr_FR\" \/>\n<meta property=\"og:type\" content=\"article\" \/>\n<meta property=\"og:title\" content=\"Concert de No\u00ebl 2015: annonce des artistes qui y participeront\" \/>\n<meta property=\"og:description\" content=\"Le Choeur du Tabernacle Mormon a annonc\u00e9 quels seront les artistes invit\u00e9s pour son Concert de No\u00ebl 2015 dans le Tabernacle de Salt Lake City.\" \/>\n<meta property=\"og:url\" content=\"https:\/\/fr.elds.org\/lesmormons-net\/actualites-mondiales\/les-artistes-du-concert-de-noel-2015-du-choeur-du-tabernacle-annonces\/\" \/>\n<meta property=\"og:site_name\" content=\"Les Mormons\" \/>\n<meta property=\"article:published_time\" content=\"2015-10-23T06:20:49+00:00\" \/>\n<meta property=\"article:modified_time\" content=\"2018-07-25T09:39:31+00:00\" \/>\n<meta property=\"og:image\" content=\"https:\/\/fr.elds.org\/lesmormons-net\/files\/2015\/10\/MormanTC_Dancers_Seymour_Gunn_t700.jpg\" \/>\n\t<meta property=\"og:image:width\" content=\"620\" \/>\n\t<meta property=\"og:image:height\" content=\"400\" \/>\n\t<meta property=\"og:image:type\" content=\"image\/jpeg\" \/>\n<meta name=\"twitter:card\" content=\"summary_large_image\" \/>\n<meta name=\"twitter:label1\" content=\"\u00c9crit par\" \/>\n\t<meta name=\"twitter:data1\" content=\"\" \/>\n\t<meta name=\"twitter:label2\" content=\"Dur\u00e9e de lecture estim\u00e9e\" \/>\n\t<meta name=\"twitter:data2\" content=\"2 minutes\" \/>\n<script type=\"application\/ld+json\" class=\"yoast-schema-graph\">{\"@context\":\"https:\\\/\\\/schema.org\",\"@graph\":[{\"@type\":\"Article\",\"@id\":\"https:\\\/\\\/fr.elds.org\\\/lesmormons-net\\\/actualites-mondiales\\\/les-artistes-du-concert-de-noel-2015-du-choeur-du-tabernacle-annonces\\\/#article\",\"isPartOf\":{\"@id\":\"https:\\\/\\\/fr.elds.org\\\/lesmormons-net\\\/actualites-mondiales\\\/les-artistes-du-concert-de-noel-2015-du-choeur-du-tabernacle-annonces\\\/\"},\"author\":{\"name\":\"\",\"@id\":\"\"},\"headline\":\"Les Artistes Du Concert de No\u00ebl 2015 du Choeur Du Tabernacle Annonc\u00e9s\",\"datePublished\":\"2015-10-23T06:20:49+00:00\",\"dateModified\":\"2018-07-25T09:39:31+00:00\",\"mainEntityOfPage\":{\"@id\":\"https:\\\/\\\/fr.elds.org\\\/lesmormons-net\\\/actualites-mondiales\\\/les-artistes-du-concert-de-noel-2015-du-choeur-du-tabernacle-annonces\\\/\"},\"wordCount\":443,\"commentCount\":0,\"image\":{\"@id\":\"https:\\\/\\\/fr.elds.org\\\/lesmormons-net\\\/actualites-mondiales\\\/les-artistes-du-concert-de-noel-2015-du-choeur-du-tabernacle-annonces\\\/#primaryimage\"},\"thumbnailUrl\":\"https:\\\/\\\/fr.elds.org\\\/lesmormons-net\\\/files\\\/2015\\\/10\\\/MormanTC_Dancers_Seymour_Gunn_t700.jpg\",\"keywords\":[\"culture mormone\",\"No\u00ebl\"],\"articleSection\":[\"Actualit\u00e9s mondiales\"],\"inLanguage\":\"fr-FR\",\"potentialAction\":[{\"@type\":\"CommentAction\",\"name\":\"Comment\",\"target\":[\"https:\\\/\\\/fr.elds.org\\\/lesmormons-net\\\/actualites-mondiales\\\/les-artistes-du-concert-de-noel-2015-du-choeur-du-tabernacle-annonces\\\/#respond\"]}]},{\"@type\":\"WebPage\",\"@id\":\"https:\\\/\\\/fr.elds.org\\\/lesmormons-net\\\/actualites-mondiales\\\/les-artistes-du-concert-de-noel-2015-du-choeur-du-tabernacle-annonces\\\/\",\"url\":\"https:\\\/\\\/fr.elds.org\\\/lesmormons-net\\\/actualites-mondiales\\\/les-artistes-du-concert-de-noel-2015-du-choeur-du-tabernacle-annonces\\\/\",\"name\":\"Concert de No\u00ebl 2015: annonce des artistes qui y participeront\",\"isPartOf\":{\"@id\":\"https:\\\/\\\/fr.elds.org\\\/lesmormons-net\\\/#website\"},\"primaryImageOfPage\":{\"@id\":\"https:\\\/\\\/fr.elds.org\\\/lesmormons-net\\\/actualites-mondiales\\\/les-artistes-du-concert-de-noel-2015-du-choeur-du-tabernacle-annonces\\\/#primaryimage\"},\"image\":{\"@id\":\"https:\\\/\\\/fr.elds.org\\\/lesmormons-net\\\/actualites-mondiales\\\/les-artistes-du-concert-de-noel-2015-du-choeur-du-tabernacle-annonces\\\/#primaryimage\"},\"thumbnailUrl\":\"https:\\\/\\\/fr.elds.org\\\/lesmormons-net\\\/files\\\/2015\\\/10\\\/MormanTC_Dancers_Seymour_Gunn_t700.jpg\",\"datePublished\":\"2015-10-23T06:20:49+00:00\",\"dateModified\":\"2018-07-25T09:39:31+00:00\",\"author\":{\"@id\":\"\"},\"description\":\"Le Choeur du Tabernacle Mormon a annonc\u00e9 quels seront les artistes invit\u00e9s pour son Concert de No\u00ebl 2015 dans le Tabernacle de Salt Lake City.\",\"breadcrumb\":{\"@id\":\"https:\\\/\\\/fr.elds.org\\\/lesmormons-net\\\/actualites-mondiales\\\/les-artistes-du-concert-de-noel-2015-du-choeur-du-tabernacle-annonces\\\/#breadcrumb\"},\"inLanguage\":\"fr-FR\",\"potentialAction\":[{\"@type\":\"ReadAction\",\"target\":[\"https:\\\/\\\/fr.elds.org\\\/lesmormons-net\\\/actualites-mondiales\\\/les-artistes-du-concert-de-noel-2015-du-choeur-du-tabernacle-annonces\\\/\"]}]},{\"@type\":\"ImageObject\",\"inLanguage\":\"fr-FR\",\"@id\":\"https:\\\/\\\/fr.elds.org\\\/lesmormons-net\\\/actualites-mondiales\\\/les-artistes-du-concert-de-noel-2015-du-choeur-du-tabernacle-annonces\\\/#primaryimage\",\"url\":\"https:\\\/\\\/fr.elds.org\\\/lesmormons-net\\\/files\\\/2015\\\/10\\\/MormanTC_Dancers_Seymour_Gunn_t700.jpg\",\"contentUrl\":\"https:\\\/\\\/fr.elds.org\\\/lesmormons-net\\\/files\\\/2015\\\/10\\\/MormanTC_Dancers_Seymour_Gunn_t700.jpg\",\"width\":620,\"height\":400},{\"@type\":\"BreadcrumbList\",\"@id\":\"https:\\\/\\\/fr.elds.org\\\/lesmormons-net\\\/actualites-mondiales\\\/les-artistes-du-concert-de-noel-2015-du-choeur-du-tabernacle-annonces\\\/#breadcrumb\",\"itemListElement\":[{\"@type\":\"ListItem\",\"position\":1,\"name\":\"Home\",\"item\":\"https:\\\/\\\/fr.elds.org\\\/lesmormons-net\\\/\"},{\"@type\":\"ListItem\",\"position\":2,\"name\":\"Les Artistes Du Concert de No\u00ebl 2015 du Choeur Du Tabernacle Annonc\u00e9s\"}]},{\"@type\":\"WebSite\",\"@id\":\"https:\\\/\\\/fr.elds.org\\\/lesmormons-net\\\/#website\",\"url\":\"https:\\\/\\\/fr.elds.org\\\/lesmormons-net\\\/\",\"name\":\"Les Mormons\",\"description\":\"Les mormons au quotidien\",\"potentialAction\":[{\"@type\":\"SearchAction\",\"target\":{\"@type\":\"EntryPoint\",\"urlTemplate\":\"https:\\\/\\\/fr.elds.org\\\/lesmormons-net\\\/?s={search_term_string}\"},\"query-input\":{\"@type\":\"PropertyValueSpecification\",\"valueRequired\":true,\"valueName\":\"search_term_string\"}}],\"inLanguage\":\"fr-FR\"},{\"@type\":\"Person\",\"@id\":\"\",\"url\":\"https:\\\/\\\/fr.elds.org\\\/lesmormons-net\\\/author\\\/\"}]}<\/script>\n<!-- \/ Yoast SEO plugin. -->","yoast_head_json":{"title":"Concert de No\u00ebl 2015: annonce des artistes qui y participeront","description":"Le Choeur du Tabernacle Mormon a annonc\u00e9 quels seront les artistes invit\u00e9s pour son Concert de No\u00ebl 2015 dans le Tabernacle de Salt Lake City.","robots":{"index":"index","follow":"follow","max-snippet":"max-snippet:-1","max-image-preview":"max-image-preview:large","max-video-preview":"max-video-preview:-1"},"canonical":"https:\/\/fr.elds.org\/lesmormons-net\/actualites-mondiales\/les-artistes-du-concert-de-noel-2015-du-choeur-du-tabernacle-annonces\/","og_locale":"fr_FR","og_type":"article","og_title":"Concert de No\u00ebl 2015: annonce des artistes qui y participeront","og_description":"Le Choeur du Tabernacle Mormon a annonc\u00e9 quels seront les artistes invit\u00e9s pour son Concert de No\u00ebl 2015 dans le Tabernacle de Salt Lake City.","og_url":"https:\/\/fr.elds.org\/lesmormons-net\/actualites-mondiales\/les-artistes-du-concert-de-noel-2015-du-choeur-du-tabernacle-annonces\/","og_site_name":"Les Mormons","article_published_time":"2015-10-23T06:20:49+00:00","article_modified_time":"2018-07-25T09:39:31+00:00","og_image":[{"width":620,"height":400,"url":"https:\/\/fr.elds.org\/lesmormons-net\/files\/2015\/10\/MormanTC_Dancers_Seymour_Gunn_t700.jpg","type":"image\/jpeg"}],"twitter_card":"summary_large_image","twitter_misc":{"\u00c9crit par":"","Dur\u00e9e de lecture estim\u00e9e":"2 minutes"},"schema":{"@context":"https:\/\/schema.org","@graph":[{"@type":"Article","@id":"https:\/\/fr.elds.org\/lesmormons-net\/actualites-mondiales\/les-artistes-du-concert-de-noel-2015-du-choeur-du-tabernacle-annonces\/#article","isPartOf":{"@id":"https:\/\/fr.elds.org\/lesmormons-net\/actualites-mondiales\/les-artistes-du-concert-de-noel-2015-du-choeur-du-tabernacle-annonces\/"},"author":{"name":"","@id":""},"headline":"Les Artistes Du Concert de No\u00ebl 2015 du Choeur Du Tabernacle Annonc\u00e9s","datePublished":"2015-10-23T06:20:49+00:00","dateModified":"2018-07-25T09:39:31+00:00","mainEntityOfPage":{"@id":"https:\/\/fr.elds.org\/lesmormons-net\/actualites-mondiales\/les-artistes-du-concert-de-noel-2015-du-choeur-du-tabernacle-annonces\/"},"wordCount":443,"commentCount":0,"image":{"@id":"https:\/\/fr.elds.org\/lesmormons-net\/actualites-mondiales\/les-artistes-du-concert-de-noel-2015-du-choeur-du-tabernacle-annonces\/#primaryimage"},"thumbnailUrl":"https:\/\/fr.elds.org\/lesmormons-net\/files\/2015\/10\/MormanTC_Dancers_Seymour_Gunn_t700.jpg","keywords":["culture mormone","No\u00ebl"],"articleSection":["Actualit\u00e9s mondiales"],"inLanguage":"fr-FR","potentialAction":[{"@type":"CommentAction","name":"Comment","target":["https:\/\/fr.elds.org\/lesmormons-net\/actualites-mondiales\/les-artistes-du-concert-de-noel-2015-du-choeur-du-tabernacle-annonces\/#respond"]}]},{"@type":"WebPage","@id":"https:\/\/fr.elds.org\/lesmormons-net\/actualites-mondiales\/les-artistes-du-concert-de-noel-2015-du-choeur-du-tabernacle-annonces\/","url":"https:\/\/fr.elds.org\/lesmormons-net\/actualites-mondiales\/les-artistes-du-concert-de-noel-2015-du-choeur-du-tabernacle-annonces\/","name":"Concert de No\u00ebl 2015: annonce des artistes qui y participeront","isPartOf":{"@id":"https:\/\/fr.elds.org\/lesmormons-net\/#website"},"primaryImageOfPage":{"@id":"https:\/\/fr.elds.org\/lesmormons-net\/actualites-mondiales\/les-artistes-du-concert-de-noel-2015-du-choeur-du-tabernacle-annonces\/#primaryimage"},"image":{"@id":"https:\/\/fr.elds.org\/lesmormons-net\/actualites-mondiales\/les-artistes-du-concert-de-noel-2015-du-choeur-du-tabernacle-annonces\/#primaryimage"},"thumbnailUrl":"https:\/\/fr.elds.org\/lesmormons-net\/files\/2015\/10\/MormanTC_Dancers_Seymour_Gunn_t700.jpg","datePublished":"2015-10-23T06:20:49+00:00","dateModified":"2018-07-25T09:39:31+00:00","author":{"@id":""},"description":"Le Choeur du Tabernacle Mormon a annonc\u00e9 quels seront les artistes invit\u00e9s pour son Concert de No\u00ebl 2015 dans le Tabernacle de Salt Lake City.","breadcrumb":{"@id":"https:\/\/fr.elds.org\/lesmormons-net\/actualites-mondiales\/les-artistes-du-concert-de-noel-2015-du-choeur-du-tabernacle-annonces\/#breadcrumb"},"inLanguage":"fr-FR","potentialAction":[{"@type":"ReadAction","target":["https:\/\/fr.elds.org\/lesmormons-net\/actualites-mondiales\/les-artistes-du-concert-de-noel-2015-du-choeur-du-tabernacle-annonces\/"]}]},{"@type":"ImageObject","inLanguage":"fr-FR","@id":"https:\/\/fr.elds.org\/lesmormons-net\/actualites-mondiales\/les-artistes-du-concert-de-noel-2015-du-choeur-du-tabernacle-annonces\/#primaryimage","url":"https:\/\/fr.elds.org\/lesmormons-net\/files\/2015\/10\/MormanTC_Dancers_Seymour_Gunn_t700.jpg","contentUrl":"https:\/\/fr.elds.org\/lesmormons-net\/files\/2015\/10\/MormanTC_Dancers_Seymour_Gunn_t700.jpg","width":620,"height":400},{"@type":"BreadcrumbList","@id":"https:\/\/fr.elds.org\/lesmormons-net\/actualites-mondiales\/les-artistes-du-concert-de-noel-2015-du-choeur-du-tabernacle-annonces\/#breadcrumb","itemListElement":[{"@type":"ListItem","position":1,"name":"Home","item":"https:\/\/fr.elds.org\/lesmormons-net\/"},{"@type":"ListItem","position":2,"name":"Les Artistes Du Concert de No\u00ebl 2015 du Choeur Du Tabernacle Annonc\u00e9s"}]},{"@type":"WebSite","@id":"https:\/\/fr.elds.org\/lesmormons-net\/#website","url":"https:\/\/fr.elds.org\/lesmormons-net\/","name":"Les Mormons","description":"Les mormons au quotidien","potentialAction":[{"@type":"SearchAction","target":{"@type":"EntryPoint","urlTemplate":"https:\/\/fr.elds.org\/lesmormons-net\/?s={search_term_string}"},"query-input":{"@type":"PropertyValueSpecification","valueRequired":true,"valueName":"search_term_string"}}],"inLanguage":"fr-FR"},{"@type":"Person","@id":"","url":"https:\/\/fr.elds.org\/lesmormons-net\/author\/"}]}},"_links":{"self":[{"href":"https:\/\/fr.elds.org\/lesmormons-net\/wp-json\/wp\/v2\/posts\/2029","targetHints":{"allow":["GET"]}}],"collection":[{"href":"https:\/\/fr.elds.org\/lesmormons-net\/wp-json\/wp\/v2\/posts"}],"about":[{"href":"https:\/\/fr.elds.org\/lesmormons-net\/wp-json\/wp\/v2\/types\/post"}],"author":[{"embeddable":true,"href":"https:\/\/fr.elds.org\/lesmormons-net\/wp-json\/wp\/v2\/users\/39"}],"replies":[{"embeddable":true,"href":"https:\/\/fr.elds.org\/lesmormons-net\/wp-json\/wp\/v2\/comments?post=2029"}],"version-history":[{"count":9,"href":"https:\/\/fr.elds.org\/lesmormons-net\/wp-json\/wp\/v2\/posts\/2029\/revisions"}],"predecessor-version":[{"id":6452,"href":"https:\/\/fr.elds.org\/lesmormons-net\/wp-json\/wp\/v2\/posts\/2029\/revisions\/6452"}],"wp:featuredmedia":[{"embeddable":true,"href":"https:\/\/fr.elds.org\/lesmormons-net\/wp-json\/wp\/v2\/media\/2035"}],"wp:attachment":[{"href":"https:\/\/fr.elds.org\/lesmormons-net\/wp-json\/wp\/v2\/media?parent=2029"}],"wp:term":[{"taxonomy":"category","embeddable":true,"href":"https:\/\/fr.elds.org\/lesmormons-net\/wp-json\/wp\/v2\/categories?post=2029"},{"taxonomy":"post_tag","embeddable":true,"href":"https:\/\/fr.elds.org\/lesmormons-net\/wp-json\/wp\/v2\/tags?post=2029"}],"curies":[{"name":"wp","href":"https:\/\/api.w.org\/{rel}","templated":true}]}}